{"id":51781,"date":"2023-11-28T11:55:55","date_gmt":"2023-11-28T10:55:55","guid":{"rendered":"https:\/\/dignitynews.eu\/?p=51781"},"modified":"2023-11-28T19:01:22","modified_gmt":"2023-11-28T18:01:22","slug":"kamieniec-podolski-najslynniejsza-twierdza-rzeczypospolitej","status":"publish","type":"post","link":"https:\/\/dignitynews.eu\/pl\/kamieniec-podolski-najslynniejsza-twierdza-rzeczypospolitej\/","title":{"rendered":"Kamieniec Podolski \u2013 najs\u0142ynniejsza twierdza Rzeczypospolitej"},"content":{"rendered":"<h5><strong>Przez blisko trzysta lat Kamieniec i zbudowana tam twierdza os\u0142ania\u0142y po\u0142udniowo-wschodnie rubie\u017ce Rzeczypospolitej Obojga Narod\u00f3w. Forteca zyska\u0142a s\u0142aw\u0119 nie tylko najwa\u017cniejszej polskiej warowni, ale i jednej z najpot\u0119\u017cniejszych w Europie. Dawniej Kamieniec granicz\u0105cy ze \u015bwiatem muzu\u0142ma\u0144skim by\u0142 nazywany \u201eprzedmurzem chrze\u015bcija\u0144stwa\u201d i \u201ebram\u0105 do Polski\u201d.<\/strong><\/h5>\n<p>Swoj\u0105 rang\u0119 strategiczn\u0105 Kamieniec zawdzi\u0119cza\u0142 warunkom geograficznym. Wybudowano go w XIV wieku i systematycznie rozbudowywano na skalistej wyspie, po\u0142o\u017conej w czterokilometrowej p\u0119tli, jak\u0105 tworzy rzeka Smotrycz, opasuj\u0105c miasto labiryntem jar\u00f3w i w\u0105woz\u00f3w. Nieliczni obro\u0144cy twierdzy mogli tam zatrzyma\u0107 pot\u0119\u017cne armie naje\u017ad\u017ac\u00f3w. Przyroda i wysi\u0142ek wielu budowniczych stworzy\u0142y niezwyk\u0142y krajobraz, w kt\u00f3rym obok siebie znalaz\u0142y si\u0119 fortyfikacje obronne, ratusz miejski i zabytki sakralne: ko\u015bci\u00f3\u0142 katolicki, minaret muzu\u0142ma\u0144ski, cerkiew prawos\u0142awna i wie\u017ca katedry ormia\u0144skiej.<\/p>\n<p>Umocnienia Kamie\u0144ca by\u0142y na tyle skutecznie, \u017ce nie potrafili ich zdoby\u0107 ani Kozacy ani przez d\u0142ugi czas Turcy.. Na modernizacj\u0119 twierdzy, broni\u0105cej chrze\u015bcija\u0144skiej Europy, pieni\u0105dze \u0142o\u017cyli polscy kr\u00f3lowie, biskupi i papie\u017ce. Do legendy przesz\u0142y s\u0142owa su\u0142tana tureckiego podczas wyprawy z 1621 r., kiedy mia\u0142 o zamku powiedzie\u0107: \u201eNiech\u017ce go sobie sam Allah zdobywa\u201d.<\/p>\n<p>Przekonanie o sile twierdzy i zam\u0119t wewn\u0119trzny w kraju sprawi\u0142y, \u017ce w 1672 r. Kamieniec okaza\u0142 si\u0119 niegotowy do obrony. Maj\u0105c tego \u015bwiadomo\u015b\u0107, w sierpniu tego roku su\u0142tan Mehmed IV zacz\u0105\u0142 j\u0105 wi\u0119c oblega\u0107, stoj\u0105c na czele armii licz\u0105cej nawet 300 tys. Ludzi. Wojsko to by\u0142o wyposa\u017cone w nowoczesn\u0105, obs\u0142ugiwan\u0105 przez Francuz\u00f3w, artyleri\u0119. Za\u0142oga polska liczy\u0142a oko\u0142o 1600 \u2013 2000 os\u00f3b. 26 sierpnia 1672 r. Polacy poddali Kamieniec naje\u017ad\u017acom. Podczas ewakuacji zamku nast\u0105pi\u0142 wybuch w prochowni, co interpretowano p\u00f3\u017aniej jako gest rozpaczy majora artylerii Hejkinga (w znanej powie\u015bci \u201ePan Wo\u0142odyjowski\u201d nazywanego Ketlingiem), kt\u00f3ry mia\u0142 podpali\u0107 dwie\u015bcie beczek prochu. Podczas wybuchu w\u015br\u00f3d wielu ofiar by\u0142 tak\u017ce komendant obrony twierdzy, Jerzy Wo\u0142odyjowski, pierwowz\u00f3r Micha\u0142a Wo\u0142odyjowskiego, bohatera <em>Trylogii<\/em> Henryka Sienkiewicza.<\/p>\n<p>Do 1699 r. Kamieniec wraz z ca\u0142ym Podolem znalaz\u0142a si\u0119 w r\u0119kach Turk\u00f3w, nast\u0119pnie wr\u00f3ci\u0142 do Rzeczpospolitej. Po II rozbiorze Polski przypad\u0142 Rosji, za\u015b po 1920 r. sowieckiej Ukrainie.<\/p>\n<p>W czasie II wojny \u015bwiatowej, w 1941 r. Niemcy dokonali w Kamie\u0144cu\u00a0 \u00a0masowej egzekucji \u00a0ludno\u015bci \u017cydowskiej, rozstrzeliwuj\u0105c w ci\u0105gu trzech dni 23\u00a0600 os\u00f3b, w tym kilkana\u015bcie tysi\u0119cy \u017byd\u00f3w deportowanych z W\u0119gier. By\u0142a to pierwsza tak wielka egzekucja przeprowadzona w ramach Zag\u0142ady.<\/p>\n","protected":false},"excerpt":{"rendered":"<p>Przez blisko trzysta lat Kamieniec i zbudowana tam twierdza os\u0142ania\u0142y po\u0142udniowo-wschodnie rubie\u017ce Rzeczypospolitej Obojga Narod\u00f3w. Forteca zyska\u0142a s\u0142aw\u0119 nie tylko najwa\u017cniejszej polskiej warowni, ale i jednej z najpot\u0119\u017cniejszych w Europie.&hellip;<\/p>\n","protected":false},"author":7,"featured_media":51782,"comment_status":"closed","ping_status":"open","sticky":false,"template":"","format":"standard","meta":{"_mi_skip_tracking":false,"footnotes":""},"categories":[46],"tags":[],"class_list":["post-51781","post","type-post","status-publish","format-standard","has-post-thumbnail","hentry","category-historia"],"yoast_head":"<!-- This site is optimized with the Yoast SEO plugin v19.4 - https:\/\/yoast.com\/wordpress\/plugins\/seo\/ -->\n<title>Kamieniec Podolski \u2013 najs\u0142ynniejsza twierdza Rzeczypospolitej - Godno\u015b\u0107 - DignityNews.eu<\/title>\n<meta name=\"robots\" content=\"index, follow, max-snippet:-1, max-image-preview:large, max-video-preview:-1\" \/>\n<link rel=\"canonical\" href=\"https:\/\/dignitynews.eu\/pl\/kamieniec-podolski-najslynniejsza-twierdza-rzeczypospolitej\/\" \/>\n<meta property=\"og:locale\" content=\"pl_PL\" \/>\n<meta property=\"og:type\" content=\"article\" \/>\n<meta property=\"og:title\" content=\"Kamieniec Podolski \u2013 najs\u0142ynniejsza twierdza Rzeczypospolitej - Godno\u015b\u0107 - DignityNews.eu\" \/>\n<meta property=\"og:description\" content=\"Przez blisko trzysta lat Kamieniec i zbudowana tam twierdza os\u0142ania\u0142y po\u0142udniowo-wschodnie rubie\u017ce Rzeczypospolitej Obojga Narod\u00f3w. Forteca zyska\u0142a s\u0142aw\u0119 nie tylko najwa\u017cniejszej polskiej warowni, ale i jednej z najpot\u0119\u017cniejszych w Europie.&hellip;\" \/>\n<meta property=\"og:url\" content=\"https:\/\/dignitynews.eu\/pl\/kamieniec-podolski-najslynniejsza-twierdza-rzeczypospolitej\/\" \/>\n<meta property=\"og:site_name\" content=\"Godno\u015b\u0107 - DignityNews.eu\" \/>\n<meta property=\"article:published_time\" content=\"2023-11-28T10:55:55+00:00\" \/>\n<meta property=\"article:modified_time\" content=\"2023-11-28T18:01:22+00:00\" \/>\n<meta property=\"og:image\" content=\"https:\/\/dignitynews.eu\/wp-content\/uploads\/2023\/11\/Kamianiec_Podilsky_Brama_Mieska_DSC_0448_68-104-0062.jpg\" \/>\n\t<meta property=\"og:image:width\" content=\"1280\" \/>\n\t<meta property=\"og:image:height\" content=\"853\" \/>\n\t<meta property=\"og:image:type\" content=\"image\/jpeg\" \/>\n<meta name=\"author\" content=\"Dignity News\" \/>\n<meta name=\"twitter:card\" content=\"summary_large_image\" \/>\n<meta name=\"twitter:label1\" content=\"Napisane przez\" \/>\n\t<meta name=\"twitter:data1\" content=\"Dignity News\" \/>\n\t<meta name=\"twitter:label2\" content=\"Szacowany czas czytania\" \/>\n\t<meta name=\"twitter:data2\" content=\"2 minuty\" \/>\n<script type=\"application\/ld+json\" class=\"yoast-schema-graph\">{\"@context\":\"https:\/\/schema.org\",\"@graph\":[{\"@type\":\"WebSite\",\"@id\":\"https:\/\/dignitynews.eu\/pl\/#website\",\"url\":\"https:\/\/dignitynews.eu\/pl\/\",\"name\":\"Godno\u015b\u0107 - DignityNews.eu\",\"description\":\"\",\"potentialAction\":[{\"@type\":\"SearchAction\",\"target\":{\"@type\":\"EntryPoint\",\"urlTemplate\":\"https:\/\/dignitynews.eu\/pl\/?s={search_term_string}\"},\"query-input\":\"required name=search_term_string\"}],\"inLanguage\":\"pl-PL\"},{\"@type\":\"WebPage\",\"@id\":\"https:\/\/dignitynews.eu\/pl\/kamieniec-podolski-najslynniejsza-twierdza-rzeczypospolitej\/\",\"url\":\"https:\/\/dignitynews.eu\/pl\/kamieniec-podolski-najslynniejsza-twierdza-rzeczypospolitej\/\",\"name\":\"Kamieniec Podolski \u2013 najs\u0142ynniejsza twierdza Rzeczypospolitej - Godno\u015b\u0107 - DignityNews.eu\",\"isPartOf\":{\"@id\":\"https:\/\/dignitynews.eu\/pl\/#website\"},\"datePublished\":\"2023-11-28T10:55:55+00:00\",\"dateModified\":\"2023-11-28T18:01:22+00:00\",\"author\":{\"@id\":\"https:\/\/dignitynews.eu\/pl\/#\/schema\/person\/0b62b762b8174802fabc81a3ecb1bfcb\"},\"breadcrumb\":{\"@id\":\"https:\/\/dignitynews.eu\/pl\/kamieniec-podolski-najslynniejsza-twierdza-rzeczypospolitej\/#breadcrumb\"},\"inLanguage\":\"pl-PL\",\"potentialAction\":[{\"@type\":\"ReadAction\",\"target\":[\"https:\/\/dignitynews.eu\/pl\/kamieniec-podolski-najslynniejsza-twierdza-rzeczypospolitej\/\"]}]},{\"@type\":\"BreadcrumbList\",\"@id\":\"https:\/\/dignitynews.eu\/pl\/kamieniec-podolski-najslynniejsza-twierdza-rzeczypospolitej\/#breadcrumb\",\"itemListElement\":[{\"@type\":\"ListItem\",\"position\":1,\"name\":\"Strona g\u0142\u00f3wna\",\"item\":\"https:\/\/dignitynews.eu\/pl\/\"},{\"@type\":\"ListItem\",\"position\":2,\"name\":\"Kamieniec Podolski \u2013 najs\u0142ynniejsza twierdza Rzeczypospolitej\"}]},{\"@type\":\"Person\",\"@id\":\"https:\/\/dignitynews.eu\/pl\/#\/schema\/person\/0b62b762b8174802fabc81a3ecb1bfcb\",\"name\":\"Dignity News\",\"image\":{\"@type\":\"ImageObject\",\"inLanguage\":\"pl-PL\",\"@id\":\"https:\/\/dignitynews.eu\/pl\/#\/schema\/person\/image\/\",\"url\":\"https:\/\/secure.gravatar.com\/avatar\/97963171a6d9108f8381bbefb1c6b150c445b6ddd9e3077b96c86cf5892c85dc?s=96&d=mm&r=g\",\"contentUrl\":\"https:\/\/secure.gravatar.com\/avatar\/97963171a6d9108f8381bbefb1c6b150c445b6ddd9e3077b96c86cf5892c85dc?s=96&d=mm&r=g\",\"caption\":\"Dignity News\"},\"url\":\"https:\/\/dignitynews.eu\/pl\/author\/mikolaj-palade\/\"}]}<\/script>\n<!-- \/ Yoast SEO plugin. -->","yoast_head_json":{"title":"Kamieniec Podolski \u2013 najs\u0142ynniejsza twierdza Rzeczypospolitej - Godno\u015b\u0107 - DignityNews.eu","robots":{"index":"index","follow":"follow","max-snippet":"max-snippet:-1","max-image-preview":"max-image-preview:large","max-video-preview":"max-video-preview:-1"},"canonical":"https:\/\/dignitynews.eu\/pl\/kamieniec-podolski-najslynniejsza-twierdza-rzeczypospolitej\/","og_locale":"pl_PL","og_type":"article","og_title":"Kamieniec Podolski \u2013 najs\u0142ynniejsza twierdza Rzeczypospolitej - Godno\u015b\u0107 - DignityNews.eu","og_description":"Przez blisko trzysta lat Kamieniec i zbudowana tam twierdza os\u0142ania\u0142y po\u0142udniowo-wschodnie rubie\u017ce Rzeczypospolitej Obojga Narod\u00f3w. Forteca zyska\u0142a s\u0142aw\u0119 nie tylko najwa\u017cniejszej polskiej warowni, ale i jednej z najpot\u0119\u017cniejszych w Europie.&hellip;","og_url":"https:\/\/dignitynews.eu\/pl\/kamieniec-podolski-najslynniejsza-twierdza-rzeczypospolitej\/","og_site_name":"Godno\u015b\u0107 - DignityNews.eu","article_published_time":"2023-11-28T10:55:55+00:00","article_modified_time":"2023-11-28T18:01:22+00:00","og_image":[{"width":1280,"height":853,"url":"https:\/\/dignitynews.eu\/wp-content\/uploads\/2023\/11\/Kamianiec_Podilsky_Brama_Mieska_DSC_0448_68-104-0062.jpg","type":"image\/jpeg"}],"author":"Dignity News","twitter_card":"summary_large_image","twitter_misc":{"Napisane przez":"Dignity News","Szacowany czas czytania":"2 minuty"},"schema":{"@context":"https:\/\/schema.org","@graph":[{"@type":"WebSite","@id":"https:\/\/dignitynews.eu\/pl\/#website","url":"https:\/\/dignitynews.eu\/pl\/","name":"Godno\u015b\u0107 - DignityNews.eu","description":"","potentialAction":[{"@type":"SearchAction","target":{"@type":"EntryPoint","urlTemplate":"https:\/\/dignitynews.eu\/pl\/?s={search_term_string}"},"query-input":"required name=search_term_string"}],"inLanguage":"pl-PL"},{"@type":"WebPage","@id":"https:\/\/dignitynews.eu\/pl\/kamieniec-podolski-najslynniejsza-twierdza-rzeczypospolitej\/","url":"https:\/\/dignitynews.eu\/pl\/kamieniec-podolski-najslynniejsza-twierdza-rzeczypospolitej\/","name":"Kamieniec Podolski \u2013 najs\u0142ynniejsza twierdza Rzeczypospolitej - Godno\u015b\u0107 - DignityNews.eu","isPartOf":{"@id":"https:\/\/dignitynews.eu\/pl\/#website"},"datePublished":"2023-11-28T10:55:55+00:00","dateModified":"2023-11-28T18:01:22+00:00","author":{"@id":"https:\/\/dignitynews.eu\/pl\/#\/schema\/person\/0b62b762b8174802fabc81a3ecb1bfcb"},"breadcrumb":{"@id":"https:\/\/dignitynews.eu\/pl\/kamieniec-podolski-najslynniejsza-twierdza-rzeczypospolitej\/#breadcrumb"},"inLanguage":"pl-PL","potentialAction":[{"@type":"ReadAction","target":["https:\/\/dignitynews.eu\/pl\/kamieniec-podolski-najslynniejsza-twierdza-rzeczypospolitej\/"]}]},{"@type":"BreadcrumbList","@id":"https:\/\/dignitynews.eu\/pl\/kamieniec-podolski-najslynniejsza-twierdza-rzeczypospolitej\/#breadcrumb","itemListElement":[{"@type":"ListItem","position":1,"name":"Strona g\u0142\u00f3wna","item":"https:\/\/dignitynews.eu\/pl\/"},{"@type":"ListItem","position":2,"name":"Kamieniec Podolski \u2013 najs\u0142ynniejsza twierdza Rzeczypospolitej"}]},{"@type":"Person","@id":"https:\/\/dignitynews.eu\/pl\/#\/schema\/person\/0b62b762b8174802fabc81a3ecb1bfcb","name":"Dignity News","image":{"@type":"ImageObject","inLanguage":"pl-PL","@id":"https:\/\/dignitynews.eu\/pl\/#\/schema\/person\/image\/","url":"https:\/\/secure.gravatar.com\/avatar\/97963171a6d9108f8381bbefb1c6b150c445b6ddd9e3077b96c86cf5892c85dc?s=96&d=mm&r=g","contentUrl":"https:\/\/secure.gravatar.com\/avatar\/97963171a6d9108f8381bbefb1c6b150c445b6ddd9e3077b96c86cf5892c85dc?s=96&d=mm&r=g","caption":"Dignity News"},"url":"https:\/\/dignitynews.eu\/pl\/author\/mikolaj-palade\/"}]}},"_links":{"self":[{"href":"https:\/\/dignitynews.eu\/pl\/wp-json\/wp\/v2\/posts\/51781","targetHints":{"allow":["GET"]}}],"collection":[{"href":"https:\/\/dignitynews.eu\/pl\/wp-json\/wp\/v2\/posts"}],"about":[{"href":"https:\/\/dignitynews.eu\/pl\/wp-json\/wp\/v2\/types\/post"}],"author":[{"embeddable":true,"href":"https:\/\/dignitynews.eu\/pl\/wp-json\/wp\/v2\/users\/7"}],"replies":[{"embeddable":true,"href":"https:\/\/dignitynews.eu\/pl\/wp-json\/wp\/v2\/comments?post=51781"}],"version-history":[{"count":1,"href":"https:\/\/dignitynews.eu\/pl\/wp-json\/wp\/v2\/posts\/51781\/revisions"}],"predecessor-version":[{"id":51787,"href":"https:\/\/dignitynews.eu\/pl\/wp-json\/wp\/v2\/posts\/51781\/revisions\/51787"}],"wp:featuredmedia":[{"embeddable":true,"href":"https:\/\/dignitynews.eu\/pl\/wp-json\/wp\/v2\/media\/51782"}],"wp:attachment":[{"href":"https:\/\/dignitynews.eu\/pl\/wp-json\/wp\/v2\/media?parent=51781"}],"wp:term":[{"taxonomy":"category","embeddable":true,"href":"https:\/\/dignitynews.eu\/pl\/wp-json\/wp\/v2\/categories?post=51781"},{"taxonomy":"post_tag","embeddable":true,"href":"https:\/\/dignitynews.eu\/pl\/wp-json\/wp\/v2\/tags?post=51781"}],"curies":[{"name":"wp","href":"https:\/\/api.w.org\/{rel}","templated":true}]}}