{"id":51087,"date":"2023-11-20T11:40:11","date_gmt":"2023-11-20T10:40:11","guid":{"rendered":"https:\/\/dignitynews.eu\/?p=51087"},"modified":"2023-11-21T10:20:45","modified_gmt":"2023-11-21T09:20:45","slug":"kompleks-lagrow-nkwd-w-rejonie-borowicz-sowieci-zeslali-tam-zolnierzy-armii-krajowej-narodowych-sil-zbrojnych-i-batalionow-chlopskich","status":"publish","type":"post","link":"https:\/\/dignitynews.eu\/pl\/kompleks-lagrow-nkwd-w-rejonie-borowicz-sowieci-zeslali-tam-zolnierzy-armii-krajowej-narodowych-sil-zbrojnych-i-batalionow-chlopskich\/","title":{"rendered":"Kompleks \u0142agr\u00f3w NKWD w rejonie Borowicz. Sowieci zes\u0142ali tam \u017co\u0142nierzy Armii Krajowej, Narodowych Si\u0142 Zbrojnych i Batalion\u00f3w Ch\u0142opskich"},"content":{"rendered":"<h5><strong>W listopadzie 1944 r. z zaj\u0119tych przez wojska sowieckie ziem polskich deportowano w g\u0142\u0105b Zwi\u0105zku Sowieckiego w czterech transportach kolejowych blisko 5000 \u017co\u0142nierzy polskiego podziemia. Trafili oni do \u0142agr\u00f3w w rejonie Borowicz, gdzie byli zmuszani do morderczej pracy. Wielu z nich nigdy nie wr\u00f3ci\u0142o z\u00a0 \u201enieludzkiej ziemi\u201d, jak nazywano sowieckie obozy pracy przymusowej.<\/strong><\/h5>\n<p>Po wkroczeniu wojsk sowieckich na Lubelszczyzn\u0119 w lipcu 1944 r. dosz\u0142o do powo\u0142ania ca\u0142kowicie podleg\u0142ej Stalinowi namiastki rz\u0105du, jakim by\u0142 Polski Komitet Wyzwolenia Narodowego (PKWN). Komunistyczna w\u0142adza\u00a0 nie mia\u0142a\u00a0 rzeczywistego poparcia w polskim spo\u0142ecze\u0144stwie.<\/p>\n<p>By wyeliminowa\u0107 najbardziej patriotyczny element, kt\u00f3ry przeszkadza\u0142 w ustanawianiu nowych porz\u0105dk\u00f3w, w\u0142adze sowieckie i funkcjonariusze polskiego Urz\u0119du Bezpiecze\u0144stwa (UB) rozpocz\u0119\u0142y na zaj\u0119tych terenach akcj\u0119 aresztowania \u017co\u0142nierzy Armii Krajowej, Batalion\u00f3w Ch\u0142opskich czy Narodowych Si\u0142 Zbrojnych. Zape\u0142niali oni te same areszty i wi\u0119zienia, w kt\u00f3rych jeszcze niedawno przedstawiciele niepodleg\u0142o\u015bciowego podziemia byli\u00a0 wi\u0119zieni\u00a0 przez Niemc\u00f3w podczas okupacji niemieckiej.<\/p>\n<p>W listopadzie 1944 r.\u00a0 zapad\u0142a decyzja o deportacji cz\u0119\u015bci z nich w g\u0142\u0105b Zwi\u0105zku Sowieckiego. \u0141\u0105cznie w\u00f3wczas z Polski skierowano do \u0142agr\u00f3w 4 transporty kolejowe. Dwa z nich (12 i 30 listopada) ruszy\u0142y z Soko\u0142owa Podlaskiego, dwa pozosta\u0142e z Lublina (18 listopada) oraz z Przemy\u015bla (23 listopada). \u0141\u0105cznie znalaz\u0142o si\u0119 w nich 4893 os\u00f3b, w\u015br\u00f3d nich by\u0142y te\u017c kobiety. Wszyscy trafili do zespo\u0142u \u0142agr\u00f3w nr 270 w rejonie Borowicz\u00a0 (ok. 400 km w kierunku p\u00f3\u0142nocno-zachodnim od Moskwy). Osadzenie tam Polak\u00f3w odby\u0142o si\u0119 bez \u017cadnego wyroku s\u0105dowego.<\/p>\n<p>Posiadali oni szczeg\u00f3lny status internowanych, ale <em>de facto<\/em> byli wi\u0119\u017aniami. Wszyscy musieli ci\u0119\u017cko pracowa\u0107 przy budowie i eksploatacji kopalni, wyr\u0119bie lasu, wydobyciu torfu itp. R\u00f3wnie ci\u0119\u017ckie by\u0142y warunki bytowania. Nie posiadali ciep\u0142ej odzie\u017cy, racje \u017cywno\u015bciowe by\u0142y minimalne, nie gwarantowano im r\u00f3wnie\u017c w\u0142a\u015bciwej opieki medycznej. Efektem tego by\u0142a du\u017ca \u015bmiertelno\u015b\u0107 osadzonych, poniewa\u017c \u0142\u0105cznie zmar\u0142o w tych \u0142agrach ponad 650 wi\u0119\u017ani\u00f3w. Od wiosny 1946 r. w\u0142adze sowieckie rozpocz\u0119\u0142y stopniowe zwalnianie zatrzymanych. Po powrocie do Polski w\u0142adze komunistyczne utrudnia\u0142y zwalnianym zdobywanie wykszta\u0142cenia czy te\u017c znalezienie pracy.<\/p>\n","protected":false},"excerpt":{"rendered":"<p>W listopadzie 1944 r. z zaj\u0119tych przez wojska sowieckie ziem polskich deportowano w g\u0142\u0105b Zwi\u0105zku Sowieckiego w czterech transportach kolejowych blisko 5000 \u017co\u0142nierzy polskiego podziemia. Trafili oni do \u0142agr\u00f3w w&hellip;<\/p>\n","protected":false},"author":7,"featured_media":51088,"comment_status":"closed","ping_status":"open","sticky":false,"template":"","format":"standard","meta":{"_mi_skip_tracking":false,"footnotes":""},"categories":[46],"tags":[],"class_list":["post-51087","post","type-post","status-publish","format-standard","has-post-thumbnail","hentry","category-historia"],"yoast_head":"<!-- This site is optimized with the Yoast SEO plugin v19.4 - https:\/\/yoast.com\/wordpress\/plugins\/seo\/ -->\n<title>Kompleks \u0142agr\u00f3w NKWD w rejonie Borowicz. Sowieci zes\u0142ali tam \u017co\u0142nierzy Armii Krajowej, Narodowych Si\u0142 Zbrojnych i Batalion\u00f3w Ch\u0142opskich - Godno\u015b\u0107 - DignityNews.eu<\/title>\n<meta name=\"robots\" content=\"index, follow, max-snippet:-1, max-image-preview:large, max-video-preview:-1\" \/>\n<link rel=\"canonical\" href=\"https:\/\/dignitynews.eu\/pl\/kompleks-lagrow-nkwd-w-rejonie-borowicz-sowieci-zeslali-tam-zolnierzy-armii-krajowej-narodowych-sil-zbrojnych-i-batalionow-chlopskich\/\" \/>\n<meta property=\"og:locale\" content=\"pl_PL\" \/>\n<meta property=\"og:type\" content=\"article\" \/>\n<meta property=\"og:title\" content=\"Kompleks \u0142agr\u00f3w NKWD w rejonie Borowicz. Sowieci zes\u0142ali tam \u017co\u0142nierzy Armii Krajowej, Narodowych Si\u0142 Zbrojnych i Batalion\u00f3w Ch\u0142opskich - Godno\u015b\u0107 - DignityNews.eu\" \/>\n<meta property=\"og:description\" content=\"W listopadzie 1944 r. z zaj\u0119tych przez wojska sowieckie ziem polskich deportowano w g\u0142\u0105b Zwi\u0105zku Sowieckiego w czterech transportach kolejowych blisko 5000 \u017co\u0142nierzy polskiego podziemia. Trafili oni do \u0142agr\u00f3w w&hellip;\" \/>\n<meta property=\"og:url\" content=\"https:\/\/dignitynews.eu\/pl\/kompleks-lagrow-nkwd-w-rejonie-borowicz-sowieci-zeslali-tam-zolnierzy-armii-krajowej-narodowych-sil-zbrojnych-i-batalionow-chlopskich\/\" \/>\n<meta property=\"og:site_name\" content=\"Godno\u015b\u0107 - DignityNews.eu\" \/>\n<meta property=\"article:published_time\" content=\"2023-11-20T10:40:11+00:00\" \/>\n<meta property=\"article:modified_time\" content=\"2023-11-21T09:20:45+00:00\" \/>\n<meta property=\"og:image\" content=\"https:\/\/dignitynews.eu\/wp-content\/uploads\/2023\/11\/pomnik.png\" \/>\n\t<meta property=\"og:image:width\" content=\"591\" \/>\n\t<meta property=\"og:image:height\" content=\"441\" \/>\n\t<meta property=\"og:image:type\" content=\"image\/png\" \/>\n<meta name=\"author\" content=\"Dignity News\" \/>\n<meta name=\"twitter:card\" content=\"summary_large_image\" \/>\n<meta name=\"twitter:label1\" content=\"Napisane przez\" \/>\n\t<meta name=\"twitter:data1\" content=\"Dignity News\" \/>\n\t<meta name=\"twitter:label2\" content=\"Szacowany czas czytania\" \/>\n\t<meta name=\"twitter:data2\" content=\"2 minuty\" \/>\n<script type=\"application\/ld+json\" class=\"yoast-schema-graph\">{\"@context\":\"https:\/\/schema.org\",\"@graph\":[{\"@type\":\"WebSite\",\"@id\":\"https:\/\/dignitynews.eu\/pl\/#website\",\"url\":\"https:\/\/dignitynews.eu\/pl\/\",\"name\":\"Godno\u015b\u0107 - DignityNews.eu\",\"description\":\"\",\"potentialAction\":[{\"@type\":\"SearchAction\",\"target\":{\"@type\":\"EntryPoint\",\"urlTemplate\":\"https:\/\/dignitynews.eu\/pl\/?s={search_term_string}\"},\"query-input\":\"required name=search_term_string\"}],\"inLanguage\":\"pl-PL\"},{\"@type\":\"WebPage\",\"@id\":\"https:\/\/dignitynews.eu\/pl\/kompleks-lagrow-nkwd-w-rejonie-borowicz-sowieci-zeslali-tam-zolnierzy-armii-krajowej-narodowych-sil-zbrojnych-i-batalionow-chlopskich\/\",\"url\":\"https:\/\/dignitynews.eu\/pl\/kompleks-lagrow-nkwd-w-rejonie-borowicz-sowieci-zeslali-tam-zolnierzy-armii-krajowej-narodowych-sil-zbrojnych-i-batalionow-chlopskich\/\",\"name\":\"Kompleks \u0142agr\u00f3w NKWD w rejonie Borowicz. Sowieci zes\u0142ali tam \u017co\u0142nierzy Armii Krajowej, Narodowych Si\u0142 Zbrojnych i Batalion\u00f3w Ch\u0142opskich - Godno\u015b\u0107 - DignityNews.eu\",\"isPartOf\":{\"@id\":\"https:\/\/dignitynews.eu\/pl\/#website\"},\"datePublished\":\"2023-11-20T10:40:11+00:00\",\"dateModified\":\"2023-11-21T09:20:45+00:00\",\"author\":{\"@id\":\"https:\/\/dignitynews.eu\/pl\/#\/schema\/person\/0b62b762b8174802fabc81a3ecb1bfcb\"},\"breadcrumb\":{\"@id\":\"https:\/\/dignitynews.eu\/pl\/kompleks-lagrow-nkwd-w-rejonie-borowicz-sowieci-zeslali-tam-zolnierzy-armii-krajowej-narodowych-sil-zbrojnych-i-batalionow-chlopskich\/#breadcrumb\"},\"inLanguage\":\"pl-PL\",\"potentialAction\":[{\"@type\":\"ReadAction\",\"target\":[\"https:\/\/dignitynews.eu\/pl\/kompleks-lagrow-nkwd-w-rejonie-borowicz-sowieci-zeslali-tam-zolnierzy-armii-krajowej-narodowych-sil-zbrojnych-i-batalionow-chlopskich\/\"]}]},{\"@type\":\"BreadcrumbList\",\"@id\":\"https:\/\/dignitynews.eu\/pl\/kompleks-lagrow-nkwd-w-rejonie-borowicz-sowieci-zeslali-tam-zolnierzy-armii-krajowej-narodowych-sil-zbrojnych-i-batalionow-chlopskich\/#breadcrumb\",\"itemListElement\":[{\"@type\":\"ListItem\",\"position\":1,\"name\":\"Strona g\u0142\u00f3wna\",\"item\":\"https:\/\/dignitynews.eu\/pl\/\"},{\"@type\":\"ListItem\",\"position\":2,\"name\":\"Kompleks \u0142agr\u00f3w NKWD w rejonie Borowicz. Sowieci zes\u0142ali tam \u017co\u0142nierzy Armii Krajowej, Narodowych Si\u0142 Zbrojnych i Batalion\u00f3w Ch\u0142opskich\"}]},{\"@type\":\"Person\",\"@id\":\"https:\/\/dignitynews.eu\/pl\/#\/schema\/person\/0b62b762b8174802fabc81a3ecb1bfcb\",\"name\":\"Dignity News\",\"image\":{\"@type\":\"ImageObject\",\"inLanguage\":\"pl-PL\",\"@id\":\"https:\/\/dignitynews.eu\/pl\/#\/schema\/person\/image\/\",\"url\":\"https:\/\/secure.gravatar.com\/avatar\/97963171a6d9108f8381bbefb1c6b150c445b6ddd9e3077b96c86cf5892c85dc?s=96&d=mm&r=g\",\"contentUrl\":\"https:\/\/secure.gravatar.com\/avatar\/97963171a6d9108f8381bbefb1c6b150c445b6ddd9e3077b96c86cf5892c85dc?s=96&d=mm&r=g\",\"caption\":\"Dignity News\"},\"url\":\"https:\/\/dignitynews.eu\/pl\/author\/mikolaj-palade\/\"}]}<\/script>\n<!-- \/ Yoast SEO plugin. -->","yoast_head_json":{"title":"Kompleks \u0142agr\u00f3w NKWD w rejonie Borowicz. Sowieci zes\u0142ali tam \u017co\u0142nierzy Armii Krajowej, Narodowych Si\u0142 Zbrojnych i Batalion\u00f3w Ch\u0142opskich - Godno\u015b\u0107 - DignityNews.eu","robots":{"index":"index","follow":"follow","max-snippet":"max-snippet:-1","max-image-preview":"max-image-preview:large","max-video-preview":"max-video-preview:-1"},"canonical":"https:\/\/dignitynews.eu\/pl\/kompleks-lagrow-nkwd-w-rejonie-borowicz-sowieci-zeslali-tam-zolnierzy-armii-krajowej-narodowych-sil-zbrojnych-i-batalionow-chlopskich\/","og_locale":"pl_PL","og_type":"article","og_title":"Kompleks \u0142agr\u00f3w NKWD w rejonie Borowicz. Sowieci zes\u0142ali tam \u017co\u0142nierzy Armii Krajowej, Narodowych Si\u0142 Zbrojnych i Batalion\u00f3w Ch\u0142opskich - Godno\u015b\u0107 - DignityNews.eu","og_description":"W listopadzie 1944 r. z zaj\u0119tych przez wojska sowieckie ziem polskich deportowano w g\u0142\u0105b Zwi\u0105zku Sowieckiego w czterech transportach kolejowych blisko 5000 \u017co\u0142nierzy polskiego podziemia. Trafili oni do \u0142agr\u00f3w w&hellip;","og_url":"https:\/\/dignitynews.eu\/pl\/kompleks-lagrow-nkwd-w-rejonie-borowicz-sowieci-zeslali-tam-zolnierzy-armii-krajowej-narodowych-sil-zbrojnych-i-batalionow-chlopskich\/","og_site_name":"Godno\u015b\u0107 - DignityNews.eu","article_published_time":"2023-11-20T10:40:11+00:00","article_modified_time":"2023-11-21T09:20:45+00:00","og_image":[{"width":591,"height":441,"url":"https:\/\/dignitynews.eu\/wp-content\/uploads\/2023\/11\/pomnik.png","type":"image\/png"}],"author":"Dignity News","twitter_card":"summary_large_image","twitter_misc":{"Napisane przez":"Dignity News","Szacowany czas czytania":"2 minuty"},"schema":{"@context":"https:\/\/schema.org","@graph":[{"@type":"WebSite","@id":"https:\/\/dignitynews.eu\/pl\/#website","url":"https:\/\/dignitynews.eu\/pl\/","name":"Godno\u015b\u0107 - DignityNews.eu","description":"","potentialAction":[{"@type":"SearchAction","target":{"@type":"EntryPoint","urlTemplate":"https:\/\/dignitynews.eu\/pl\/?s={search_term_string}"},"query-input":"required name=search_term_string"}],"inLanguage":"pl-PL"},{"@type":"WebPage","@id":"https:\/\/dignitynews.eu\/pl\/kompleks-lagrow-nkwd-w-rejonie-borowicz-sowieci-zeslali-tam-zolnierzy-armii-krajowej-narodowych-sil-zbrojnych-i-batalionow-chlopskich\/","url":"https:\/\/dignitynews.eu\/pl\/kompleks-lagrow-nkwd-w-rejonie-borowicz-sowieci-zeslali-tam-zolnierzy-armii-krajowej-narodowych-sil-zbrojnych-i-batalionow-chlopskich\/","name":"Kompleks \u0142agr\u00f3w NKWD w rejonie Borowicz. Sowieci zes\u0142ali tam \u017co\u0142nierzy Armii Krajowej, Narodowych Si\u0142 Zbrojnych i Batalion\u00f3w Ch\u0142opskich - Godno\u015b\u0107 - DignityNews.eu","isPartOf":{"@id":"https:\/\/dignitynews.eu\/pl\/#website"},"datePublished":"2023-11-20T10:40:11+00:00","dateModified":"2023-11-21T09:20:45+00:00","author":{"@id":"https:\/\/dignitynews.eu\/pl\/#\/schema\/person\/0b62b762b8174802fabc81a3ecb1bfcb"},"breadcrumb":{"@id":"https:\/\/dignitynews.eu\/pl\/kompleks-lagrow-nkwd-w-rejonie-borowicz-sowieci-zeslali-tam-zolnierzy-armii-krajowej-narodowych-sil-zbrojnych-i-batalionow-chlopskich\/#breadcrumb"},"inLanguage":"pl-PL","potentialAction":[{"@type":"ReadAction","target":["https:\/\/dignitynews.eu\/pl\/kompleks-lagrow-nkwd-w-rejonie-borowicz-sowieci-zeslali-tam-zolnierzy-armii-krajowej-narodowych-sil-zbrojnych-i-batalionow-chlopskich\/"]}]},{"@type":"BreadcrumbList","@id":"https:\/\/dignitynews.eu\/pl\/kompleks-lagrow-nkwd-w-rejonie-borowicz-sowieci-zeslali-tam-zolnierzy-armii-krajowej-narodowych-sil-zbrojnych-i-batalionow-chlopskich\/#breadcrumb","itemListElement":[{"@type":"ListItem","position":1,"name":"Strona g\u0142\u00f3wna","item":"https:\/\/dignitynews.eu\/pl\/"},{"@type":"ListItem","position":2,"name":"Kompleks \u0142agr\u00f3w NKWD w rejonie Borowicz. Sowieci zes\u0142ali tam \u017co\u0142nierzy Armii Krajowej, Narodowych Si\u0142 Zbrojnych i Batalion\u00f3w Ch\u0142opskich"}]},{"@type":"Person","@id":"https:\/\/dignitynews.eu\/pl\/#\/schema\/person\/0b62b762b8174802fabc81a3ecb1bfcb","name":"Dignity News","image":{"@type":"ImageObject","inLanguage":"pl-PL","@id":"https:\/\/dignitynews.eu\/pl\/#\/schema\/person\/image\/","url":"https:\/\/secure.gravatar.com\/avatar\/97963171a6d9108f8381bbefb1c6b150c445b6ddd9e3077b96c86cf5892c85dc?s=96&d=mm&r=g","contentUrl":"https:\/\/secure.gravatar.com\/avatar\/97963171a6d9108f8381bbefb1c6b150c445b6ddd9e3077b96c86cf5892c85dc?s=96&d=mm&r=g","caption":"Dignity News"},"url":"https:\/\/dignitynews.eu\/pl\/author\/mikolaj-palade\/"}]}},"_links":{"self":[{"href":"https:\/\/dignitynews.eu\/pl\/wp-json\/wp\/v2\/posts\/51087","targetHints":{"allow":["GET"]}}],"collection":[{"href":"https:\/\/dignitynews.eu\/pl\/wp-json\/wp\/v2\/posts"}],"about":[{"href":"https:\/\/dignitynews.eu\/pl\/wp-json\/wp\/v2\/types\/post"}],"author":[{"embeddable":true,"href":"https:\/\/dignitynews.eu\/pl\/wp-json\/wp\/v2\/users\/7"}],"replies":[{"embeddable":true,"href":"https:\/\/dignitynews.eu\/pl\/wp-json\/wp\/v2\/comments?post=51087"}],"version-history":[{"count":1,"href":"https:\/\/dignitynews.eu\/pl\/wp-json\/wp\/v2\/posts\/51087\/revisions"}],"predecessor-version":[{"id":51093,"href":"https:\/\/dignitynews.eu\/pl\/wp-json\/wp\/v2\/posts\/51087\/revisions\/51093"}],"wp:featuredmedia":[{"embeddable":true,"href":"https:\/\/dignitynews.eu\/pl\/wp-json\/wp\/v2\/media\/51088"}],"wp:attachment":[{"href":"https:\/\/dignitynews.eu\/pl\/wp-json\/wp\/v2\/media?parent=51087"}],"wp:term":[{"taxonomy":"category","embeddable":true,"href":"https:\/\/dignitynews.eu\/pl\/wp-json\/wp\/v2\/categories?post=51087"},{"taxonomy":"post_tag","embeddable":true,"href":"https:\/\/dignitynews.eu\/pl\/wp-json\/wp\/v2\/tags?post=51087"}],"curies":[{"name":"wp","href":"https:\/\/api.w.org\/{rel}","templated":true}]}}