{"id":50965,"date":"2023-11-17T12:05:04","date_gmt":"2023-11-17T11:05:04","guid":{"rendered":"https:\/\/dignitynews.eu\/?p=50965"},"modified":"2023-11-18T19:31:13","modified_gmt":"2023-11-18T18:31:13","slug":"nazywany-byl-cieniem-marszalka-jozefa-pilsudskiego-kazimierz-sosnkowski-1885-1969","status":"publish","type":"post","link":"https:\/\/dignitynews.eu\/pl\/nazywany-byl-cieniem-marszalka-jozefa-pilsudskiego-kazimierz-sosnkowski-1885-1969\/","title":{"rendered":"Nazywany by\u0142 cieniem Marsza\u0142ka J\u00f3zefa Pi\u0142sudskiego. Kazimierz Sosnkowski (1885-1969)"},"content":{"rendered":"<h5><strong>19 listopada 1885 r. w Warszawie urodzi\u0142 si\u0119 Kazimierz Sosnkowski, jeden z najwybitniejszych genera\u0142\u00f3w Wojska Polskiego. Nie przegra\u0142 \u017cadnej \u00a0bitwy, w kt\u00f3rej samodzielnie dowodzi\u0142. Mia\u0142 \u015bwietn\u0105 pami\u0119\u0107 i wszechstronne zainteresowania, w tym humanistyczne i literackie. <\/strong><\/h5>\n<p>Pod wp\u0142ywem udzia\u0142u w wielkiej manifestacji patriotycznej w czasie rewolucji 1905 r. postanowi\u0142 wst\u0105pi\u0107 do Polskiej Partii Socjalistycznej i zaanga\u017cowa\u0142 si\u0119 w dzia\u0142alno\u015b\u0107 niepodleg\u0142o\u015bciow\u0105. Po przeniesieniu si\u0119 do Lwowa za\u0142o\u017cy\u0142 Zwi\u0105zek Walki Czynnej, kt\u00f3ry sta\u0142 si\u0119 podstaw\u0105 Legion\u00f3w Polskich. W czasie I wojny \u015bwiatowej zosta\u0142 zast\u0119pc\u0105 komendanta I Brygady J\u00f3zefa Pi\u0142sudskiego i szefem jego sztabu. Po kryzysie przysi\u0119gowym w 1917 r. by\u0142 wraz z Pi\u0142sudskim wi\u0119ziony w twierdzy magdeburskiej.<\/p>\n<p>Gdy Polska odzyska\u0142a niepodleg\u0142o\u015b\u0107, organizowa\u0142 si\u0142y zbrojne. Podczas wojny polsko-bolszewickiej w lecie 1920 r. przywr\u00f3ci\u0142 porz\u0105dek na ty\u0142ach frontu, odbudowa\u0142 pobite jednostki wojskowe i zorganizowa\u0142 od podstaw armi\u0119 ochotnicz\u0105, co w znacznym stopniu przyczyni\u0142o si\u0119 do odparcia bolszewik\u00f3w. W latach 20. pe\u0142ni\u0142 funkcje ministerialne, dow\u00f3dcze i sztabowe oraz dyplomatyczne. W czasie zamachu majowego\u00a0 w 1926 r. jako legalista pr\u00f3bowa\u0142 pope\u0142ni\u0107 samob\u00f3jstwo ze wzgl\u0119du na konflikt lojalno\u015bci. Wr\u00f3ci\u0142 do s\u0142u\u017cby wojskowej po rehabilitacji. W latach 30. dba\u0142 o rozbudow\u0119 wojska, b\u0119d\u0105c szefem Komitetu do spraw Uzbrojenia i Sprz\u0119tu. Bra\u0142 udzia\u0142 w organizowaniu polskiego przemys\u0142u zbrojeniowego, kt\u00f3ry zaopatrywa\u0142 wiele pa\u0144stw europejskich.<\/p>\n<p>Podczas wojny obronnej w 1939 r. dowodzi\u0142 Frontem Po\u0142udniowym, a po zaatakowaniu pa\u0144stwa polskiego przez Zwi\u0105zek Sowiecki przedosta\u0142 si\u0119 na Zach\u00f3d, gdzie zosta\u0142 pierwszym komendantem Zwi\u0105zku Walki Zbrojnej. W lipcu 1943 r., po \u015bmierci gen. W\u0142adys\u0142awa Sikorskiego, zosta\u0142 mianowany Naczelnym Wodzem Wojska Polskiego. Walczy\u0142 o zachowanie jego suwerenno\u015bci i sprzeciwia\u0142 si\u0119 naciskom aliant\u00f3w zachodnich, chc\u0105cych nawi\u0105za\u0107 dobre stosunki ze Zwi\u0105zkiem Sowieckim kosztem Polski. Za sw\u0105 nieugi\u0119t\u0105 postaw\u0119, na \u017c\u0105danie rz\u0105du brytyjskiego zosta\u0142 odwo\u0142any ze stanowiska, kt\u00f3re piastowa\u0142.<\/p>\n<p>W listopadzie 1944 r. wyjecha\u0142 do Kanady. Cieszy\u0142 si\u0119 szacunkiem \u015brodowisk polskich i dzia\u0142a\u0142 na rzecz ich porozumienia i wsp\u00f3\u0142pracy. Zmar\u0142 11 pa\u017adziernik 1969 r. W 1992 r. urna z jego prochami zosta\u0142a z\u0142o\u017cona w podziemiach archikatedry \u015bw. Jana w Warszawie.<\/p>\n","protected":false},"excerpt":{"rendered":"<p>19 listopada 1885 r. w Warszawie urodzi\u0142 si\u0119 Kazimierz Sosnkowski, jeden z najwybitniejszych genera\u0142\u00f3w Wojska Polskiego. Nie przegra\u0142 \u017cadnej \u00a0bitwy, w kt\u00f3rej samodzielnie dowodzi\u0142. Mia\u0142 \u015bwietn\u0105 pami\u0119\u0107 i wszechstronne zainteresowania,&hellip;<\/p>\n","protected":false},"author":7,"featured_media":50967,"comment_status":"closed","ping_status":"open","sticky":false,"template":"","format":"standard","meta":{"_mi_skip_tracking":false,"footnotes":""},"categories":[46],"tags":[],"class_list":["post-50965","post","type-post","status-publish","format-standard","has-post-thumbnail","hentry","category-historia"],"yoast_head":"<!-- This site is optimized with the Yoast SEO plugin v19.4 - https:\/\/yoast.com\/wordpress\/plugins\/seo\/ -->\n<title>Nazywany by\u0142 cieniem Marsza\u0142ka J\u00f3zefa Pi\u0142sudskiego. Kazimierz Sosnkowski (1885-1969) - Godno\u015b\u0107 - DignityNews.eu<\/title>\n<meta name=\"robots\" content=\"index, follow, max-snippet:-1, max-image-preview:large, max-video-preview:-1\" \/>\n<link rel=\"canonical\" href=\"https:\/\/dignitynews.eu\/pl\/nazywany-byl-cieniem-marszalka-jozefa-pilsudskiego-kazimierz-sosnkowski-1885-1969\/\" \/>\n<meta property=\"og:locale\" content=\"pl_PL\" \/>\n<meta property=\"og:type\" content=\"article\" \/>\n<meta property=\"og:title\" content=\"Nazywany by\u0142 cieniem Marsza\u0142ka J\u00f3zefa Pi\u0142sudskiego. Kazimierz Sosnkowski (1885-1969) - Godno\u015b\u0107 - DignityNews.eu\" \/>\n<meta property=\"og:description\" content=\"19 listopada 1885 r. w Warszawie urodzi\u0142 si\u0119 Kazimierz Sosnkowski, jeden z najwybitniejszych genera\u0142\u00f3w Wojska Polskiego. Nie przegra\u0142 \u017cadnej \u00a0bitwy, w kt\u00f3rej samodzielnie dowodzi\u0142. Mia\u0142 \u015bwietn\u0105 pami\u0119\u0107 i wszechstronne zainteresowania,&hellip;\" \/>\n<meta property=\"og:url\" content=\"https:\/\/dignitynews.eu\/pl\/nazywany-byl-cieniem-marszalka-jozefa-pilsudskiego-kazimierz-sosnkowski-1885-1969\/\" \/>\n<meta property=\"og:site_name\" content=\"Godno\u015b\u0107 - DignityNews.eu\" \/>\n<meta property=\"article:published_time\" content=\"2023-11-17T11:05:04+00:00\" \/>\n<meta property=\"article:modified_time\" content=\"2023-11-18T18:31:13+00:00\" \/>\n<meta property=\"og:image\" content=\"https:\/\/dignitynews.eu\/wp-content\/uploads\/2023\/11\/1280px-Gen._Kazimierz_Sosnkowski_podczas_dekoracji_odznaczeniami_polskich_zolnierzy_21-48.jpg\" \/>\n\t<meta property=\"og:image:width\" content=\"1280\" \/>\n\t<meta property=\"og:image:height\" content=\"943\" \/>\n\t<meta property=\"og:image:type\" content=\"image\/jpeg\" \/>\n<meta name=\"author\" content=\"Dignity News\" \/>\n<meta name=\"twitter:card\" content=\"summary_large_image\" \/>\n<meta name=\"twitter:label1\" content=\"Napisane przez\" \/>\n\t<meta name=\"twitter:data1\" content=\"Dignity News\" \/>\n\t<meta name=\"twitter:label2\" content=\"Szacowany czas czytania\" \/>\n\t<meta name=\"twitter:data2\" content=\"2 minuty\" \/>\n<script type=\"application\/ld+json\" class=\"yoast-schema-graph\">{\"@context\":\"https:\/\/schema.org\",\"@graph\":[{\"@type\":\"WebSite\",\"@id\":\"https:\/\/dignitynews.eu\/pl\/#website\",\"url\":\"https:\/\/dignitynews.eu\/pl\/\",\"name\":\"Godno\u015b\u0107 - DignityNews.eu\",\"description\":\"\",\"potentialAction\":[{\"@type\":\"SearchAction\",\"target\":{\"@type\":\"EntryPoint\",\"urlTemplate\":\"https:\/\/dignitynews.eu\/pl\/?s={search_term_string}\"},\"query-input\":\"required name=search_term_string\"}],\"inLanguage\":\"pl-PL\"},{\"@type\":\"WebPage\",\"@id\":\"https:\/\/dignitynews.eu\/pl\/nazywany-byl-cieniem-marszalka-jozefa-pilsudskiego-kazimierz-sosnkowski-1885-1969\/\",\"url\":\"https:\/\/dignitynews.eu\/pl\/nazywany-byl-cieniem-marszalka-jozefa-pilsudskiego-kazimierz-sosnkowski-1885-1969\/\",\"name\":\"Nazywany by\u0142 cieniem Marsza\u0142ka J\u00f3zefa Pi\u0142sudskiego. Kazimierz Sosnkowski (1885-1969) - Godno\u015b\u0107 - DignityNews.eu\",\"isPartOf\":{\"@id\":\"https:\/\/dignitynews.eu\/pl\/#website\"},\"datePublished\":\"2023-11-17T11:05:04+00:00\",\"dateModified\":\"2023-11-18T18:31:13+00:00\",\"author\":{\"@id\":\"https:\/\/dignitynews.eu\/pl\/#\/schema\/person\/0b62b762b8174802fabc81a3ecb1bfcb\"},\"breadcrumb\":{\"@id\":\"https:\/\/dignitynews.eu\/pl\/nazywany-byl-cieniem-marszalka-jozefa-pilsudskiego-kazimierz-sosnkowski-1885-1969\/#breadcrumb\"},\"inLanguage\":\"pl-PL\",\"potentialAction\":[{\"@type\":\"ReadAction\",\"target\":[\"https:\/\/dignitynews.eu\/pl\/nazywany-byl-cieniem-marszalka-jozefa-pilsudskiego-kazimierz-sosnkowski-1885-1969\/\"]}]},{\"@type\":\"BreadcrumbList\",\"@id\":\"https:\/\/dignitynews.eu\/pl\/nazywany-byl-cieniem-marszalka-jozefa-pilsudskiego-kazimierz-sosnkowski-1885-1969\/#breadcrumb\",\"itemListElement\":[{\"@type\":\"ListItem\",\"position\":1,\"name\":\"Strona g\u0142\u00f3wna\",\"item\":\"https:\/\/dignitynews.eu\/pl\/\"},{\"@type\":\"ListItem\",\"position\":2,\"name\":\"Nazywany by\u0142 cieniem Marsza\u0142ka J\u00f3zefa Pi\u0142sudskiego. Kazimierz Sosnkowski (1885-1969)\"}]},{\"@type\":\"Person\",\"@id\":\"https:\/\/dignitynews.eu\/pl\/#\/schema\/person\/0b62b762b8174802fabc81a3ecb1bfcb\",\"name\":\"Dignity News\",\"image\":{\"@type\":\"ImageObject\",\"inLanguage\":\"pl-PL\",\"@id\":\"https:\/\/dignitynews.eu\/pl\/#\/schema\/person\/image\/\",\"url\":\"https:\/\/secure.gravatar.com\/avatar\/97963171a6d9108f8381bbefb1c6b150c445b6ddd9e3077b96c86cf5892c85dc?s=96&d=mm&r=g\",\"contentUrl\":\"https:\/\/secure.gravatar.com\/avatar\/97963171a6d9108f8381bbefb1c6b150c445b6ddd9e3077b96c86cf5892c85dc?s=96&d=mm&r=g\",\"caption\":\"Dignity News\"},\"url\":\"https:\/\/dignitynews.eu\/pl\/author\/mikolaj-palade\/\"}]}<\/script>\n<!-- \/ Yoast SEO plugin. -->","yoast_head_json":{"title":"Nazywany by\u0142 cieniem Marsza\u0142ka J\u00f3zefa Pi\u0142sudskiego. Kazimierz Sosnkowski (1885-1969) - Godno\u015b\u0107 - DignityNews.eu","robots":{"index":"index","follow":"follow","max-snippet":"max-snippet:-1","max-image-preview":"max-image-preview:large","max-video-preview":"max-video-preview:-1"},"canonical":"https:\/\/dignitynews.eu\/pl\/nazywany-byl-cieniem-marszalka-jozefa-pilsudskiego-kazimierz-sosnkowski-1885-1969\/","og_locale":"pl_PL","og_type":"article","og_title":"Nazywany by\u0142 cieniem Marsza\u0142ka J\u00f3zefa Pi\u0142sudskiego. Kazimierz Sosnkowski (1885-1969) - Godno\u015b\u0107 - DignityNews.eu","og_description":"19 listopada 1885 r. w Warszawie urodzi\u0142 si\u0119 Kazimierz Sosnkowski, jeden z najwybitniejszych genera\u0142\u00f3w Wojska Polskiego. Nie przegra\u0142 \u017cadnej \u00a0bitwy, w kt\u00f3rej samodzielnie dowodzi\u0142. Mia\u0142 \u015bwietn\u0105 pami\u0119\u0107 i wszechstronne zainteresowania,&hellip;","og_url":"https:\/\/dignitynews.eu\/pl\/nazywany-byl-cieniem-marszalka-jozefa-pilsudskiego-kazimierz-sosnkowski-1885-1969\/","og_site_name":"Godno\u015b\u0107 - DignityNews.eu","article_published_time":"2023-11-17T11:05:04+00:00","article_modified_time":"2023-11-18T18:31:13+00:00","og_image":[{"width":1280,"height":943,"url":"https:\/\/dignitynews.eu\/wp-content\/uploads\/2023\/11\/1280px-Gen._Kazimierz_Sosnkowski_podczas_dekoracji_odznaczeniami_polskich_zolnierzy_21-48.jpg","type":"image\/jpeg"}],"author":"Dignity News","twitter_card":"summary_large_image","twitter_misc":{"Napisane przez":"Dignity News","Szacowany czas czytania":"2 minuty"},"schema":{"@context":"https:\/\/schema.org","@graph":[{"@type":"WebSite","@id":"https:\/\/dignitynews.eu\/pl\/#website","url":"https:\/\/dignitynews.eu\/pl\/","name":"Godno\u015b\u0107 - DignityNews.eu","description":"","potentialAction":[{"@type":"SearchAction","target":{"@type":"EntryPoint","urlTemplate":"https:\/\/dignitynews.eu\/pl\/?s={search_term_string}"},"query-input":"required name=search_term_string"}],"inLanguage":"pl-PL"},{"@type":"WebPage","@id":"https:\/\/dignitynews.eu\/pl\/nazywany-byl-cieniem-marszalka-jozefa-pilsudskiego-kazimierz-sosnkowski-1885-1969\/","url":"https:\/\/dignitynews.eu\/pl\/nazywany-byl-cieniem-marszalka-jozefa-pilsudskiego-kazimierz-sosnkowski-1885-1969\/","name":"Nazywany by\u0142 cieniem Marsza\u0142ka J\u00f3zefa Pi\u0142sudskiego. Kazimierz Sosnkowski (1885-1969) - Godno\u015b\u0107 - DignityNews.eu","isPartOf":{"@id":"https:\/\/dignitynews.eu\/pl\/#website"},"datePublished":"2023-11-17T11:05:04+00:00","dateModified":"2023-11-18T18:31:13+00:00","author":{"@id":"https:\/\/dignitynews.eu\/pl\/#\/schema\/person\/0b62b762b8174802fabc81a3ecb1bfcb"},"breadcrumb":{"@id":"https:\/\/dignitynews.eu\/pl\/nazywany-byl-cieniem-marszalka-jozefa-pilsudskiego-kazimierz-sosnkowski-1885-1969\/#breadcrumb"},"inLanguage":"pl-PL","potentialAction":[{"@type":"ReadAction","target":["https:\/\/dignitynews.eu\/pl\/nazywany-byl-cieniem-marszalka-jozefa-pilsudskiego-kazimierz-sosnkowski-1885-1969\/"]}]},{"@type":"BreadcrumbList","@id":"https:\/\/dignitynews.eu\/pl\/nazywany-byl-cieniem-marszalka-jozefa-pilsudskiego-kazimierz-sosnkowski-1885-1969\/#breadcrumb","itemListElement":[{"@type":"ListItem","position":1,"name":"Strona g\u0142\u00f3wna","item":"https:\/\/dignitynews.eu\/pl\/"},{"@type":"ListItem","position":2,"name":"Nazywany by\u0142 cieniem Marsza\u0142ka J\u00f3zefa Pi\u0142sudskiego. Kazimierz Sosnkowski (1885-1969)"}]},{"@type":"Person","@id":"https:\/\/dignitynews.eu\/pl\/#\/schema\/person\/0b62b762b8174802fabc81a3ecb1bfcb","name":"Dignity News","image":{"@type":"ImageObject","inLanguage":"pl-PL","@id":"https:\/\/dignitynews.eu\/pl\/#\/schema\/person\/image\/","url":"https:\/\/secure.gravatar.com\/avatar\/97963171a6d9108f8381bbefb1c6b150c445b6ddd9e3077b96c86cf5892c85dc?s=96&d=mm&r=g","contentUrl":"https:\/\/secure.gravatar.com\/avatar\/97963171a6d9108f8381bbefb1c6b150c445b6ddd9e3077b96c86cf5892c85dc?s=96&d=mm&r=g","caption":"Dignity News"},"url":"https:\/\/dignitynews.eu\/pl\/author\/mikolaj-palade\/"}]}},"_links":{"self":[{"href":"https:\/\/dignitynews.eu\/pl\/wp-json\/wp\/v2\/posts\/50965","targetHints":{"allow":["GET"]}}],"collection":[{"href":"https:\/\/dignitynews.eu\/pl\/wp-json\/wp\/v2\/posts"}],"about":[{"href":"https:\/\/dignitynews.eu\/pl\/wp-json\/wp\/v2\/types\/post"}],"author":[{"embeddable":true,"href":"https:\/\/dignitynews.eu\/pl\/wp-json\/wp\/v2\/users\/7"}],"replies":[{"embeddable":true,"href":"https:\/\/dignitynews.eu\/pl\/wp-json\/wp\/v2\/comments?post=50965"}],"version-history":[{"count":1,"href":"https:\/\/dignitynews.eu\/pl\/wp-json\/wp\/v2\/posts\/50965\/revisions"}],"predecessor-version":[{"id":50966,"href":"https:\/\/dignitynews.eu\/pl\/wp-json\/wp\/v2\/posts\/50965\/revisions\/50966"}],"wp:featuredmedia":[{"embeddable":true,"href":"https:\/\/dignitynews.eu\/pl\/wp-json\/wp\/v2\/media\/50967"}],"wp:attachment":[{"href":"https:\/\/dignitynews.eu\/pl\/wp-json\/wp\/v2\/media?parent=50965"}],"wp:term":[{"taxonomy":"category","embeddable":true,"href":"https:\/\/dignitynews.eu\/pl\/wp-json\/wp\/v2\/categories?post=50965"},{"taxonomy":"post_tag","embeddable":true,"href":"https:\/\/dignitynews.eu\/pl\/wp-json\/wp\/v2\/tags?post=50965"}],"curies":[{"name":"wp","href":"https:\/\/api.w.org\/{rel}","templated":true}]}}