{"id":50531,"date":"2023-11-13T12:32:49","date_gmt":"2023-11-13T11:32:49","guid":{"rendered":"https:\/\/dignitynews.eu\/?p=50531"},"modified":"2023-11-13T16:19:21","modified_gmt":"2023-11-13T15:19:21","slug":"ryszard-kuklinski-szpieg-patriota","status":"publish","type":"post","link":"https:\/\/dignitynews.eu\/pl\/ryszard-kuklinski-szpieg-patriota\/","title":{"rendered":"Ryszard Kukli\u0144ski. Szpieg-patriota"},"content":{"rendered":"<p><strong>Przeciwstawi\u0142 si\u0119 w\u0142adzom komunistycznym, s\u0142u\u017c\u0105c wywiadowi USA, pr\u00f3buj\u0105c j\u0105 ochroni\u0107\u00a0 Polsk\u0119 od nuklearnej zag\u0142ady.<\/strong><\/p>\n<p>Ryszard Kukli\u0144ski urodzi\u0142 si\u0119 13 czerwca 1930 r. w Warszawie. Jego ojciec w czasie okupacji niemieckiej dzia\u0142a\u0142 w konspiracji, a po aresztowaniu zmar\u0142 w obozie koncentracyjnym. Po wojnie jego syn przebywa\u0142 we Wroc\u0142awiu, gdzie znalaz\u0142 prac\u0119 jako stra\u017cnik w fabryce.<\/p>\n<p>W 1946 r. wst\u0105pi\u0142 do Polskiej Partii Robotniczej. W 1947 r. Kukli\u0144ski rozpocz\u0105\u0142 nauk\u0119 w szkole oficerskiej, sk\u0105d grozi\u0142o mu usuni\u0119cie w wyniku podejrze\u0144 o dzia\u0142alno\u015b\u0107 konspiracyjn\u0105. Jednak po interwencji wiceministra obrony narodowej, m\u00f3g\u0142 doko\u0144czy\u0107 nauk\u0119. W 1950 r., po uko\u0144czeniu szko\u0142y, otrzyma\u0142 promocj\u0119 na stopie\u0144 chor\u0105\u017cego. Przez nast\u0119pne lata pi\u0105\u0142 si\u0119 po szczeblach kariery wojskowej, by w 1972 r. zosta\u0107 awansowanym na stopie\u0144 pu\u0142kownika. W mi\u0119dzyczasie rozpocz\u0105\u0142 s\u0142u\u017cb\u0119 w Sztabie Generalnym Ludowego Wojska Polskiego (LWP) i zdoby\u0142 zaufanie dow\u00f3dztwa. Mia\u0142 ju\u017c wtedy do\u015bwiadczenie jako wsp\u00f3\u0142pracownik kontrwywiadu LWP.<\/p>\n<p>W 1971 r. zacz\u0105\u0142 przekazywa\u0107 tajne informacje Amerykanom, w sumie do 1981 r. by\u0142o to ok. 40 tys. stron dokument\u00f3w pochodz\u0105cych z wojskowych sejf\u00f3w. Przekazywa\u0142 kopie materia\u0142\u00f3w, zawieraj\u0105cych dane, takie jak parametry sprz\u0119tu wojskowego, lokalizacja jednostek wojskowych i broni nuklearnej, czy strategi\u0119 jej u\u017cycia, a tak\u017ce plany wprowadzenia stanu wojennego. Z prze\u0142o\u017conymi w CIA kontaktowa\u0142 si\u0119 przez system skrytek, \u00a0kt\u00f3re sprytnie maskowa\u0142.<\/p>\n<p>Na jesieni 1981 r. z kraju uciek\u0142o kilku wsp\u00f3\u0142pracownik\u00f3w Kukli\u0144skiego, co zwi\u0119kszy\u0142o inwigilacj\u0119 kontrwywiadowcz\u0105. Jednak finalnie ucieczk\u0119 Kukli\u0144skiego wraz z rodzin\u0105 spowodowa\u0142 incydent podczas spotkania szefa CIA, Williama Caseya z papie\u017cem Janem Paw\u0142em II. Amerykanin wyjawi\u0142 wtedy, \u017ce USA ma w dow\u00f3dztwie LWP swojego agenta. Informacj\u0119 pozyska\u0142 ksi\u0105dz, b\u0119d\u0105cy najprawdopodobniej na us\u0142ugach wywiadu PRL. Kukli\u0144ski przebywa\u0142 na odprawie, na kt\u00f3rej poinformowano oficer\u00f3w o wszcz\u0119tym \u015bledztwie. Ewakuacja Kukli\u0144skich nast\u0105pi\u0142a w nocy z 7 na 8 listopada 1981 r.<\/p>\n<p>Kukli\u0144ski po ucieczce z kraju zosta\u0142 zdegradowany i zaocznie skazany na kar\u0119 \u015bmierci. Po zmianie ustroju nast\u0105pi\u0142a rehabilitacja pu\u0142kownika. Jego m\u0142odszy syn zagin\u0105\u0142 podczas rejsu morskiego w 1993 r., a starszy poni\u00f3s\u0142 \u015bmier\u0107 w tajemniczych okoliczno\u015bciach podczas studi\u00f3w na Uniwersytecie w Phoenix w 1994 r. Ryszard Kukli\u0144ski zmar\u0142 w 2004 r. na udar m\u00f3zgu.<\/p>\n","protected":false},"excerpt":{"rendered":"<p>Przeciwstawi\u0142 si\u0119 w\u0142adzom komunistycznym, s\u0142u\u017c\u0105c wywiadowi USA, pr\u00f3buj\u0105c j\u0105 ochroni\u0107\u00a0 Polsk\u0119 od nuklearnej zag\u0142ady. Ryszard Kukli\u0144ski urodzi\u0142 si\u0119 13 czerwca 1930 r. w Warszawie. Jego ojciec w czasie okupacji niemieckiej&hellip;<\/p>\n","protected":false},"author":7,"featured_media":50532,"comment_status":"closed","ping_status":"open","sticky":false,"template":"","format":"standard","meta":{"_mi_skip_tracking":false,"footnotes":""},"categories":[46],"tags":[],"class_list":["post-50531","post","type-post","status-publish","format-standard","has-post-thumbnail","hentry","category-historia"],"yoast_head":"<!-- This site is optimized with the Yoast SEO plugin v19.4 - https:\/\/yoast.com\/wordpress\/plugins\/seo\/ -->\n<title>Ryszard Kukli\u0144ski. Szpieg-patriota - Godno\u015b\u0107 - DignityNews.eu<\/title>\n<meta name=\"robots\" content=\"index, follow, max-snippet:-1, max-image-preview:large, max-video-preview:-1\" \/>\n<link rel=\"canonical\" href=\"https:\/\/dignitynews.eu\/pl\/ryszard-kuklinski-szpieg-patriota\/\" \/>\n<meta property=\"og:locale\" content=\"pl_PL\" \/>\n<meta property=\"og:type\" content=\"article\" \/>\n<meta property=\"og:title\" content=\"Ryszard Kukli\u0144ski. Szpieg-patriota - Godno\u015b\u0107 - DignityNews.eu\" \/>\n<meta property=\"og:description\" content=\"Przeciwstawi\u0142 si\u0119 w\u0142adzom komunistycznym, s\u0142u\u017c\u0105c wywiadowi USA, pr\u00f3buj\u0105c j\u0105 ochroni\u0107\u00a0 Polsk\u0119 od nuklearnej zag\u0142ady. Ryszard Kukli\u0144ski urodzi\u0142 si\u0119 13 czerwca 1930 r. w Warszawie. Jego ojciec w czasie okupacji niemieckiej&hellip;\" \/>\n<meta property=\"og:url\" content=\"https:\/\/dignitynews.eu\/pl\/ryszard-kuklinski-szpieg-patriota\/\" \/>\n<meta property=\"og:site_name\" content=\"Godno\u015b\u0107 - DignityNews.eu\" \/>\n<meta property=\"article:published_time\" content=\"2023-11-13T11:32:49+00:00\" \/>\n<meta property=\"article:modified_time\" content=\"2023-11-13T15:19:21+00:00\" \/>\n<meta property=\"og:image\" content=\"https:\/\/dignitynews.eu\/wp-content\/uploads\/2023\/11\/Ryszard_Kuklinski.jpg\" \/>\n\t<meta property=\"og:image:width\" content=\"628\" \/>\n\t<meta property=\"og:image:height\" content=\"898\" \/>\n\t<meta property=\"og:image:type\" content=\"image\/jpeg\" \/>\n<meta name=\"author\" content=\"Dignity News\" \/>\n<meta name=\"twitter:card\" content=\"summary_large_image\" \/>\n<meta name=\"twitter:label1\" content=\"Napisane przez\" \/>\n\t<meta name=\"twitter:data1\" content=\"Dignity News\" \/>\n\t<meta name=\"twitter:label2\" content=\"Szacowany czas czytania\" \/>\n\t<meta name=\"twitter:data2\" content=\"2 minuty\" \/>\n<script type=\"application\/ld+json\" class=\"yoast-schema-graph\">{\"@context\":\"https:\/\/schema.org\",\"@graph\":[{\"@type\":\"WebSite\",\"@id\":\"https:\/\/dignitynews.eu\/pl\/#website\",\"url\":\"https:\/\/dignitynews.eu\/pl\/\",\"name\":\"Godno\u015b\u0107 - DignityNews.eu\",\"description\":\"\",\"potentialAction\":[{\"@type\":\"SearchAction\",\"target\":{\"@type\":\"EntryPoint\",\"urlTemplate\":\"https:\/\/dignitynews.eu\/pl\/?s={search_term_string}\"},\"query-input\":\"required name=search_term_string\"}],\"inLanguage\":\"pl-PL\"},{\"@type\":\"WebPage\",\"@id\":\"https:\/\/dignitynews.eu\/pl\/ryszard-kuklinski-szpieg-patriota\/\",\"url\":\"https:\/\/dignitynews.eu\/pl\/ryszard-kuklinski-szpieg-patriota\/\",\"name\":\"Ryszard Kukli\u0144ski. Szpieg-patriota - Godno\u015b\u0107 - DignityNews.eu\",\"isPartOf\":{\"@id\":\"https:\/\/dignitynews.eu\/pl\/#website\"},\"datePublished\":\"2023-11-13T11:32:49+00:00\",\"dateModified\":\"2023-11-13T15:19:21+00:00\",\"author\":{\"@id\":\"https:\/\/dignitynews.eu\/pl\/#\/schema\/person\/0b62b762b8174802fabc81a3ecb1bfcb\"},\"breadcrumb\":{\"@id\":\"https:\/\/dignitynews.eu\/pl\/ryszard-kuklinski-szpieg-patriota\/#breadcrumb\"},\"inLanguage\":\"pl-PL\",\"potentialAction\":[{\"@type\":\"ReadAction\",\"target\":[\"https:\/\/dignitynews.eu\/pl\/ryszard-kuklinski-szpieg-patriota\/\"]}]},{\"@type\":\"BreadcrumbList\",\"@id\":\"https:\/\/dignitynews.eu\/pl\/ryszard-kuklinski-szpieg-patriota\/#breadcrumb\",\"itemListElement\":[{\"@type\":\"ListItem\",\"position\":1,\"name\":\"Strona g\u0142\u00f3wna\",\"item\":\"https:\/\/dignitynews.eu\/pl\/\"},{\"@type\":\"ListItem\",\"position\":2,\"name\":\"Ryszard Kukli\u0144ski. Szpieg-patriota\"}]},{\"@type\":\"Person\",\"@id\":\"https:\/\/dignitynews.eu\/pl\/#\/schema\/person\/0b62b762b8174802fabc81a3ecb1bfcb\",\"name\":\"Dignity News\",\"image\":{\"@type\":\"ImageObject\",\"inLanguage\":\"pl-PL\",\"@id\":\"https:\/\/dignitynews.eu\/pl\/#\/schema\/person\/image\/\",\"url\":\"https:\/\/secure.gravatar.com\/avatar\/97963171a6d9108f8381bbefb1c6b150c445b6ddd9e3077b96c86cf5892c85dc?s=96&d=mm&r=g\",\"contentUrl\":\"https:\/\/secure.gravatar.com\/avatar\/97963171a6d9108f8381bbefb1c6b150c445b6ddd9e3077b96c86cf5892c85dc?s=96&d=mm&r=g\",\"caption\":\"Dignity News\"},\"url\":\"https:\/\/dignitynews.eu\/pl\/author\/mikolaj-palade\/\"}]}<\/script>\n<!-- \/ Yoast SEO plugin. -->","yoast_head_json":{"title":"Ryszard Kukli\u0144ski. Szpieg-patriota - Godno\u015b\u0107 - DignityNews.eu","robots":{"index":"index","follow":"follow","max-snippet":"max-snippet:-1","max-image-preview":"max-image-preview:large","max-video-preview":"max-video-preview:-1"},"canonical":"https:\/\/dignitynews.eu\/pl\/ryszard-kuklinski-szpieg-patriota\/","og_locale":"pl_PL","og_type":"article","og_title":"Ryszard Kukli\u0144ski. Szpieg-patriota - Godno\u015b\u0107 - DignityNews.eu","og_description":"Przeciwstawi\u0142 si\u0119 w\u0142adzom komunistycznym, s\u0142u\u017c\u0105c wywiadowi USA, pr\u00f3buj\u0105c j\u0105 ochroni\u0107\u00a0 Polsk\u0119 od nuklearnej zag\u0142ady. Ryszard Kukli\u0144ski urodzi\u0142 si\u0119 13 czerwca 1930 r. w Warszawie. Jego ojciec w czasie okupacji niemieckiej&hellip;","og_url":"https:\/\/dignitynews.eu\/pl\/ryszard-kuklinski-szpieg-patriota\/","og_site_name":"Godno\u015b\u0107 - DignityNews.eu","article_published_time":"2023-11-13T11:32:49+00:00","article_modified_time":"2023-11-13T15:19:21+00:00","og_image":[{"width":628,"height":898,"url":"https:\/\/dignitynews.eu\/wp-content\/uploads\/2023\/11\/Ryszard_Kuklinski.jpg","type":"image\/jpeg"}],"author":"Dignity News","twitter_card":"summary_large_image","twitter_misc":{"Napisane przez":"Dignity News","Szacowany czas czytania":"2 minuty"},"schema":{"@context":"https:\/\/schema.org","@graph":[{"@type":"WebSite","@id":"https:\/\/dignitynews.eu\/pl\/#website","url":"https:\/\/dignitynews.eu\/pl\/","name":"Godno\u015b\u0107 - DignityNews.eu","description":"","potentialAction":[{"@type":"SearchAction","target":{"@type":"EntryPoint","urlTemplate":"https:\/\/dignitynews.eu\/pl\/?s={search_term_string}"},"query-input":"required name=search_term_string"}],"inLanguage":"pl-PL"},{"@type":"WebPage","@id":"https:\/\/dignitynews.eu\/pl\/ryszard-kuklinski-szpieg-patriota\/","url":"https:\/\/dignitynews.eu\/pl\/ryszard-kuklinski-szpieg-patriota\/","name":"Ryszard Kukli\u0144ski. Szpieg-patriota - Godno\u015b\u0107 - DignityNews.eu","isPartOf":{"@id":"https:\/\/dignitynews.eu\/pl\/#website"},"datePublished":"2023-11-13T11:32:49+00:00","dateModified":"2023-11-13T15:19:21+00:00","author":{"@id":"https:\/\/dignitynews.eu\/pl\/#\/schema\/person\/0b62b762b8174802fabc81a3ecb1bfcb"},"breadcrumb":{"@id":"https:\/\/dignitynews.eu\/pl\/ryszard-kuklinski-szpieg-patriota\/#breadcrumb"},"inLanguage":"pl-PL","potentialAction":[{"@type":"ReadAction","target":["https:\/\/dignitynews.eu\/pl\/ryszard-kuklinski-szpieg-patriota\/"]}]},{"@type":"BreadcrumbList","@id":"https:\/\/dignitynews.eu\/pl\/ryszard-kuklinski-szpieg-patriota\/#breadcrumb","itemListElement":[{"@type":"ListItem","position":1,"name":"Strona g\u0142\u00f3wna","item":"https:\/\/dignitynews.eu\/pl\/"},{"@type":"ListItem","position":2,"name":"Ryszard Kukli\u0144ski. Szpieg-patriota"}]},{"@type":"Person","@id":"https:\/\/dignitynews.eu\/pl\/#\/schema\/person\/0b62b762b8174802fabc81a3ecb1bfcb","name":"Dignity News","image":{"@type":"ImageObject","inLanguage":"pl-PL","@id":"https:\/\/dignitynews.eu\/pl\/#\/schema\/person\/image\/","url":"https:\/\/secure.gravatar.com\/avatar\/97963171a6d9108f8381bbefb1c6b150c445b6ddd9e3077b96c86cf5892c85dc?s=96&d=mm&r=g","contentUrl":"https:\/\/secure.gravatar.com\/avatar\/97963171a6d9108f8381bbefb1c6b150c445b6ddd9e3077b96c86cf5892c85dc?s=96&d=mm&r=g","caption":"Dignity News"},"url":"https:\/\/dignitynews.eu\/pl\/author\/mikolaj-palade\/"}]}},"_links":{"self":[{"href":"https:\/\/dignitynews.eu\/pl\/wp-json\/wp\/v2\/posts\/50531","targetHints":{"allow":["GET"]}}],"collection":[{"href":"https:\/\/dignitynews.eu\/pl\/wp-json\/wp\/v2\/posts"}],"about":[{"href":"https:\/\/dignitynews.eu\/pl\/wp-json\/wp\/v2\/types\/post"}],"author":[{"embeddable":true,"href":"https:\/\/dignitynews.eu\/pl\/wp-json\/wp\/v2\/users\/7"}],"replies":[{"embeddable":true,"href":"https:\/\/dignitynews.eu\/pl\/wp-json\/wp\/v2\/comments?post=50531"}],"version-history":[{"count":1,"href":"https:\/\/dignitynews.eu\/pl\/wp-json\/wp\/v2\/posts\/50531\/revisions"}],"predecessor-version":[{"id":50537,"href":"https:\/\/dignitynews.eu\/pl\/wp-json\/wp\/v2\/posts\/50531\/revisions\/50537"}],"wp:featuredmedia":[{"embeddable":true,"href":"https:\/\/dignitynews.eu\/pl\/wp-json\/wp\/v2\/media\/50532"}],"wp:attachment":[{"href":"https:\/\/dignitynews.eu\/pl\/wp-json\/wp\/v2\/media?parent=50531"}],"wp:term":[{"taxonomy":"category","embeddable":true,"href":"https:\/\/dignitynews.eu\/pl\/wp-json\/wp\/v2\/categories?post=50531"},{"taxonomy":"post_tag","embeddable":true,"href":"https:\/\/dignitynews.eu\/pl\/wp-json\/wp\/v2\/tags?post=50531"}],"curies":[{"name":"wp","href":"https:\/\/api.w.org\/{rel}","templated":true}]}}