{"id":50408,"date":"2023-11-10T11:50:06","date_gmt":"2023-11-10T10:50:06","guid":{"rendered":"https:\/\/dignitynews.eu\/?p=50408"},"modified":"2023-11-10T20:56:38","modified_gmt":"2023-11-10T19:56:38","slug":"sonderaktion-lublin-niemiecka-akcja-przeciwko-polskiej-inteligencji-w-lublinie","status":"publish","type":"post","link":"https:\/\/dignitynews.eu\/pl\/sonderaktion-lublin-niemiecka-akcja-przeciwko-polskiej-inteligencji-w-lublinie\/","title":{"rendered":"Sonderaktion Lublin- niemiecka akcja przeciwko polskiej inteligencji w Lublinie"},"content":{"rendered":"<h5><strong>W czwartek 9 listopada 1939 r. na terenie okupowanego Lublina Niemcy rozpocz\u0119li aresztowania przedstawicieli lubelskiej inteligencji. W\u015br\u00f3d nich znale\u017ali si\u0119 profesorowie Katolickiego Uniwersytetu Lubelskiego, prezesi sad\u00f3w, ksi\u0119\u017ca w tym miejscowi biskupi. \u0141\u0105cznie w ramach tej operacji okre\u015blanej mianem Sonderaktion Lublin w listopadzie 1939 r. zatrzymano oko\u0142o 250 os\u00f3b.<\/strong><\/h5>\n<p>Niemcy jeszcze w trakcie dzia\u0142a\u0144 wojennych po zaatakowaniu Polski\u00a0 w dniu 1 wrze\u015bnia 1939 r. podj\u0119li decyzje o eksterminacji polskiej inteligencji. Takie polecenia wyda\u0142 przyw\u00f3dca III Rzeszy Adolf Hitler w trakcie narady w Je\u0142owej na \u015al\u0105sku m\u00f3wi\u0105c o \u201emasowym niszczeniu polskiej inteligencji\u201d. S\u0142owa te wyznaczy\u0142y pocz\u0105tek brutalnej akcji wymierzonej w polsk\u0105 inteligencj\u0119, kt\u00f3ra r\u00f3wnie\u017c prowadzona by\u0142a na Lubelszczy\u017anie. W jej ramach w listopadzie 1939 r. rozpocz\u0119\u0142y si\u0119 masowe aresztowania, kt\u00f3re obj\u0119\u0142y m.in. nauczycieli, prawnik\u00f3w, urz\u0119dnik\u00f3w oraz przedstawicieli duchowie\u0144stwa. Akcja ta okre\u015blona mianem Sonderaktion Lublin, rozpocz\u0119\u0142a si\u0119 9 listopada 1939 r. Trzy dni wcze\u015bniej Niemcy analogiczn\u0105 <a href=\"https:\/\/dignitynews.eu\/pl\/sonderaktion-krakau\/\">operacj\u0119 przeprowadzili w Krakowie<\/a>.<\/p>\n<p>W Lublinie Niemcy aresztowali m.in. rektora Katolickiego Uniwersytetu Lubelskiego (KUL) ks. prof. Antoniego Szyma\u0144skiego, prezes\u00f3w s\u0105d\u00f3w, nauczycieli lubelskich szk\u00f3\u0142. Z kolei 11 listopada zatrzymano 14 pracownik\u00f3w naukowych KUL, a niespe\u0142na tydzie\u0144 p\u00f3\u017aniej uczelni\u0119 zamkni\u0119to \u00a0Aresztowania obj\u0119\u0142y r\u00f3wnie\u017c ksi\u0119\u017cy, okupanci 17 listopada 1939 r. wtargn\u0119li na teren kurii lubelskiej i osadzili w areszcie dw\u00f3ch biskup\u00f3w Mariana Fulmana i W\u0142adys\u0142awa Gorala oraz pozosta\u0142ych duchownych obecnych w zabudowaniach. Zostali oni os\u0105dzeni przez niemiecki s\u0105d dora\u017any i skazani na kar\u0119 \u015bmierci. Dopiero interwencja Watykanu spowodowa\u0142a zamian\u0119 tych kar na do\u017cywotnie wi\u0119zienia. Wed\u0142ug bada\u0144 historyk\u00f3w, przyjmuje si\u0119 \u017ce aresztowania w listopadzie 1939 r. obj\u0119\u0142y 250 os\u00f3b na ca\u0142ej Lubelszczy\u017anie. W dniu 23 grudnia 1939 r. 10 os\u00f3b spo\u015br\u00f3d zatrzymanych zosta\u0142o zamordowanych w ramach <a href=\"https:\/\/dignitynews.eu\/pl\/23-grudnia-1939-r-niemiecki-mord-na-przedstawicielach-polskiej-inteligencji-w-lublinie\/\">egzekucji przy starym cmentarzu w Lublinie przy ul. Siennej<\/a>.<\/p>\n<p>Za ca\u0142o\u015b\u0107 akcji odpowiada\u0142 pe\u0142ni\u0105cy od 9 listopada 1939 r. funkcj\u0119 szefa policji i SS w Dystrykcie Lublin Generalnego Gubernatorstwa SS-Brigadef\u00fchrer Odillo Globocnik.<\/p>\n","protected":false},"excerpt":{"rendered":"<p>W czwartek 9 listopada 1939 r. na terenie okupowanego Lublina Niemcy rozpocz\u0119li aresztowania przedstawicieli lubelskiej inteligencji. W\u015br\u00f3d nich znale\u017ali si\u0119 profesorowie Katolickiego Uniwersytetu Lubelskiego, prezesi sad\u00f3w, ksi\u0119\u017ca w tym miejscowi&hellip;<\/p>\n","protected":false},"author":7,"featured_media":50409,"comment_status":"closed","ping_status":"open","sticky":false,"template":"","format":"standard","meta":{"_mi_skip_tracking":false,"footnotes":""},"categories":[46],"tags":[],"class_list":["post-50408","post","type-post","status-publish","format-standard","has-post-thumbnail","hentry","category-historia"],"yoast_head":"<!-- This site is optimized with the Yoast SEO plugin v19.4 - https:\/\/yoast.com\/wordpress\/plugins\/seo\/ -->\n<title>Sonderaktion Lublin- niemiecka akcja przeciwko polskiej inteligencji w Lublinie - Godno\u015b\u0107 - DignityNews.eu<\/title>\n<meta name=\"robots\" content=\"index, follow, max-snippet:-1, max-image-preview:large, max-video-preview:-1\" \/>\n<link rel=\"canonical\" href=\"https:\/\/dignitynews.eu\/pl\/sonderaktion-lublin-niemiecka-akcja-przeciwko-polskiej-inteligencji-w-lublinie\/\" \/>\n<meta property=\"og:locale\" content=\"pl_PL\" \/>\n<meta property=\"og:type\" content=\"article\" \/>\n<meta property=\"og:title\" content=\"Sonderaktion Lublin- niemiecka akcja przeciwko polskiej inteligencji w Lublinie - Godno\u015b\u0107 - DignityNews.eu\" \/>\n<meta property=\"og:description\" content=\"W czwartek 9 listopada 1939 r. na terenie okupowanego Lublina Niemcy rozpocz\u0119li aresztowania przedstawicieli lubelskiej inteligencji. W\u015br\u00f3d nich znale\u017ali si\u0119 profesorowie Katolickiego Uniwersytetu Lubelskiego, prezesi sad\u00f3w, ksi\u0119\u017ca w tym miejscowi&hellip;\" \/>\n<meta property=\"og:url\" content=\"https:\/\/dignitynews.eu\/pl\/sonderaktion-lublin-niemiecka-akcja-przeciwko-polskiej-inteligencji-w-lublinie\/\" \/>\n<meta property=\"og:site_name\" content=\"Godno\u015b\u0107 - DignityNews.eu\" \/>\n<meta property=\"article:published_time\" content=\"2023-11-10T10:50:06+00:00\" \/>\n<meta property=\"article:modified_time\" content=\"2023-11-10T19:56:38+00:00\" \/>\n<meta property=\"og:image\" content=\"https:\/\/dignitynews.eu\/wp-content\/uploads\/2023\/11\/O_Globocnik.jpg\" \/>\n\t<meta property=\"og:image:width\" content=\"636\" \/>\n\t<meta property=\"og:image:height\" content=\"899\" \/>\n\t<meta property=\"og:image:type\" content=\"image\/jpeg\" \/>\n<meta name=\"author\" content=\"Dignity News\" \/>\n<meta name=\"twitter:card\" content=\"summary_large_image\" \/>\n<meta name=\"twitter:label1\" content=\"Napisane przez\" \/>\n\t<meta name=\"twitter:data1\" content=\"Dignity News\" \/>\n\t<meta name=\"twitter:label2\" content=\"Szacowany czas czytania\" \/>\n\t<meta name=\"twitter:data2\" content=\"2 minuty\" \/>\n<script type=\"application\/ld+json\" class=\"yoast-schema-graph\">{\"@context\":\"https:\/\/schema.org\",\"@graph\":[{\"@type\":\"WebSite\",\"@id\":\"https:\/\/dignitynews.eu\/pl\/#website\",\"url\":\"https:\/\/dignitynews.eu\/pl\/\",\"name\":\"Godno\u015b\u0107 - DignityNews.eu\",\"description\":\"\",\"potentialAction\":[{\"@type\":\"SearchAction\",\"target\":{\"@type\":\"EntryPoint\",\"urlTemplate\":\"https:\/\/dignitynews.eu\/pl\/?s={search_term_string}\"},\"query-input\":\"required name=search_term_string\"}],\"inLanguage\":\"pl-PL\"},{\"@type\":\"WebPage\",\"@id\":\"https:\/\/dignitynews.eu\/pl\/sonderaktion-lublin-niemiecka-akcja-przeciwko-polskiej-inteligencji-w-lublinie\/\",\"url\":\"https:\/\/dignitynews.eu\/pl\/sonderaktion-lublin-niemiecka-akcja-przeciwko-polskiej-inteligencji-w-lublinie\/\",\"name\":\"Sonderaktion Lublin- niemiecka akcja przeciwko polskiej inteligencji w Lublinie - Godno\u015b\u0107 - DignityNews.eu\",\"isPartOf\":{\"@id\":\"https:\/\/dignitynews.eu\/pl\/#website\"},\"datePublished\":\"2023-11-10T10:50:06+00:00\",\"dateModified\":\"2023-11-10T19:56:38+00:00\",\"author\":{\"@id\":\"https:\/\/dignitynews.eu\/pl\/#\/schema\/person\/0b62b762b8174802fabc81a3ecb1bfcb\"},\"breadcrumb\":{\"@id\":\"https:\/\/dignitynews.eu\/pl\/sonderaktion-lublin-niemiecka-akcja-przeciwko-polskiej-inteligencji-w-lublinie\/#breadcrumb\"},\"inLanguage\":\"pl-PL\",\"potentialAction\":[{\"@type\":\"ReadAction\",\"target\":[\"https:\/\/dignitynews.eu\/pl\/sonderaktion-lublin-niemiecka-akcja-przeciwko-polskiej-inteligencji-w-lublinie\/\"]}]},{\"@type\":\"BreadcrumbList\",\"@id\":\"https:\/\/dignitynews.eu\/pl\/sonderaktion-lublin-niemiecka-akcja-przeciwko-polskiej-inteligencji-w-lublinie\/#breadcrumb\",\"itemListElement\":[{\"@type\":\"ListItem\",\"position\":1,\"name\":\"Strona g\u0142\u00f3wna\",\"item\":\"https:\/\/dignitynews.eu\/pl\/\"},{\"@type\":\"ListItem\",\"position\":2,\"name\":\"Sonderaktion Lublin- niemiecka akcja przeciwko polskiej inteligencji w Lublinie\"}]},{\"@type\":\"Person\",\"@id\":\"https:\/\/dignitynews.eu\/pl\/#\/schema\/person\/0b62b762b8174802fabc81a3ecb1bfcb\",\"name\":\"Dignity News\",\"image\":{\"@type\":\"ImageObject\",\"inLanguage\":\"pl-PL\",\"@id\":\"https:\/\/dignitynews.eu\/pl\/#\/schema\/person\/image\/\",\"url\":\"https:\/\/secure.gravatar.com\/avatar\/97963171a6d9108f8381bbefb1c6b150c445b6ddd9e3077b96c86cf5892c85dc?s=96&d=mm&r=g\",\"contentUrl\":\"https:\/\/secure.gravatar.com\/avatar\/97963171a6d9108f8381bbefb1c6b150c445b6ddd9e3077b96c86cf5892c85dc?s=96&d=mm&r=g\",\"caption\":\"Dignity News\"},\"url\":\"https:\/\/dignitynews.eu\/pl\/author\/mikolaj-palade\/\"}]}<\/script>\n<!-- \/ Yoast SEO plugin. -->","yoast_head_json":{"title":"Sonderaktion Lublin- niemiecka akcja przeciwko polskiej inteligencji w Lublinie - Godno\u015b\u0107 - DignityNews.eu","robots":{"index":"index","follow":"follow","max-snippet":"max-snippet:-1","max-image-preview":"max-image-preview:large","max-video-preview":"max-video-preview:-1"},"canonical":"https:\/\/dignitynews.eu\/pl\/sonderaktion-lublin-niemiecka-akcja-przeciwko-polskiej-inteligencji-w-lublinie\/","og_locale":"pl_PL","og_type":"article","og_title":"Sonderaktion Lublin- niemiecka akcja przeciwko polskiej inteligencji w Lublinie - Godno\u015b\u0107 - DignityNews.eu","og_description":"W czwartek 9 listopada 1939 r. na terenie okupowanego Lublina Niemcy rozpocz\u0119li aresztowania przedstawicieli lubelskiej inteligencji. W\u015br\u00f3d nich znale\u017ali si\u0119 profesorowie Katolickiego Uniwersytetu Lubelskiego, prezesi sad\u00f3w, ksi\u0119\u017ca w tym miejscowi&hellip;","og_url":"https:\/\/dignitynews.eu\/pl\/sonderaktion-lublin-niemiecka-akcja-przeciwko-polskiej-inteligencji-w-lublinie\/","og_site_name":"Godno\u015b\u0107 - DignityNews.eu","article_published_time":"2023-11-10T10:50:06+00:00","article_modified_time":"2023-11-10T19:56:38+00:00","og_image":[{"width":636,"height":899,"url":"https:\/\/dignitynews.eu\/wp-content\/uploads\/2023\/11\/O_Globocnik.jpg","type":"image\/jpeg"}],"author":"Dignity News","twitter_card":"summary_large_image","twitter_misc":{"Napisane przez":"Dignity News","Szacowany czas czytania":"2 minuty"},"schema":{"@context":"https:\/\/schema.org","@graph":[{"@type":"WebSite","@id":"https:\/\/dignitynews.eu\/pl\/#website","url":"https:\/\/dignitynews.eu\/pl\/","name":"Godno\u015b\u0107 - DignityNews.eu","description":"","potentialAction":[{"@type":"SearchAction","target":{"@type":"EntryPoint","urlTemplate":"https:\/\/dignitynews.eu\/pl\/?s={search_term_string}"},"query-input":"required name=search_term_string"}],"inLanguage":"pl-PL"},{"@type":"WebPage","@id":"https:\/\/dignitynews.eu\/pl\/sonderaktion-lublin-niemiecka-akcja-przeciwko-polskiej-inteligencji-w-lublinie\/","url":"https:\/\/dignitynews.eu\/pl\/sonderaktion-lublin-niemiecka-akcja-przeciwko-polskiej-inteligencji-w-lublinie\/","name":"Sonderaktion Lublin- niemiecka akcja przeciwko polskiej inteligencji w Lublinie - Godno\u015b\u0107 - DignityNews.eu","isPartOf":{"@id":"https:\/\/dignitynews.eu\/pl\/#website"},"datePublished":"2023-11-10T10:50:06+00:00","dateModified":"2023-11-10T19:56:38+00:00","author":{"@id":"https:\/\/dignitynews.eu\/pl\/#\/schema\/person\/0b62b762b8174802fabc81a3ecb1bfcb"},"breadcrumb":{"@id":"https:\/\/dignitynews.eu\/pl\/sonderaktion-lublin-niemiecka-akcja-przeciwko-polskiej-inteligencji-w-lublinie\/#breadcrumb"},"inLanguage":"pl-PL","potentialAction":[{"@type":"ReadAction","target":["https:\/\/dignitynews.eu\/pl\/sonderaktion-lublin-niemiecka-akcja-przeciwko-polskiej-inteligencji-w-lublinie\/"]}]},{"@type":"BreadcrumbList","@id":"https:\/\/dignitynews.eu\/pl\/sonderaktion-lublin-niemiecka-akcja-przeciwko-polskiej-inteligencji-w-lublinie\/#breadcrumb","itemListElement":[{"@type":"ListItem","position":1,"name":"Strona g\u0142\u00f3wna","item":"https:\/\/dignitynews.eu\/pl\/"},{"@type":"ListItem","position":2,"name":"Sonderaktion Lublin- niemiecka akcja przeciwko polskiej inteligencji w Lublinie"}]},{"@type":"Person","@id":"https:\/\/dignitynews.eu\/pl\/#\/schema\/person\/0b62b762b8174802fabc81a3ecb1bfcb","name":"Dignity News","image":{"@type":"ImageObject","inLanguage":"pl-PL","@id":"https:\/\/dignitynews.eu\/pl\/#\/schema\/person\/image\/","url":"https:\/\/secure.gravatar.com\/avatar\/97963171a6d9108f8381bbefb1c6b150c445b6ddd9e3077b96c86cf5892c85dc?s=96&d=mm&r=g","contentUrl":"https:\/\/secure.gravatar.com\/avatar\/97963171a6d9108f8381bbefb1c6b150c445b6ddd9e3077b96c86cf5892c85dc?s=96&d=mm&r=g","caption":"Dignity News"},"url":"https:\/\/dignitynews.eu\/pl\/author\/mikolaj-palade\/"}]}},"_links":{"self":[{"href":"https:\/\/dignitynews.eu\/pl\/wp-json\/wp\/v2\/posts\/50408","targetHints":{"allow":["GET"]}}],"collection":[{"href":"https:\/\/dignitynews.eu\/pl\/wp-json\/wp\/v2\/posts"}],"about":[{"href":"https:\/\/dignitynews.eu\/pl\/wp-json\/wp\/v2\/types\/post"}],"author":[{"embeddable":true,"href":"https:\/\/dignitynews.eu\/pl\/wp-json\/wp\/v2\/users\/7"}],"replies":[{"embeddable":true,"href":"https:\/\/dignitynews.eu\/pl\/wp-json\/wp\/v2\/comments?post=50408"}],"version-history":[{"count":1,"href":"https:\/\/dignitynews.eu\/pl\/wp-json\/wp\/v2\/posts\/50408\/revisions"}],"predecessor-version":[{"id":50414,"href":"https:\/\/dignitynews.eu\/pl\/wp-json\/wp\/v2\/posts\/50408\/revisions\/50414"}],"wp:featuredmedia":[{"embeddable":true,"href":"https:\/\/dignitynews.eu\/pl\/wp-json\/wp\/v2\/media\/50409"}],"wp:attachment":[{"href":"https:\/\/dignitynews.eu\/pl\/wp-json\/wp\/v2\/media?parent=50408"}],"wp:term":[{"taxonomy":"category","embeddable":true,"href":"https:\/\/dignitynews.eu\/pl\/wp-json\/wp\/v2\/categories?post=50408"},{"taxonomy":"post_tag","embeddable":true,"href":"https:\/\/dignitynews.eu\/pl\/wp-json\/wp\/v2\/tags?post=50408"}],"curies":[{"name":"wp","href":"https:\/\/api.w.org\/{rel}","templated":true}]}}