{"id":49936,"date":"2023-11-06T11:54:09","date_gmt":"2023-11-06T10:54:09","guid":{"rendered":"https:\/\/dignitynews.eu\/?p=49936"},"modified":"2023-11-06T12:20:04","modified_gmt":"2023-11-06T11:20:04","slug":"rekordowy-rok-w-przewozach-pasazerskich-pkp-intercity","status":"publish","type":"post","link":"https:\/\/dignitynews.eu\/pl\/rekordowy-rok-w-przewozach-pasazerskich-pkp-intercity\/","title":{"rendered":"Rekordowy rok w przewozach pasa\u017cerskich PKP Intercity"},"content":{"rendered":"<h5>Z us\u0142ug PKP Intercity &#8211; polskiego narodowego przewo\u017anika kolejowego \u2013 od pocz\u0105tku roku skorzysta\u0142o o 16 procent pasa\u017cer\u00f3w wi\u0119cej, ni\u017c w tym samym okresie zesz\u0142ego roku. PKP Intercity zapowiada, \u017ce do ko\u0144ca roku przewiezie 67 mln pasa\u017cer\u00f3w \u2013 o 8 mln wi\u0119cej ni\u017c w 2022.<\/h5>\n<p>Jak dowiadujemy si\u0119 z raportu przedstawionego przez sp\u00f3\u0142k\u0119, od stycznia do pa\u017adziernika 2023 roku z us\u0142ug PKP Intercity skorzysta\u0142o\u00a0 56,5 miliona os\u00f3b. W analogicznym okresie w 2022 roku liczba pasa\u017cer\u00f3w narodowego przewo\u017anika by\u0142a na poziomie 48,8 miliona. To oznacza wzrost o 7,7 miliona os\u00f3b, czyli prawie 16 procent<\/p>\n<p>&#8211; Spodziewamy si\u0119, \u017ce przewieziemy w 2023 roku 67 milion\u00f3w pasa\u017cer\u00f3w, czyli ponad dwukrotnie wi\u0119cej ni\u017c w 2015 roku. Nie by\u0142oby to mo\u017cliwe, gdyby nie wieloletnia realizacja naszej strategii taborowej, postawienie na zdalne kana\u0142y sprzeda\u017cy, otwarcie si\u0119 na sprzeda\u017c za po\u015brednictwem platform i aplikacji partner\u00f3w w ramach ujednoliconych warunk\u00f3w handlowych, czy uporz\u0105dkowanie oferty przewo\u017anika. Dzi\u015b mo\u017cemy \u015bmia\u0142o powiedzie\u0107, \u017ce kierunek rozwoju PKP Intercity jest jasno wskazany a strategia rozwoju, kt\u00f3r\u0105 realizujemy, jest odpowiedzi\u0105 na wsp\u00f3\u0142czesne potrzeby pasa\u017cer\u00f3w\u00a0 &#8211; m\u00f3wi wiceprezes PKP Intercity Tomasz Gontarz cytowany w serwisie polskieradio24.pl.<\/p>\n<p>Rok 2023 jest dla PKP Intercity rekordowy pod wieloma wzgl\u0119dami. Ka\u017cdy kolejny miesi\u0105c jest najlepszy w historii w por\u00f3wnaniu do tych samych miesi\u0119cy lat minionych. Na przyk\u0142ad\u00a0 pa\u017adziernik 2023 roku, to wynik 5,8 miliona os\u00f3b, co sprawia, \u017ce jest lepszy ni\u017c pa\u017adziernik 2022 roku, kiedy podr\u00f3\u017ce wybra\u0142o 5,2 miliona pasa\u017cer\u00f3w.<\/p>\n<p>PKP Intercity ca\u0142y czas unowocze\u015bnia sw\u00f3j tabor. W zesz\u0142ym tygodniu sp\u00f3\u0142ka podpisa\u0142a trzy umowy na modernizacj\u0119 tradycyjnych wagon\u00f3w przedzia\u0142owych. Porozumienia podpisano z fabryk\u0105 H. Cegielski oraz z bydgosk\u0105 fabryk\u0105 PESA. W ramach tych kontrakt\u00f3w zostanie wyremontowanych 40 wagon\u00f3w. Zyskaj\u0105 one nowe fotele, klimatyzacj\u0119 oraz dost\u0119p do Wi-Fi.<\/p>\n<p>Arkadiusz S\u0142omczy\u0144ski<\/p>\n","protected":false},"excerpt":{"rendered":"<p>Z us\u0142ug PKP Intercity &#8211; polskiego narodowego przewo\u017anika kolejowego \u2013 od pocz\u0105tku roku skorzysta\u0142o o 16 procent pasa\u017cer\u00f3w wi\u0119cej, ni\u017c w tym samym okresie zesz\u0142ego roku. PKP Intercity zapowiada, \u017ce&hellip;<\/p>\n","protected":false},"author":7,"featured_media":49937,"comment_status":"closed","ping_status":"open","sticky":false,"template":"","format":"standard","meta":{"_mi_skip_tracking":false,"footnotes":""},"categories":[48],"tags":[],"class_list":["post-49936","post","type-post","status-publish","format-standard","has-post-thumbnail","hentry","category-gospodarka"],"yoast_head":"<!-- This site is optimized with the Yoast SEO plugin v19.4 - https:\/\/yoast.com\/wordpress\/plugins\/seo\/ -->\n<title>Rekordowy rok w przewozach pasa\u017cerskich PKP Intercity - Godno\u015b\u0107 - DignityNews.eu<\/title>\n<meta name=\"robots\" content=\"index, follow, max-snippet:-1, max-image-preview:large, max-video-preview:-1\" \/>\n<link rel=\"canonical\" href=\"https:\/\/dignitynews.eu\/pl\/rekordowy-rok-w-przewozach-pasazerskich-pkp-intercity\/\" \/>\n<meta property=\"og:locale\" content=\"pl_PL\" \/>\n<meta property=\"og:type\" content=\"article\" \/>\n<meta property=\"og:title\" content=\"Rekordowy rok w przewozach pasa\u017cerskich PKP Intercity - Godno\u015b\u0107 - DignityNews.eu\" \/>\n<meta property=\"og:description\" content=\"Z us\u0142ug PKP Intercity &#8211; polskiego narodowego przewo\u017anika kolejowego \u2013 od pocz\u0105tku roku skorzysta\u0142o o 16 procent pasa\u017cer\u00f3w wi\u0119cej, ni\u017c w tym samym okresie zesz\u0142ego roku. PKP Intercity zapowiada, \u017ce&hellip;\" \/>\n<meta property=\"og:url\" content=\"https:\/\/dignitynews.eu\/pl\/rekordowy-rok-w-przewozach-pasazerskich-pkp-intercity\/\" \/>\n<meta property=\"og:site_name\" content=\"Godno\u015b\u0107 - DignityNews.eu\" \/>\n<meta property=\"article:published_time\" content=\"2023-11-06T10:54:09+00:00\" \/>\n<meta property=\"article:modified_time\" content=\"2023-11-06T11:20:04+00:00\" \/>\n<meta property=\"og:image\" content=\"https:\/\/dignitynews.eu\/wp-content\/uploads\/2023\/11\/rekordowy-rok-fot.-Marek-BAZAK-East-News.jpg\" \/>\n\t<meta property=\"og:image:width\" content=\"1500\" \/>\n\t<meta property=\"og:image:height\" content=\"1077\" \/>\n\t<meta property=\"og:image:type\" content=\"image\/jpeg\" \/>\n<meta name=\"author\" content=\"Dignity News\" \/>\n<meta name=\"twitter:card\" content=\"summary_large_image\" \/>\n<meta name=\"twitter:label1\" content=\"Napisane przez\" \/>\n\t<meta name=\"twitter:data1\" content=\"Dignity News\" \/>\n\t<meta name=\"twitter:label2\" content=\"Szacowany czas czytania\" \/>\n\t<meta name=\"twitter:data2\" content=\"2 minuty\" \/>\n<script type=\"application\/ld+json\" class=\"yoast-schema-graph\">{\"@context\":\"https:\/\/schema.org\",\"@graph\":[{\"@type\":\"WebSite\",\"@id\":\"https:\/\/dignitynews.eu\/pl\/#website\",\"url\":\"https:\/\/dignitynews.eu\/pl\/\",\"name\":\"Godno\u015b\u0107 - DignityNews.eu\",\"description\":\"\",\"potentialAction\":[{\"@type\":\"SearchAction\",\"target\":{\"@type\":\"EntryPoint\",\"urlTemplate\":\"https:\/\/dignitynews.eu\/pl\/?s={search_term_string}\"},\"query-input\":\"required name=search_term_string\"}],\"inLanguage\":\"pl-PL\"},{\"@type\":\"WebPage\",\"@id\":\"https:\/\/dignitynews.eu\/pl\/rekordowy-rok-w-przewozach-pasazerskich-pkp-intercity\/\",\"url\":\"https:\/\/dignitynews.eu\/pl\/rekordowy-rok-w-przewozach-pasazerskich-pkp-intercity\/\",\"name\":\"Rekordowy rok w przewozach pasa\u017cerskich PKP Intercity - Godno\u015b\u0107 - DignityNews.eu\",\"isPartOf\":{\"@id\":\"https:\/\/dignitynews.eu\/pl\/#website\"},\"datePublished\":\"2023-11-06T10:54:09+00:00\",\"dateModified\":\"2023-11-06T11:20:04+00:00\",\"author\":{\"@id\":\"https:\/\/dignitynews.eu\/pl\/#\/schema\/person\/0b62b762b8174802fabc81a3ecb1bfcb\"},\"breadcrumb\":{\"@id\":\"https:\/\/dignitynews.eu\/pl\/rekordowy-rok-w-przewozach-pasazerskich-pkp-intercity\/#breadcrumb\"},\"inLanguage\":\"pl-PL\",\"potentialAction\":[{\"@type\":\"ReadAction\",\"target\":[\"https:\/\/dignitynews.eu\/pl\/rekordowy-rok-w-przewozach-pasazerskich-pkp-intercity\/\"]}]},{\"@type\":\"BreadcrumbList\",\"@id\":\"https:\/\/dignitynews.eu\/pl\/rekordowy-rok-w-przewozach-pasazerskich-pkp-intercity\/#breadcrumb\",\"itemListElement\":[{\"@type\":\"ListItem\",\"position\":1,\"name\":\"Strona g\u0142\u00f3wna\",\"item\":\"https:\/\/dignitynews.eu\/pl\/\"},{\"@type\":\"ListItem\",\"position\":2,\"name\":\"Rekordowy rok w przewozach pasa\u017cerskich PKP Intercity\"}]},{\"@type\":\"Person\",\"@id\":\"https:\/\/dignitynews.eu\/pl\/#\/schema\/person\/0b62b762b8174802fabc81a3ecb1bfcb\",\"name\":\"Dignity News\",\"image\":{\"@type\":\"ImageObject\",\"inLanguage\":\"pl-PL\",\"@id\":\"https:\/\/dignitynews.eu\/pl\/#\/schema\/person\/image\/\",\"url\":\"https:\/\/secure.gravatar.com\/avatar\/97963171a6d9108f8381bbefb1c6b150c445b6ddd9e3077b96c86cf5892c85dc?s=96&d=mm&r=g\",\"contentUrl\":\"https:\/\/secure.gravatar.com\/avatar\/97963171a6d9108f8381bbefb1c6b150c445b6ddd9e3077b96c86cf5892c85dc?s=96&d=mm&r=g\",\"caption\":\"Dignity News\"},\"url\":\"https:\/\/dignitynews.eu\/pl\/author\/mikolaj-palade\/\"}]}<\/script>\n<!-- \/ Yoast SEO plugin. -->","yoast_head_json":{"title":"Rekordowy rok w przewozach pasa\u017cerskich PKP Intercity - Godno\u015b\u0107 - DignityNews.eu","robots":{"index":"index","follow":"follow","max-snippet":"max-snippet:-1","max-image-preview":"max-image-preview:large","max-video-preview":"max-video-preview:-1"},"canonical":"https:\/\/dignitynews.eu\/pl\/rekordowy-rok-w-przewozach-pasazerskich-pkp-intercity\/","og_locale":"pl_PL","og_type":"article","og_title":"Rekordowy rok w przewozach pasa\u017cerskich PKP Intercity - Godno\u015b\u0107 - DignityNews.eu","og_description":"Z us\u0142ug PKP Intercity &#8211; polskiego narodowego przewo\u017anika kolejowego \u2013 od pocz\u0105tku roku skorzysta\u0142o o 16 procent pasa\u017cer\u00f3w wi\u0119cej, ni\u017c w tym samym okresie zesz\u0142ego roku. PKP Intercity zapowiada, \u017ce&hellip;","og_url":"https:\/\/dignitynews.eu\/pl\/rekordowy-rok-w-przewozach-pasazerskich-pkp-intercity\/","og_site_name":"Godno\u015b\u0107 - DignityNews.eu","article_published_time":"2023-11-06T10:54:09+00:00","article_modified_time":"2023-11-06T11:20:04+00:00","og_image":[{"width":1500,"height":1077,"url":"https:\/\/dignitynews.eu\/wp-content\/uploads\/2023\/11\/rekordowy-rok-fot.-Marek-BAZAK-East-News.jpg","type":"image\/jpeg"}],"author":"Dignity News","twitter_card":"summary_large_image","twitter_misc":{"Napisane przez":"Dignity News","Szacowany czas czytania":"2 minuty"},"schema":{"@context":"https:\/\/schema.org","@graph":[{"@type":"WebSite","@id":"https:\/\/dignitynews.eu\/pl\/#website","url":"https:\/\/dignitynews.eu\/pl\/","name":"Godno\u015b\u0107 - DignityNews.eu","description":"","potentialAction":[{"@type":"SearchAction","target":{"@type":"EntryPoint","urlTemplate":"https:\/\/dignitynews.eu\/pl\/?s={search_term_string}"},"query-input":"required name=search_term_string"}],"inLanguage":"pl-PL"},{"@type":"WebPage","@id":"https:\/\/dignitynews.eu\/pl\/rekordowy-rok-w-przewozach-pasazerskich-pkp-intercity\/","url":"https:\/\/dignitynews.eu\/pl\/rekordowy-rok-w-przewozach-pasazerskich-pkp-intercity\/","name":"Rekordowy rok w przewozach pasa\u017cerskich PKP Intercity - Godno\u015b\u0107 - DignityNews.eu","isPartOf":{"@id":"https:\/\/dignitynews.eu\/pl\/#website"},"datePublished":"2023-11-06T10:54:09+00:00","dateModified":"2023-11-06T11:20:04+00:00","author":{"@id":"https:\/\/dignitynews.eu\/pl\/#\/schema\/person\/0b62b762b8174802fabc81a3ecb1bfcb"},"breadcrumb":{"@id":"https:\/\/dignitynews.eu\/pl\/rekordowy-rok-w-przewozach-pasazerskich-pkp-intercity\/#breadcrumb"},"inLanguage":"pl-PL","potentialAction":[{"@type":"ReadAction","target":["https:\/\/dignitynews.eu\/pl\/rekordowy-rok-w-przewozach-pasazerskich-pkp-intercity\/"]}]},{"@type":"BreadcrumbList","@id":"https:\/\/dignitynews.eu\/pl\/rekordowy-rok-w-przewozach-pasazerskich-pkp-intercity\/#breadcrumb","itemListElement":[{"@type":"ListItem","position":1,"name":"Strona g\u0142\u00f3wna","item":"https:\/\/dignitynews.eu\/pl\/"},{"@type":"ListItem","position":2,"name":"Rekordowy rok w przewozach pasa\u017cerskich PKP Intercity"}]},{"@type":"Person","@id":"https:\/\/dignitynews.eu\/pl\/#\/schema\/person\/0b62b762b8174802fabc81a3ecb1bfcb","name":"Dignity News","image":{"@type":"ImageObject","inLanguage":"pl-PL","@id":"https:\/\/dignitynews.eu\/pl\/#\/schema\/person\/image\/","url":"https:\/\/secure.gravatar.com\/avatar\/97963171a6d9108f8381bbefb1c6b150c445b6ddd9e3077b96c86cf5892c85dc?s=96&d=mm&r=g","contentUrl":"https:\/\/secure.gravatar.com\/avatar\/97963171a6d9108f8381bbefb1c6b150c445b6ddd9e3077b96c86cf5892c85dc?s=96&d=mm&r=g","caption":"Dignity News"},"url":"https:\/\/dignitynews.eu\/pl\/author\/mikolaj-palade\/"}]}},"_links":{"self":[{"href":"https:\/\/dignitynews.eu\/pl\/wp-json\/wp\/v2\/posts\/49936","targetHints":{"allow":["GET"]}}],"collection":[{"href":"https:\/\/dignitynews.eu\/pl\/wp-json\/wp\/v2\/posts"}],"about":[{"href":"https:\/\/dignitynews.eu\/pl\/wp-json\/wp\/v2\/types\/post"}],"author":[{"embeddable":true,"href":"https:\/\/dignitynews.eu\/pl\/wp-json\/wp\/v2\/users\/7"}],"replies":[{"embeddable":true,"href":"https:\/\/dignitynews.eu\/pl\/wp-json\/wp\/v2\/comments?post=49936"}],"version-history":[{"count":1,"href":"https:\/\/dignitynews.eu\/pl\/wp-json\/wp\/v2\/posts\/49936\/revisions"}],"predecessor-version":[{"id":49942,"href":"https:\/\/dignitynews.eu\/pl\/wp-json\/wp\/v2\/posts\/49936\/revisions\/49942"}],"wp:featuredmedia":[{"embeddable":true,"href":"https:\/\/dignitynews.eu\/pl\/wp-json\/wp\/v2\/media\/49937"}],"wp:attachment":[{"href":"https:\/\/dignitynews.eu\/pl\/wp-json\/wp\/v2\/media?parent=49936"}],"wp:term":[{"taxonomy":"category","embeddable":true,"href":"https:\/\/dignitynews.eu\/pl\/wp-json\/wp\/v2\/categories?post=49936"},{"taxonomy":"post_tag","embeddable":true,"href":"https:\/\/dignitynews.eu\/pl\/wp-json\/wp\/v2\/tags?post=49936"}],"curies":[{"name":"wp","href":"https:\/\/api.w.org\/{rel}","templated":true}]}}