{"id":4803,"date":"2022-01-21T12:05:13","date_gmt":"2022-01-21T11:05:13","guid":{"rendered":"https:\/\/dignitynews.eu\/?p=4803"},"modified":"2022-01-21T12:05:13","modified_gmt":"2022-01-21T11:05:13","slug":"nowak-pakiet-fit-for-55-to-zabojstwo-dla-gospodarki-unii-europejskiej","status":"publish","type":"post","link":"https:\/\/dignitynews.eu\/pl\/nowak-pakiet-fit-for-55-to-zabojstwo-dla-gospodarki-unii-europejskiej\/","title":{"rendered":"Nowak: Pakiet Fit for\u00a055 to\u00a0zab\u00f3jstwo dla\u00a0gospodarki Unii Europejskiej"},"content":{"rendered":"<p><b>Minister rozwoju i\u00a0technologii Piotr Nowak na antenie TVP Info powiedzia\u0142 wprost, \u017ce unijny pakiet Fit for\u00a055 to\u00a0zab\u00f3jstwo dla\u00a0gospodarki Unii Europejskiej.<\/b><\/p>\n<p>Mia\u0142em przyjemno\u015b\u0107 pracowa\u0107 w\u00a0Waszyngtonie w\u00a0Mi\u0119dzynarodowym Funduszu Walutowym i\u00a0spotyka\u0107 si\u0119 z\u00a0r\u00f3\u017cnymi inwestorami, kt\u00f3rzy patrz\u0105 realnie na\u00a0gospodark\u0119 poprzez pryzmat konkurencyjno\u015bci, poprzez prawa ekonomii, a\u00a0nie ideologii, m\u00f3wi\u0105, \u017ce\u00a0to\u00a0jest zabicie gospodarki w\u00a0Unii Europejskiej \u2013\u00a0powiedzia\u0142 Nowak.<\/p>\n<p>Odnosz\u0105c si\u0119 do systemu handlu uprawnieniami do\u00a0emisji CO2 szef resortu rozwoju przypomnia\u0142, \u017ce Polska proponuje reform\u0119 systemu ETS.<\/p>\n<p>S\u0105 ku temu powa\u017cne powody, poniewa\u017c instytut w\u00a0Poczdamie, niemiecki instytut pokazuje, \u017ce\u00a0system handlu certyfikatami powinien by\u0107 monitorowany, bo\u00a0s\u0105 s\u0142abo\u015bci w\u00a0tym systemie, kt\u00f3re pozwalaj\u0105 spekulowa\u0107 \u2013 stwierdzi\u0142 Nowak.<\/p>\n<p>Minister Nowak przytoczy\u0142 w programie tak\u017ce dane dotycz\u0105ce polskiego PKB oraz dokona\u0142 ich por\u00f3wnania z innymi gospodarkami na \u015bwiecie.<\/p>\n<p>Mamy wy\u017cszy poziom produkcji, wygl\u0105da na to, \u017ce nasza gospodarka radzi sobie bardzo dobrze i jak spojrzymy nawet jeszcze wcze\u015bniej, prosz\u0119 zauwa\u017cy\u0107, \u017ce od 2015 roku, ko\u0144c\u00f3wki 2015 roku realne PKB w Polsce wzros\u0142o o 24% . W tym samym czasie w Niemczech wzros\u0142o o 6%, w Unii Europejskiej o 9%, a w Stanach Zjednoczonych o 12%. Wi\u0119c de facto przez ostatnie 6 lat rozwijamy si\u0119 4 razy szybciej ni\u017c Niemcy. To pokazuje, \u017ce polityka gospodarcza rz\u0105du jest bardzo dobra\u00a0 \u2013\u00a0powiedzia\u0142 Piotr Nowak w \u201eGo\u015bciu Wiadomo\u015bci\u201d TVP Info.<\/p>\n<p>Adrian Andrzejewski<\/p>\n<p>&nbsp;<\/p>\n","protected":false},"excerpt":{"rendered":"<p>Minister rozwoju i\u00a0technologii Piotr Nowak na antenie TVP Info powiedzia\u0142 wprost, \u017ce unijny pakiet Fit for\u00a055 to\u00a0zab\u00f3jstwo dla\u00a0gospodarki Unii Europejskiej. Mia\u0142em przyjemno\u015b\u0107 pracowa\u0107 w\u00a0Waszyngtonie w\u00a0Mi\u0119dzynarodowym Funduszu Walutowym i\u00a0spotyka\u0107 si\u0119 z\u00a0r\u00f3\u017cnymi&hellip;<\/p>\n","protected":false},"author":3,"featured_media":4781,"comment_status":"closed","ping_status":"open","sticky":false,"template":"","format":"standard","meta":{"_mi_skip_tracking":false,"footnotes":""},"categories":[47],"tags":[],"class_list":["post-4803","post","type-post","status-publish","format-standard","has-post-thumbnail","hentry","category-wydarzenia"],"yoast_head":"<!-- This site is optimized with the Yoast SEO plugin v19.4 - https:\/\/yoast.com\/wordpress\/plugins\/seo\/ -->\n<title>Nowak: Pakiet Fit for\u00a055 to\u00a0zab\u00f3jstwo dla\u00a0gospodarki Unii Europejskiej - Godno\u015b\u0107 - DignityNews.eu<\/title>\n<meta name=\"robots\" content=\"index, follow, max-snippet:-1, max-image-preview:large, max-video-preview:-1\" \/>\n<link rel=\"canonical\" href=\"https:\/\/dignitynews.eu\/pl\/nowak-pakiet-fit-for-55-to-zabojstwo-dla-gospodarki-unii-europejskiej\/\" \/>\n<meta property=\"og:locale\" content=\"pl_PL\" \/>\n<meta property=\"og:type\" content=\"article\" \/>\n<meta property=\"og:title\" content=\"Nowak: Pakiet Fit for\u00a055 to\u00a0zab\u00f3jstwo dla\u00a0gospodarki Unii Europejskiej - Godno\u015b\u0107 - DignityNews.eu\" \/>\n<meta property=\"og:description\" content=\"Minister rozwoju i\u00a0technologii Piotr Nowak na antenie TVP Info powiedzia\u0142 wprost, \u017ce unijny pakiet Fit for\u00a055 to\u00a0zab\u00f3jstwo dla\u00a0gospodarki Unii Europejskiej. Mia\u0142em przyjemno\u015b\u0107 pracowa\u0107 w\u00a0Waszyngtonie w\u00a0Mi\u0119dzynarodowym Funduszu Walutowym i\u00a0spotyka\u0107 si\u0119 z\u00a0r\u00f3\u017cnymi&hellip;\" \/>\n<meta property=\"og:url\" content=\"https:\/\/dignitynews.eu\/pl\/nowak-pakiet-fit-for-55-to-zabojstwo-dla-gospodarki-unii-europejskiej\/\" \/>\n<meta property=\"og:site_name\" content=\"Godno\u015b\u0107 - DignityNews.eu\" \/>\n<meta property=\"article:published_time\" content=\"2022-01-21T11:05:13+00:00\" \/>\n<meta property=\"og:image\" content=\"https:\/\/dignitynews.eu\/wp-content\/uploads\/2022\/01\/Minister-Piotr-Nowak.jpg\" \/>\n\t<meta property=\"og:image:width\" content=\"1500\" \/>\n\t<meta property=\"og:image:height\" content=\"1000\" \/>\n\t<meta property=\"og:image:type\" content=\"image\/jpeg\" \/>\n<meta name=\"author\" content=\"DignityNews.eu\" \/>\n<meta name=\"twitter:card\" content=\"summary_large_image\" \/>\n<meta name=\"twitter:label1\" content=\"Napisane przez\" \/>\n\t<meta name=\"twitter:data1\" content=\"DignityNews.eu\" \/>\n\t<meta name=\"twitter:label2\" content=\"Szacowany czas czytania\" \/>\n\t<meta name=\"twitter:data2\" content=\"1 minuta\" \/>\n<script type=\"application\/ld+json\" class=\"yoast-schema-graph\">{\"@context\":\"https:\/\/schema.org\",\"@graph\":[{\"@type\":\"WebSite\",\"@id\":\"https:\/\/dignitynews.eu\/pl\/#website\",\"url\":\"https:\/\/dignitynews.eu\/pl\/\",\"name\":\"Godno\u015b\u0107 - DignityNews.eu\",\"description\":\"\",\"potentialAction\":[{\"@type\":\"SearchAction\",\"target\":{\"@type\":\"EntryPoint\",\"urlTemplate\":\"https:\/\/dignitynews.eu\/pl\/?s={search_term_string}\"},\"query-input\":\"required name=search_term_string\"}],\"inLanguage\":\"pl-PL\"},{\"@type\":\"WebPage\",\"@id\":\"https:\/\/dignitynews.eu\/pl\/nowak-pakiet-fit-for-55-to-zabojstwo-dla-gospodarki-unii-europejskiej\/\",\"url\":\"https:\/\/dignitynews.eu\/pl\/nowak-pakiet-fit-for-55-to-zabojstwo-dla-gospodarki-unii-europejskiej\/\",\"name\":\"Nowak: Pakiet Fit for\u00a055 to\u00a0zab\u00f3jstwo dla\u00a0gospodarki Unii Europejskiej - Godno\u015b\u0107 - DignityNews.eu\",\"isPartOf\":{\"@id\":\"https:\/\/dignitynews.eu\/pl\/#website\"},\"datePublished\":\"2022-01-21T11:05:13+00:00\",\"dateModified\":\"2022-01-21T11:05:13+00:00\",\"author\":{\"@id\":\"https:\/\/dignitynews.eu\/pl\/#\/schema\/person\/4d8f570a0fd5c310685d78d9e520982c\"},\"breadcrumb\":{\"@id\":\"https:\/\/dignitynews.eu\/pl\/nowak-pakiet-fit-for-55-to-zabojstwo-dla-gospodarki-unii-europejskiej\/#breadcrumb\"},\"inLanguage\":\"pl-PL\",\"potentialAction\":[{\"@type\":\"ReadAction\",\"target\":[\"https:\/\/dignitynews.eu\/pl\/nowak-pakiet-fit-for-55-to-zabojstwo-dla-gospodarki-unii-europejskiej\/\"]}]},{\"@type\":\"BreadcrumbList\",\"@id\":\"https:\/\/dignitynews.eu\/pl\/nowak-pakiet-fit-for-55-to-zabojstwo-dla-gospodarki-unii-europejskiej\/#breadcrumb\",\"itemListElement\":[{\"@type\":\"ListItem\",\"position\":1,\"name\":\"Strona g\u0142\u00f3wna\",\"item\":\"https:\/\/dignitynews.eu\/pl\/\"},{\"@type\":\"ListItem\",\"position\":2,\"name\":\"Nowak: Pakiet Fit for\u00a055 to\u00a0zab\u00f3jstwo dla\u00a0gospodarki Unii Europejskiej\"}]},{\"@type\":\"Person\",\"@id\":\"https:\/\/dignitynews.eu\/pl\/#\/schema\/person\/4d8f570a0fd5c310685d78d9e520982c\",\"name\":\"DignityNews.eu\",\"image\":{\"@type\":\"ImageObject\",\"inLanguage\":\"pl-PL\",\"@id\":\"https:\/\/dignitynews.eu\/pl\/#\/schema\/person\/image\/\",\"url\":\"https:\/\/secure.gravatar.com\/avatar\/b9fb3aa3cd2d5d3a6d24e67a6b58bc2980bf0c7f7bd3657a6322b8df227da3d9?s=96&d=mm&r=g\",\"contentUrl\":\"https:\/\/secure.gravatar.com\/avatar\/b9fb3aa3cd2d5d3a6d24e67a6b58bc2980bf0c7f7bd3657a6322b8df227da3d9?s=96&d=mm&r=g\",\"caption\":\"DignityNews.eu\"},\"sameAs\":[\"aleksandra\"],\"url\":\"https:\/\/dignitynews.eu\/pl\/author\/aleksandra\/\"}]}<\/script>\n<!-- \/ Yoast SEO plugin. -->","yoast_head_json":{"title":"Nowak: Pakiet Fit for\u00a055 to\u00a0zab\u00f3jstwo dla\u00a0gospodarki Unii Europejskiej - Godno\u015b\u0107 - DignityNews.eu","robots":{"index":"index","follow":"follow","max-snippet":"max-snippet:-1","max-image-preview":"max-image-preview:large","max-video-preview":"max-video-preview:-1"},"canonical":"https:\/\/dignitynews.eu\/pl\/nowak-pakiet-fit-for-55-to-zabojstwo-dla-gospodarki-unii-europejskiej\/","og_locale":"pl_PL","og_type":"article","og_title":"Nowak: Pakiet Fit for\u00a055 to\u00a0zab\u00f3jstwo dla\u00a0gospodarki Unii Europejskiej - Godno\u015b\u0107 - DignityNews.eu","og_description":"Minister rozwoju i\u00a0technologii Piotr Nowak na antenie TVP Info powiedzia\u0142 wprost, \u017ce unijny pakiet Fit for\u00a055 to\u00a0zab\u00f3jstwo dla\u00a0gospodarki Unii Europejskiej. Mia\u0142em przyjemno\u015b\u0107 pracowa\u0107 w\u00a0Waszyngtonie w\u00a0Mi\u0119dzynarodowym Funduszu Walutowym i\u00a0spotyka\u0107 si\u0119 z\u00a0r\u00f3\u017cnymi&hellip;","og_url":"https:\/\/dignitynews.eu\/pl\/nowak-pakiet-fit-for-55-to-zabojstwo-dla-gospodarki-unii-europejskiej\/","og_site_name":"Godno\u015b\u0107 - DignityNews.eu","article_published_time":"2022-01-21T11:05:13+00:00","og_image":[{"width":1500,"height":1000,"url":"https:\/\/dignitynews.eu\/wp-content\/uploads\/2022\/01\/Minister-Piotr-Nowak.jpg","type":"image\/jpeg"}],"author":"DignityNews.eu","twitter_card":"summary_large_image","twitter_misc":{"Napisane przez":"DignityNews.eu","Szacowany czas czytania":"1 minuta"},"schema":{"@context":"https:\/\/schema.org","@graph":[{"@type":"WebSite","@id":"https:\/\/dignitynews.eu\/pl\/#website","url":"https:\/\/dignitynews.eu\/pl\/","name":"Godno\u015b\u0107 - DignityNews.eu","description":"","potentialAction":[{"@type":"SearchAction","target":{"@type":"EntryPoint","urlTemplate":"https:\/\/dignitynews.eu\/pl\/?s={search_term_string}"},"query-input":"required name=search_term_string"}],"inLanguage":"pl-PL"},{"@type":"WebPage","@id":"https:\/\/dignitynews.eu\/pl\/nowak-pakiet-fit-for-55-to-zabojstwo-dla-gospodarki-unii-europejskiej\/","url":"https:\/\/dignitynews.eu\/pl\/nowak-pakiet-fit-for-55-to-zabojstwo-dla-gospodarki-unii-europejskiej\/","name":"Nowak: Pakiet Fit for\u00a055 to\u00a0zab\u00f3jstwo dla\u00a0gospodarki Unii Europejskiej - Godno\u015b\u0107 - DignityNews.eu","isPartOf":{"@id":"https:\/\/dignitynews.eu\/pl\/#website"},"datePublished":"2022-01-21T11:05:13+00:00","dateModified":"2022-01-21T11:05:13+00:00","author":{"@id":"https:\/\/dignitynews.eu\/pl\/#\/schema\/person\/4d8f570a0fd5c310685d78d9e520982c"},"breadcrumb":{"@id":"https:\/\/dignitynews.eu\/pl\/nowak-pakiet-fit-for-55-to-zabojstwo-dla-gospodarki-unii-europejskiej\/#breadcrumb"},"inLanguage":"pl-PL","potentialAction":[{"@type":"ReadAction","target":["https:\/\/dignitynews.eu\/pl\/nowak-pakiet-fit-for-55-to-zabojstwo-dla-gospodarki-unii-europejskiej\/"]}]},{"@type":"BreadcrumbList","@id":"https:\/\/dignitynews.eu\/pl\/nowak-pakiet-fit-for-55-to-zabojstwo-dla-gospodarki-unii-europejskiej\/#breadcrumb","itemListElement":[{"@type":"ListItem","position":1,"name":"Strona g\u0142\u00f3wna","item":"https:\/\/dignitynews.eu\/pl\/"},{"@type":"ListItem","position":2,"name":"Nowak: Pakiet Fit for\u00a055 to\u00a0zab\u00f3jstwo dla\u00a0gospodarki Unii Europejskiej"}]},{"@type":"Person","@id":"https:\/\/dignitynews.eu\/pl\/#\/schema\/person\/4d8f570a0fd5c310685d78d9e520982c","name":"DignityNews.eu","image":{"@type":"ImageObject","inLanguage":"pl-PL","@id":"https:\/\/dignitynews.eu\/pl\/#\/schema\/person\/image\/","url":"https:\/\/secure.gravatar.com\/avatar\/b9fb3aa3cd2d5d3a6d24e67a6b58bc2980bf0c7f7bd3657a6322b8df227da3d9?s=96&d=mm&r=g","contentUrl":"https:\/\/secure.gravatar.com\/avatar\/b9fb3aa3cd2d5d3a6d24e67a6b58bc2980bf0c7f7bd3657a6322b8df227da3d9?s=96&d=mm&r=g","caption":"DignityNews.eu"},"sameAs":["aleksandra"],"url":"https:\/\/dignitynews.eu\/pl\/author\/aleksandra\/"}]}},"_links":{"self":[{"href":"https:\/\/dignitynews.eu\/pl\/wp-json\/wp\/v2\/posts\/4803","targetHints":{"allow":["GET"]}}],"collection":[{"href":"https:\/\/dignitynews.eu\/pl\/wp-json\/wp\/v2\/posts"}],"about":[{"href":"https:\/\/dignitynews.eu\/pl\/wp-json\/wp\/v2\/types\/post"}],"author":[{"embeddable":true,"href":"https:\/\/dignitynews.eu\/pl\/wp-json\/wp\/v2\/users\/3"}],"replies":[{"embeddable":true,"href":"https:\/\/dignitynews.eu\/pl\/wp-json\/wp\/v2\/comments?post=4803"}],"version-history":[{"count":1,"href":"https:\/\/dignitynews.eu\/pl\/wp-json\/wp\/v2\/posts\/4803\/revisions"}],"predecessor-version":[{"id":4804,"href":"https:\/\/dignitynews.eu\/pl\/wp-json\/wp\/v2\/posts\/4803\/revisions\/4804"}],"wp:featuredmedia":[{"embeddable":true,"href":"https:\/\/dignitynews.eu\/pl\/wp-json\/wp\/v2\/media\/4781"}],"wp:attachment":[{"href":"https:\/\/dignitynews.eu\/pl\/wp-json\/wp\/v2\/media?parent=4803"}],"wp:term":[{"taxonomy":"category","embeddable":true,"href":"https:\/\/dignitynews.eu\/pl\/wp-json\/wp\/v2\/categories?post=4803"},{"taxonomy":"post_tag","embeddable":true,"href":"https:\/\/dignitynews.eu\/pl\/wp-json\/wp\/v2\/tags?post=4803"}],"curies":[{"name":"wp","href":"https:\/\/api.w.org\/{rel}","templated":true}]}}