{"id":4658,"date":"2022-01-20T12:04:21","date_gmt":"2022-01-20T11:04:21","guid":{"rendered":"https:\/\/dignitynews.eu\/?p=4658"},"modified":"2022-01-20T12:04:21","modified_gmt":"2022-01-20T11:04:21","slug":"rzad-zapowiada-obowiazek-przejscia-na-prace-zdalna-w-administracji-publicznej","status":"publish","type":"post","link":"https:\/\/dignitynews.eu\/pl\/rzad-zapowiada-obowiazek-przejscia-na-prace-zdalna-w-administracji-publicznej\/","title":{"rendered":"Rz\u0105d zapowiada obowi\u0105zek przej\u015bcia na prac\u0119 zdaln\u0105 w administracji publicznej"},"content":{"rendered":"<p>Kancelaria Prezesa Rady Ministr\u00f3w poinformowa\u0142a na swojej stronie internetowej, \u017ce w wykazie prac legislacyjnych opublikowano projekt rozporz\u0105dzenia kieruj\u0105cy administracj\u0119 publiczn\u0105 na prac\u0119 zdaln\u0105.<\/p>\n<p>Projekt zak\u0142ada modyfikacj\u0119 przepis\u00f3w dotycz\u0105cych wykonywania w urz\u0119dach administracji publicznej lub jednostkach organizacyjnych zada\u0144 o charakterze publicznym. Zadania te maj\u0105 by\u0107 realizowane w trybie pracy zdalnej, na zasadach okre\u015blonych przepisami ustawy o szczeg\u00f3lnych rozwi\u0105zaniach zwi\u0105zanych z zapobieganiem, przeciwdzia\u0142aniem i zwalczaniem COVID-19 \u2013 napisano.<\/p>\n<p>Wyj\u0105tkami od tych zasad b\u0119d\u0105 sytuacje, w kt\u00f3rych realizacja okre\u015blonych zada\u0144 jest niezb\u0119dna do zapewnienia pomocy obywatelom lub ze wzgl\u0119du na przepisy prawa lub potrzeby urz\u0119du lub jednostki, a ich realizacja nie jest mo\u017cliwa w ramach pracy zdalnej.<\/p>\n<p>W ocenie autor\u00f3w rozporz\u0105dzenie ma zapewni\u0107 zmniejszenie liczby kontakt\u00f3w mi\u0119dzy pracownikami urz\u0119d\u00f3w administracji publicznej lub jednostek organizacyjnych realizuj\u0105cych zadania o charakterze publicznym, jak r\u00f3wnie\u017c kontakt\u00f3w ww. os\u00f3b z interesariuszami zewn\u0119trznymi \u2013 napisano.<\/p>\n<p>Wprowadzenie obowi\u0105zku przej\u015bcia na prac\u0119 zdaln\u0105 w administracji publicznej zapowiedzia\u0142 wcze\u015bniej minister zdrowia Adam Niedzielski. Na konferencji prasowej zaapelowa\u0142 do wszystkich pracodawc\u00f3w w Polsce, do wszystkich os\u00f3b odpowiedzialnych za organizacj\u0119 pracy o to, by w miar\u0119 mo\u017cliwo\u015bci, na ile jest to w poszczeg\u00f3lnych bran\u017cach mo\u017cliwe, praca zdalna znowu sta\u0142a si\u0119 standardem.<\/p>\n<p>Arkadiusz S\u0142omczy\u0144ski<\/p>\n<p>&nbsp;<\/p>\n","protected":false},"excerpt":{"rendered":"<p>Kancelaria Prezesa Rady Ministr\u00f3w poinformowa\u0142a na swojej stronie internetowej, \u017ce w wykazie prac legislacyjnych opublikowano projekt rozporz\u0105dzenia kieruj\u0105cy administracj\u0119 publiczn\u0105 na prac\u0119 zdaln\u0105. Projekt zak\u0142ada modyfikacj\u0119 przepis\u00f3w dotycz\u0105cych wykonywania w&hellip;<\/p>\n","protected":false},"author":3,"featured_media":4641,"comment_status":"closed","ping_status":"open","sticky":false,"template":"","format":"standard","meta":{"_mi_skip_tracking":false,"footnotes":""},"categories":[47],"tags":[],"class_list":["post-4658","post","type-post","status-publish","format-standard","has-post-thumbnail","hentry","category-wydarzenia"],"yoast_head":"<!-- This site is optimized with the Yoast SEO plugin v19.4 - https:\/\/yoast.com\/wordpress\/plugins\/seo\/ -->\n<title>Rz\u0105d zapowiada obowi\u0105zek przej\u015bcia na prac\u0119 zdaln\u0105 w administracji publicznej - Godno\u015b\u0107 - DignityNews.eu<\/title>\n<meta name=\"robots\" content=\"index, follow, max-snippet:-1, max-image-preview:large, max-video-preview:-1\" \/>\n<link rel=\"canonical\" href=\"https:\/\/dignitynews.eu\/pl\/rzad-zapowiada-obowiazek-przejscia-na-prace-zdalna-w-administracji-publicznej\/\" \/>\n<meta property=\"og:locale\" content=\"pl_PL\" \/>\n<meta property=\"og:type\" content=\"article\" \/>\n<meta property=\"og:title\" content=\"Rz\u0105d zapowiada obowi\u0105zek przej\u015bcia na prac\u0119 zdaln\u0105 w administracji publicznej - Godno\u015b\u0107 - DignityNews.eu\" \/>\n<meta property=\"og:description\" content=\"Kancelaria Prezesa Rady Ministr\u00f3w poinformowa\u0142a na swojej stronie internetowej, \u017ce w wykazie prac legislacyjnych opublikowano projekt rozporz\u0105dzenia kieruj\u0105cy administracj\u0119 publiczn\u0105 na prac\u0119 zdaln\u0105. Projekt zak\u0142ada modyfikacj\u0119 przepis\u00f3w dotycz\u0105cych wykonywania w&hellip;\" \/>\n<meta property=\"og:url\" content=\"https:\/\/dignitynews.eu\/pl\/rzad-zapowiada-obowiazek-przejscia-na-prace-zdalna-w-administracji-publicznej\/\" \/>\n<meta property=\"og:site_name\" content=\"Godno\u015b\u0107 - DignityNews.eu\" \/>\n<meta property=\"article:published_time\" content=\"2022-01-20T11:04:21+00:00\" \/>\n<meta property=\"og:image\" content=\"https:\/\/dignitynews.eu\/wp-content\/uploads\/2022\/01\/Praca-zdalna-fot.-Arkadiusz-Ziolek-East-News.jpg\" \/>\n\t<meta property=\"og:image:width\" content=\"1500\" \/>\n\t<meta property=\"og:image:height\" content=\"1000\" \/>\n\t<meta property=\"og:image:type\" content=\"image\/jpeg\" \/>\n<meta name=\"author\" content=\"DignityNews.eu\" \/>\n<meta name=\"twitter:card\" content=\"summary_large_image\" \/>\n<meta name=\"twitter:label1\" content=\"Napisane przez\" \/>\n\t<meta name=\"twitter:data1\" content=\"DignityNews.eu\" \/>\n\t<meta name=\"twitter:label2\" content=\"Szacowany czas czytania\" \/>\n\t<meta name=\"twitter:data2\" content=\"1 minuta\" \/>\n<script type=\"application\/ld+json\" class=\"yoast-schema-graph\">{\"@context\":\"https:\/\/schema.org\",\"@graph\":[{\"@type\":\"WebSite\",\"@id\":\"https:\/\/dignitynews.eu\/pl\/#website\",\"url\":\"https:\/\/dignitynews.eu\/pl\/\",\"name\":\"Godno\u015b\u0107 - DignityNews.eu\",\"description\":\"\",\"potentialAction\":[{\"@type\":\"SearchAction\",\"target\":{\"@type\":\"EntryPoint\",\"urlTemplate\":\"https:\/\/dignitynews.eu\/pl\/?s={search_term_string}\"},\"query-input\":\"required name=search_term_string\"}],\"inLanguage\":\"pl-PL\"},{\"@type\":\"WebPage\",\"@id\":\"https:\/\/dignitynews.eu\/pl\/rzad-zapowiada-obowiazek-przejscia-na-prace-zdalna-w-administracji-publicznej\/\",\"url\":\"https:\/\/dignitynews.eu\/pl\/rzad-zapowiada-obowiazek-przejscia-na-prace-zdalna-w-administracji-publicznej\/\",\"name\":\"Rz\u0105d zapowiada obowi\u0105zek przej\u015bcia na prac\u0119 zdaln\u0105 w administracji publicznej - Godno\u015b\u0107 - DignityNews.eu\",\"isPartOf\":{\"@id\":\"https:\/\/dignitynews.eu\/pl\/#website\"},\"datePublished\":\"2022-01-20T11:04:21+00:00\",\"dateModified\":\"2022-01-20T11:04:21+00:00\",\"author\":{\"@id\":\"https:\/\/dignitynews.eu\/pl\/#\/schema\/person\/4d8f570a0fd5c310685d78d9e520982c\"},\"breadcrumb\":{\"@id\":\"https:\/\/dignitynews.eu\/pl\/rzad-zapowiada-obowiazek-przejscia-na-prace-zdalna-w-administracji-publicznej\/#breadcrumb\"},\"inLanguage\":\"pl-PL\",\"potentialAction\":[{\"@type\":\"ReadAction\",\"target\":[\"https:\/\/dignitynews.eu\/pl\/rzad-zapowiada-obowiazek-przejscia-na-prace-zdalna-w-administracji-publicznej\/\"]}]},{\"@type\":\"BreadcrumbList\",\"@id\":\"https:\/\/dignitynews.eu\/pl\/rzad-zapowiada-obowiazek-przejscia-na-prace-zdalna-w-administracji-publicznej\/#breadcrumb\",\"itemListElement\":[{\"@type\":\"ListItem\",\"position\":1,\"name\":\"Strona g\u0142\u00f3wna\",\"item\":\"https:\/\/dignitynews.eu\/pl\/\"},{\"@type\":\"ListItem\",\"position\":2,\"name\":\"Rz\u0105d zapowiada obowi\u0105zek przej\u015bcia na prac\u0119 zdaln\u0105 w administracji publicznej\"}]},{\"@type\":\"Person\",\"@id\":\"https:\/\/dignitynews.eu\/pl\/#\/schema\/person\/4d8f570a0fd5c310685d78d9e520982c\",\"name\":\"DignityNews.eu\",\"image\":{\"@type\":\"ImageObject\",\"inLanguage\":\"pl-PL\",\"@id\":\"https:\/\/dignitynews.eu\/pl\/#\/schema\/person\/image\/\",\"url\":\"https:\/\/secure.gravatar.com\/avatar\/b9fb3aa3cd2d5d3a6d24e67a6b58bc2980bf0c7f7bd3657a6322b8df227da3d9?s=96&d=mm&r=g\",\"contentUrl\":\"https:\/\/secure.gravatar.com\/avatar\/b9fb3aa3cd2d5d3a6d24e67a6b58bc2980bf0c7f7bd3657a6322b8df227da3d9?s=96&d=mm&r=g\",\"caption\":\"DignityNews.eu\"},\"sameAs\":[\"aleksandra\"],\"url\":\"https:\/\/dignitynews.eu\/pl\/author\/aleksandra\/\"}]}<\/script>\n<!-- \/ Yoast SEO plugin. -->","yoast_head_json":{"title":"Rz\u0105d zapowiada obowi\u0105zek przej\u015bcia na prac\u0119 zdaln\u0105 w administracji publicznej - Godno\u015b\u0107 - DignityNews.eu","robots":{"index":"index","follow":"follow","max-snippet":"max-snippet:-1","max-image-preview":"max-image-preview:large","max-video-preview":"max-video-preview:-1"},"canonical":"https:\/\/dignitynews.eu\/pl\/rzad-zapowiada-obowiazek-przejscia-na-prace-zdalna-w-administracji-publicznej\/","og_locale":"pl_PL","og_type":"article","og_title":"Rz\u0105d zapowiada obowi\u0105zek przej\u015bcia na prac\u0119 zdaln\u0105 w administracji publicznej - Godno\u015b\u0107 - DignityNews.eu","og_description":"Kancelaria Prezesa Rady Ministr\u00f3w poinformowa\u0142a na swojej stronie internetowej, \u017ce w wykazie prac legislacyjnych opublikowano projekt rozporz\u0105dzenia kieruj\u0105cy administracj\u0119 publiczn\u0105 na prac\u0119 zdaln\u0105. Projekt zak\u0142ada modyfikacj\u0119 przepis\u00f3w dotycz\u0105cych wykonywania w&hellip;","og_url":"https:\/\/dignitynews.eu\/pl\/rzad-zapowiada-obowiazek-przejscia-na-prace-zdalna-w-administracji-publicznej\/","og_site_name":"Godno\u015b\u0107 - DignityNews.eu","article_published_time":"2022-01-20T11:04:21+00:00","og_image":[{"width":1500,"height":1000,"url":"https:\/\/dignitynews.eu\/wp-content\/uploads\/2022\/01\/Praca-zdalna-fot.-Arkadiusz-Ziolek-East-News.jpg","type":"image\/jpeg"}],"author":"DignityNews.eu","twitter_card":"summary_large_image","twitter_misc":{"Napisane przez":"DignityNews.eu","Szacowany czas czytania":"1 minuta"},"schema":{"@context":"https:\/\/schema.org","@graph":[{"@type":"WebSite","@id":"https:\/\/dignitynews.eu\/pl\/#website","url":"https:\/\/dignitynews.eu\/pl\/","name":"Godno\u015b\u0107 - DignityNews.eu","description":"","potentialAction":[{"@type":"SearchAction","target":{"@type":"EntryPoint","urlTemplate":"https:\/\/dignitynews.eu\/pl\/?s={search_term_string}"},"query-input":"required name=search_term_string"}],"inLanguage":"pl-PL"},{"@type":"WebPage","@id":"https:\/\/dignitynews.eu\/pl\/rzad-zapowiada-obowiazek-przejscia-na-prace-zdalna-w-administracji-publicznej\/","url":"https:\/\/dignitynews.eu\/pl\/rzad-zapowiada-obowiazek-przejscia-na-prace-zdalna-w-administracji-publicznej\/","name":"Rz\u0105d zapowiada obowi\u0105zek przej\u015bcia na prac\u0119 zdaln\u0105 w administracji publicznej - Godno\u015b\u0107 - DignityNews.eu","isPartOf":{"@id":"https:\/\/dignitynews.eu\/pl\/#website"},"datePublished":"2022-01-20T11:04:21+00:00","dateModified":"2022-01-20T11:04:21+00:00","author":{"@id":"https:\/\/dignitynews.eu\/pl\/#\/schema\/person\/4d8f570a0fd5c310685d78d9e520982c"},"breadcrumb":{"@id":"https:\/\/dignitynews.eu\/pl\/rzad-zapowiada-obowiazek-przejscia-na-prace-zdalna-w-administracji-publicznej\/#breadcrumb"},"inLanguage":"pl-PL","potentialAction":[{"@type":"ReadAction","target":["https:\/\/dignitynews.eu\/pl\/rzad-zapowiada-obowiazek-przejscia-na-prace-zdalna-w-administracji-publicznej\/"]}]},{"@type":"BreadcrumbList","@id":"https:\/\/dignitynews.eu\/pl\/rzad-zapowiada-obowiazek-przejscia-na-prace-zdalna-w-administracji-publicznej\/#breadcrumb","itemListElement":[{"@type":"ListItem","position":1,"name":"Strona g\u0142\u00f3wna","item":"https:\/\/dignitynews.eu\/pl\/"},{"@type":"ListItem","position":2,"name":"Rz\u0105d zapowiada obowi\u0105zek przej\u015bcia na prac\u0119 zdaln\u0105 w administracji publicznej"}]},{"@type":"Person","@id":"https:\/\/dignitynews.eu\/pl\/#\/schema\/person\/4d8f570a0fd5c310685d78d9e520982c","name":"DignityNews.eu","image":{"@type":"ImageObject","inLanguage":"pl-PL","@id":"https:\/\/dignitynews.eu\/pl\/#\/schema\/person\/image\/","url":"https:\/\/secure.gravatar.com\/avatar\/b9fb3aa3cd2d5d3a6d24e67a6b58bc2980bf0c7f7bd3657a6322b8df227da3d9?s=96&d=mm&r=g","contentUrl":"https:\/\/secure.gravatar.com\/avatar\/b9fb3aa3cd2d5d3a6d24e67a6b58bc2980bf0c7f7bd3657a6322b8df227da3d9?s=96&d=mm&r=g","caption":"DignityNews.eu"},"sameAs":["aleksandra"],"url":"https:\/\/dignitynews.eu\/pl\/author\/aleksandra\/"}]}},"_links":{"self":[{"href":"https:\/\/dignitynews.eu\/pl\/wp-json\/wp\/v2\/posts\/4658","targetHints":{"allow":["GET"]}}],"collection":[{"href":"https:\/\/dignitynews.eu\/pl\/wp-json\/wp\/v2\/posts"}],"about":[{"href":"https:\/\/dignitynews.eu\/pl\/wp-json\/wp\/v2\/types\/post"}],"author":[{"embeddable":true,"href":"https:\/\/dignitynews.eu\/pl\/wp-json\/wp\/v2\/users\/3"}],"replies":[{"embeddable":true,"href":"https:\/\/dignitynews.eu\/pl\/wp-json\/wp\/v2\/comments?post=4658"}],"version-history":[{"count":1,"href":"https:\/\/dignitynews.eu\/pl\/wp-json\/wp\/v2\/posts\/4658\/revisions"}],"predecessor-version":[{"id":4659,"href":"https:\/\/dignitynews.eu\/pl\/wp-json\/wp\/v2\/posts\/4658\/revisions\/4659"}],"wp:featuredmedia":[{"embeddable":true,"href":"https:\/\/dignitynews.eu\/pl\/wp-json\/wp\/v2\/media\/4641"}],"wp:attachment":[{"href":"https:\/\/dignitynews.eu\/pl\/wp-json\/wp\/v2\/media?parent=4658"}],"wp:term":[{"taxonomy":"category","embeddable":true,"href":"https:\/\/dignitynews.eu\/pl\/wp-json\/wp\/v2\/categories?post=4658"},{"taxonomy":"post_tag","embeddable":true,"href":"https:\/\/dignitynews.eu\/pl\/wp-json\/wp\/v2\/tags?post=4658"}],"curies":[{"name":"wp","href":"https:\/\/api.w.org\/{rel}","templated":true}]}}