{"id":42877,"date":"2023-03-10T09:35:55","date_gmt":"2023-03-10T08:35:55","guid":{"rendered":"https:\/\/dignitynews.eu\/?p=42877"},"modified":"2023-03-10T09:35:55","modified_gmt":"2023-03-10T08:35:55","slug":"minister-spraw-zagranicznych-nie-mozna-wzmacniac-wschodniej-flanki-nato-bez-wspolpracy-z-polska","status":"publish","type":"post","link":"https:\/\/dignitynews.eu\/pl\/minister-spraw-zagranicznych-nie-mozna-wzmacniac-wschodniej-flanki-nato-bez-wspolpracy-z-polska\/","title":{"rendered":"Minister spraw zagranicznych: Nie mo\u017cna wzmacnia\u0107 wschodniej flanki NATO bez wsp\u00f3\u0142pracy z Polsk\u0105"},"content":{"rendered":"<p><b>Polska\u00a0odgrywa znacz\u0105c\u0105 rol\u0119,\u00a0jest lojalnym i niezb\u0119dnym sojusznikiem USA, poniewa\u017c nie mo\u017cna efektywnie pomaga\u0107 Ukrainie, nie wsp\u00f3\u0142pracuj\u0105c z Polsk\u0105, chocia\u017cby ze wzgl\u0119d\u00f3w logistycznych &#8211; powiedzia\u0142 na antenie Programu 1 Polskiego Radia, w audycji &#8222;W otwarte karty&#8221;\u00a0Zbigniew Rau, minister spraw zagranicznych.<\/b><\/p>\n<p><span style=\"font-weight: 400;\">Szef polskiej dyplomacji przekonywa\u0142, \u017ce\u00a0nie mo\u017cna umacnia\u0107 wschodniej flanki NATO bez wsp\u00f3\u0142pracy z Polsk\u0105, kt\u00f3ra jest najsilniejszym ogniwem tej flanki.\u00a0<\/span><\/p>\n<p><span style=\"font-weight: 400;\">Zdaniem Zbigniewa Raua Polska wyst\u0119puje z nowymi inicjatywami i wywiera do\u015b\u0107 skuteczn\u0105 presj\u0119 na sojusznik\u00f3w, kt\u00f3rych nie cechuje ani dynamizm pomocy Ukrainie, ani aktywizm.\u00a0<\/span><\/p>\n<p><span style=\"font-weight: 400;\">Pomoc Ukrainie to wsp\u00f3lna odpowiedzialno\u015b\u0107. Gdy idzie o jedno\u015b\u0107 wsp\u00f3lnoty transatlantyckiej, to utrzymanie i nadanie jej dynamicznego oraz pe\u0142nego aktywizmu charakteru jest niemo\u017cliwe bez Polski. Zauwa\u017cyli\u015bmy to w ci\u0105gu ostatniego roku.\u00a0Od roku nasze d\u0105\u017cenia i oczekiwania staj\u0105 si\u0119 po czasie rzeczywisto\u015bci\u0105\u00a0&#8211; powiedzia\u0142 minister Rau.<\/span><\/p>\n<p><span style=\"font-weight: 400;\">Go\u015b\u0107 radiowej \u201eJedynki\u201d zwr\u00f3ci\u0142 uwag\u0119 na to, \u017ce agresja Rosji na Ukrain\u0119 u\u015bwiadomi\u0142a Europie deficyt bezpiecze\u0144stwa.\u00a0<\/span><\/p>\n<p><span style=\"font-weight: 400;\">Polska wydaje obecnie wi\u0119cej na zbrojenia, ni\u017c ktokolwiek inny w regionie, wi\u0119c nie jeste\u015bmy tylko biorc\u0105 bezpiecze\u0144stwa od USA, ale tak\u017ce poczuwamy si\u0119 do odpowiedzialno\u015bci za naszych s\u0105siad\u00f3w, st\u0105d ten nasz wielki wysi\u0142ek w kierunku Ukrainy \u2013 powiedzia\u0142 minister spraw zagranicznych i zauwa\u017cy\u0142, \u017ce Polska dodatkowo oferuje bezpiecze\u0144stwo humanitarne dla uchod\u017ac\u00f3w z Ukrainy.<\/span><\/p>\n<p><span style=\"font-weight: 400;\">Wype\u0142niaj\u0105c luk\u0119 bezpiecze\u0144stwa w spos\u00f3b \u015bwiadomy i celowy, przesuwamy centrum bezpiecze\u0144stwa Europy kontynentalnej w ramach wsp\u00f3lnoty transatlantyckiej do naszej cz\u0119\u015bci Starego Kontynentu, i trudno obecnie wskaza\u0107 przeciwne wektory \u2013 stwierdzi\u0142 minister Zbigniew Rau.<\/span><\/p>\n<p><span style=\"font-weight: 400;\">Adrian Andrzejewski<\/span><\/p>\n","protected":false},"excerpt":{"rendered":"<p>Polska\u00a0odgrywa znacz\u0105c\u0105 rol\u0119,\u00a0jest lojalnym i niezb\u0119dnym sojusznikiem USA, poniewa\u017c nie mo\u017cna efektywnie pomaga\u0107 Ukrainie, nie wsp\u00f3\u0142pracuj\u0105c z Polsk\u0105, chocia\u017cby ze wzgl\u0119d\u00f3w logistycznych &#8211; powiedzia\u0142 na antenie Programu 1 Polskiego Radia,&hellip;<\/p>\n","protected":false},"author":3,"featured_media":42881,"comment_status":"closed","ping_status":"open","sticky":false,"template":"","format":"standard","meta":{"_mi_skip_tracking":false,"footnotes":""},"categories":[47],"tags":[],"class_list":["post-42877","post","type-post","status-publish","format-standard","has-post-thumbnail","hentry","category-wydarzenia"],"yoast_head":"<!-- This site is optimized with the Yoast SEO plugin v19.4 - https:\/\/yoast.com\/wordpress\/plugins\/seo\/ -->\n<title>Minister spraw zagranicznych: Nie mo\u017cna wzmacnia\u0107 wschodniej flanki NATO bez wsp\u00f3\u0142pracy z Polsk\u0105 - Godno\u015b\u0107 - DignityNews.eu<\/title>\n<meta name=\"robots\" content=\"index, follow, max-snippet:-1, max-image-preview:large, max-video-preview:-1\" \/>\n<link rel=\"canonical\" href=\"https:\/\/dignitynews.eu\/pl\/minister-spraw-zagranicznych-nie-mozna-wzmacniac-wschodniej-flanki-nato-bez-wspolpracy-z-polska\/\" \/>\n<meta property=\"og:locale\" content=\"pl_PL\" \/>\n<meta property=\"og:type\" content=\"article\" \/>\n<meta property=\"og:title\" content=\"Minister spraw zagranicznych: Nie mo\u017cna wzmacnia\u0107 wschodniej flanki NATO bez wsp\u00f3\u0142pracy z Polsk\u0105 - Godno\u015b\u0107 - DignityNews.eu\" \/>\n<meta property=\"og:description\" content=\"Polska\u00a0odgrywa znacz\u0105c\u0105 rol\u0119,\u00a0jest lojalnym i niezb\u0119dnym sojusznikiem USA, poniewa\u017c nie mo\u017cna efektywnie pomaga\u0107 Ukrainie, nie wsp\u00f3\u0142pracuj\u0105c z Polsk\u0105, chocia\u017cby ze wzgl\u0119d\u00f3w logistycznych &#8211; powiedzia\u0142 na antenie Programu 1 Polskiego Radia,&hellip;\" \/>\n<meta property=\"og:url\" content=\"https:\/\/dignitynews.eu\/pl\/minister-spraw-zagranicznych-nie-mozna-wzmacniac-wschodniej-flanki-nato-bez-wspolpracy-z-polska\/\" \/>\n<meta property=\"og:site_name\" content=\"Godno\u015b\u0107 - DignityNews.eu\" \/>\n<meta property=\"article:published_time\" content=\"2023-03-10T08:35:55+00:00\" \/>\n<meta property=\"og:image\" content=\"https:\/\/dignitynews.eu\/wp-content\/uploads\/2023\/03\/Minister-spraw-zagr-Z-Rau-fot.-Stanislaw-Rozycki-REPORTER.jpg\" \/>\n\t<meta property=\"og:image:width\" content=\"1500\" \/>\n\t<meta property=\"og:image:height\" content=\"1001\" \/>\n\t<meta property=\"og:image:type\" content=\"image\/jpeg\" \/>\n<meta name=\"author\" content=\"DignityNews.eu\" \/>\n<meta name=\"twitter:card\" content=\"summary_large_image\" \/>\n<meta name=\"twitter:label1\" content=\"Napisane przez\" \/>\n\t<meta name=\"twitter:data1\" content=\"DignityNews.eu\" \/>\n\t<meta name=\"twitter:label2\" content=\"Szacowany czas czytania\" \/>\n\t<meta name=\"twitter:data2\" content=\"1 minuta\" \/>\n<script type=\"application\/ld+json\" class=\"yoast-schema-graph\">{\"@context\":\"https:\/\/schema.org\",\"@graph\":[{\"@type\":\"WebSite\",\"@id\":\"https:\/\/dignitynews.eu\/pl\/#website\",\"url\":\"https:\/\/dignitynews.eu\/pl\/\",\"name\":\"Godno\u015b\u0107 - DignityNews.eu\",\"description\":\"\",\"potentialAction\":[{\"@type\":\"SearchAction\",\"target\":{\"@type\":\"EntryPoint\",\"urlTemplate\":\"https:\/\/dignitynews.eu\/pl\/?s={search_term_string}\"},\"query-input\":\"required name=search_term_string\"}],\"inLanguage\":\"pl-PL\"},{\"@type\":\"WebPage\",\"@id\":\"https:\/\/dignitynews.eu\/pl\/minister-spraw-zagranicznych-nie-mozna-wzmacniac-wschodniej-flanki-nato-bez-wspolpracy-z-polska\/\",\"url\":\"https:\/\/dignitynews.eu\/pl\/minister-spraw-zagranicznych-nie-mozna-wzmacniac-wschodniej-flanki-nato-bez-wspolpracy-z-polska\/\",\"name\":\"Minister spraw zagranicznych: Nie mo\u017cna wzmacnia\u0107 wschodniej flanki NATO bez wsp\u00f3\u0142pracy z Polsk\u0105 - Godno\u015b\u0107 - DignityNews.eu\",\"isPartOf\":{\"@id\":\"https:\/\/dignitynews.eu\/pl\/#website\"},\"datePublished\":\"2023-03-10T08:35:55+00:00\",\"dateModified\":\"2023-03-10T08:35:55+00:00\",\"author\":{\"@id\":\"https:\/\/dignitynews.eu\/pl\/#\/schema\/person\/4d8f570a0fd5c310685d78d9e520982c\"},\"breadcrumb\":{\"@id\":\"https:\/\/dignitynews.eu\/pl\/minister-spraw-zagranicznych-nie-mozna-wzmacniac-wschodniej-flanki-nato-bez-wspolpracy-z-polska\/#breadcrumb\"},\"inLanguage\":\"pl-PL\",\"potentialAction\":[{\"@type\":\"ReadAction\",\"target\":[\"https:\/\/dignitynews.eu\/pl\/minister-spraw-zagranicznych-nie-mozna-wzmacniac-wschodniej-flanki-nato-bez-wspolpracy-z-polska\/\"]}]},{\"@type\":\"BreadcrumbList\",\"@id\":\"https:\/\/dignitynews.eu\/pl\/minister-spraw-zagranicznych-nie-mozna-wzmacniac-wschodniej-flanki-nato-bez-wspolpracy-z-polska\/#breadcrumb\",\"itemListElement\":[{\"@type\":\"ListItem\",\"position\":1,\"name\":\"Strona g\u0142\u00f3wna\",\"item\":\"https:\/\/dignitynews.eu\/pl\/\"},{\"@type\":\"ListItem\",\"position\":2,\"name\":\"Minister spraw zagranicznych: Nie mo\u017cna wzmacnia\u0107 wschodniej flanki NATO bez wsp\u00f3\u0142pracy z Polsk\u0105\"}]},{\"@type\":\"Person\",\"@id\":\"https:\/\/dignitynews.eu\/pl\/#\/schema\/person\/4d8f570a0fd5c310685d78d9e520982c\",\"name\":\"DignityNews.eu\",\"image\":{\"@type\":\"ImageObject\",\"inLanguage\":\"pl-PL\",\"@id\":\"https:\/\/dignitynews.eu\/pl\/#\/schema\/person\/image\/\",\"url\":\"https:\/\/secure.gravatar.com\/avatar\/b9fb3aa3cd2d5d3a6d24e67a6b58bc2980bf0c7f7bd3657a6322b8df227da3d9?s=96&d=mm&r=g\",\"contentUrl\":\"https:\/\/secure.gravatar.com\/avatar\/b9fb3aa3cd2d5d3a6d24e67a6b58bc2980bf0c7f7bd3657a6322b8df227da3d9?s=96&d=mm&r=g\",\"caption\":\"DignityNews.eu\"},\"sameAs\":[\"aleksandra\"],\"url\":\"https:\/\/dignitynews.eu\/pl\/author\/aleksandra\/\"}]}<\/script>\n<!-- \/ Yoast SEO plugin. -->","yoast_head_json":{"title":"Minister spraw zagranicznych: Nie mo\u017cna wzmacnia\u0107 wschodniej flanki NATO bez wsp\u00f3\u0142pracy z Polsk\u0105 - Godno\u015b\u0107 - DignityNews.eu","robots":{"index":"index","follow":"follow","max-snippet":"max-snippet:-1","max-image-preview":"max-image-preview:large","max-video-preview":"max-video-preview:-1"},"canonical":"https:\/\/dignitynews.eu\/pl\/minister-spraw-zagranicznych-nie-mozna-wzmacniac-wschodniej-flanki-nato-bez-wspolpracy-z-polska\/","og_locale":"pl_PL","og_type":"article","og_title":"Minister spraw zagranicznych: Nie mo\u017cna wzmacnia\u0107 wschodniej flanki NATO bez wsp\u00f3\u0142pracy z Polsk\u0105 - Godno\u015b\u0107 - DignityNews.eu","og_description":"Polska\u00a0odgrywa znacz\u0105c\u0105 rol\u0119,\u00a0jest lojalnym i niezb\u0119dnym sojusznikiem USA, poniewa\u017c nie mo\u017cna efektywnie pomaga\u0107 Ukrainie, nie wsp\u00f3\u0142pracuj\u0105c z Polsk\u0105, chocia\u017cby ze wzgl\u0119d\u00f3w logistycznych &#8211; powiedzia\u0142 na antenie Programu 1 Polskiego Radia,&hellip;","og_url":"https:\/\/dignitynews.eu\/pl\/minister-spraw-zagranicznych-nie-mozna-wzmacniac-wschodniej-flanki-nato-bez-wspolpracy-z-polska\/","og_site_name":"Godno\u015b\u0107 - DignityNews.eu","article_published_time":"2023-03-10T08:35:55+00:00","og_image":[{"width":1500,"height":1001,"url":"https:\/\/dignitynews.eu\/wp-content\/uploads\/2023\/03\/Minister-spraw-zagr-Z-Rau-fot.-Stanislaw-Rozycki-REPORTER.jpg","type":"image\/jpeg"}],"author":"DignityNews.eu","twitter_card":"summary_large_image","twitter_misc":{"Napisane przez":"DignityNews.eu","Szacowany czas czytania":"1 minuta"},"schema":{"@context":"https:\/\/schema.org","@graph":[{"@type":"WebSite","@id":"https:\/\/dignitynews.eu\/pl\/#website","url":"https:\/\/dignitynews.eu\/pl\/","name":"Godno\u015b\u0107 - DignityNews.eu","description":"","potentialAction":[{"@type":"SearchAction","target":{"@type":"EntryPoint","urlTemplate":"https:\/\/dignitynews.eu\/pl\/?s={search_term_string}"},"query-input":"required name=search_term_string"}],"inLanguage":"pl-PL"},{"@type":"WebPage","@id":"https:\/\/dignitynews.eu\/pl\/minister-spraw-zagranicznych-nie-mozna-wzmacniac-wschodniej-flanki-nato-bez-wspolpracy-z-polska\/","url":"https:\/\/dignitynews.eu\/pl\/minister-spraw-zagranicznych-nie-mozna-wzmacniac-wschodniej-flanki-nato-bez-wspolpracy-z-polska\/","name":"Minister spraw zagranicznych: Nie mo\u017cna wzmacnia\u0107 wschodniej flanki NATO bez wsp\u00f3\u0142pracy z Polsk\u0105 - Godno\u015b\u0107 - DignityNews.eu","isPartOf":{"@id":"https:\/\/dignitynews.eu\/pl\/#website"},"datePublished":"2023-03-10T08:35:55+00:00","dateModified":"2023-03-10T08:35:55+00:00","author":{"@id":"https:\/\/dignitynews.eu\/pl\/#\/schema\/person\/4d8f570a0fd5c310685d78d9e520982c"},"breadcrumb":{"@id":"https:\/\/dignitynews.eu\/pl\/minister-spraw-zagranicznych-nie-mozna-wzmacniac-wschodniej-flanki-nato-bez-wspolpracy-z-polska\/#breadcrumb"},"inLanguage":"pl-PL","potentialAction":[{"@type":"ReadAction","target":["https:\/\/dignitynews.eu\/pl\/minister-spraw-zagranicznych-nie-mozna-wzmacniac-wschodniej-flanki-nato-bez-wspolpracy-z-polska\/"]}]},{"@type":"BreadcrumbList","@id":"https:\/\/dignitynews.eu\/pl\/minister-spraw-zagranicznych-nie-mozna-wzmacniac-wschodniej-flanki-nato-bez-wspolpracy-z-polska\/#breadcrumb","itemListElement":[{"@type":"ListItem","position":1,"name":"Strona g\u0142\u00f3wna","item":"https:\/\/dignitynews.eu\/pl\/"},{"@type":"ListItem","position":2,"name":"Minister spraw zagranicznych: Nie mo\u017cna wzmacnia\u0107 wschodniej flanki NATO bez wsp\u00f3\u0142pracy z Polsk\u0105"}]},{"@type":"Person","@id":"https:\/\/dignitynews.eu\/pl\/#\/schema\/person\/4d8f570a0fd5c310685d78d9e520982c","name":"DignityNews.eu","image":{"@type":"ImageObject","inLanguage":"pl-PL","@id":"https:\/\/dignitynews.eu\/pl\/#\/schema\/person\/image\/","url":"https:\/\/secure.gravatar.com\/avatar\/b9fb3aa3cd2d5d3a6d24e67a6b58bc2980bf0c7f7bd3657a6322b8df227da3d9?s=96&d=mm&r=g","contentUrl":"https:\/\/secure.gravatar.com\/avatar\/b9fb3aa3cd2d5d3a6d24e67a6b58bc2980bf0c7f7bd3657a6322b8df227da3d9?s=96&d=mm&r=g","caption":"DignityNews.eu"},"sameAs":["aleksandra"],"url":"https:\/\/dignitynews.eu\/pl\/author\/aleksandra\/"}]}},"_links":{"self":[{"href":"https:\/\/dignitynews.eu\/pl\/wp-json\/wp\/v2\/posts\/42877","targetHints":{"allow":["GET"]}}],"collection":[{"href":"https:\/\/dignitynews.eu\/pl\/wp-json\/wp\/v2\/posts"}],"about":[{"href":"https:\/\/dignitynews.eu\/pl\/wp-json\/wp\/v2\/types\/post"}],"author":[{"embeddable":true,"href":"https:\/\/dignitynews.eu\/pl\/wp-json\/wp\/v2\/users\/3"}],"replies":[{"embeddable":true,"href":"https:\/\/dignitynews.eu\/pl\/wp-json\/wp\/v2\/comments?post=42877"}],"version-history":[{"count":1,"href":"https:\/\/dignitynews.eu\/pl\/wp-json\/wp\/v2\/posts\/42877\/revisions"}],"predecessor-version":[{"id":42886,"href":"https:\/\/dignitynews.eu\/pl\/wp-json\/wp\/v2\/posts\/42877\/revisions\/42886"}],"wp:featuredmedia":[{"embeddable":true,"href":"https:\/\/dignitynews.eu\/pl\/wp-json\/wp\/v2\/media\/42881"}],"wp:attachment":[{"href":"https:\/\/dignitynews.eu\/pl\/wp-json\/wp\/v2\/media?parent=42877"}],"wp:term":[{"taxonomy":"category","embeddable":true,"href":"https:\/\/dignitynews.eu\/pl\/wp-json\/wp\/v2\/categories?post=42877"},{"taxonomy":"post_tag","embeddable":true,"href":"https:\/\/dignitynews.eu\/pl\/wp-json\/wp\/v2\/tags?post=42877"}],"curies":[{"name":"wp","href":"https:\/\/api.w.org\/{rel}","templated":true}]}}