{"id":4250,"date":"2022-01-17T12:59:31","date_gmt":"2022-01-17T11:59:31","guid":{"rendered":"https:\/\/dignitynews.eu\/?p=4250"},"modified":"2022-01-17T12:59:31","modified_gmt":"2022-01-17T11:59:31","slug":"lidl-polska-i-aldi-zapowiadaja-obnizki-cen-detalicznych","status":"publish","type":"post","link":"https:\/\/dignitynews.eu\/pl\/lidl-polska-i-aldi-zapowiadaja-obnizki-cen-detalicznych\/","title":{"rendered":"Lidl Polska i Aldi zapowiadaj\u0105 obni\u017cki cen detalicznych"},"content":{"rendered":"<p><b>Sieci handlowe Lidl Polska i Aldi opublikowa\u0142y komunikaty w zwi\u0105zku z planowanym wprowadzeniem od 1 lutego w Polsce czasowo obni\u017conej do zera procent stawki VAT na \u017cywno\u015b\u0107.\u00a0Jest to element drugiej ods\u0142ony rz\u0105dowej tarczy antyinflacyjnej, kt\u00f3r\u0105 po przeg\u0142osowaniu w Sejmie, zajmie si\u0119 teraz Senat.\u00a0<\/b><\/p>\n<p>Przypomnijmy, \u017ce obni\u017cka do zera VAT-u ma obj\u0105\u0107 nawozy i \u017cywno\u015b\u0107, kt\u00f3ra obj\u0119ta jest obecnie stawk\u0105 5-procentow\u0105. Zmiany maj\u0105 obowi\u0105zywa\u0107 od 1 lutego do ko\u0144ca lipca 2022 roku.<\/p>\n<p>Jak informuje Lidl Polska, kt\u00f3ry posiada w naszym kraju ponad 800 sklep\u00f3w, w zwi\u0105zku obni\u017ck\u0105 stawki VAT, przecenione zostanie co najmniej 2 tysi\u0105ce produkt\u00f3w.<\/p>\n<p>Ta\u0144sze mas\u0142o, mleko, \u015bmietana, pieczywo, jab\u0142ka, marchew, ziemniaki. Lista artyku\u0142\u00f3w ta\u0144szych dzi\u0119ki obni\u017cce stawki VAT do 0 procent jest bardzo d\u0142uga &#8211; informuje sie\u0107. Ni\u017csze ceny maj\u0105 w Lidlu obowi\u0105zywa\u0107 ju\u017c od 1\u00a0lutego.<\/p>\n<p>Z kolei Aldi, kt\u00f3ry w Polsce ma ponad 200 sklep\u00f3w, zapowiada obni\u017ck\u0119 cen ju\u017c od 31 stycznia. Tu tak\u017ce obni\u017cka ma dotyczy\u0107 ok. 2 tysi\u0119cy produkt\u00f3w.<\/p>\n<p>Adrian Andrzejewski<\/p>\n","protected":false},"excerpt":{"rendered":"<p>Sieci handlowe Lidl Polska i Aldi opublikowa\u0142y komunikaty w zwi\u0105zku z planowanym wprowadzeniem od 1 lutego w Polsce czasowo obni\u017conej do zera procent stawki VAT na \u017cywno\u015b\u0107.\u00a0Jest to element drugiej&hellip;<\/p>\n","protected":false},"author":3,"featured_media":4234,"comment_status":"closed","ping_status":"open","sticky":false,"template":"","format":"standard","meta":{"_mi_skip_tracking":false,"footnotes":""},"categories":[48],"tags":[],"class_list":["post-4250","post","type-post","status-publish","format-standard","has-post-thumbnail","hentry","category-gospodarka"],"yoast_head":"<!-- This site is optimized with the Yoast SEO plugin v19.4 - https:\/\/yoast.com\/wordpress\/plugins\/seo\/ -->\n<title>Lidl Polska i Aldi zapowiadaj\u0105 obni\u017cki cen detalicznych - Godno\u015b\u0107 - DignityNews.eu<\/title>\n<meta name=\"robots\" content=\"index, follow, max-snippet:-1, max-image-preview:large, max-video-preview:-1\" \/>\n<link rel=\"canonical\" href=\"https:\/\/dignitynews.eu\/pl\/lidl-polska-i-aldi-zapowiadaja-obnizki-cen-detalicznych\/\" \/>\n<meta property=\"og:locale\" content=\"pl_PL\" \/>\n<meta property=\"og:type\" content=\"article\" \/>\n<meta property=\"og:title\" content=\"Lidl Polska i Aldi zapowiadaj\u0105 obni\u017cki cen detalicznych - Godno\u015b\u0107 - DignityNews.eu\" \/>\n<meta property=\"og:description\" content=\"Sieci handlowe Lidl Polska i Aldi opublikowa\u0142y komunikaty w zwi\u0105zku z planowanym wprowadzeniem od 1 lutego w Polsce czasowo obni\u017conej do zera procent stawki VAT na \u017cywno\u015b\u0107.\u00a0Jest to element drugiej&hellip;\" \/>\n<meta property=\"og:url\" content=\"https:\/\/dignitynews.eu\/pl\/lidl-polska-i-aldi-zapowiadaja-obnizki-cen-detalicznych\/\" \/>\n<meta property=\"og:site_name\" content=\"Godno\u015b\u0107 - DignityNews.eu\" \/>\n<meta property=\"article:published_time\" content=\"2022-01-17T11:59:31+00:00\" \/>\n<meta property=\"og:image\" content=\"https:\/\/dignitynews.eu\/wp-content\/uploads\/2022\/01\/Lidl.jpg\" \/>\n\t<meta property=\"og:image:width\" content=\"1500\" \/>\n\t<meta property=\"og:image:height\" content=\"1053\" \/>\n\t<meta property=\"og:image:type\" content=\"image\/jpeg\" \/>\n<meta name=\"author\" content=\"DignityNews.eu\" \/>\n<meta name=\"twitter:card\" content=\"summary_large_image\" \/>\n<meta name=\"twitter:label1\" content=\"Napisane przez\" \/>\n\t<meta name=\"twitter:data1\" content=\"DignityNews.eu\" \/>\n\t<meta name=\"twitter:label2\" content=\"Szacowany czas czytania\" \/>\n\t<meta name=\"twitter:data2\" content=\"1 minuta\" \/>\n<script type=\"application\/ld+json\" class=\"yoast-schema-graph\">{\"@context\":\"https:\/\/schema.org\",\"@graph\":[{\"@type\":\"WebSite\",\"@id\":\"https:\/\/dignitynews.eu\/pl\/#website\",\"url\":\"https:\/\/dignitynews.eu\/pl\/\",\"name\":\"Godno\u015b\u0107 - DignityNews.eu\",\"description\":\"\",\"potentialAction\":[{\"@type\":\"SearchAction\",\"target\":{\"@type\":\"EntryPoint\",\"urlTemplate\":\"https:\/\/dignitynews.eu\/pl\/?s={search_term_string}\"},\"query-input\":\"required name=search_term_string\"}],\"inLanguage\":\"pl-PL\"},{\"@type\":\"WebPage\",\"@id\":\"https:\/\/dignitynews.eu\/pl\/lidl-polska-i-aldi-zapowiadaja-obnizki-cen-detalicznych\/\",\"url\":\"https:\/\/dignitynews.eu\/pl\/lidl-polska-i-aldi-zapowiadaja-obnizki-cen-detalicznych\/\",\"name\":\"Lidl Polska i Aldi zapowiadaj\u0105 obni\u017cki cen detalicznych - Godno\u015b\u0107 - DignityNews.eu\",\"isPartOf\":{\"@id\":\"https:\/\/dignitynews.eu\/pl\/#website\"},\"datePublished\":\"2022-01-17T11:59:31+00:00\",\"dateModified\":\"2022-01-17T11:59:31+00:00\",\"author\":{\"@id\":\"https:\/\/dignitynews.eu\/pl\/#\/schema\/person\/4d8f570a0fd5c310685d78d9e520982c\"},\"breadcrumb\":{\"@id\":\"https:\/\/dignitynews.eu\/pl\/lidl-polska-i-aldi-zapowiadaja-obnizki-cen-detalicznych\/#breadcrumb\"},\"inLanguage\":\"pl-PL\",\"potentialAction\":[{\"@type\":\"ReadAction\",\"target\":[\"https:\/\/dignitynews.eu\/pl\/lidl-polska-i-aldi-zapowiadaja-obnizki-cen-detalicznych\/\"]}]},{\"@type\":\"BreadcrumbList\",\"@id\":\"https:\/\/dignitynews.eu\/pl\/lidl-polska-i-aldi-zapowiadaja-obnizki-cen-detalicznych\/#breadcrumb\",\"itemListElement\":[{\"@type\":\"ListItem\",\"position\":1,\"name\":\"Strona g\u0142\u00f3wna\",\"item\":\"https:\/\/dignitynews.eu\/pl\/\"},{\"@type\":\"ListItem\",\"position\":2,\"name\":\"Lidl Polska i Aldi zapowiadaj\u0105 obni\u017cki cen detalicznych\"}]},{\"@type\":\"Person\",\"@id\":\"https:\/\/dignitynews.eu\/pl\/#\/schema\/person\/4d8f570a0fd5c310685d78d9e520982c\",\"name\":\"DignityNews.eu\",\"image\":{\"@type\":\"ImageObject\",\"inLanguage\":\"pl-PL\",\"@id\":\"https:\/\/dignitynews.eu\/pl\/#\/schema\/person\/image\/\",\"url\":\"https:\/\/secure.gravatar.com\/avatar\/b9fb3aa3cd2d5d3a6d24e67a6b58bc2980bf0c7f7bd3657a6322b8df227da3d9?s=96&d=mm&r=g\",\"contentUrl\":\"https:\/\/secure.gravatar.com\/avatar\/b9fb3aa3cd2d5d3a6d24e67a6b58bc2980bf0c7f7bd3657a6322b8df227da3d9?s=96&d=mm&r=g\",\"caption\":\"DignityNews.eu\"},\"sameAs\":[\"aleksandra\"],\"url\":\"https:\/\/dignitynews.eu\/pl\/author\/aleksandra\/\"}]}<\/script>\n<!-- \/ Yoast SEO plugin. -->","yoast_head_json":{"title":"Lidl Polska i Aldi zapowiadaj\u0105 obni\u017cki cen detalicznych - Godno\u015b\u0107 - DignityNews.eu","robots":{"index":"index","follow":"follow","max-snippet":"max-snippet:-1","max-image-preview":"max-image-preview:large","max-video-preview":"max-video-preview:-1"},"canonical":"https:\/\/dignitynews.eu\/pl\/lidl-polska-i-aldi-zapowiadaja-obnizki-cen-detalicznych\/","og_locale":"pl_PL","og_type":"article","og_title":"Lidl Polska i Aldi zapowiadaj\u0105 obni\u017cki cen detalicznych - Godno\u015b\u0107 - DignityNews.eu","og_description":"Sieci handlowe Lidl Polska i Aldi opublikowa\u0142y komunikaty w zwi\u0105zku z planowanym wprowadzeniem od 1 lutego w Polsce czasowo obni\u017conej do zera procent stawki VAT na \u017cywno\u015b\u0107.\u00a0Jest to element drugiej&hellip;","og_url":"https:\/\/dignitynews.eu\/pl\/lidl-polska-i-aldi-zapowiadaja-obnizki-cen-detalicznych\/","og_site_name":"Godno\u015b\u0107 - DignityNews.eu","article_published_time":"2022-01-17T11:59:31+00:00","og_image":[{"width":1500,"height":1053,"url":"https:\/\/dignitynews.eu\/wp-content\/uploads\/2022\/01\/Lidl.jpg","type":"image\/jpeg"}],"author":"DignityNews.eu","twitter_card":"summary_large_image","twitter_misc":{"Napisane przez":"DignityNews.eu","Szacowany czas czytania":"1 minuta"},"schema":{"@context":"https:\/\/schema.org","@graph":[{"@type":"WebSite","@id":"https:\/\/dignitynews.eu\/pl\/#website","url":"https:\/\/dignitynews.eu\/pl\/","name":"Godno\u015b\u0107 - DignityNews.eu","description":"","potentialAction":[{"@type":"SearchAction","target":{"@type":"EntryPoint","urlTemplate":"https:\/\/dignitynews.eu\/pl\/?s={search_term_string}"},"query-input":"required name=search_term_string"}],"inLanguage":"pl-PL"},{"@type":"WebPage","@id":"https:\/\/dignitynews.eu\/pl\/lidl-polska-i-aldi-zapowiadaja-obnizki-cen-detalicznych\/","url":"https:\/\/dignitynews.eu\/pl\/lidl-polska-i-aldi-zapowiadaja-obnizki-cen-detalicznych\/","name":"Lidl Polska i Aldi zapowiadaj\u0105 obni\u017cki cen detalicznych - Godno\u015b\u0107 - DignityNews.eu","isPartOf":{"@id":"https:\/\/dignitynews.eu\/pl\/#website"},"datePublished":"2022-01-17T11:59:31+00:00","dateModified":"2022-01-17T11:59:31+00:00","author":{"@id":"https:\/\/dignitynews.eu\/pl\/#\/schema\/person\/4d8f570a0fd5c310685d78d9e520982c"},"breadcrumb":{"@id":"https:\/\/dignitynews.eu\/pl\/lidl-polska-i-aldi-zapowiadaja-obnizki-cen-detalicznych\/#breadcrumb"},"inLanguage":"pl-PL","potentialAction":[{"@type":"ReadAction","target":["https:\/\/dignitynews.eu\/pl\/lidl-polska-i-aldi-zapowiadaja-obnizki-cen-detalicznych\/"]}]},{"@type":"BreadcrumbList","@id":"https:\/\/dignitynews.eu\/pl\/lidl-polska-i-aldi-zapowiadaja-obnizki-cen-detalicznych\/#breadcrumb","itemListElement":[{"@type":"ListItem","position":1,"name":"Strona g\u0142\u00f3wna","item":"https:\/\/dignitynews.eu\/pl\/"},{"@type":"ListItem","position":2,"name":"Lidl Polska i Aldi zapowiadaj\u0105 obni\u017cki cen detalicznych"}]},{"@type":"Person","@id":"https:\/\/dignitynews.eu\/pl\/#\/schema\/person\/4d8f570a0fd5c310685d78d9e520982c","name":"DignityNews.eu","image":{"@type":"ImageObject","inLanguage":"pl-PL","@id":"https:\/\/dignitynews.eu\/pl\/#\/schema\/person\/image\/","url":"https:\/\/secure.gravatar.com\/avatar\/b9fb3aa3cd2d5d3a6d24e67a6b58bc2980bf0c7f7bd3657a6322b8df227da3d9?s=96&d=mm&r=g","contentUrl":"https:\/\/secure.gravatar.com\/avatar\/b9fb3aa3cd2d5d3a6d24e67a6b58bc2980bf0c7f7bd3657a6322b8df227da3d9?s=96&d=mm&r=g","caption":"DignityNews.eu"},"sameAs":["aleksandra"],"url":"https:\/\/dignitynews.eu\/pl\/author\/aleksandra\/"}]}},"_links":{"self":[{"href":"https:\/\/dignitynews.eu\/pl\/wp-json\/wp\/v2\/posts\/4250","targetHints":{"allow":["GET"]}}],"collection":[{"href":"https:\/\/dignitynews.eu\/pl\/wp-json\/wp\/v2\/posts"}],"about":[{"href":"https:\/\/dignitynews.eu\/pl\/wp-json\/wp\/v2\/types\/post"}],"author":[{"embeddable":true,"href":"https:\/\/dignitynews.eu\/pl\/wp-json\/wp\/v2\/users\/3"}],"replies":[{"embeddable":true,"href":"https:\/\/dignitynews.eu\/pl\/wp-json\/wp\/v2\/comments?post=4250"}],"version-history":[{"count":2,"href":"https:\/\/dignitynews.eu\/pl\/wp-json\/wp\/v2\/posts\/4250\/revisions"}],"predecessor-version":[{"id":4252,"href":"https:\/\/dignitynews.eu\/pl\/wp-json\/wp\/v2\/posts\/4250\/revisions\/4252"}],"wp:featuredmedia":[{"embeddable":true,"href":"https:\/\/dignitynews.eu\/pl\/wp-json\/wp\/v2\/media\/4234"}],"wp:attachment":[{"href":"https:\/\/dignitynews.eu\/pl\/wp-json\/wp\/v2\/media?parent=4250"}],"wp:term":[{"taxonomy":"category","embeddable":true,"href":"https:\/\/dignitynews.eu\/pl\/wp-json\/wp\/v2\/categories?post=4250"},{"taxonomy":"post_tag","embeddable":true,"href":"https:\/\/dignitynews.eu\/pl\/wp-json\/wp\/v2\/tags?post=4250"}],"curies":[{"name":"wp","href":"https:\/\/api.w.org\/{rel}","templated":true}]}}