{"id":42302,"date":"2023-03-03T09:47:36","date_gmt":"2023-03-03T08:47:36","guid":{"rendered":"https:\/\/dignitynews.eu\/?p=42302"},"modified":"2023-03-03T09:47:36","modified_gmt":"2023-03-03T08:47:36","slug":"w-10-polskich-miastach-ruszyl-sezon-roweru-miejskiego","status":"publish","type":"post","link":"https:\/\/dignitynews.eu\/pl\/w-10-polskich-miastach-ruszyl-sezon-roweru-miejskiego\/","title":{"rendered":"W 10 polskich miastach ruszy\u0142 sezon roweru miejskiego"},"content":{"rendered":"<p><span style=\"font-weight: 400;\">Nextbike Polska, operator sieci rower\u00f3w miejskich, zainaugurowa\u0142 nowy sezon w 10 polskich miastach. Do dyspozycji mieszka\u0144c\u00f3w udost\u0119pniono ponad 6,7 tys. rower\u00f3w oraz blisko 1000 samoobs\u0142ugowych stacji wypo\u017cyczeni \u2013 informuje sp\u00f3\u0142ka.<\/span><\/p>\n<p><span style=\"font-weight: 400;\">Nowy sezon roweru miejskiego ruszy\u0142 1 marca w Grodzisku Mazowieckim, Ko\u0142obrzegu, Koninie, Koszalinie, Piasecznie, Tarnowie, Warszawie, Wolsztynie, Wroc\u0142awiu oraz Zielonej G\u00f3rze. W pierwszym etapie do dyspozycji mieszka\u0144c\u00f3w tych miast dost\u0119pnych b\u0119dzie ponad 6,7 tys. rower\u00f3w oraz blisko tysi\u0105c stacji.\u00a0<\/span><\/p>\n<p><span style=\"font-weight: 400;\">Za miesi\u0105c, 1 kwietnia sezon rowerowy rozpocznie si\u0119 w kolejnych polskich miastach. W ub.r. warszawska firma \u2013 poprzez sp\u00f3\u0142ki celowe uczestniczy\u0142a w post\u0119powaniach przetargowych lub zawar\u0142a umowy na uruchomienie b\u0105d\u017a kontynuacj\u0119 system\u00f3w rowerowych m.in. w Katowicach, \u0141om\u017cy, Che\u0142mie, Cz\u0119stochowie, Tychach, Kaliszu, Szamotu\u0142ach, Siemianowicach \u015al\u0105skich, Pruszkowie, Sosnowcu.<\/span><\/p>\n<p><span style=\"font-weight: 400;\">W 2022 r. \u015brednio ka\u017cdego dnia Nextbike Polska odnotowywa\u0142o prawie 30 tys. wynajm\u00f3w (5 czerwca, pas\u0142 rekord &#8211; firma wypo\u017cyczy\u0142a \u0142\u0105cznie 58 tys. pojazd\u00f3w). Na rowerach Nextbike u\u017cytkownicy sp\u0119dzili ponad 219 mln minut, w trakcie kt\u00f3rych przejechali ponad 33 mln kilometr\u00f3w.<\/span><\/p>\n<p><span style=\"font-weight: 400;\">&#8211; Poprzedni rok by\u0142 dla nas szczeg\u00f3lny, poczynili\u015bmy znacz\u0105ce post\u0119py w procesie restrukturyzacyjnym firmy, a jednocze\u015bnie. osi\u0105gn\u0119li\u015bmy bardzo dobry wynik pod wzgl\u0119dem liczby wypo\u017cycze\u0144\u00a0 \u2013 m\u00f3wi prezes Nexbike Polska Tomasz Wojtkiewicz.<\/span><\/p>\n<p><span style=\"font-weight: 400;\">Nextbike Polska dzia\u0142a w Polsce od 2011 r., a od 2017 r. jest sp\u00f3\u0142k\u0105 notowan\u0105 na NewConnect, rynku r\u00f3wnoleg\u0142ym warszawskiej gie\u0142dy. Sp\u00f3\u0142ka po kilku latach prosperity, popad\u0142a w k\u0142opoty, dlatego przechodzi restrukturyzacj\u0119, realizuj\u0105c post\u0119powanie uk\u0142adowe z wierzycielami.\u00a0<\/span><\/p>\n<p><span style=\"font-weight: 400;\">Na koniec wrze\u015bnia ub.r. skonsolidowane przychody ze sprzeda\u017cy wynios\u0142y 48,5 mln z\u0142, o 7,8% wi\u0119cej ni\u017c w tym samym okresie rok wcze\u015bniej. Skorygowana EBIDTA wynios\u0142a 14,6 mln z\u0142, o 8,1% wi\u0119cej r\/r. Zysk netto wyni\u00f3s\u0142 2,3 mln z\u0142.<\/span><\/p>\n<p><span style=\"font-weight: 400;\">Arkadiusz S\u0142omczy\u0144ski<\/span><\/p>\n","protected":false},"excerpt":{"rendered":"<p>Nextbike Polska, operator sieci rower\u00f3w miejskich, zainaugurowa\u0142 nowy sezon w 10 polskich miastach. Do dyspozycji mieszka\u0144c\u00f3w udost\u0119pniono ponad 6,7 tys. rower\u00f3w oraz blisko 1000 samoobs\u0142ugowych stacji wypo\u017cyczeni \u2013 informuje sp\u00f3\u0142ka.&hellip;<\/p>\n","protected":false},"author":3,"featured_media":42303,"comment_status":"closed","ping_status":"open","sticky":false,"template":"","format":"standard","meta":{"_mi_skip_tracking":false,"footnotes":""},"categories":[47],"tags":[],"class_list":["post-42302","post","type-post","status-publish","format-standard","has-post-thumbnail","hentry","category-wydarzenia"],"yoast_head":"<!-- This site is optimized with the Yoast SEO plugin v19.4 - https:\/\/yoast.com\/wordpress\/plugins\/seo\/ -->\n<title>W 10 polskich miastach ruszy\u0142 sezon roweru miejskiego - Godno\u015b\u0107 - DignityNews.eu<\/title>\n<meta name=\"robots\" content=\"index, follow, max-snippet:-1, max-image-preview:large, max-video-preview:-1\" \/>\n<link rel=\"canonical\" href=\"https:\/\/dignitynews.eu\/pl\/w-10-polskich-miastach-ruszyl-sezon-roweru-miejskiego\/\" \/>\n<meta property=\"og:locale\" content=\"pl_PL\" \/>\n<meta property=\"og:type\" content=\"article\" \/>\n<meta property=\"og:title\" content=\"W 10 polskich miastach ruszy\u0142 sezon roweru miejskiego - Godno\u015b\u0107 - DignityNews.eu\" \/>\n<meta property=\"og:description\" content=\"Nextbike Polska, operator sieci rower\u00f3w miejskich, zainaugurowa\u0142 nowy sezon w 10 polskich miastach. Do dyspozycji mieszka\u0144c\u00f3w udost\u0119pniono ponad 6,7 tys. rower\u00f3w oraz blisko 1000 samoobs\u0142ugowych stacji wypo\u017cyczeni \u2013 informuje sp\u00f3\u0142ka.&hellip;\" \/>\n<meta property=\"og:url\" content=\"https:\/\/dignitynews.eu\/pl\/w-10-polskich-miastach-ruszyl-sezon-roweru-miejskiego\/\" \/>\n<meta property=\"og:site_name\" content=\"Godno\u015b\u0107 - DignityNews.eu\" \/>\n<meta property=\"article:published_time\" content=\"2023-03-03T08:47:36+00:00\" \/>\n<meta property=\"og:image\" content=\"https:\/\/dignitynews.eu\/wp-content\/uploads\/2023\/03\/sezon-rowerow-miejskich-fot.-Pawel-Wodzynski-East-News.jpg\" \/>\n\t<meta property=\"og:image:width\" content=\"1500\" \/>\n\t<meta property=\"og:image:height\" content=\"1053\" \/>\n\t<meta property=\"og:image:type\" content=\"image\/jpeg\" \/>\n<meta name=\"author\" content=\"DignityNews.eu\" \/>\n<meta name=\"twitter:card\" content=\"summary_large_image\" \/>\n<meta name=\"twitter:label1\" content=\"Napisane przez\" \/>\n\t<meta name=\"twitter:data1\" content=\"DignityNews.eu\" \/>\n\t<meta name=\"twitter:label2\" content=\"Szacowany czas czytania\" \/>\n\t<meta name=\"twitter:data2\" content=\"2 minuty\" \/>\n<script type=\"application\/ld+json\" class=\"yoast-schema-graph\">{\"@context\":\"https:\/\/schema.org\",\"@graph\":[{\"@type\":\"WebSite\",\"@id\":\"https:\/\/dignitynews.eu\/pl\/#website\",\"url\":\"https:\/\/dignitynews.eu\/pl\/\",\"name\":\"Godno\u015b\u0107 - DignityNews.eu\",\"description\":\"\",\"potentialAction\":[{\"@type\":\"SearchAction\",\"target\":{\"@type\":\"EntryPoint\",\"urlTemplate\":\"https:\/\/dignitynews.eu\/pl\/?s={search_term_string}\"},\"query-input\":\"required name=search_term_string\"}],\"inLanguage\":\"pl-PL\"},{\"@type\":\"WebPage\",\"@id\":\"https:\/\/dignitynews.eu\/pl\/w-10-polskich-miastach-ruszyl-sezon-roweru-miejskiego\/\",\"url\":\"https:\/\/dignitynews.eu\/pl\/w-10-polskich-miastach-ruszyl-sezon-roweru-miejskiego\/\",\"name\":\"W 10 polskich miastach ruszy\u0142 sezon roweru miejskiego - Godno\u015b\u0107 - DignityNews.eu\",\"isPartOf\":{\"@id\":\"https:\/\/dignitynews.eu\/pl\/#website\"},\"datePublished\":\"2023-03-03T08:47:36+00:00\",\"dateModified\":\"2023-03-03T08:47:36+00:00\",\"author\":{\"@id\":\"https:\/\/dignitynews.eu\/pl\/#\/schema\/person\/4d8f570a0fd5c310685d78d9e520982c\"},\"breadcrumb\":{\"@id\":\"https:\/\/dignitynews.eu\/pl\/w-10-polskich-miastach-ruszyl-sezon-roweru-miejskiego\/#breadcrumb\"},\"inLanguage\":\"pl-PL\",\"potentialAction\":[{\"@type\":\"ReadAction\",\"target\":[\"https:\/\/dignitynews.eu\/pl\/w-10-polskich-miastach-ruszyl-sezon-roweru-miejskiego\/\"]}]},{\"@type\":\"BreadcrumbList\",\"@id\":\"https:\/\/dignitynews.eu\/pl\/w-10-polskich-miastach-ruszyl-sezon-roweru-miejskiego\/#breadcrumb\",\"itemListElement\":[{\"@type\":\"ListItem\",\"position\":1,\"name\":\"Strona g\u0142\u00f3wna\",\"item\":\"https:\/\/dignitynews.eu\/pl\/\"},{\"@type\":\"ListItem\",\"position\":2,\"name\":\"W 10 polskich miastach ruszy\u0142 sezon roweru miejskiego\"}]},{\"@type\":\"Person\",\"@id\":\"https:\/\/dignitynews.eu\/pl\/#\/schema\/person\/4d8f570a0fd5c310685d78d9e520982c\",\"name\":\"DignityNews.eu\",\"image\":{\"@type\":\"ImageObject\",\"inLanguage\":\"pl-PL\",\"@id\":\"https:\/\/dignitynews.eu\/pl\/#\/schema\/person\/image\/\",\"url\":\"https:\/\/secure.gravatar.com\/avatar\/b9fb3aa3cd2d5d3a6d24e67a6b58bc2980bf0c7f7bd3657a6322b8df227da3d9?s=96&d=mm&r=g\",\"contentUrl\":\"https:\/\/secure.gravatar.com\/avatar\/b9fb3aa3cd2d5d3a6d24e67a6b58bc2980bf0c7f7bd3657a6322b8df227da3d9?s=96&d=mm&r=g\",\"caption\":\"DignityNews.eu\"},\"sameAs\":[\"aleksandra\"],\"url\":\"https:\/\/dignitynews.eu\/pl\/author\/aleksandra\/\"}]}<\/script>\n<!-- \/ Yoast SEO plugin. -->","yoast_head_json":{"title":"W 10 polskich miastach ruszy\u0142 sezon roweru miejskiego - Godno\u015b\u0107 - DignityNews.eu","robots":{"index":"index","follow":"follow","max-snippet":"max-snippet:-1","max-image-preview":"max-image-preview:large","max-video-preview":"max-video-preview:-1"},"canonical":"https:\/\/dignitynews.eu\/pl\/w-10-polskich-miastach-ruszyl-sezon-roweru-miejskiego\/","og_locale":"pl_PL","og_type":"article","og_title":"W 10 polskich miastach ruszy\u0142 sezon roweru miejskiego - Godno\u015b\u0107 - DignityNews.eu","og_description":"Nextbike Polska, operator sieci rower\u00f3w miejskich, zainaugurowa\u0142 nowy sezon w 10 polskich miastach. Do dyspozycji mieszka\u0144c\u00f3w udost\u0119pniono ponad 6,7 tys. rower\u00f3w oraz blisko 1000 samoobs\u0142ugowych stacji wypo\u017cyczeni \u2013 informuje sp\u00f3\u0142ka.&hellip;","og_url":"https:\/\/dignitynews.eu\/pl\/w-10-polskich-miastach-ruszyl-sezon-roweru-miejskiego\/","og_site_name":"Godno\u015b\u0107 - DignityNews.eu","article_published_time":"2023-03-03T08:47:36+00:00","og_image":[{"width":1500,"height":1053,"url":"https:\/\/dignitynews.eu\/wp-content\/uploads\/2023\/03\/sezon-rowerow-miejskich-fot.-Pawel-Wodzynski-East-News.jpg","type":"image\/jpeg"}],"author":"DignityNews.eu","twitter_card":"summary_large_image","twitter_misc":{"Napisane przez":"DignityNews.eu","Szacowany czas czytania":"2 minuty"},"schema":{"@context":"https:\/\/schema.org","@graph":[{"@type":"WebSite","@id":"https:\/\/dignitynews.eu\/pl\/#website","url":"https:\/\/dignitynews.eu\/pl\/","name":"Godno\u015b\u0107 - DignityNews.eu","description":"","potentialAction":[{"@type":"SearchAction","target":{"@type":"EntryPoint","urlTemplate":"https:\/\/dignitynews.eu\/pl\/?s={search_term_string}"},"query-input":"required name=search_term_string"}],"inLanguage":"pl-PL"},{"@type":"WebPage","@id":"https:\/\/dignitynews.eu\/pl\/w-10-polskich-miastach-ruszyl-sezon-roweru-miejskiego\/","url":"https:\/\/dignitynews.eu\/pl\/w-10-polskich-miastach-ruszyl-sezon-roweru-miejskiego\/","name":"W 10 polskich miastach ruszy\u0142 sezon roweru miejskiego - Godno\u015b\u0107 - DignityNews.eu","isPartOf":{"@id":"https:\/\/dignitynews.eu\/pl\/#website"},"datePublished":"2023-03-03T08:47:36+00:00","dateModified":"2023-03-03T08:47:36+00:00","author":{"@id":"https:\/\/dignitynews.eu\/pl\/#\/schema\/person\/4d8f570a0fd5c310685d78d9e520982c"},"breadcrumb":{"@id":"https:\/\/dignitynews.eu\/pl\/w-10-polskich-miastach-ruszyl-sezon-roweru-miejskiego\/#breadcrumb"},"inLanguage":"pl-PL","potentialAction":[{"@type":"ReadAction","target":["https:\/\/dignitynews.eu\/pl\/w-10-polskich-miastach-ruszyl-sezon-roweru-miejskiego\/"]}]},{"@type":"BreadcrumbList","@id":"https:\/\/dignitynews.eu\/pl\/w-10-polskich-miastach-ruszyl-sezon-roweru-miejskiego\/#breadcrumb","itemListElement":[{"@type":"ListItem","position":1,"name":"Strona g\u0142\u00f3wna","item":"https:\/\/dignitynews.eu\/pl\/"},{"@type":"ListItem","position":2,"name":"W 10 polskich miastach ruszy\u0142 sezon roweru miejskiego"}]},{"@type":"Person","@id":"https:\/\/dignitynews.eu\/pl\/#\/schema\/person\/4d8f570a0fd5c310685d78d9e520982c","name":"DignityNews.eu","image":{"@type":"ImageObject","inLanguage":"pl-PL","@id":"https:\/\/dignitynews.eu\/pl\/#\/schema\/person\/image\/","url":"https:\/\/secure.gravatar.com\/avatar\/b9fb3aa3cd2d5d3a6d24e67a6b58bc2980bf0c7f7bd3657a6322b8df227da3d9?s=96&d=mm&r=g","contentUrl":"https:\/\/secure.gravatar.com\/avatar\/b9fb3aa3cd2d5d3a6d24e67a6b58bc2980bf0c7f7bd3657a6322b8df227da3d9?s=96&d=mm&r=g","caption":"DignityNews.eu"},"sameAs":["aleksandra"],"url":"https:\/\/dignitynews.eu\/pl\/author\/aleksandra\/"}]}},"_links":{"self":[{"href":"https:\/\/dignitynews.eu\/pl\/wp-json\/wp\/v2\/posts\/42302","targetHints":{"allow":["GET"]}}],"collection":[{"href":"https:\/\/dignitynews.eu\/pl\/wp-json\/wp\/v2\/posts"}],"about":[{"href":"https:\/\/dignitynews.eu\/pl\/wp-json\/wp\/v2\/types\/post"}],"author":[{"embeddable":true,"href":"https:\/\/dignitynews.eu\/pl\/wp-json\/wp\/v2\/users\/3"}],"replies":[{"embeddable":true,"href":"https:\/\/dignitynews.eu\/pl\/wp-json\/wp\/v2\/comments?post=42302"}],"version-history":[{"count":1,"href":"https:\/\/dignitynews.eu\/pl\/wp-json\/wp\/v2\/posts\/42302\/revisions"}],"predecessor-version":[{"id":42308,"href":"https:\/\/dignitynews.eu\/pl\/wp-json\/wp\/v2\/posts\/42302\/revisions\/42308"}],"wp:featuredmedia":[{"embeddable":true,"href":"https:\/\/dignitynews.eu\/pl\/wp-json\/wp\/v2\/media\/42303"}],"wp:attachment":[{"href":"https:\/\/dignitynews.eu\/pl\/wp-json\/wp\/v2\/media?parent=42302"}],"wp:term":[{"taxonomy":"category","embeddable":true,"href":"https:\/\/dignitynews.eu\/pl\/wp-json\/wp\/v2\/categories?post=42302"},{"taxonomy":"post_tag","embeddable":true,"href":"https:\/\/dignitynews.eu\/pl\/wp-json\/wp\/v2\/tags?post=42302"}],"curies":[{"name":"wp","href":"https:\/\/api.w.org\/{rel}","templated":true}]}}