{"id":42065,"date":"2023-03-01T10:09:44","date_gmt":"2023-03-01T09:09:44","guid":{"rendered":"https:\/\/dignitynews.eu\/?p=42065"},"modified":"2023-03-01T10:11:02","modified_gmt":"2023-03-01T09:11:02","slug":"ustawa-zrownujaca-elektroniczny-dowod-osobisty-w-aplikacji-z-tradycyjnym-dokumentem","status":"publish","type":"post","link":"https:\/\/dignitynews.eu\/pl\/ustawa-zrownujaca-elektroniczny-dowod-osobisty-w-aplikacji-z-tradycyjnym-dokumentem\/","title":{"rendered":"Ustawa zr\u00f3wnuj\u0105ca elektroniczny dow\u00f3d osobisty w aplikacji z tradycyjnym dokumentem\u00a0"},"content":{"rendered":"<p><span style=\"font-weight: 400;\">Polski rz\u0105d przyj\u0105\u0142 projekt ustawy, wed\u0142ug kt\u00f3rej dow\u00f3d elektroniczny w aplikacji mObywatel b\u0119dzie traktowany na r\u00f3wni z tradycyjnym, plastikowym dokumentem. Informacj\u0119 og\u0142osi\u0142 premier Mateusz Morawiecki na konferencji prasowej po posiedzeniu Rady Ministr\u00f3w. Aplikacj\u0119 pobra\u0142o do tej pory 9,5 mln obywateli \u2013 informuje kancelaria premiera.\u00a0<\/span><\/p>\n<p><span style=\"font-weight: 400;\">&#8211; Ju\u017c nie trzeba nosi\u0107 ze sob\u0105 prawa jazdy ani wozi\u0107 dowodu rejestracyjnego \u2014 og\u0142osi\u0142 premier. &#8211; Lekarz mo\u017ce wystawi\u0107 e-recept\u0119 czy elektroniczne zwolnienie lekarskie. Podatki te\u017c mo\u017cna wype\u0142ni\u0107 przez internet albo nawet tego nie robi\u0107, bo urz\u0119dnik zrobi to za nas \u2014 m\u00f3wi\u0142 szef rz\u0105du.<\/span><\/p>\n<p><span style=\"font-weight: 400;\">G\u0142\u00f3wnym celem ustawy jest umo\u017cliwienie okazywania wy\u0142\u0105cznie aplikacji mObywatel we wszystkich sytuacjach, kt\u00f3re wymaga\u0142yby legitymowania si\u0119 plastikowym dowodem osobistym. Projektowana ustawa ma te\u017c umo\u017cliwi\u0107 wykorzystywanie aplikacji jako uwierzytelnienia profilu zaufanego.<\/span><\/p>\n<p><span style=\"font-weight: 400;\">Zapowiedziane zmiany obejm\u0105 tak\u017ce zr\u00f3wnanie statusu innych dokument\u00f3w znajduj\u0105cych si\u0119 w aplikacji z ich tradycyjnymi odpowiednikami, m.in. prawem jazdy, legitymacj\u0105 studenck\u0105 i Kart\u0105 Du\u017cej Rodziny. Przy pomocy aplikacji b\u0119dzie te\u017c mo\u017cna dokonywa\u0107 op\u0142at online.<\/span><\/p>\n<p><span style=\"font-weight: 400;\">W ocenie ministra Adama Andruszkiewicza, kt\u00f3ry w kancelarii premiera zajmuje si\u0119 sprawami cyfryzacji, regulacja umo\u017cliwi za\u0142atwienie w spos\u00f3b elektroniczny wszystkich spraw, kt\u00f3re dzisiaj obywatele za\u0142atwiaj\u0105 za po\u015brednictwem tradycyjnego dowodu osobistego.<\/span><\/p>\n<p><span style=\"font-weight: 400;\">&#8211; To jest zmiana rewolucyjna, staniemy si\u0119 najwi\u0119kszym krajem Unii Europejskiej z tak rozbudowanym, powszechnie dost\u0119pnym cyfrowym portfelem na nasze dokumenty. \u017byjemy w czasach, w kt\u00f3rych &#8211; jak wiemy &#8211; obywatele pr\u0119dzej, wychodz\u0105c z domu, zapomn\u0105 wzi\u0105\u0107 ze sob\u0105 portfela ni\u017c telefonu. My wychodzimy temu naprzeciw &#8211; zaznaczy\u0142.<\/span><\/p>\n<p><span style=\"font-weight: 400;\">Andruszkiewicz podkre\u015bli\u0142, \u017ce Polacy s\u0105 spo\u0142ecze\u0144stwem nowoczesnym. &#8211; Warto przypomnie\u0107, \u017ce mamy dzi\u015b w Polsce ponad 15 mln u\u017cytkownik\u00f3w Profilu Zaufanego, kt\u00f3ry jest naszym kluczem do e-administracji &#8211; powiedzia\u0142.<\/span><\/p>\n<p><span style=\"font-weight: 400;\">Arkadiusz S\u0142omczy\u0144ski<\/span><\/p>\n","protected":false},"excerpt":{"rendered":"<p>Polski rz\u0105d przyj\u0105\u0142 projekt ustawy, wed\u0142ug kt\u00f3rej dow\u00f3d elektroniczny w aplikacji mObywatel b\u0119dzie traktowany na r\u00f3wni z tradycyjnym, plastikowym dokumentem. Informacj\u0119 og\u0142osi\u0142 premier Mateusz Morawiecki na konferencji prasowej po posiedzeniu&hellip;<\/p>\n","protected":false},"author":3,"featured_media":42066,"comment_status":"closed","ping_status":"open","sticky":false,"template":"","format":"standard","meta":{"_mi_skip_tracking":false,"footnotes":""},"categories":[47],"tags":[],"class_list":["post-42065","post","type-post","status-publish","format-standard","has-post-thumbnail","hentry","category-wydarzenia"],"yoast_head":"<!-- This site is optimized with the Yoast SEO plugin v19.4 - https:\/\/yoast.com\/wordpress\/plugins\/seo\/ -->\n<title>Ustawa zr\u00f3wnuj\u0105ca elektroniczny dow\u00f3d osobisty w aplikacji z tradycyjnym dokumentem\u00a0 - Godno\u015b\u0107 - DignityNews.eu<\/title>\n<meta name=\"robots\" content=\"index, follow, max-snippet:-1, max-image-preview:large, max-video-preview:-1\" \/>\n<link rel=\"canonical\" href=\"https:\/\/dignitynews.eu\/pl\/ustawa-zrownujaca-elektroniczny-dowod-osobisty-w-aplikacji-z-tradycyjnym-dokumentem\/\" \/>\n<meta property=\"og:locale\" content=\"pl_PL\" \/>\n<meta property=\"og:type\" content=\"article\" \/>\n<meta property=\"og:title\" content=\"Ustawa zr\u00f3wnuj\u0105ca elektroniczny dow\u00f3d osobisty w aplikacji z tradycyjnym dokumentem\u00a0 - Godno\u015b\u0107 - DignityNews.eu\" \/>\n<meta property=\"og:description\" content=\"Polski rz\u0105d przyj\u0105\u0142 projekt ustawy, wed\u0142ug kt\u00f3rej dow\u00f3d elektroniczny w aplikacji mObywatel b\u0119dzie traktowany na r\u00f3wni z tradycyjnym, plastikowym dokumentem. Informacj\u0119 og\u0142osi\u0142 premier Mateusz Morawiecki na konferencji prasowej po posiedzeniu&hellip;\" \/>\n<meta property=\"og:url\" content=\"https:\/\/dignitynews.eu\/pl\/ustawa-zrownujaca-elektroniczny-dowod-osobisty-w-aplikacji-z-tradycyjnym-dokumentem\/\" \/>\n<meta property=\"og:site_name\" content=\"Godno\u015b\u0107 - DignityNews.eu\" \/>\n<meta property=\"article:published_time\" content=\"2023-03-01T09:09:44+00:00\" \/>\n<meta property=\"article:modified_time\" content=\"2023-03-01T09:11:02+00:00\" \/>\n<meta property=\"og:image\" content=\"https:\/\/dignitynews.eu\/wp-content\/uploads\/2023\/03\/e-dowod-w-aplikacji-fot.-Kancelaria-Prezesa-Rady-Ministrow.jpg\" \/>\n\t<meta property=\"og:image:width\" content=\"1920\" \/>\n\t<meta property=\"og:image:height\" content=\"1280\" \/>\n\t<meta property=\"og:image:type\" content=\"image\/jpeg\" \/>\n<meta name=\"author\" content=\"DignityNews.eu\" \/>\n<meta name=\"twitter:card\" content=\"summary_large_image\" \/>\n<meta name=\"twitter:label1\" content=\"Napisane przez\" \/>\n\t<meta name=\"twitter:data1\" content=\"DignityNews.eu\" \/>\n\t<meta name=\"twitter:label2\" content=\"Szacowany czas czytania\" \/>\n\t<meta name=\"twitter:data2\" content=\"2 minuty\" \/>\n<script type=\"application\/ld+json\" class=\"yoast-schema-graph\">{\"@context\":\"https:\/\/schema.org\",\"@graph\":[{\"@type\":\"WebSite\",\"@id\":\"https:\/\/dignitynews.eu\/pl\/#website\",\"url\":\"https:\/\/dignitynews.eu\/pl\/\",\"name\":\"Godno\u015b\u0107 - DignityNews.eu\",\"description\":\"\",\"potentialAction\":[{\"@type\":\"SearchAction\",\"target\":{\"@type\":\"EntryPoint\",\"urlTemplate\":\"https:\/\/dignitynews.eu\/pl\/?s={search_term_string}\"},\"query-input\":\"required name=search_term_string\"}],\"inLanguage\":\"pl-PL\"},{\"@type\":\"WebPage\",\"@id\":\"https:\/\/dignitynews.eu\/pl\/ustawa-zrownujaca-elektroniczny-dowod-osobisty-w-aplikacji-z-tradycyjnym-dokumentem\/\",\"url\":\"https:\/\/dignitynews.eu\/pl\/ustawa-zrownujaca-elektroniczny-dowod-osobisty-w-aplikacji-z-tradycyjnym-dokumentem\/\",\"name\":\"Ustawa zr\u00f3wnuj\u0105ca elektroniczny dow\u00f3d osobisty w aplikacji z tradycyjnym dokumentem\u00a0 - Godno\u015b\u0107 - DignityNews.eu\",\"isPartOf\":{\"@id\":\"https:\/\/dignitynews.eu\/pl\/#website\"},\"datePublished\":\"2023-03-01T09:09:44+00:00\",\"dateModified\":\"2023-03-01T09:11:02+00:00\",\"author\":{\"@id\":\"https:\/\/dignitynews.eu\/pl\/#\/schema\/person\/4d8f570a0fd5c310685d78d9e520982c\"},\"breadcrumb\":{\"@id\":\"https:\/\/dignitynews.eu\/pl\/ustawa-zrownujaca-elektroniczny-dowod-osobisty-w-aplikacji-z-tradycyjnym-dokumentem\/#breadcrumb\"},\"inLanguage\":\"pl-PL\",\"potentialAction\":[{\"@type\":\"ReadAction\",\"target\":[\"https:\/\/dignitynews.eu\/pl\/ustawa-zrownujaca-elektroniczny-dowod-osobisty-w-aplikacji-z-tradycyjnym-dokumentem\/\"]}]},{\"@type\":\"BreadcrumbList\",\"@id\":\"https:\/\/dignitynews.eu\/pl\/ustawa-zrownujaca-elektroniczny-dowod-osobisty-w-aplikacji-z-tradycyjnym-dokumentem\/#breadcrumb\",\"itemListElement\":[{\"@type\":\"ListItem\",\"position\":1,\"name\":\"Strona g\u0142\u00f3wna\",\"item\":\"https:\/\/dignitynews.eu\/pl\/\"},{\"@type\":\"ListItem\",\"position\":2,\"name\":\"Ustawa zr\u00f3wnuj\u0105ca elektroniczny dow\u00f3d osobisty w aplikacji z tradycyjnym dokumentem\u00a0\"}]},{\"@type\":\"Person\",\"@id\":\"https:\/\/dignitynews.eu\/pl\/#\/schema\/person\/4d8f570a0fd5c310685d78d9e520982c\",\"name\":\"DignityNews.eu\",\"image\":{\"@type\":\"ImageObject\",\"inLanguage\":\"pl-PL\",\"@id\":\"https:\/\/dignitynews.eu\/pl\/#\/schema\/person\/image\/\",\"url\":\"https:\/\/secure.gravatar.com\/avatar\/b9fb3aa3cd2d5d3a6d24e67a6b58bc2980bf0c7f7bd3657a6322b8df227da3d9?s=96&d=mm&r=g\",\"contentUrl\":\"https:\/\/secure.gravatar.com\/avatar\/b9fb3aa3cd2d5d3a6d24e67a6b58bc2980bf0c7f7bd3657a6322b8df227da3d9?s=96&d=mm&r=g\",\"caption\":\"DignityNews.eu\"},\"sameAs\":[\"aleksandra\"],\"url\":\"https:\/\/dignitynews.eu\/pl\/author\/aleksandra\/\"}]}<\/script>\n<!-- \/ Yoast SEO plugin. -->","yoast_head_json":{"title":"Ustawa zr\u00f3wnuj\u0105ca elektroniczny dow\u00f3d osobisty w aplikacji z tradycyjnym dokumentem\u00a0 - Godno\u015b\u0107 - DignityNews.eu","robots":{"index":"index","follow":"follow","max-snippet":"max-snippet:-1","max-image-preview":"max-image-preview:large","max-video-preview":"max-video-preview:-1"},"canonical":"https:\/\/dignitynews.eu\/pl\/ustawa-zrownujaca-elektroniczny-dowod-osobisty-w-aplikacji-z-tradycyjnym-dokumentem\/","og_locale":"pl_PL","og_type":"article","og_title":"Ustawa zr\u00f3wnuj\u0105ca elektroniczny dow\u00f3d osobisty w aplikacji z tradycyjnym dokumentem\u00a0 - Godno\u015b\u0107 - DignityNews.eu","og_description":"Polski rz\u0105d przyj\u0105\u0142 projekt ustawy, wed\u0142ug kt\u00f3rej dow\u00f3d elektroniczny w aplikacji mObywatel b\u0119dzie traktowany na r\u00f3wni z tradycyjnym, plastikowym dokumentem. Informacj\u0119 og\u0142osi\u0142 premier Mateusz Morawiecki na konferencji prasowej po posiedzeniu&hellip;","og_url":"https:\/\/dignitynews.eu\/pl\/ustawa-zrownujaca-elektroniczny-dowod-osobisty-w-aplikacji-z-tradycyjnym-dokumentem\/","og_site_name":"Godno\u015b\u0107 - DignityNews.eu","article_published_time":"2023-03-01T09:09:44+00:00","article_modified_time":"2023-03-01T09:11:02+00:00","og_image":[{"width":1920,"height":1280,"url":"https:\/\/dignitynews.eu\/wp-content\/uploads\/2023\/03\/e-dowod-w-aplikacji-fot.-Kancelaria-Prezesa-Rady-Ministrow.jpg","type":"image\/jpeg"}],"author":"DignityNews.eu","twitter_card":"summary_large_image","twitter_misc":{"Napisane przez":"DignityNews.eu","Szacowany czas czytania":"2 minuty"},"schema":{"@context":"https:\/\/schema.org","@graph":[{"@type":"WebSite","@id":"https:\/\/dignitynews.eu\/pl\/#website","url":"https:\/\/dignitynews.eu\/pl\/","name":"Godno\u015b\u0107 - DignityNews.eu","description":"","potentialAction":[{"@type":"SearchAction","target":{"@type":"EntryPoint","urlTemplate":"https:\/\/dignitynews.eu\/pl\/?s={search_term_string}"},"query-input":"required name=search_term_string"}],"inLanguage":"pl-PL"},{"@type":"WebPage","@id":"https:\/\/dignitynews.eu\/pl\/ustawa-zrownujaca-elektroniczny-dowod-osobisty-w-aplikacji-z-tradycyjnym-dokumentem\/","url":"https:\/\/dignitynews.eu\/pl\/ustawa-zrownujaca-elektroniczny-dowod-osobisty-w-aplikacji-z-tradycyjnym-dokumentem\/","name":"Ustawa zr\u00f3wnuj\u0105ca elektroniczny dow\u00f3d osobisty w aplikacji z tradycyjnym dokumentem\u00a0 - Godno\u015b\u0107 - DignityNews.eu","isPartOf":{"@id":"https:\/\/dignitynews.eu\/pl\/#website"},"datePublished":"2023-03-01T09:09:44+00:00","dateModified":"2023-03-01T09:11:02+00:00","author":{"@id":"https:\/\/dignitynews.eu\/pl\/#\/schema\/person\/4d8f570a0fd5c310685d78d9e520982c"},"breadcrumb":{"@id":"https:\/\/dignitynews.eu\/pl\/ustawa-zrownujaca-elektroniczny-dowod-osobisty-w-aplikacji-z-tradycyjnym-dokumentem\/#breadcrumb"},"inLanguage":"pl-PL","potentialAction":[{"@type":"ReadAction","target":["https:\/\/dignitynews.eu\/pl\/ustawa-zrownujaca-elektroniczny-dowod-osobisty-w-aplikacji-z-tradycyjnym-dokumentem\/"]}]},{"@type":"BreadcrumbList","@id":"https:\/\/dignitynews.eu\/pl\/ustawa-zrownujaca-elektroniczny-dowod-osobisty-w-aplikacji-z-tradycyjnym-dokumentem\/#breadcrumb","itemListElement":[{"@type":"ListItem","position":1,"name":"Strona g\u0142\u00f3wna","item":"https:\/\/dignitynews.eu\/pl\/"},{"@type":"ListItem","position":2,"name":"Ustawa zr\u00f3wnuj\u0105ca elektroniczny dow\u00f3d osobisty w aplikacji z tradycyjnym dokumentem\u00a0"}]},{"@type":"Person","@id":"https:\/\/dignitynews.eu\/pl\/#\/schema\/person\/4d8f570a0fd5c310685d78d9e520982c","name":"DignityNews.eu","image":{"@type":"ImageObject","inLanguage":"pl-PL","@id":"https:\/\/dignitynews.eu\/pl\/#\/schema\/person\/image\/","url":"https:\/\/secure.gravatar.com\/avatar\/b9fb3aa3cd2d5d3a6d24e67a6b58bc2980bf0c7f7bd3657a6322b8df227da3d9?s=96&d=mm&r=g","contentUrl":"https:\/\/secure.gravatar.com\/avatar\/b9fb3aa3cd2d5d3a6d24e67a6b58bc2980bf0c7f7bd3657a6322b8df227da3d9?s=96&d=mm&r=g","caption":"DignityNews.eu"},"sameAs":["aleksandra"],"url":"https:\/\/dignitynews.eu\/pl\/author\/aleksandra\/"}]}},"_links":{"self":[{"href":"https:\/\/dignitynews.eu\/pl\/wp-json\/wp\/v2\/posts\/42065","targetHints":{"allow":["GET"]}}],"collection":[{"href":"https:\/\/dignitynews.eu\/pl\/wp-json\/wp\/v2\/posts"}],"about":[{"href":"https:\/\/dignitynews.eu\/pl\/wp-json\/wp\/v2\/types\/post"}],"author":[{"embeddable":true,"href":"https:\/\/dignitynews.eu\/pl\/wp-json\/wp\/v2\/users\/3"}],"replies":[{"embeddable":true,"href":"https:\/\/dignitynews.eu\/pl\/wp-json\/wp\/v2\/comments?post=42065"}],"version-history":[{"count":1,"href":"https:\/\/dignitynews.eu\/pl\/wp-json\/wp\/v2\/posts\/42065\/revisions"}],"predecessor-version":[{"id":42071,"href":"https:\/\/dignitynews.eu\/pl\/wp-json\/wp\/v2\/posts\/42065\/revisions\/42071"}],"wp:featuredmedia":[{"embeddable":true,"href":"https:\/\/dignitynews.eu\/pl\/wp-json\/wp\/v2\/media\/42066"}],"wp:attachment":[{"href":"https:\/\/dignitynews.eu\/pl\/wp-json\/wp\/v2\/media?parent=42065"}],"wp:term":[{"taxonomy":"category","embeddable":true,"href":"https:\/\/dignitynews.eu\/pl\/wp-json\/wp\/v2\/categories?post=42065"},{"taxonomy":"post_tag","embeddable":true,"href":"https:\/\/dignitynews.eu\/pl\/wp-json\/wp\/v2\/tags?post=42065"}],"curies":[{"name":"wp","href":"https:\/\/api.w.org\/{rel}","templated":true}]}}