{"id":41216,"date":"2023-02-20T09:03:41","date_gmt":"2023-02-20T08:03:41","guid":{"rendered":"https:\/\/dignitynews.eu\/?p=41216"},"modified":"2023-02-20T09:03:41","modified_gmt":"2023-02-20T08:03:41","slug":"ambasador-polski-przy-onz-mowimy-wlasnym-glosem-i-dlatego-jestesmy-liderem-i-partnerem-dla-usa","status":"publish","type":"post","link":"https:\/\/dignitynews.eu\/pl\/ambasador-polski-przy-onz-mowimy-wlasnym-glosem-i-dlatego-jestesmy-liderem-i-partnerem-dla-usa\/","title":{"rendered":"Ambasador Polski przy ONZ: M\u00f3wimy w\u0142asnym g\u0142osem i dlatego jeste\u015bmy liderem i partnerem dla USA"},"content":{"rendered":"<p><b>Polacy mieli od pocz\u0105tku racj\u0119 w sprawie Rosji. Zareagowali\u015bmy odpowiednio na agresj\u0119 i pokazali\u015bmy solidarno\u015b\u0107 wobec uchod\u017ac\u00f3w. To fenomen, kt\u00f3ry zapisa\u0142 si\u0119 w historii polityki mi\u0119dzynarodowej \u2013 powiedzia\u0142 Krzysztof Szczerski, ambasador Polski przy ONZ, w audycji Sygna\u0142y Dnia na antenie Programu 1 Polskiego Radia.<\/b><\/p>\n<p><span style=\"font-weight: 400;\">Polska dzi\u015b jest wzorem, my\u015bli samodzielnie i mobilizuje inne kraje, bo ta wojna powinna si\u0119 zako\u0144czy\u0107 kl\u0119sk\u0105 rosyjskiego imperializmu. M\u00f3wimy w\u0142asnym g\u0142osem i dlatego jeste\u015bmy liderem i partnerem dla USA. To za nami pod\u0105\u017caj\u0105 inni \u2013 doda\u0142 Szczerski.<\/span><\/p>\n<p><span style=\"font-weight: 400;\">Go\u015b\u0107 Polskiego Radia przyzna\u0142, \u017ce &#8222;by\u0142y czasy, kiedy byli\u015bmy papug\u0105 innych narod\u00f3w i s\u0105 teraz czasy, kiedy m\u00f3wimy w\u0142asnym g\u0142osem&#8221;. &#8211; To Polska samodzielna jest bardziej interesuj\u0105ca dla innych, to w\u0142asne zdanie buduje nasz\u0105 pozycj\u0119 na \u015bwiecie \u2013 przekonywa\u0142 ambasador Polski przy ONZ, t\u0142umacz\u0105c powody, dla kt\u00f3rych Joe Biden wybra\u0142 Warszaw\u0119 jako miejsce wizyty przypadaj\u0105cej w pierwsz\u0105 rocznic\u0119 inwazji Rosji na Ukrain\u0119.<\/span><\/p>\n<p><span style=\"font-weight: 400;\">Prezydent USA Joe Biden we wtorek 21 lutego po po\u0142udniu w Warszawie, w Arkadach Kubickiego w ogrodach Zamku Kr\u00f3lewskiego, wyg\u0142osi przem\u00f3wienie do narodu polskiego. Podczas wizyty Bidena zaplanowane jest spotkanie z prezydentem Andrzejem Dud\u0105, a tak\u017ce &#8211; w \u015brod\u0119 22 lutego &#8211; jego udzia\u0142 w szczycie Bukareszte\u0144skiej Dziewi\u0105tki, gdzie mowa b\u0119dzie o dalszym wsparciu Ukrainy.<\/span><\/p>\n<p><span style=\"font-weight: 400;\">Analitycy zagraniczni zwracaj\u0105 uwag\u0119 na rosn\u0105c\u0105 pozycj\u0119 Polski a tak\u017ce ca\u0142ej flanki wschodniej. Tu szczeg\u00f3lnie wa\u017cny wydaje si\u0119 by\u0107 format B-9. Nale\u017c\u0105ce do niego kraje k\u0142ad\u0105 szczeg\u00f3lny nacisk na zwi\u0119kszenie obecno\u015bci wojsk USA w \u015brodkowo-wschodniej Europie i gwarancj\u0119 szybszej reakcji NATO na wypadek zagro\u017cenia.\u00a0<\/span><\/p>\n<p><span style=\"font-weight: 400;\">W ostatnich dniach ro\u015bnie presja na administracj\u0119 Bidena, aby\u00a0zapewni\u0107 Ukrainie my\u015bliwce F-16. Premier Mateusz Morawiecki w weekendowym wywiadzie dla CBS &#8222;Face the Nation with Margaret Brennan&#8221; powiedzia\u0142, \u017ce wierzy, i\u017c w ko\u0144cu pojawi\u0105 si\u0119 my\u015bliwce z Zachodu \u2013 podobnie jak w przypadku innych zaawansowanych broni, kt\u00f3rych dostarczenie Ukrainie by\u0142o niewyobra\u017calne, gdy rozpocz\u0119\u0142a si\u0119 wojna.<\/span><\/p>\n<p><span style=\"font-weight: 400;\">Adrian Andrzejewski<\/span><\/p>\n","protected":false},"excerpt":{"rendered":"<p>Polacy mieli od pocz\u0105tku racj\u0119 w sprawie Rosji. Zareagowali\u015bmy odpowiednio na agresj\u0119 i pokazali\u015bmy solidarno\u015b\u0107 wobec uchod\u017ac\u00f3w. To fenomen, kt\u00f3ry zapisa\u0142 si\u0119 w historii polityki mi\u0119dzynarodowej \u2013 powiedzia\u0142 Krzysztof Szczerski,&hellip;<\/p>\n","protected":false},"author":3,"featured_media":41217,"comment_status":"closed","ping_status":"open","sticky":false,"template":"","format":"standard","meta":{"_mi_skip_tracking":false,"footnotes":""},"categories":[47],"tags":[],"class_list":["post-41216","post","type-post","status-publish","format-standard","has-post-thumbnail","hentry","category-wydarzenia"],"yoast_head":"<!-- This site is optimized with the Yoast SEO plugin v19.4 - https:\/\/yoast.com\/wordpress\/plugins\/seo\/ -->\n<title>Ambasador Polski przy ONZ: M\u00f3wimy w\u0142asnym g\u0142osem i dlatego jeste\u015bmy liderem i partnerem dla USA - Godno\u015b\u0107 - DignityNews.eu<\/title>\n<meta name=\"robots\" content=\"index, follow, max-snippet:-1, max-image-preview:large, max-video-preview:-1\" \/>\n<link rel=\"canonical\" href=\"https:\/\/dignitynews.eu\/pl\/ambasador-polski-przy-onz-mowimy-wlasnym-glosem-i-dlatego-jestesmy-liderem-i-partnerem-dla-usa\/\" \/>\n<meta property=\"og:locale\" content=\"pl_PL\" \/>\n<meta property=\"og:type\" content=\"article\" \/>\n<meta property=\"og:title\" content=\"Ambasador Polski przy ONZ: M\u00f3wimy w\u0142asnym g\u0142osem i dlatego jeste\u015bmy liderem i partnerem dla USA - Godno\u015b\u0107 - DignityNews.eu\" \/>\n<meta property=\"og:description\" content=\"Polacy mieli od pocz\u0105tku racj\u0119 w sprawie Rosji. Zareagowali\u015bmy odpowiednio na agresj\u0119 i pokazali\u015bmy solidarno\u015b\u0107 wobec uchod\u017ac\u00f3w. To fenomen, kt\u00f3ry zapisa\u0142 si\u0119 w historii polityki mi\u0119dzynarodowej \u2013 powiedzia\u0142 Krzysztof Szczerski,&hellip;\" \/>\n<meta property=\"og:url\" content=\"https:\/\/dignitynews.eu\/pl\/ambasador-polski-przy-onz-mowimy-wlasnym-glosem-i-dlatego-jestesmy-liderem-i-partnerem-dla-usa\/\" \/>\n<meta property=\"og:site_name\" content=\"Godno\u015b\u0107 - DignityNews.eu\" \/>\n<meta property=\"article:published_time\" content=\"2023-02-20T08:03:41+00:00\" \/>\n<meta property=\"og:image\" content=\"https:\/\/dignitynews.eu\/wp-content\/uploads\/2023\/02\/Ambasador-Krzysztof-Szczerski-fot.-Michael-M.-Santiago-Getty-AFP-East-News.jpg\" \/>\n\t<meta property=\"og:image:width\" content=\"1500\" \/>\n\t<meta property=\"og:image:height\" content=\"1000\" \/>\n\t<meta property=\"og:image:type\" content=\"image\/jpeg\" \/>\n<meta name=\"author\" content=\"DignityNews.eu\" \/>\n<meta name=\"twitter:card\" content=\"summary_large_image\" \/>\n<meta name=\"twitter:label1\" content=\"Napisane przez\" \/>\n\t<meta name=\"twitter:data1\" content=\"DignityNews.eu\" \/>\n\t<meta name=\"twitter:label2\" content=\"Szacowany czas czytania\" \/>\n\t<meta name=\"twitter:data2\" content=\"2 minuty\" \/>\n<script type=\"application\/ld+json\" class=\"yoast-schema-graph\">{\"@context\":\"https:\/\/schema.org\",\"@graph\":[{\"@type\":\"WebSite\",\"@id\":\"https:\/\/dignitynews.eu\/pl\/#website\",\"url\":\"https:\/\/dignitynews.eu\/pl\/\",\"name\":\"Godno\u015b\u0107 - DignityNews.eu\",\"description\":\"\",\"potentialAction\":[{\"@type\":\"SearchAction\",\"target\":{\"@type\":\"EntryPoint\",\"urlTemplate\":\"https:\/\/dignitynews.eu\/pl\/?s={search_term_string}\"},\"query-input\":\"required name=search_term_string\"}],\"inLanguage\":\"pl-PL\"},{\"@type\":\"WebPage\",\"@id\":\"https:\/\/dignitynews.eu\/pl\/ambasador-polski-przy-onz-mowimy-wlasnym-glosem-i-dlatego-jestesmy-liderem-i-partnerem-dla-usa\/\",\"url\":\"https:\/\/dignitynews.eu\/pl\/ambasador-polski-przy-onz-mowimy-wlasnym-glosem-i-dlatego-jestesmy-liderem-i-partnerem-dla-usa\/\",\"name\":\"Ambasador Polski przy ONZ: M\u00f3wimy w\u0142asnym g\u0142osem i dlatego jeste\u015bmy liderem i partnerem dla USA - Godno\u015b\u0107 - DignityNews.eu\",\"isPartOf\":{\"@id\":\"https:\/\/dignitynews.eu\/pl\/#website\"},\"datePublished\":\"2023-02-20T08:03:41+00:00\",\"dateModified\":\"2023-02-20T08:03:41+00:00\",\"author\":{\"@id\":\"https:\/\/dignitynews.eu\/pl\/#\/schema\/person\/4d8f570a0fd5c310685d78d9e520982c\"},\"breadcrumb\":{\"@id\":\"https:\/\/dignitynews.eu\/pl\/ambasador-polski-przy-onz-mowimy-wlasnym-glosem-i-dlatego-jestesmy-liderem-i-partnerem-dla-usa\/#breadcrumb\"},\"inLanguage\":\"pl-PL\",\"potentialAction\":[{\"@type\":\"ReadAction\",\"target\":[\"https:\/\/dignitynews.eu\/pl\/ambasador-polski-przy-onz-mowimy-wlasnym-glosem-i-dlatego-jestesmy-liderem-i-partnerem-dla-usa\/\"]}]},{\"@type\":\"BreadcrumbList\",\"@id\":\"https:\/\/dignitynews.eu\/pl\/ambasador-polski-przy-onz-mowimy-wlasnym-glosem-i-dlatego-jestesmy-liderem-i-partnerem-dla-usa\/#breadcrumb\",\"itemListElement\":[{\"@type\":\"ListItem\",\"position\":1,\"name\":\"Strona g\u0142\u00f3wna\",\"item\":\"https:\/\/dignitynews.eu\/pl\/\"},{\"@type\":\"ListItem\",\"position\":2,\"name\":\"Ambasador Polski przy ONZ: M\u00f3wimy w\u0142asnym g\u0142osem i dlatego jeste\u015bmy liderem i partnerem dla USA\"}]},{\"@type\":\"Person\",\"@id\":\"https:\/\/dignitynews.eu\/pl\/#\/schema\/person\/4d8f570a0fd5c310685d78d9e520982c\",\"name\":\"DignityNews.eu\",\"image\":{\"@type\":\"ImageObject\",\"inLanguage\":\"pl-PL\",\"@id\":\"https:\/\/dignitynews.eu\/pl\/#\/schema\/person\/image\/\",\"url\":\"https:\/\/secure.gravatar.com\/avatar\/b9fb3aa3cd2d5d3a6d24e67a6b58bc2980bf0c7f7bd3657a6322b8df227da3d9?s=96&d=mm&r=g\",\"contentUrl\":\"https:\/\/secure.gravatar.com\/avatar\/b9fb3aa3cd2d5d3a6d24e67a6b58bc2980bf0c7f7bd3657a6322b8df227da3d9?s=96&d=mm&r=g\",\"caption\":\"DignityNews.eu\"},\"sameAs\":[\"aleksandra\"],\"url\":\"https:\/\/dignitynews.eu\/pl\/author\/aleksandra\/\"}]}<\/script>\n<!-- \/ Yoast SEO plugin. -->","yoast_head_json":{"title":"Ambasador Polski przy ONZ: M\u00f3wimy w\u0142asnym g\u0142osem i dlatego jeste\u015bmy liderem i partnerem dla USA - Godno\u015b\u0107 - DignityNews.eu","robots":{"index":"index","follow":"follow","max-snippet":"max-snippet:-1","max-image-preview":"max-image-preview:large","max-video-preview":"max-video-preview:-1"},"canonical":"https:\/\/dignitynews.eu\/pl\/ambasador-polski-przy-onz-mowimy-wlasnym-glosem-i-dlatego-jestesmy-liderem-i-partnerem-dla-usa\/","og_locale":"pl_PL","og_type":"article","og_title":"Ambasador Polski przy ONZ: M\u00f3wimy w\u0142asnym g\u0142osem i dlatego jeste\u015bmy liderem i partnerem dla USA - Godno\u015b\u0107 - DignityNews.eu","og_description":"Polacy mieli od pocz\u0105tku racj\u0119 w sprawie Rosji. Zareagowali\u015bmy odpowiednio na agresj\u0119 i pokazali\u015bmy solidarno\u015b\u0107 wobec uchod\u017ac\u00f3w. To fenomen, kt\u00f3ry zapisa\u0142 si\u0119 w historii polityki mi\u0119dzynarodowej \u2013 powiedzia\u0142 Krzysztof Szczerski,&hellip;","og_url":"https:\/\/dignitynews.eu\/pl\/ambasador-polski-przy-onz-mowimy-wlasnym-glosem-i-dlatego-jestesmy-liderem-i-partnerem-dla-usa\/","og_site_name":"Godno\u015b\u0107 - DignityNews.eu","article_published_time":"2023-02-20T08:03:41+00:00","og_image":[{"width":1500,"height":1000,"url":"https:\/\/dignitynews.eu\/wp-content\/uploads\/2023\/02\/Ambasador-Krzysztof-Szczerski-fot.-Michael-M.-Santiago-Getty-AFP-East-News.jpg","type":"image\/jpeg"}],"author":"DignityNews.eu","twitter_card":"summary_large_image","twitter_misc":{"Napisane przez":"DignityNews.eu","Szacowany czas czytania":"2 minuty"},"schema":{"@context":"https:\/\/schema.org","@graph":[{"@type":"WebSite","@id":"https:\/\/dignitynews.eu\/pl\/#website","url":"https:\/\/dignitynews.eu\/pl\/","name":"Godno\u015b\u0107 - DignityNews.eu","description":"","potentialAction":[{"@type":"SearchAction","target":{"@type":"EntryPoint","urlTemplate":"https:\/\/dignitynews.eu\/pl\/?s={search_term_string}"},"query-input":"required name=search_term_string"}],"inLanguage":"pl-PL"},{"@type":"WebPage","@id":"https:\/\/dignitynews.eu\/pl\/ambasador-polski-przy-onz-mowimy-wlasnym-glosem-i-dlatego-jestesmy-liderem-i-partnerem-dla-usa\/","url":"https:\/\/dignitynews.eu\/pl\/ambasador-polski-przy-onz-mowimy-wlasnym-glosem-i-dlatego-jestesmy-liderem-i-partnerem-dla-usa\/","name":"Ambasador Polski przy ONZ: M\u00f3wimy w\u0142asnym g\u0142osem i dlatego jeste\u015bmy liderem i partnerem dla USA - Godno\u015b\u0107 - DignityNews.eu","isPartOf":{"@id":"https:\/\/dignitynews.eu\/pl\/#website"},"datePublished":"2023-02-20T08:03:41+00:00","dateModified":"2023-02-20T08:03:41+00:00","author":{"@id":"https:\/\/dignitynews.eu\/pl\/#\/schema\/person\/4d8f570a0fd5c310685d78d9e520982c"},"breadcrumb":{"@id":"https:\/\/dignitynews.eu\/pl\/ambasador-polski-przy-onz-mowimy-wlasnym-glosem-i-dlatego-jestesmy-liderem-i-partnerem-dla-usa\/#breadcrumb"},"inLanguage":"pl-PL","potentialAction":[{"@type":"ReadAction","target":["https:\/\/dignitynews.eu\/pl\/ambasador-polski-przy-onz-mowimy-wlasnym-glosem-i-dlatego-jestesmy-liderem-i-partnerem-dla-usa\/"]}]},{"@type":"BreadcrumbList","@id":"https:\/\/dignitynews.eu\/pl\/ambasador-polski-przy-onz-mowimy-wlasnym-glosem-i-dlatego-jestesmy-liderem-i-partnerem-dla-usa\/#breadcrumb","itemListElement":[{"@type":"ListItem","position":1,"name":"Strona g\u0142\u00f3wna","item":"https:\/\/dignitynews.eu\/pl\/"},{"@type":"ListItem","position":2,"name":"Ambasador Polski przy ONZ: M\u00f3wimy w\u0142asnym g\u0142osem i dlatego jeste\u015bmy liderem i partnerem dla USA"}]},{"@type":"Person","@id":"https:\/\/dignitynews.eu\/pl\/#\/schema\/person\/4d8f570a0fd5c310685d78d9e520982c","name":"DignityNews.eu","image":{"@type":"ImageObject","inLanguage":"pl-PL","@id":"https:\/\/dignitynews.eu\/pl\/#\/schema\/person\/image\/","url":"https:\/\/secure.gravatar.com\/avatar\/b9fb3aa3cd2d5d3a6d24e67a6b58bc2980bf0c7f7bd3657a6322b8df227da3d9?s=96&d=mm&r=g","contentUrl":"https:\/\/secure.gravatar.com\/avatar\/b9fb3aa3cd2d5d3a6d24e67a6b58bc2980bf0c7f7bd3657a6322b8df227da3d9?s=96&d=mm&r=g","caption":"DignityNews.eu"},"sameAs":["aleksandra"],"url":"https:\/\/dignitynews.eu\/pl\/author\/aleksandra\/"}]}},"_links":{"self":[{"href":"https:\/\/dignitynews.eu\/pl\/wp-json\/wp\/v2\/posts\/41216","targetHints":{"allow":["GET"]}}],"collection":[{"href":"https:\/\/dignitynews.eu\/pl\/wp-json\/wp\/v2\/posts"}],"about":[{"href":"https:\/\/dignitynews.eu\/pl\/wp-json\/wp\/v2\/types\/post"}],"author":[{"embeddable":true,"href":"https:\/\/dignitynews.eu\/pl\/wp-json\/wp\/v2\/users\/3"}],"replies":[{"embeddable":true,"href":"https:\/\/dignitynews.eu\/pl\/wp-json\/wp\/v2\/comments?post=41216"}],"version-history":[{"count":1,"href":"https:\/\/dignitynews.eu\/pl\/wp-json\/wp\/v2\/posts\/41216\/revisions"}],"predecessor-version":[{"id":41222,"href":"https:\/\/dignitynews.eu\/pl\/wp-json\/wp\/v2\/posts\/41216\/revisions\/41222"}],"wp:featuredmedia":[{"embeddable":true,"href":"https:\/\/dignitynews.eu\/pl\/wp-json\/wp\/v2\/media\/41217"}],"wp:attachment":[{"href":"https:\/\/dignitynews.eu\/pl\/wp-json\/wp\/v2\/media?parent=41216"}],"wp:term":[{"taxonomy":"category","embeddable":true,"href":"https:\/\/dignitynews.eu\/pl\/wp-json\/wp\/v2\/categories?post=41216"},{"taxonomy":"post_tag","embeddable":true,"href":"https:\/\/dignitynews.eu\/pl\/wp-json\/wp\/v2\/tags?post=41216"}],"curies":[{"name":"wp","href":"https:\/\/api.w.org\/{rel}","templated":true}]}}