{"id":38915,"date":"2023-01-24T09:12:07","date_gmt":"2023-01-24T08:12:07","guid":{"rendered":"https:\/\/dignitynews.eu\/?p=38915"},"modified":"2023-01-24T11:40:57","modified_gmt":"2023-01-24T10:40:57","slug":"srebra-z-funduszu-obrony-narodowej-trafily-do-zbiorow-muzeum-narodowego-w-poznaniu","status":"publish","type":"post","link":"https:\/\/dignitynews.eu\/pl\/srebra-z-funduszu-obrony-narodowej-trafily-do-zbiorow-muzeum-narodowego-w-poznaniu\/","title":{"rendered":"Srebra z Funduszu Obrony Narodowej trafi\u0142y do zbior\u00f3w Muzeum Narodowego w Poznaniu"},"content":{"rendered":"<p><span style=\"font-weight: 400;\">Srebra z Funduszu Obrony Narodowej trafi\u0142y do zbior\u00f3w Muzeum Narodowego w Poznaniu. W uroczysto\u015bci przekazania eksponat\u00f3w uczestniczy\u0142 premier Mateusz Morawiecki oraz ministrowie: obrony narodowej Mariusz B\u0142aszczak; kultury i dziedzictwa narodowego Piotr Gli\u0144ski, a tak\u017ce minister ds. Unii Europejskiej Szymon Szynkowski vel S\u0119k.<\/span><\/p>\n<p><span style=\"font-weight: 400;\">Fundusz Obrony Narodowej zosta\u0142 utworzony dekretem Prezydenta RP Ignacego Mo\u015bcickiego. Mia\u0142 za zadanie pozyska\u0107 drog\u0105 sk\u0142adki spo\u0142ecznej, dodatkowe \u015brodki na dozbrojenie armii w obliczu zagro\u017cenia przez hitlerowskie Niemcy.<\/span><\/p>\n<p><span style=\"font-weight: 400;\">&#8211; Bardzo wiele tych wspania\u0142ych przedmiot\u00f3w nie mog\u0142o by\u0107 wykorzystanych w celu, do kt\u00f3rego zosta\u0142y przekazane. Czyli na rzecz wzmocnienia obrony narodowej, poniewa\u017c wojna zaskoczy\u0142a do pewnego stopnia Polsk\u0119 i ca\u0142\u0105 Europ\u0119 &#8211; m\u00f3wi\u0142 Mateusz Morawiecki.<\/span><\/p>\n<p><span style=\"font-weight: 400;\">Do wybuchu II wojny \u015bwiatowej Fundusz zgromadzi\u0142 oko\u0142o 1 mld z\u0142otych. \u015arodki w walucie wydano na bro\u0144 dla \u017co\u0142nierzy, przedmioty wykonane ze srebra i z\u0142ota ewakuowano. W ambasadzie w Bukareszcie podzielono je na cz\u0119\u015b\u0107 \u201esrebrn\u0105\u201d i \u201ez\u0142ot\u0105\u201d. Z\u0142oto przekazano do dyspozycji rz\u0105du gen. W\u0142adys\u0142awa Sikorskiego, srebra przewieziono z Rumunii do Francji, gdzie przetrwa\u0142y II wojn\u0119 \u015bwiatow\u0105.<\/span><\/p>\n<p><span style=\"font-weight: 400;\">\u00a0\u201eSrebrny\u201d Fundusz Obrony Narodowej Polska odzyska\u0142a w 1976 r. W latach 1978-1988 zesp\u00f3\u0142 pracownik\u00f3w Muzeum Narodowego w Poznaniu zinwentaryzowa\u0142 ponad 18 000 przedmiot\u00f3w. Z tego wzgl\u0119du, a tak\u017ce dla symbolicznego wyr\u00f3wnania wojennych strat w zbiorach, decyzj\u0105 dysponenta skarbu Ministerstwa Kultury i Sztuki, Muzeum otrzyma\u0142o na w\u0142asno\u015b\u0107 1840 obiekt\u00f3w.<\/span><\/p>\n<p><span style=\"font-weight: 400;\">&#8211; Niech te precjoza przekazane do Funduszu Obrony Narodowej b\u0119d\u0105 wspania\u0142ym symbolem gotowo\u015bci do obrony ojczyzny. Tak jak one s\u0105 po dzie\u0144 dzisiejszy symbolem chwa\u0142y narodu polskiego, tak niech arsena\u0142 wojskowy dzisiaj w r\u00f3\u017cnych cz\u0119\u015bciach Europy nie b\u0119dzie symbolem wstydu dla innych, bo on musi s\u0142u\u017cy\u0107 wsp\u00f3\u0142czesnym, dzisiejszym celom wolno\u015bci &#8211; o\u015bwiadczy\u0142 szef polskiego rz\u0105du.<\/span><\/p>\n<p><span style=\"font-weight: 400;\">Arkadiusz S\u0142omczy\u0144ski<\/span><\/p>\n","protected":false},"excerpt":{"rendered":"<p>Srebra z Funduszu Obrony Narodowej trafi\u0142y do zbior\u00f3w Muzeum Narodowego w Poznaniu. W uroczysto\u015bci przekazania eksponat\u00f3w uczestniczy\u0142 premier Mateusz Morawiecki oraz ministrowie: obrony narodowej Mariusz B\u0142aszczak; kultury i dziedzictwa narodowego&hellip;<\/p>\n","protected":false},"author":3,"featured_media":38917,"comment_status":"closed","ping_status":"open","sticky":false,"template":"","format":"standard","meta":{"_mi_skip_tracking":false,"footnotes":""},"categories":[50],"tags":[],"class_list":["post-38915","post","type-post","status-publish","format-standard","has-post-thumbnail","hentry","category-kultura"],"yoast_head":"<!-- This site is optimized with the Yoast SEO plugin v19.4 - https:\/\/yoast.com\/wordpress\/plugins\/seo\/ -->\n<title>Srebra z Funduszu Obrony Narodowej trafi\u0142y do zbior\u00f3w Muzeum Narodowego w Poznaniu - Godno\u015b\u0107 - DignityNews.eu<\/title>\n<meta name=\"robots\" content=\"index, follow, max-snippet:-1, max-image-preview:large, max-video-preview:-1\" \/>\n<link rel=\"canonical\" href=\"https:\/\/dignitynews.eu\/pl\/srebra-z-funduszu-obrony-narodowej-trafily-do-zbiorow-muzeum-narodowego-w-poznaniu\/\" \/>\n<meta property=\"og:locale\" content=\"pl_PL\" \/>\n<meta property=\"og:type\" content=\"article\" \/>\n<meta property=\"og:title\" content=\"Srebra z Funduszu Obrony Narodowej trafi\u0142y do zbior\u00f3w Muzeum Narodowego w Poznaniu - Godno\u015b\u0107 - DignityNews.eu\" \/>\n<meta property=\"og:description\" content=\"Srebra z Funduszu Obrony Narodowej trafi\u0142y do zbior\u00f3w Muzeum Narodowego w Poznaniu. W uroczysto\u015bci przekazania eksponat\u00f3w uczestniczy\u0142 premier Mateusz Morawiecki oraz ministrowie: obrony narodowej Mariusz B\u0142aszczak; kultury i dziedzictwa narodowego&hellip;\" \/>\n<meta property=\"og:url\" content=\"https:\/\/dignitynews.eu\/pl\/srebra-z-funduszu-obrony-narodowej-trafily-do-zbiorow-muzeum-narodowego-w-poznaniu\/\" \/>\n<meta property=\"og:site_name\" content=\"Godno\u015b\u0107 - DignityNews.eu\" \/>\n<meta property=\"article:published_time\" content=\"2023-01-24T08:12:07+00:00\" \/>\n<meta property=\"article:modified_time\" content=\"2023-01-24T10:40:57+00:00\" \/>\n<meta property=\"og:image\" content=\"https:\/\/dignitynews.eu\/wp-content\/uploads\/2023\/01\/srebra-z-FON-fot.-Lukasz-Gdak-East-News.jpg\" \/>\n\t<meta property=\"og:image:width\" content=\"1500\" \/>\n\t<meta property=\"og:image:height\" content=\"1029\" \/>\n\t<meta property=\"og:image:type\" content=\"image\/jpeg\" \/>\n<meta name=\"author\" content=\"DignityNews.eu\" \/>\n<meta name=\"twitter:card\" content=\"summary_large_image\" \/>\n<meta name=\"twitter:label1\" content=\"Napisane przez\" \/>\n\t<meta name=\"twitter:data1\" content=\"DignityNews.eu\" \/>\n\t<meta name=\"twitter:label2\" content=\"Szacowany czas czytania\" \/>\n\t<meta name=\"twitter:data2\" content=\"2 minuty\" \/>\n<script type=\"application\/ld+json\" class=\"yoast-schema-graph\">{\"@context\":\"https:\/\/schema.org\",\"@graph\":[{\"@type\":\"WebSite\",\"@id\":\"https:\/\/dignitynews.eu\/pl\/#website\",\"url\":\"https:\/\/dignitynews.eu\/pl\/\",\"name\":\"Godno\u015b\u0107 - DignityNews.eu\",\"description\":\"\",\"potentialAction\":[{\"@type\":\"SearchAction\",\"target\":{\"@type\":\"EntryPoint\",\"urlTemplate\":\"https:\/\/dignitynews.eu\/pl\/?s={search_term_string}\"},\"query-input\":\"required name=search_term_string\"}],\"inLanguage\":\"pl-PL\"},{\"@type\":\"WebPage\",\"@id\":\"https:\/\/dignitynews.eu\/pl\/srebra-z-funduszu-obrony-narodowej-trafily-do-zbiorow-muzeum-narodowego-w-poznaniu\/\",\"url\":\"https:\/\/dignitynews.eu\/pl\/srebra-z-funduszu-obrony-narodowej-trafily-do-zbiorow-muzeum-narodowego-w-poznaniu\/\",\"name\":\"Srebra z Funduszu Obrony Narodowej trafi\u0142y do zbior\u00f3w Muzeum Narodowego w Poznaniu - Godno\u015b\u0107 - DignityNews.eu\",\"isPartOf\":{\"@id\":\"https:\/\/dignitynews.eu\/pl\/#website\"},\"datePublished\":\"2023-01-24T08:12:07+00:00\",\"dateModified\":\"2023-01-24T10:40:57+00:00\",\"author\":{\"@id\":\"https:\/\/dignitynews.eu\/pl\/#\/schema\/person\/4d8f570a0fd5c310685d78d9e520982c\"},\"breadcrumb\":{\"@id\":\"https:\/\/dignitynews.eu\/pl\/srebra-z-funduszu-obrony-narodowej-trafily-do-zbiorow-muzeum-narodowego-w-poznaniu\/#breadcrumb\"},\"inLanguage\":\"pl-PL\",\"potentialAction\":[{\"@type\":\"ReadAction\",\"target\":[\"https:\/\/dignitynews.eu\/pl\/srebra-z-funduszu-obrony-narodowej-trafily-do-zbiorow-muzeum-narodowego-w-poznaniu\/\"]}]},{\"@type\":\"BreadcrumbList\",\"@id\":\"https:\/\/dignitynews.eu\/pl\/srebra-z-funduszu-obrony-narodowej-trafily-do-zbiorow-muzeum-narodowego-w-poznaniu\/#breadcrumb\",\"itemListElement\":[{\"@type\":\"ListItem\",\"position\":1,\"name\":\"Strona g\u0142\u00f3wna\",\"item\":\"https:\/\/dignitynews.eu\/pl\/\"},{\"@type\":\"ListItem\",\"position\":2,\"name\":\"Srebra z Funduszu Obrony Narodowej trafi\u0142y do zbior\u00f3w Muzeum Narodowego w Poznaniu\"}]},{\"@type\":\"Person\",\"@id\":\"https:\/\/dignitynews.eu\/pl\/#\/schema\/person\/4d8f570a0fd5c310685d78d9e520982c\",\"name\":\"DignityNews.eu\",\"image\":{\"@type\":\"ImageObject\",\"inLanguage\":\"pl-PL\",\"@id\":\"https:\/\/dignitynews.eu\/pl\/#\/schema\/person\/image\/\",\"url\":\"https:\/\/secure.gravatar.com\/avatar\/b9fb3aa3cd2d5d3a6d24e67a6b58bc2980bf0c7f7bd3657a6322b8df227da3d9?s=96&d=mm&r=g\",\"contentUrl\":\"https:\/\/secure.gravatar.com\/avatar\/b9fb3aa3cd2d5d3a6d24e67a6b58bc2980bf0c7f7bd3657a6322b8df227da3d9?s=96&d=mm&r=g\",\"caption\":\"DignityNews.eu\"},\"sameAs\":[\"aleksandra\"],\"url\":\"https:\/\/dignitynews.eu\/pl\/author\/aleksandra\/\"}]}<\/script>\n<!-- \/ Yoast SEO plugin. -->","yoast_head_json":{"title":"Srebra z Funduszu Obrony Narodowej trafi\u0142y do zbior\u00f3w Muzeum Narodowego w Poznaniu - Godno\u015b\u0107 - DignityNews.eu","robots":{"index":"index","follow":"follow","max-snippet":"max-snippet:-1","max-image-preview":"max-image-preview:large","max-video-preview":"max-video-preview:-1"},"canonical":"https:\/\/dignitynews.eu\/pl\/srebra-z-funduszu-obrony-narodowej-trafily-do-zbiorow-muzeum-narodowego-w-poznaniu\/","og_locale":"pl_PL","og_type":"article","og_title":"Srebra z Funduszu Obrony Narodowej trafi\u0142y do zbior\u00f3w Muzeum Narodowego w Poznaniu - Godno\u015b\u0107 - DignityNews.eu","og_description":"Srebra z Funduszu Obrony Narodowej trafi\u0142y do zbior\u00f3w Muzeum Narodowego w Poznaniu. W uroczysto\u015bci przekazania eksponat\u00f3w uczestniczy\u0142 premier Mateusz Morawiecki oraz ministrowie: obrony narodowej Mariusz B\u0142aszczak; kultury i dziedzictwa narodowego&hellip;","og_url":"https:\/\/dignitynews.eu\/pl\/srebra-z-funduszu-obrony-narodowej-trafily-do-zbiorow-muzeum-narodowego-w-poznaniu\/","og_site_name":"Godno\u015b\u0107 - DignityNews.eu","article_published_time":"2023-01-24T08:12:07+00:00","article_modified_time":"2023-01-24T10:40:57+00:00","og_image":[{"width":1500,"height":1029,"url":"https:\/\/dignitynews.eu\/wp-content\/uploads\/2023\/01\/srebra-z-FON-fot.-Lukasz-Gdak-East-News.jpg","type":"image\/jpeg"}],"author":"DignityNews.eu","twitter_card":"summary_large_image","twitter_misc":{"Napisane przez":"DignityNews.eu","Szacowany czas czytania":"2 minuty"},"schema":{"@context":"https:\/\/schema.org","@graph":[{"@type":"WebSite","@id":"https:\/\/dignitynews.eu\/pl\/#website","url":"https:\/\/dignitynews.eu\/pl\/","name":"Godno\u015b\u0107 - DignityNews.eu","description":"","potentialAction":[{"@type":"SearchAction","target":{"@type":"EntryPoint","urlTemplate":"https:\/\/dignitynews.eu\/pl\/?s={search_term_string}"},"query-input":"required name=search_term_string"}],"inLanguage":"pl-PL"},{"@type":"WebPage","@id":"https:\/\/dignitynews.eu\/pl\/srebra-z-funduszu-obrony-narodowej-trafily-do-zbiorow-muzeum-narodowego-w-poznaniu\/","url":"https:\/\/dignitynews.eu\/pl\/srebra-z-funduszu-obrony-narodowej-trafily-do-zbiorow-muzeum-narodowego-w-poznaniu\/","name":"Srebra z Funduszu Obrony Narodowej trafi\u0142y do zbior\u00f3w Muzeum Narodowego w Poznaniu - Godno\u015b\u0107 - DignityNews.eu","isPartOf":{"@id":"https:\/\/dignitynews.eu\/pl\/#website"},"datePublished":"2023-01-24T08:12:07+00:00","dateModified":"2023-01-24T10:40:57+00:00","author":{"@id":"https:\/\/dignitynews.eu\/pl\/#\/schema\/person\/4d8f570a0fd5c310685d78d9e520982c"},"breadcrumb":{"@id":"https:\/\/dignitynews.eu\/pl\/srebra-z-funduszu-obrony-narodowej-trafily-do-zbiorow-muzeum-narodowego-w-poznaniu\/#breadcrumb"},"inLanguage":"pl-PL","potentialAction":[{"@type":"ReadAction","target":["https:\/\/dignitynews.eu\/pl\/srebra-z-funduszu-obrony-narodowej-trafily-do-zbiorow-muzeum-narodowego-w-poznaniu\/"]}]},{"@type":"BreadcrumbList","@id":"https:\/\/dignitynews.eu\/pl\/srebra-z-funduszu-obrony-narodowej-trafily-do-zbiorow-muzeum-narodowego-w-poznaniu\/#breadcrumb","itemListElement":[{"@type":"ListItem","position":1,"name":"Strona g\u0142\u00f3wna","item":"https:\/\/dignitynews.eu\/pl\/"},{"@type":"ListItem","position":2,"name":"Srebra z Funduszu Obrony Narodowej trafi\u0142y do zbior\u00f3w Muzeum Narodowego w Poznaniu"}]},{"@type":"Person","@id":"https:\/\/dignitynews.eu\/pl\/#\/schema\/person\/4d8f570a0fd5c310685d78d9e520982c","name":"DignityNews.eu","image":{"@type":"ImageObject","inLanguage":"pl-PL","@id":"https:\/\/dignitynews.eu\/pl\/#\/schema\/person\/image\/","url":"https:\/\/secure.gravatar.com\/avatar\/b9fb3aa3cd2d5d3a6d24e67a6b58bc2980bf0c7f7bd3657a6322b8df227da3d9?s=96&d=mm&r=g","contentUrl":"https:\/\/secure.gravatar.com\/avatar\/b9fb3aa3cd2d5d3a6d24e67a6b58bc2980bf0c7f7bd3657a6322b8df227da3d9?s=96&d=mm&r=g","caption":"DignityNews.eu"},"sameAs":["aleksandra"],"url":"https:\/\/dignitynews.eu\/pl\/author\/aleksandra\/"}]}},"_links":{"self":[{"href":"https:\/\/dignitynews.eu\/pl\/wp-json\/wp\/v2\/posts\/38915","targetHints":{"allow":["GET"]}}],"collection":[{"href":"https:\/\/dignitynews.eu\/pl\/wp-json\/wp\/v2\/posts"}],"about":[{"href":"https:\/\/dignitynews.eu\/pl\/wp-json\/wp\/v2\/types\/post"}],"author":[{"embeddable":true,"href":"https:\/\/dignitynews.eu\/pl\/wp-json\/wp\/v2\/users\/3"}],"replies":[{"embeddable":true,"href":"https:\/\/dignitynews.eu\/pl\/wp-json\/wp\/v2\/comments?post=38915"}],"version-history":[{"count":2,"href":"https:\/\/dignitynews.eu\/pl\/wp-json\/wp\/v2\/posts\/38915\/revisions"}],"predecessor-version":[{"id":38964,"href":"https:\/\/dignitynews.eu\/pl\/wp-json\/wp\/v2\/posts\/38915\/revisions\/38964"}],"wp:featuredmedia":[{"embeddable":true,"href":"https:\/\/dignitynews.eu\/pl\/wp-json\/wp\/v2\/media\/38917"}],"wp:attachment":[{"href":"https:\/\/dignitynews.eu\/pl\/wp-json\/wp\/v2\/media?parent=38915"}],"wp:term":[{"taxonomy":"category","embeddable":true,"href":"https:\/\/dignitynews.eu\/pl\/wp-json\/wp\/v2\/categories?post=38915"},{"taxonomy":"post_tag","embeddable":true,"href":"https:\/\/dignitynews.eu\/pl\/wp-json\/wp\/v2\/tags?post=38915"}],"curies":[{"name":"wp","href":"https:\/\/api.w.org\/{rel}","templated":true}]}}