{"id":3698,"date":"2022-01-12T13:18:39","date_gmt":"2022-01-12T12:18:39","guid":{"rendered":"https:\/\/dignitynews.eu\/?p=3698"},"modified":"2022-01-12T13:18:39","modified_gmt":"2022-01-12T12:18:39","slug":"prof-jaroslaw-j-fedorowski-powinnismy-uniknac-zapasci-systemu-ochrony-zdrowia","status":"publish","type":"post","link":"https:\/\/dignitynews.eu\/pl\/prof-jaroslaw-j-fedorowski-powinnismy-uniknac-zapasci-systemu-ochrony-zdrowia\/","title":{"rendered":"Prof. Jaros\u0142aw J. Fedorowski \u2013 powinni\u015bmy unikn\u0105\u0107 zapa\u015bci systemu ochrony zdrowia"},"content":{"rendered":"<p>&#8211; B\u0119dzie bardzo ci\u0119\u017cko, je\u015bli rzeczywi\u015bcie dojdziemy do liczby 60 tys. To da\u0142oby nam wska\u017anik ponad 1,5 tys. hospitalizowanych na milion mieszka\u0144c\u00f3w. Tylko Bu\u0142garia mia\u0142a w tej pandemii wska\u017anik ponad 1,5 tys. i to by\u0142o maksymalne ob\u0142o\u017cenie w jakimkolwiek kraju UE \u2013 m\u00f3wi prof. Jaros\u0142aw J. Fedorowski, prezes Polskiej Federacji Szpitali cytowany przez portal Interia.pl. Jednak, jak dodaje, powinni\u015bmy unikn\u0105\u0107 zapa\u015bci systemu.<\/p>\n<p>Rzecznik resortu zdrowia Wojciech Andrusiewicz przyzna\u0142, \u017ce Polska musi by\u0107 przygotowana na pi\u0105t\u0105 fal\u0119 wywo\u0142an\u0105 przez Omikrona. Kulminacja zaka\u017ce\u0144 spowodowana szerzeniem si\u0119 tego wariantu nast\u0105pi najprawdopodobniej pod koniec stycznia. Dlatego zdecydowano o powi\u0119kszeniu bazy \u0142\u00f3\u017cek dla pacjent\u00f3w z COIVD-19. Plany s\u0105 dwa. Pierwszy zak\u0142ada uruchomienie 40 tys. tzw. \u0142\u00f3\u017cek covidowych. Do soboty 15 stycznia ka\u017cdy z wojewod\u00f3w ma przygotowa\u0107 plan powi\u0119kszenia bazy w swoim regionie.<\/p>\n<p>Je\u015bli sytuacja si\u0119 pogorszy i ta liczba oka\u017ce si\u0119 zbyt ma\u0142a, konieczne b\u0119dzie wdro\u017cenie drugiego, jak m\u00f3wi\u0142 minister zdrowia, bardziej pesymistycznego planu. Wariant &#8222;B&#8221; zak\u0142ada uruchomienie 60 tys. \u0142\u00f3\u017cek covidowych w ca\u0142ym kraju. To prawie jedna trzecia wszystkich dost\u0119pnych miejsc.<\/p>\n<p>Prof. Fedorowski \u2013 prezes Polskiej Federacji Szpitali, gubernator i cz\u0142onek Prezydium Europejskiej Federacji Szpitali oraz cz\u0142onek zarz\u0105du \u015awiatowej Federacji Szpitali \u2013 pytany, czy poradzimy sobie z pi\u0105t\u0105 fal\u0105 pandemii odpowiada, \u017ce takiej pewno\u015bci nie ma, ale posiadamy teraz znacznie wi\u0119cej narz\u0119dzi do walki z wirusem, dlatego powinni\u015bmy unikn\u0105\u0107 zapa\u015bci systemu<\/p>\n<p>&#8211; Pojawi\u0142y si\u0119 np. leki, kt\u00f3re podawane s\u0105 doustnie we wczesnej fazie choroby hospitalizacji. Ich zastosowanie znacznie zmniejsza liczb\u0119 ci\u0119\u017ckich przypadk\u00f3w COVID-19, a zatem i liczb\u0119 hospitalizacji. Do Polski trafi\u0142 niedawno lek molnupiravir, kt\u00f3ry jest obecnie podawany chorym z upo\u015bledzon\u0105 odporno\u015bci\u0105. Na horyzoncie jest te\u017c drugi lek, kt\u00f3ry hamuje replikacj\u0119 wirusa, ju\u017c dopuszczony w USA. Mamy tak\u017ce dodatkowe \u0142\u00f3\u017cka w szpitalach tymczasowych \u2013 wylicza prof. Fedorowski.<\/p>\n<p>Arkadiusz S\u0142omczy\u0144ski<\/p>\n","protected":false},"excerpt":{"rendered":"<p>&#8211; B\u0119dzie bardzo ci\u0119\u017cko, je\u015bli rzeczywi\u015bcie dojdziemy do liczby 60 tys. To da\u0142oby nam wska\u017anik ponad 1,5 tys. hospitalizowanych na milion mieszka\u0144c\u00f3w. Tylko Bu\u0142garia mia\u0142a w tej pandemii wska\u017anik ponad&hellip;<\/p>\n","protected":false},"author":3,"featured_media":3699,"comment_status":"closed","ping_status":"open","sticky":false,"template":"","format":"standard","meta":{"_mi_skip_tracking":false,"footnotes":""},"categories":[47],"tags":[],"class_list":["post-3698","post","type-post","status-publish","format-standard","has-post-thumbnail","hentry","category-wydarzenia"],"yoast_head":"<!-- This site is optimized with the Yoast SEO plugin v19.4 - https:\/\/yoast.com\/wordpress\/plugins\/seo\/ -->\n<title>Prof. Jaros\u0142aw J. Fedorowski \u2013 powinni\u015bmy unikn\u0105\u0107 zapa\u015bci systemu ochrony zdrowia - Godno\u015b\u0107 - DignityNews.eu<\/title>\n<meta name=\"robots\" content=\"index, follow, max-snippet:-1, max-image-preview:large, max-video-preview:-1\" \/>\n<link rel=\"canonical\" href=\"https:\/\/dignitynews.eu\/pl\/prof-jaroslaw-j-fedorowski-powinnismy-uniknac-zapasci-systemu-ochrony-zdrowia\/\" \/>\n<meta property=\"og:locale\" content=\"pl_PL\" \/>\n<meta property=\"og:type\" content=\"article\" \/>\n<meta property=\"og:title\" content=\"Prof. Jaros\u0142aw J. Fedorowski \u2013 powinni\u015bmy unikn\u0105\u0107 zapa\u015bci systemu ochrony zdrowia - Godno\u015b\u0107 - DignityNews.eu\" \/>\n<meta property=\"og:description\" content=\"&#8211; B\u0119dzie bardzo ci\u0119\u017cko, je\u015bli rzeczywi\u015bcie dojdziemy do liczby 60 tys. To da\u0142oby nam wska\u017anik ponad 1,5 tys. hospitalizowanych na milion mieszka\u0144c\u00f3w. Tylko Bu\u0142garia mia\u0142a w tej pandemii wska\u017anik ponad&hellip;\" \/>\n<meta property=\"og:url\" content=\"https:\/\/dignitynews.eu\/pl\/prof-jaroslaw-j-fedorowski-powinnismy-uniknac-zapasci-systemu-ochrony-zdrowia\/\" \/>\n<meta property=\"og:site_name\" content=\"Godno\u015b\u0107 - DignityNews.eu\" \/>\n<meta property=\"article:published_time\" content=\"2022-01-12T12:18:39+00:00\" \/>\n<meta property=\"og:image\" content=\"https:\/\/dignitynews.eu\/wp-content\/uploads\/2022\/01\/Covid-szpitale-Fot.-Pawel-Wodzynski-East-News1.jpg\" \/>\n\t<meta property=\"og:image:width\" content=\"1500\" \/>\n\t<meta property=\"og:image:height\" content=\"1000\" \/>\n\t<meta property=\"og:image:type\" content=\"image\/jpeg\" \/>\n<meta name=\"author\" content=\"DignityNews.eu\" \/>\n<meta name=\"twitter:card\" content=\"summary_large_image\" \/>\n<meta name=\"twitter:label1\" content=\"Napisane przez\" \/>\n\t<meta name=\"twitter:data1\" content=\"DignityNews.eu\" \/>\n\t<meta name=\"twitter:label2\" content=\"Szacowany czas czytania\" \/>\n\t<meta name=\"twitter:data2\" content=\"2 minuty\" \/>\n<script type=\"application\/ld+json\" class=\"yoast-schema-graph\">{\"@context\":\"https:\/\/schema.org\",\"@graph\":[{\"@type\":\"WebSite\",\"@id\":\"https:\/\/dignitynews.eu\/pl\/#website\",\"url\":\"https:\/\/dignitynews.eu\/pl\/\",\"name\":\"Godno\u015b\u0107 - DignityNews.eu\",\"description\":\"\",\"potentialAction\":[{\"@type\":\"SearchAction\",\"target\":{\"@type\":\"EntryPoint\",\"urlTemplate\":\"https:\/\/dignitynews.eu\/pl\/?s={search_term_string}\"},\"query-input\":\"required name=search_term_string\"}],\"inLanguage\":\"pl-PL\"},{\"@type\":\"WebPage\",\"@id\":\"https:\/\/dignitynews.eu\/pl\/prof-jaroslaw-j-fedorowski-powinnismy-uniknac-zapasci-systemu-ochrony-zdrowia\/\",\"url\":\"https:\/\/dignitynews.eu\/pl\/prof-jaroslaw-j-fedorowski-powinnismy-uniknac-zapasci-systemu-ochrony-zdrowia\/\",\"name\":\"Prof. Jaros\u0142aw J. Fedorowski \u2013 powinni\u015bmy unikn\u0105\u0107 zapa\u015bci systemu ochrony zdrowia - Godno\u015b\u0107 - DignityNews.eu\",\"isPartOf\":{\"@id\":\"https:\/\/dignitynews.eu\/pl\/#website\"},\"datePublished\":\"2022-01-12T12:18:39+00:00\",\"dateModified\":\"2022-01-12T12:18:39+00:00\",\"author\":{\"@id\":\"https:\/\/dignitynews.eu\/pl\/#\/schema\/person\/4d8f570a0fd5c310685d78d9e520982c\"},\"breadcrumb\":{\"@id\":\"https:\/\/dignitynews.eu\/pl\/prof-jaroslaw-j-fedorowski-powinnismy-uniknac-zapasci-systemu-ochrony-zdrowia\/#breadcrumb\"},\"inLanguage\":\"pl-PL\",\"potentialAction\":[{\"@type\":\"ReadAction\",\"target\":[\"https:\/\/dignitynews.eu\/pl\/prof-jaroslaw-j-fedorowski-powinnismy-uniknac-zapasci-systemu-ochrony-zdrowia\/\"]}]},{\"@type\":\"BreadcrumbList\",\"@id\":\"https:\/\/dignitynews.eu\/pl\/prof-jaroslaw-j-fedorowski-powinnismy-uniknac-zapasci-systemu-ochrony-zdrowia\/#breadcrumb\",\"itemListElement\":[{\"@type\":\"ListItem\",\"position\":1,\"name\":\"Strona g\u0142\u00f3wna\",\"item\":\"https:\/\/dignitynews.eu\/pl\/\"},{\"@type\":\"ListItem\",\"position\":2,\"name\":\"Prof. Jaros\u0142aw J. Fedorowski \u2013 powinni\u015bmy unikn\u0105\u0107 zapa\u015bci systemu ochrony zdrowia\"}]},{\"@type\":\"Person\",\"@id\":\"https:\/\/dignitynews.eu\/pl\/#\/schema\/person\/4d8f570a0fd5c310685d78d9e520982c\",\"name\":\"DignityNews.eu\",\"image\":{\"@type\":\"ImageObject\",\"inLanguage\":\"pl-PL\",\"@id\":\"https:\/\/dignitynews.eu\/pl\/#\/schema\/person\/image\/\",\"url\":\"https:\/\/secure.gravatar.com\/avatar\/b9fb3aa3cd2d5d3a6d24e67a6b58bc2980bf0c7f7bd3657a6322b8df227da3d9?s=96&d=mm&r=g\",\"contentUrl\":\"https:\/\/secure.gravatar.com\/avatar\/b9fb3aa3cd2d5d3a6d24e67a6b58bc2980bf0c7f7bd3657a6322b8df227da3d9?s=96&d=mm&r=g\",\"caption\":\"DignityNews.eu\"},\"sameAs\":[\"aleksandra\"],\"url\":\"https:\/\/dignitynews.eu\/pl\/author\/aleksandra\/\"}]}<\/script>\n<!-- \/ Yoast SEO plugin. -->","yoast_head_json":{"title":"Prof. Jaros\u0142aw J. Fedorowski \u2013 powinni\u015bmy unikn\u0105\u0107 zapa\u015bci systemu ochrony zdrowia - Godno\u015b\u0107 - DignityNews.eu","robots":{"index":"index","follow":"follow","max-snippet":"max-snippet:-1","max-image-preview":"max-image-preview:large","max-video-preview":"max-video-preview:-1"},"canonical":"https:\/\/dignitynews.eu\/pl\/prof-jaroslaw-j-fedorowski-powinnismy-uniknac-zapasci-systemu-ochrony-zdrowia\/","og_locale":"pl_PL","og_type":"article","og_title":"Prof. Jaros\u0142aw J. Fedorowski \u2013 powinni\u015bmy unikn\u0105\u0107 zapa\u015bci systemu ochrony zdrowia - Godno\u015b\u0107 - DignityNews.eu","og_description":"&#8211; B\u0119dzie bardzo ci\u0119\u017cko, je\u015bli rzeczywi\u015bcie dojdziemy do liczby 60 tys. To da\u0142oby nam wska\u017anik ponad 1,5 tys. hospitalizowanych na milion mieszka\u0144c\u00f3w. Tylko Bu\u0142garia mia\u0142a w tej pandemii wska\u017anik ponad&hellip;","og_url":"https:\/\/dignitynews.eu\/pl\/prof-jaroslaw-j-fedorowski-powinnismy-uniknac-zapasci-systemu-ochrony-zdrowia\/","og_site_name":"Godno\u015b\u0107 - DignityNews.eu","article_published_time":"2022-01-12T12:18:39+00:00","og_image":[{"width":1500,"height":1000,"url":"https:\/\/dignitynews.eu\/wp-content\/uploads\/2022\/01\/Covid-szpitale-Fot.-Pawel-Wodzynski-East-News1.jpg","type":"image\/jpeg"}],"author":"DignityNews.eu","twitter_card":"summary_large_image","twitter_misc":{"Napisane przez":"DignityNews.eu","Szacowany czas czytania":"2 minuty"},"schema":{"@context":"https:\/\/schema.org","@graph":[{"@type":"WebSite","@id":"https:\/\/dignitynews.eu\/pl\/#website","url":"https:\/\/dignitynews.eu\/pl\/","name":"Godno\u015b\u0107 - DignityNews.eu","description":"","potentialAction":[{"@type":"SearchAction","target":{"@type":"EntryPoint","urlTemplate":"https:\/\/dignitynews.eu\/pl\/?s={search_term_string}"},"query-input":"required name=search_term_string"}],"inLanguage":"pl-PL"},{"@type":"WebPage","@id":"https:\/\/dignitynews.eu\/pl\/prof-jaroslaw-j-fedorowski-powinnismy-uniknac-zapasci-systemu-ochrony-zdrowia\/","url":"https:\/\/dignitynews.eu\/pl\/prof-jaroslaw-j-fedorowski-powinnismy-uniknac-zapasci-systemu-ochrony-zdrowia\/","name":"Prof. Jaros\u0142aw J. Fedorowski \u2013 powinni\u015bmy unikn\u0105\u0107 zapa\u015bci systemu ochrony zdrowia - Godno\u015b\u0107 - DignityNews.eu","isPartOf":{"@id":"https:\/\/dignitynews.eu\/pl\/#website"},"datePublished":"2022-01-12T12:18:39+00:00","dateModified":"2022-01-12T12:18:39+00:00","author":{"@id":"https:\/\/dignitynews.eu\/pl\/#\/schema\/person\/4d8f570a0fd5c310685d78d9e520982c"},"breadcrumb":{"@id":"https:\/\/dignitynews.eu\/pl\/prof-jaroslaw-j-fedorowski-powinnismy-uniknac-zapasci-systemu-ochrony-zdrowia\/#breadcrumb"},"inLanguage":"pl-PL","potentialAction":[{"@type":"ReadAction","target":["https:\/\/dignitynews.eu\/pl\/prof-jaroslaw-j-fedorowski-powinnismy-uniknac-zapasci-systemu-ochrony-zdrowia\/"]}]},{"@type":"BreadcrumbList","@id":"https:\/\/dignitynews.eu\/pl\/prof-jaroslaw-j-fedorowski-powinnismy-uniknac-zapasci-systemu-ochrony-zdrowia\/#breadcrumb","itemListElement":[{"@type":"ListItem","position":1,"name":"Strona g\u0142\u00f3wna","item":"https:\/\/dignitynews.eu\/pl\/"},{"@type":"ListItem","position":2,"name":"Prof. Jaros\u0142aw J. Fedorowski \u2013 powinni\u015bmy unikn\u0105\u0107 zapa\u015bci systemu ochrony zdrowia"}]},{"@type":"Person","@id":"https:\/\/dignitynews.eu\/pl\/#\/schema\/person\/4d8f570a0fd5c310685d78d9e520982c","name":"DignityNews.eu","image":{"@type":"ImageObject","inLanguage":"pl-PL","@id":"https:\/\/dignitynews.eu\/pl\/#\/schema\/person\/image\/","url":"https:\/\/secure.gravatar.com\/avatar\/b9fb3aa3cd2d5d3a6d24e67a6b58bc2980bf0c7f7bd3657a6322b8df227da3d9?s=96&d=mm&r=g","contentUrl":"https:\/\/secure.gravatar.com\/avatar\/b9fb3aa3cd2d5d3a6d24e67a6b58bc2980bf0c7f7bd3657a6322b8df227da3d9?s=96&d=mm&r=g","caption":"DignityNews.eu"},"sameAs":["aleksandra"],"url":"https:\/\/dignitynews.eu\/pl\/author\/aleksandra\/"}]}},"_links":{"self":[{"href":"https:\/\/dignitynews.eu\/pl\/wp-json\/wp\/v2\/posts\/3698","targetHints":{"allow":["GET"]}}],"collection":[{"href":"https:\/\/dignitynews.eu\/pl\/wp-json\/wp\/v2\/posts"}],"about":[{"href":"https:\/\/dignitynews.eu\/pl\/wp-json\/wp\/v2\/types\/post"}],"author":[{"embeddable":true,"href":"https:\/\/dignitynews.eu\/pl\/wp-json\/wp\/v2\/users\/3"}],"replies":[{"embeddable":true,"href":"https:\/\/dignitynews.eu\/pl\/wp-json\/wp\/v2\/comments?post=3698"}],"version-history":[{"count":2,"href":"https:\/\/dignitynews.eu\/pl\/wp-json\/wp\/v2\/posts\/3698\/revisions"}],"predecessor-version":[{"id":3740,"href":"https:\/\/dignitynews.eu\/pl\/wp-json\/wp\/v2\/posts\/3698\/revisions\/3740"}],"wp:featuredmedia":[{"embeddable":true,"href":"https:\/\/dignitynews.eu\/pl\/wp-json\/wp\/v2\/media\/3699"}],"wp:attachment":[{"href":"https:\/\/dignitynews.eu\/pl\/wp-json\/wp\/v2\/media?parent=3698"}],"wp:term":[{"taxonomy":"category","embeddable":true,"href":"https:\/\/dignitynews.eu\/pl\/wp-json\/wp\/v2\/categories?post=3698"},{"taxonomy":"post_tag","embeddable":true,"href":"https:\/\/dignitynews.eu\/pl\/wp-json\/wp\/v2\/tags?post=3698"}],"curies":[{"name":"wp","href":"https:\/\/api.w.org\/{rel}","templated":true}]}}