{"id":34008,"date":"2022-11-21T11:00:01","date_gmt":"2022-11-21T10:00:01","guid":{"rendered":"https:\/\/dignitynews.eu\/?p=34008"},"modified":"2022-11-21T17:40:58","modified_gmt":"2022-11-21T16:40:58","slug":"sztuka-nordycka-przelomu-xix-i-xx-wieku-na-wystawie-w-muzeum-narodowym-w-warszawie","status":"publish","type":"post","link":"https:\/\/dignitynews.eu\/pl\/sztuka-nordycka-przelomu-xix-i-xx-wieku-na-wystawie-w-muzeum-narodowym-w-warszawie\/","title":{"rendered":"Sztuka nordycka prze\u0142omu XIX i XX wieku na wystawie w Muzeum Narodowym w Warszawie"},"content":{"rendered":"<h5><strong>W warszawskim Muzeum Narodowym odby\u0142 si\u0119 wernisa\u017c wystawy \u201ePrzesilenie. Malarstwo P\u00f3\u0142nocy 1880\u20131910\u201d. Ta pierwsza w tej cz\u0119\u015bci Europy przekrojowa wystawa sztuki nordyckiej prze\u0142omu XIX i XX wieku jest efektem wsp\u00f3\u0142pracy Muzeum Narodowego w Warszawie z Gothenburg Museum of Art. <\/strong><\/h5>\n<p>Narracja wystawy, kt\u00f3r\u0105 mo\u017cna ogl\u0105da\u0107 do 5 marca 2023 roku, jest skoncentrowana wok\u00f3\u0142 kilku zagadnie\u0144 charakterystycznych dla sztuki p\u00f3\u0142nocy, takich jak: natura i zwi\u0105zane z ni\u0105 ludzkie \u017cycie i praca, dom i rodzina, mity i legendy narodowe, pejza\u017c symboliczny oraz \u201ewn\u0119trze\u201d cz\u0142owieka. Przedstawione s\u0105 r\u00f3wnie\u017c dwa zjawiska z pogranicza kultury artystycznej i \u017cycia spo\u0142ecznego: dzia\u0142alno\u015b\u0107 kobiet malarek i kolonii artyst\u00f3w w Skagen.<\/p>\n<p>Na wystawie prezentowane s\u0105 dzie\u0142a najistotniejszych tw\u00f3rc\u00f3w ze Szwecji, Danii, Norwegii, Finlandii i Islandii, kt\u00f3re przybli\u017c\u0105 polskiej publiczno\u015bci histori\u0119 i kultur\u0119 tych kraj\u00f3w. Pokaz jest wzbogacony o wybrane obrazy polskich artyst\u00f3w tego czasu, by zwr\u00f3ci\u0107 uwag\u0119 na zaskakuj\u0105ce podobie\u0144stwa mi\u0119dzy malarstwem polskim i nordyckim w zakresie tematyki, konwencji przedstawiania i \u017ar\u00f3de\u0142 inspiracji.<\/p>\n<p>To wystawa, kt\u00f3ra wymaga czasu i cierpliwo\u015bci, cz\u0119sto jest to malarstwo pustki, przestrzeni czy ciszy. To dodatkowe zestawienie z malarstwem polskim, te zagadki podobie\u0144stw i r\u00f3\u017cnic s\u0105 zas\u0142ug\u0105 naszych kurator\u00f3w \u2013 podkre\u015bli\u0142 podczas wernisa\u017cu w Muzeum Narodowym wicepremier, minister kultury i dziedzictwa narodowego prof. Piotr Gli\u0144ski.<\/p>\n<p>Tytu\u0142 wystawy nawi\u0105zuje do przesilenia letniego \u2013\u00a0zjawiska naturalnego o\u00a0szczeg\u00f3lnym znaczeniu w\u00a0kulturze nordyckiej.\u00a0Przesilenie\u00a0oznacza r\u00f3wnie\u017c procesy spo\u0142eczne i\u00a0\u015bwiatopogl\u0105dowe. Pod koniec XIX wieku region nordycki przechodzi\u0142 gwa\u0142town\u0105 modernizacj\u0119. Ros\u0142o znaczenie\u00a0 miast, zmienia\u0142a si\u0119 rzeczywisto\u015b\u0107 wsi, a\u00a0jednocze\u015bnie odkrywano uroki dziewiczej natury \u2013 pisz\u0105 Agnieszka Bagi\u0144ska i Wojciech G\u0142owacki w Cyfrowym MNW.<\/p>\n<p>Adrian Andrzejewski<\/p>\n","protected":false},"excerpt":{"rendered":"<p>W warszawskim Muzeum Narodowym odby\u0142 si\u0119 wernisa\u017c wystawy \u201ePrzesilenie. Malarstwo P\u00f3\u0142nocy 1880\u20131910\u201d. Ta pierwsza w tej cz\u0119\u015bci Europy przekrojowa wystawa sztuki nordyckiej prze\u0142omu XIX i XX wieku jest efektem wsp\u00f3\u0142pracy&hellip;<\/p>\n","protected":false},"author":7,"featured_media":34009,"comment_status":"closed","ping_status":"open","sticky":false,"template":"","format":"standard","meta":{"_mi_skip_tracking":false,"footnotes":""},"categories":[50],"tags":[],"class_list":["post-34008","post","type-post","status-publish","format-standard","has-post-thumbnail","hentry","category-kultura"],"yoast_head":"<!-- This site is optimized with the Yoast SEO plugin v19.4 - https:\/\/yoast.com\/wordpress\/plugins\/seo\/ -->\n<title>Sztuka nordycka prze\u0142omu XIX i XX wieku na wystawie w Muzeum Narodowym w Warszawie - Godno\u015b\u0107 - DignityNews.eu<\/title>\n<meta name=\"robots\" content=\"index, follow, max-snippet:-1, max-image-preview:large, max-video-preview:-1\" \/>\n<link rel=\"canonical\" href=\"https:\/\/dignitynews.eu\/pl\/sztuka-nordycka-przelomu-xix-i-xx-wieku-na-wystawie-w-muzeum-narodowym-w-warszawie\/\" \/>\n<meta property=\"og:locale\" content=\"pl_PL\" \/>\n<meta property=\"og:type\" content=\"article\" \/>\n<meta property=\"og:title\" content=\"Sztuka nordycka prze\u0142omu XIX i XX wieku na wystawie w Muzeum Narodowym w Warszawie - Godno\u015b\u0107 - DignityNews.eu\" \/>\n<meta property=\"og:description\" content=\"W warszawskim Muzeum Narodowym odby\u0142 si\u0119 wernisa\u017c wystawy \u201ePrzesilenie. Malarstwo P\u00f3\u0142nocy 1880\u20131910\u201d. Ta pierwsza w tej cz\u0119\u015bci Europy przekrojowa wystawa sztuki nordyckiej prze\u0142omu XIX i XX wieku jest efektem wsp\u00f3\u0142pracy&hellip;\" \/>\n<meta property=\"og:url\" content=\"https:\/\/dignitynews.eu\/pl\/sztuka-nordycka-przelomu-xix-i-xx-wieku-na-wystawie-w-muzeum-narodowym-w-warszawie\/\" \/>\n<meta property=\"og:site_name\" content=\"Godno\u015b\u0107 - DignityNews.eu\" \/>\n<meta property=\"article:published_time\" content=\"2022-11-21T10:00:01+00:00\" \/>\n<meta property=\"article:modified_time\" content=\"2022-11-21T16:40:58+00:00\" \/>\n<meta property=\"og:image\" content=\"https:\/\/dignitynews.eu\/wp-content\/uploads\/2022\/11\/Dzieci-w-lesie-brzozowym-nad-fiordem-Haikko-fot.-MNW.png\" \/>\n\t<meta property=\"og:image:width\" content=\"966\" \/>\n\t<meta property=\"og:image:height\" content=\"671\" \/>\n\t<meta property=\"og:image:type\" content=\"image\/png\" \/>\n<meta name=\"author\" content=\"Dignity News\" \/>\n<meta name=\"twitter:card\" content=\"summary_large_image\" \/>\n<meta name=\"twitter:label1\" content=\"Napisane przez\" \/>\n\t<meta name=\"twitter:data1\" content=\"Dignity News\" \/>\n\t<meta name=\"twitter:label2\" content=\"Szacowany czas czytania\" \/>\n\t<meta name=\"twitter:data2\" content=\"1 minuta\" \/>\n<script type=\"application\/ld+json\" class=\"yoast-schema-graph\">{\"@context\":\"https:\/\/schema.org\",\"@graph\":[{\"@type\":\"WebSite\",\"@id\":\"https:\/\/dignitynews.eu\/pl\/#website\",\"url\":\"https:\/\/dignitynews.eu\/pl\/\",\"name\":\"Godno\u015b\u0107 - DignityNews.eu\",\"description\":\"\",\"potentialAction\":[{\"@type\":\"SearchAction\",\"target\":{\"@type\":\"EntryPoint\",\"urlTemplate\":\"https:\/\/dignitynews.eu\/pl\/?s={search_term_string}\"},\"query-input\":\"required name=search_term_string\"}],\"inLanguage\":\"pl-PL\"},{\"@type\":\"WebPage\",\"@id\":\"https:\/\/dignitynews.eu\/pl\/sztuka-nordycka-przelomu-xix-i-xx-wieku-na-wystawie-w-muzeum-narodowym-w-warszawie\/\",\"url\":\"https:\/\/dignitynews.eu\/pl\/sztuka-nordycka-przelomu-xix-i-xx-wieku-na-wystawie-w-muzeum-narodowym-w-warszawie\/\",\"name\":\"Sztuka nordycka prze\u0142omu XIX i XX wieku na wystawie w Muzeum Narodowym w Warszawie - Godno\u015b\u0107 - DignityNews.eu\",\"isPartOf\":{\"@id\":\"https:\/\/dignitynews.eu\/pl\/#website\"},\"datePublished\":\"2022-11-21T10:00:01+00:00\",\"dateModified\":\"2022-11-21T16:40:58+00:00\",\"author\":{\"@id\":\"https:\/\/dignitynews.eu\/pl\/#\/schema\/person\/0b62b762b8174802fabc81a3ecb1bfcb\"},\"breadcrumb\":{\"@id\":\"https:\/\/dignitynews.eu\/pl\/sztuka-nordycka-przelomu-xix-i-xx-wieku-na-wystawie-w-muzeum-narodowym-w-warszawie\/#breadcrumb\"},\"inLanguage\":\"pl-PL\",\"potentialAction\":[{\"@type\":\"ReadAction\",\"target\":[\"https:\/\/dignitynews.eu\/pl\/sztuka-nordycka-przelomu-xix-i-xx-wieku-na-wystawie-w-muzeum-narodowym-w-warszawie\/\"]}]},{\"@type\":\"BreadcrumbList\",\"@id\":\"https:\/\/dignitynews.eu\/pl\/sztuka-nordycka-przelomu-xix-i-xx-wieku-na-wystawie-w-muzeum-narodowym-w-warszawie\/#breadcrumb\",\"itemListElement\":[{\"@type\":\"ListItem\",\"position\":1,\"name\":\"Strona g\u0142\u00f3wna\",\"item\":\"https:\/\/dignitynews.eu\/pl\/\"},{\"@type\":\"ListItem\",\"position\":2,\"name\":\"Sztuka nordycka prze\u0142omu XIX i XX wieku na wystawie w Muzeum Narodowym w Warszawie\"}]},{\"@type\":\"Person\",\"@id\":\"https:\/\/dignitynews.eu\/pl\/#\/schema\/person\/0b62b762b8174802fabc81a3ecb1bfcb\",\"name\":\"Dignity News\",\"image\":{\"@type\":\"ImageObject\",\"inLanguage\":\"pl-PL\",\"@id\":\"https:\/\/dignitynews.eu\/pl\/#\/schema\/person\/image\/\",\"url\":\"https:\/\/secure.gravatar.com\/avatar\/97963171a6d9108f8381bbefb1c6b150c445b6ddd9e3077b96c86cf5892c85dc?s=96&d=mm&r=g\",\"contentUrl\":\"https:\/\/secure.gravatar.com\/avatar\/97963171a6d9108f8381bbefb1c6b150c445b6ddd9e3077b96c86cf5892c85dc?s=96&d=mm&r=g\",\"caption\":\"Dignity News\"},\"url\":\"https:\/\/dignitynews.eu\/pl\/author\/mikolaj-palade\/\"}]}<\/script>\n<!-- \/ Yoast SEO plugin. -->","yoast_head_json":{"title":"Sztuka nordycka prze\u0142omu XIX i XX wieku na wystawie w Muzeum Narodowym w Warszawie - Godno\u015b\u0107 - DignityNews.eu","robots":{"index":"index","follow":"follow","max-snippet":"max-snippet:-1","max-image-preview":"max-image-preview:large","max-video-preview":"max-video-preview:-1"},"canonical":"https:\/\/dignitynews.eu\/pl\/sztuka-nordycka-przelomu-xix-i-xx-wieku-na-wystawie-w-muzeum-narodowym-w-warszawie\/","og_locale":"pl_PL","og_type":"article","og_title":"Sztuka nordycka prze\u0142omu XIX i XX wieku na wystawie w Muzeum Narodowym w Warszawie - Godno\u015b\u0107 - DignityNews.eu","og_description":"W warszawskim Muzeum Narodowym odby\u0142 si\u0119 wernisa\u017c wystawy \u201ePrzesilenie. Malarstwo P\u00f3\u0142nocy 1880\u20131910\u201d. Ta pierwsza w tej cz\u0119\u015bci Europy przekrojowa wystawa sztuki nordyckiej prze\u0142omu XIX i XX wieku jest efektem wsp\u00f3\u0142pracy&hellip;","og_url":"https:\/\/dignitynews.eu\/pl\/sztuka-nordycka-przelomu-xix-i-xx-wieku-na-wystawie-w-muzeum-narodowym-w-warszawie\/","og_site_name":"Godno\u015b\u0107 - DignityNews.eu","article_published_time":"2022-11-21T10:00:01+00:00","article_modified_time":"2022-11-21T16:40:58+00:00","og_image":[{"width":966,"height":671,"url":"https:\/\/dignitynews.eu\/wp-content\/uploads\/2022\/11\/Dzieci-w-lesie-brzozowym-nad-fiordem-Haikko-fot.-MNW.png","type":"image\/png"}],"author":"Dignity News","twitter_card":"summary_large_image","twitter_misc":{"Napisane przez":"Dignity News","Szacowany czas czytania":"1 minuta"},"schema":{"@context":"https:\/\/schema.org","@graph":[{"@type":"WebSite","@id":"https:\/\/dignitynews.eu\/pl\/#website","url":"https:\/\/dignitynews.eu\/pl\/","name":"Godno\u015b\u0107 - DignityNews.eu","description":"","potentialAction":[{"@type":"SearchAction","target":{"@type":"EntryPoint","urlTemplate":"https:\/\/dignitynews.eu\/pl\/?s={search_term_string}"},"query-input":"required name=search_term_string"}],"inLanguage":"pl-PL"},{"@type":"WebPage","@id":"https:\/\/dignitynews.eu\/pl\/sztuka-nordycka-przelomu-xix-i-xx-wieku-na-wystawie-w-muzeum-narodowym-w-warszawie\/","url":"https:\/\/dignitynews.eu\/pl\/sztuka-nordycka-przelomu-xix-i-xx-wieku-na-wystawie-w-muzeum-narodowym-w-warszawie\/","name":"Sztuka nordycka prze\u0142omu XIX i XX wieku na wystawie w Muzeum Narodowym w Warszawie - Godno\u015b\u0107 - DignityNews.eu","isPartOf":{"@id":"https:\/\/dignitynews.eu\/pl\/#website"},"datePublished":"2022-11-21T10:00:01+00:00","dateModified":"2022-11-21T16:40:58+00:00","author":{"@id":"https:\/\/dignitynews.eu\/pl\/#\/schema\/person\/0b62b762b8174802fabc81a3ecb1bfcb"},"breadcrumb":{"@id":"https:\/\/dignitynews.eu\/pl\/sztuka-nordycka-przelomu-xix-i-xx-wieku-na-wystawie-w-muzeum-narodowym-w-warszawie\/#breadcrumb"},"inLanguage":"pl-PL","potentialAction":[{"@type":"ReadAction","target":["https:\/\/dignitynews.eu\/pl\/sztuka-nordycka-przelomu-xix-i-xx-wieku-na-wystawie-w-muzeum-narodowym-w-warszawie\/"]}]},{"@type":"BreadcrumbList","@id":"https:\/\/dignitynews.eu\/pl\/sztuka-nordycka-przelomu-xix-i-xx-wieku-na-wystawie-w-muzeum-narodowym-w-warszawie\/#breadcrumb","itemListElement":[{"@type":"ListItem","position":1,"name":"Strona g\u0142\u00f3wna","item":"https:\/\/dignitynews.eu\/pl\/"},{"@type":"ListItem","position":2,"name":"Sztuka nordycka prze\u0142omu XIX i XX wieku na wystawie w Muzeum Narodowym w Warszawie"}]},{"@type":"Person","@id":"https:\/\/dignitynews.eu\/pl\/#\/schema\/person\/0b62b762b8174802fabc81a3ecb1bfcb","name":"Dignity News","image":{"@type":"ImageObject","inLanguage":"pl-PL","@id":"https:\/\/dignitynews.eu\/pl\/#\/schema\/person\/image\/","url":"https:\/\/secure.gravatar.com\/avatar\/97963171a6d9108f8381bbefb1c6b150c445b6ddd9e3077b96c86cf5892c85dc?s=96&d=mm&r=g","contentUrl":"https:\/\/secure.gravatar.com\/avatar\/97963171a6d9108f8381bbefb1c6b150c445b6ddd9e3077b96c86cf5892c85dc?s=96&d=mm&r=g","caption":"Dignity News"},"url":"https:\/\/dignitynews.eu\/pl\/author\/mikolaj-palade\/"}]}},"_links":{"self":[{"href":"https:\/\/dignitynews.eu\/pl\/wp-json\/wp\/v2\/posts\/34008","targetHints":{"allow":["GET"]}}],"collection":[{"href":"https:\/\/dignitynews.eu\/pl\/wp-json\/wp\/v2\/posts"}],"about":[{"href":"https:\/\/dignitynews.eu\/pl\/wp-json\/wp\/v2\/types\/post"}],"author":[{"embeddable":true,"href":"https:\/\/dignitynews.eu\/pl\/wp-json\/wp\/v2\/users\/7"}],"replies":[{"embeddable":true,"href":"https:\/\/dignitynews.eu\/pl\/wp-json\/wp\/v2\/comments?post=34008"}],"version-history":[{"count":1,"href":"https:\/\/dignitynews.eu\/pl\/wp-json\/wp\/v2\/posts\/34008\/revisions"}],"predecessor-version":[{"id":34014,"href":"https:\/\/dignitynews.eu\/pl\/wp-json\/wp\/v2\/posts\/34008\/revisions\/34014"}],"wp:featuredmedia":[{"embeddable":true,"href":"https:\/\/dignitynews.eu\/pl\/wp-json\/wp\/v2\/media\/34009"}],"wp:attachment":[{"href":"https:\/\/dignitynews.eu\/pl\/wp-json\/wp\/v2\/media?parent=34008"}],"wp:term":[{"taxonomy":"category","embeddable":true,"href":"https:\/\/dignitynews.eu\/pl\/wp-json\/wp\/v2\/categories?post=34008"},{"taxonomy":"post_tag","embeddable":true,"href":"https:\/\/dignitynews.eu\/pl\/wp-json\/wp\/v2\/tags?post=34008"}],"curies":[{"name":"wp","href":"https:\/\/api.w.org\/{rel}","templated":true}]}}