{"id":32578,"date":"2022-10-31T13:57:58","date_gmt":"2022-10-31T12:57:58","guid":{"rendered":"https:\/\/dignitynews.eu\/?p=32578"},"modified":"2022-10-31T13:57:58","modified_gmt":"2022-10-31T12:57:58","slug":"urzad-transportu-kolejowego-polacy-coraz-czesciej-jezdza-pociagami","status":"publish","type":"post","link":"https:\/\/dignitynews.eu\/pl\/urzad-transportu-kolejowego-polacy-coraz-czesciej-jezdza-pociagami\/","title":{"rendered":"Urz\u0105d Transportu Kolejowego: Polacy coraz cz\u0119\u015bciej je\u017cd\u017c\u0105 poci\u0105gami"},"content":{"rendered":"<h5>We wrze\u015bniu 2022 r. poci\u0105gami podr\u00f3\u017cowa\u0142o 29,6 mln pasa\u017cer\u00f3w &#8211; niemal o 5 mln wi\u0119cej ni\u017c przed rokiem. To wzrost o 19 proc. i jednocze\u015bnie najlepszy wynik wrze\u015bnia od dziesi\u0119ciu lat &#8211; poinformowa\u0142 Urz\u0105d Transportu Kolejowego (UTK). \u015arednia odleg\u0142o\u015b\u0107, jak\u0105 pasa\u017cer kolei pokona\u0142 we wrze\u015bniu tego roku to 67 km \u2013 o prawie 4 km wi\u0119cej ni\u017c we wrze\u015bniu 2021 r.<\/h5>\n<p>UTK poinformowa\u0142 te\u017c, \u017ce og\u00f3\u0142em w trzecim kwartale kolej\u0105 przewieziono 90,8 mln pasa\u017cer\u00f3w \u2013 o 23,8 proc. wi\u0119cej ni\u017c w analogicznym okresie w 2021 r., a od stycznia do wrze\u015bnia 2022 r. z us\u0142ug kolei skorzysta\u0142o prawie 249 mln pasa\u017cer\u00f3w.<\/p>\n<p>&#8211; Trzeci kwarta\u0142 tego roku przyni\u00f3s\u0142 rekordowe wyniki w kolejowych przewozach os\u00f3b. Du\u017ce wzrosty liczby pasa\u017cer\u00f3w odnotowano w wakacje. Wrzesie\u0144 pod tym wzgl\u0119dem by\u0142 nieco s\u0142abszy, jednak liczba pasa\u017cer\u00f3w w tym miesi\u0105cu i tak by\u0142a rekordowa w ostatnich dziesi\u0119ciu latach. Du\u017ce zainteresowania kolej\u0105 cieszy, ale to r\u00f3wnie\u017c szereg wyzwa\u0144 dla przewo\u017anik\u00f3w: dostosowanie cz\u0119stotliwo\u015bci kursowania poci\u0105g\u00f3w do potrzeb i zapewnienie odpowiedniej ilo\u015bci taboru. Sprostanie tym oczekiwaniom b\u0119dzie determinowa\u0142o dalsze wzrosty przewoz\u00f3w \u2013 m\u00f3wi prezes UTK Ignacy G\u00f3ra.<\/p>\n<p>Urz\u0105d zwraca ponadto uwag\u0119, \u017ce w kolejowych przewozach towarowych drugi miesi\u0105c z rz\u0119du, w uj\u0119ciu rok do roku, zmniejszy\u0142a si\u0119 masa przewiezionych towar\u00f3w. We wrze\u015bniu przewieziono 20,5 mln ton, co oznacza\u0142o spadek o 0,5 mln ton (2,4 proc.) w odniesieniu do wrze\u015bnia 2021 r. W trzecim kwartale 2022 r. przewieziono ponad 62,3 mln ton &#8211; o 0,6 mln ton (0,9 proc.) mniej ni\u017c w analogicznym kwartale 2021 r.,<\/p>\n<p>&#8211; Kolej w Polsce ma wszelkie predyspozycje \u017ceby si\u0119 rozwija\u0107, jednak wojna w Ukrainie i globalne perturbacje, kt\u00f3rych konsekwencjami s\u0105 utrudnienia w realizowaniu dotychczasowych przewoz\u00f3w na Nowym Jedwabnym Szlaku w znacz\u0105cy spos\u00f3b przemodelowa\u0142y funkcjonowanie niekt\u00f3rych kolejowych przedsi\u0119biorstw w Polsce &#8211; ocenia prezes G\u00f3ra cytowany w portalu polskieradio24.pl.<\/p>\n<p>Arkadiusz S\u0142omczy\u0144ski<\/p>\n","protected":false},"excerpt":{"rendered":"<p>We wrze\u015bniu 2022 r. poci\u0105gami podr\u00f3\u017cowa\u0142o 29,6 mln pasa\u017cer\u00f3w &#8211; niemal o 5 mln wi\u0119cej ni\u017c przed rokiem. To wzrost o 19 proc. i jednocze\u015bnie najlepszy wynik wrze\u015bnia od dziesi\u0119ciu&hellip;<\/p>\n","protected":false},"author":7,"featured_media":32579,"comment_status":"closed","ping_status":"open","sticky":false,"template":"","format":"standard","meta":{"_mi_skip_tracking":false,"footnotes":""},"categories":[47],"tags":[],"class_list":["post-32578","post","type-post","status-publish","format-standard","has-post-thumbnail","hentry","category-wydarzenia"],"yoast_head":"<!-- This site is optimized with the Yoast SEO plugin v19.4 - https:\/\/yoast.com\/wordpress\/plugins\/seo\/ -->\n<title>Urz\u0105d Transportu Kolejowego: Polacy coraz cz\u0119\u015bciej je\u017cd\u017c\u0105 poci\u0105gami - Godno\u015b\u0107 - DignityNews.eu<\/title>\n<meta name=\"robots\" content=\"index, follow, max-snippet:-1, max-image-preview:large, max-video-preview:-1\" \/>\n<link rel=\"canonical\" href=\"https:\/\/dignitynews.eu\/pl\/urzad-transportu-kolejowego-polacy-coraz-czesciej-jezdza-pociagami\/\" \/>\n<meta property=\"og:locale\" content=\"pl_PL\" \/>\n<meta property=\"og:type\" content=\"article\" \/>\n<meta property=\"og:title\" content=\"Urz\u0105d Transportu Kolejowego: Polacy coraz cz\u0119\u015bciej je\u017cd\u017c\u0105 poci\u0105gami - Godno\u015b\u0107 - DignityNews.eu\" \/>\n<meta property=\"og:description\" content=\"We wrze\u015bniu 2022 r. poci\u0105gami podr\u00f3\u017cowa\u0142o 29,6 mln pasa\u017cer\u00f3w &#8211; niemal o 5 mln wi\u0119cej ni\u017c przed rokiem. To wzrost o 19 proc. i jednocze\u015bnie najlepszy wynik wrze\u015bnia od dziesi\u0119ciu&hellip;\" \/>\n<meta property=\"og:url\" content=\"https:\/\/dignitynews.eu\/pl\/urzad-transportu-kolejowego-polacy-coraz-czesciej-jezdza-pociagami\/\" \/>\n<meta property=\"og:site_name\" content=\"Godno\u015b\u0107 - DignityNews.eu\" \/>\n<meta property=\"article:published_time\" content=\"2022-10-31T12:57:58+00:00\" \/>\n<meta property=\"og:image\" content=\"https:\/\/dignitynews.eu\/wp-content\/uploads\/2022\/10\/Polacy-coraz-czesciej-jezdza-pociagami-fot.-Marek-BAZA-KEast-News.jpg\" \/>\n\t<meta property=\"og:image:width\" content=\"1500\" \/>\n\t<meta property=\"og:image:height\" content=\"994\" \/>\n\t<meta property=\"og:image:type\" content=\"image\/jpeg\" \/>\n<meta name=\"author\" content=\"Dignity News\" \/>\n<meta name=\"twitter:card\" content=\"summary_large_image\" \/>\n<meta name=\"twitter:label1\" content=\"Napisane przez\" \/>\n\t<meta name=\"twitter:data1\" content=\"Dignity News\" \/>\n\t<meta name=\"twitter:label2\" content=\"Szacowany czas czytania\" \/>\n\t<meta name=\"twitter:data2\" content=\"2 minuty\" \/>\n<script type=\"application\/ld+json\" class=\"yoast-schema-graph\">{\"@context\":\"https:\/\/schema.org\",\"@graph\":[{\"@type\":\"WebSite\",\"@id\":\"https:\/\/dignitynews.eu\/pl\/#website\",\"url\":\"https:\/\/dignitynews.eu\/pl\/\",\"name\":\"Godno\u015b\u0107 - DignityNews.eu\",\"description\":\"\",\"potentialAction\":[{\"@type\":\"SearchAction\",\"target\":{\"@type\":\"EntryPoint\",\"urlTemplate\":\"https:\/\/dignitynews.eu\/pl\/?s={search_term_string}\"},\"query-input\":\"required name=search_term_string\"}],\"inLanguage\":\"pl-PL\"},{\"@type\":\"WebPage\",\"@id\":\"https:\/\/dignitynews.eu\/pl\/urzad-transportu-kolejowego-polacy-coraz-czesciej-jezdza-pociagami\/\",\"url\":\"https:\/\/dignitynews.eu\/pl\/urzad-transportu-kolejowego-polacy-coraz-czesciej-jezdza-pociagami\/\",\"name\":\"Urz\u0105d Transportu Kolejowego: Polacy coraz cz\u0119\u015bciej je\u017cd\u017c\u0105 poci\u0105gami - Godno\u015b\u0107 - DignityNews.eu\",\"isPartOf\":{\"@id\":\"https:\/\/dignitynews.eu\/pl\/#website\"},\"datePublished\":\"2022-10-31T12:57:58+00:00\",\"dateModified\":\"2022-10-31T12:57:58+00:00\",\"author\":{\"@id\":\"https:\/\/dignitynews.eu\/pl\/#\/schema\/person\/0b62b762b8174802fabc81a3ecb1bfcb\"},\"breadcrumb\":{\"@id\":\"https:\/\/dignitynews.eu\/pl\/urzad-transportu-kolejowego-polacy-coraz-czesciej-jezdza-pociagami\/#breadcrumb\"},\"inLanguage\":\"pl-PL\",\"potentialAction\":[{\"@type\":\"ReadAction\",\"target\":[\"https:\/\/dignitynews.eu\/pl\/urzad-transportu-kolejowego-polacy-coraz-czesciej-jezdza-pociagami\/\"]}]},{\"@type\":\"BreadcrumbList\",\"@id\":\"https:\/\/dignitynews.eu\/pl\/urzad-transportu-kolejowego-polacy-coraz-czesciej-jezdza-pociagami\/#breadcrumb\",\"itemListElement\":[{\"@type\":\"ListItem\",\"position\":1,\"name\":\"Strona g\u0142\u00f3wna\",\"item\":\"https:\/\/dignitynews.eu\/pl\/\"},{\"@type\":\"ListItem\",\"position\":2,\"name\":\"Urz\u0105d Transportu Kolejowego: Polacy coraz cz\u0119\u015bciej je\u017cd\u017c\u0105 poci\u0105gami\"}]},{\"@type\":\"Person\",\"@id\":\"https:\/\/dignitynews.eu\/pl\/#\/schema\/person\/0b62b762b8174802fabc81a3ecb1bfcb\",\"name\":\"Dignity News\",\"image\":{\"@type\":\"ImageObject\",\"inLanguage\":\"pl-PL\",\"@id\":\"https:\/\/dignitynews.eu\/pl\/#\/schema\/person\/image\/\",\"url\":\"https:\/\/secure.gravatar.com\/avatar\/97963171a6d9108f8381bbefb1c6b150c445b6ddd9e3077b96c86cf5892c85dc?s=96&d=mm&r=g\",\"contentUrl\":\"https:\/\/secure.gravatar.com\/avatar\/97963171a6d9108f8381bbefb1c6b150c445b6ddd9e3077b96c86cf5892c85dc?s=96&d=mm&r=g\",\"caption\":\"Dignity News\"},\"url\":\"https:\/\/dignitynews.eu\/pl\/author\/mikolaj-palade\/\"}]}<\/script>\n<!-- \/ Yoast SEO plugin. -->","yoast_head_json":{"title":"Urz\u0105d Transportu Kolejowego: Polacy coraz cz\u0119\u015bciej je\u017cd\u017c\u0105 poci\u0105gami - Godno\u015b\u0107 - DignityNews.eu","robots":{"index":"index","follow":"follow","max-snippet":"max-snippet:-1","max-image-preview":"max-image-preview:large","max-video-preview":"max-video-preview:-1"},"canonical":"https:\/\/dignitynews.eu\/pl\/urzad-transportu-kolejowego-polacy-coraz-czesciej-jezdza-pociagami\/","og_locale":"pl_PL","og_type":"article","og_title":"Urz\u0105d Transportu Kolejowego: Polacy coraz cz\u0119\u015bciej je\u017cd\u017c\u0105 poci\u0105gami - Godno\u015b\u0107 - DignityNews.eu","og_description":"We wrze\u015bniu 2022 r. poci\u0105gami podr\u00f3\u017cowa\u0142o 29,6 mln pasa\u017cer\u00f3w &#8211; niemal o 5 mln wi\u0119cej ni\u017c przed rokiem. To wzrost o 19 proc. i jednocze\u015bnie najlepszy wynik wrze\u015bnia od dziesi\u0119ciu&hellip;","og_url":"https:\/\/dignitynews.eu\/pl\/urzad-transportu-kolejowego-polacy-coraz-czesciej-jezdza-pociagami\/","og_site_name":"Godno\u015b\u0107 - DignityNews.eu","article_published_time":"2022-10-31T12:57:58+00:00","og_image":[{"width":1500,"height":994,"url":"https:\/\/dignitynews.eu\/wp-content\/uploads\/2022\/10\/Polacy-coraz-czesciej-jezdza-pociagami-fot.-Marek-BAZA-KEast-News.jpg","type":"image\/jpeg"}],"author":"Dignity News","twitter_card":"summary_large_image","twitter_misc":{"Napisane przez":"Dignity News","Szacowany czas czytania":"2 minuty"},"schema":{"@context":"https:\/\/schema.org","@graph":[{"@type":"WebSite","@id":"https:\/\/dignitynews.eu\/pl\/#website","url":"https:\/\/dignitynews.eu\/pl\/","name":"Godno\u015b\u0107 - DignityNews.eu","description":"","potentialAction":[{"@type":"SearchAction","target":{"@type":"EntryPoint","urlTemplate":"https:\/\/dignitynews.eu\/pl\/?s={search_term_string}"},"query-input":"required name=search_term_string"}],"inLanguage":"pl-PL"},{"@type":"WebPage","@id":"https:\/\/dignitynews.eu\/pl\/urzad-transportu-kolejowego-polacy-coraz-czesciej-jezdza-pociagami\/","url":"https:\/\/dignitynews.eu\/pl\/urzad-transportu-kolejowego-polacy-coraz-czesciej-jezdza-pociagami\/","name":"Urz\u0105d Transportu Kolejowego: Polacy coraz cz\u0119\u015bciej je\u017cd\u017c\u0105 poci\u0105gami - Godno\u015b\u0107 - DignityNews.eu","isPartOf":{"@id":"https:\/\/dignitynews.eu\/pl\/#website"},"datePublished":"2022-10-31T12:57:58+00:00","dateModified":"2022-10-31T12:57:58+00:00","author":{"@id":"https:\/\/dignitynews.eu\/pl\/#\/schema\/person\/0b62b762b8174802fabc81a3ecb1bfcb"},"breadcrumb":{"@id":"https:\/\/dignitynews.eu\/pl\/urzad-transportu-kolejowego-polacy-coraz-czesciej-jezdza-pociagami\/#breadcrumb"},"inLanguage":"pl-PL","potentialAction":[{"@type":"ReadAction","target":["https:\/\/dignitynews.eu\/pl\/urzad-transportu-kolejowego-polacy-coraz-czesciej-jezdza-pociagami\/"]}]},{"@type":"BreadcrumbList","@id":"https:\/\/dignitynews.eu\/pl\/urzad-transportu-kolejowego-polacy-coraz-czesciej-jezdza-pociagami\/#breadcrumb","itemListElement":[{"@type":"ListItem","position":1,"name":"Strona g\u0142\u00f3wna","item":"https:\/\/dignitynews.eu\/pl\/"},{"@type":"ListItem","position":2,"name":"Urz\u0105d Transportu Kolejowego: Polacy coraz cz\u0119\u015bciej je\u017cd\u017c\u0105 poci\u0105gami"}]},{"@type":"Person","@id":"https:\/\/dignitynews.eu\/pl\/#\/schema\/person\/0b62b762b8174802fabc81a3ecb1bfcb","name":"Dignity News","image":{"@type":"ImageObject","inLanguage":"pl-PL","@id":"https:\/\/dignitynews.eu\/pl\/#\/schema\/person\/image\/","url":"https:\/\/secure.gravatar.com\/avatar\/97963171a6d9108f8381bbefb1c6b150c445b6ddd9e3077b96c86cf5892c85dc?s=96&d=mm&r=g","contentUrl":"https:\/\/secure.gravatar.com\/avatar\/97963171a6d9108f8381bbefb1c6b150c445b6ddd9e3077b96c86cf5892c85dc?s=96&d=mm&r=g","caption":"Dignity News"},"url":"https:\/\/dignitynews.eu\/pl\/author\/mikolaj-palade\/"}]}},"_links":{"self":[{"href":"https:\/\/dignitynews.eu\/pl\/wp-json\/wp\/v2\/posts\/32578","targetHints":{"allow":["GET"]}}],"collection":[{"href":"https:\/\/dignitynews.eu\/pl\/wp-json\/wp\/v2\/posts"}],"about":[{"href":"https:\/\/dignitynews.eu\/pl\/wp-json\/wp\/v2\/types\/post"}],"author":[{"embeddable":true,"href":"https:\/\/dignitynews.eu\/pl\/wp-json\/wp\/v2\/users\/7"}],"replies":[{"embeddable":true,"href":"https:\/\/dignitynews.eu\/pl\/wp-json\/wp\/v2\/comments?post=32578"}],"version-history":[{"count":1,"href":"https:\/\/dignitynews.eu\/pl\/wp-json\/wp\/v2\/posts\/32578\/revisions"}],"predecessor-version":[{"id":32584,"href":"https:\/\/dignitynews.eu\/pl\/wp-json\/wp\/v2\/posts\/32578\/revisions\/32584"}],"wp:featuredmedia":[{"embeddable":true,"href":"https:\/\/dignitynews.eu\/pl\/wp-json\/wp\/v2\/media\/32579"}],"wp:attachment":[{"href":"https:\/\/dignitynews.eu\/pl\/wp-json\/wp\/v2\/media?parent=32578"}],"wp:term":[{"taxonomy":"category","embeddable":true,"href":"https:\/\/dignitynews.eu\/pl\/wp-json\/wp\/v2\/categories?post=32578"},{"taxonomy":"post_tag","embeddable":true,"href":"https:\/\/dignitynews.eu\/pl\/wp-json\/wp\/v2\/tags?post=32578"}],"curies":[{"name":"wp","href":"https:\/\/api.w.org\/{rel}","templated":true}]}}