{"id":32571,"date":"2022-10-31T13:57:11","date_gmt":"2022-10-31T12:57:11","guid":{"rendered":"https:\/\/dignitynews.eu\/?p=32571"},"modified":"2022-10-31T13:57:11","modified_gmt":"2022-10-31T12:57:11","slug":"elektrownia-jadrowa-w-polsce-premier-oficjalnie-potwierdzil-realizacje-i-wykonawce-projektu","status":"publish","type":"post","link":"https:\/\/dignitynews.eu\/pl\/elektrownia-jadrowa-w-polsce-premier-oficjalnie-potwierdzil-realizacje-i-wykonawce-projektu\/","title":{"rendered":"Elektrownia j\u0105drowa w Polsce. Premier oficjalnie potwierdzi\u0142 realizacj\u0119 i wykonawc\u0119 projektu"},"content":{"rendered":"<h5>Polska wybra\u0142a ameryka\u0144sk\u0105 ofert\u0119 budowy elektrowni j\u0105drowej. Zostanie ona zrealizowana w technologii WECNuclear (Westinghouse Nuclear). O wyborze ameryka\u0144skiego wykonawcy poinformowa\u0142 na Twitterze premier Mateusz Morawiecki.<\/h5>\n<p>&#8211; Silny sojusz daje gwarancje powodzenia wsp\u00f3lnych inicjatyw. Po ostatnich owocnych rozmowach z K. Harris i Sec. Granholm potwierdzamy realizacj\u0119 projektu j\u0105drowego w sprawdzonej i bezpiecznej technologii WECNuclear. Dzi\u0119kuj\u0119 ambasadzie USA w Polsce za wsp\u00f3\u0142prac\u0119. Uchwa\u0142a RM (Rady Ministr\u00f3w) w \u015brod\u0119 &#8211; napisa\u0142 premier.<\/p>\n<p>Ameryka\u0144ska oferta \u00a0budowy elektrowni j\u0105drowej, wsp\u00f3\u0142praca w ramach Mi\u0119dzynarodowej Agencji Energii Atomowej oraz dzia\u0142ania na rzecz bezpiecze\u0144stwa energetycznego by\u0142y g\u0142\u00f3wnymi tematami spotkania minister klimatu i \u015brodowiska Anny Moskwy oraz ministra aktyw\u00f3w pa\u0144stwowych Jacka Sasina z sekretarz energii Stan\u00f3w Zjednoczonych Jennifer Granholm.<\/p>\n<p>Decyzj\u0119 polskiego rz\u0105du skomentowa\u0142 ambasador USA w Polsce, Mark Brzezinski.<\/p>\n<p>&#8211; Fantastyczne wie\u015bci od Premiera Morawieckiego: w wyniku jego wsp\u00f3\u0142pracy z Kamala Harris, Polska wybra\u0142a ameryka\u0144ski rz\u0105d oraz firm\u0119 Westinghouse na swojego partnera w energetyce j\u0105drowej. Formalnie proces zako\u0144czy si\u0119 w przysz\u0142ym tygodniu! (\u2026). Razem wzmocnimy nasze stosunki dwustronne i bezpiecze\u0144stwo energetyczne Polski dla przysz\u0142ych pokole\u0144! &#8211; napisa\u0142 na Twitterze<\/p>\n<p>Szefowa Departamentu Energii Stan\u00f3w Zjednoczonych Jennifer Granholm podkre\u015bli\u0142a we wpisie na Twitterze, \u017ce to ogromny krok we wzmacnianiu relacji z Polsk\u0105 w celu zapewnienia bezpiecze\u0144stwa energetycznego dla przysz\u0142ych pokole\u0144.<\/p>\n<p>&#8211; Cieszymy si\u0119, \u017ce mo\u017cemy kontynuowa\u0107 t\u0119 wsp\u00f3\u0142prac\u0119 w celu przyspieszenia przej\u015bcia na czyst\u0105 energi\u0119 z naszymi partnerami w Europie. Ta zapowied\u017a wysy\u0142a r\u00f3wnie\u017c jasny sygna\u0142 do Rosji: nie pozwolimy im d\u0142u\u017cej u\u017cywa\u0107 energii jako broni. Zach\u00f3d stanie razem przeciwko tej niesprowokowanej agresji, jednocze\u015bnie dywersyfikuj\u0105c \u0142a\u0144cuchy dostaw energii i wzmacniaj\u0105c wsp\u00f3\u0142prac\u0119 klimatyczn\u0105 \u2013 napisa\u0142a.<\/p>\n<p>Arkadiusz S\u0142omczy\u0144ski<\/p>\n","protected":false},"excerpt":{"rendered":"<p>Polska wybra\u0142a ameryka\u0144sk\u0105 ofert\u0119 budowy elektrowni j\u0105drowej. Zostanie ona zrealizowana w technologii WECNuclear (Westinghouse Nuclear). O wyborze ameryka\u0144skiego wykonawcy poinformowa\u0142 na Twitterze premier Mateusz Morawiecki. &#8211; Silny sojusz daje gwarancje&hellip;<\/p>\n","protected":false},"author":7,"featured_media":32572,"comment_status":"closed","ping_status":"open","sticky":false,"template":"","format":"standard","meta":{"_mi_skip_tracking":false,"footnotes":""},"categories":[48],"tags":[],"class_list":["post-32571","post","type-post","status-publish","format-standard","has-post-thumbnail","hentry","category-gospodarka"],"yoast_head":"<!-- This site is optimized with the Yoast SEO plugin v19.4 - https:\/\/yoast.com\/wordpress\/plugins\/seo\/ -->\n<title>Elektrownia j\u0105drowa w Polsce. Premier oficjalnie potwierdzi\u0142 realizacj\u0119 i wykonawc\u0119 projektu - Godno\u015b\u0107 - DignityNews.eu<\/title>\n<meta name=\"robots\" content=\"index, follow, max-snippet:-1, max-image-preview:large, max-video-preview:-1\" \/>\n<link rel=\"canonical\" href=\"https:\/\/dignitynews.eu\/pl\/elektrownia-jadrowa-w-polsce-premier-oficjalnie-potwierdzil-realizacje-i-wykonawce-projektu\/\" \/>\n<meta property=\"og:locale\" content=\"pl_PL\" \/>\n<meta property=\"og:type\" content=\"article\" \/>\n<meta property=\"og:title\" content=\"Elektrownia j\u0105drowa w Polsce. Premier oficjalnie potwierdzi\u0142 realizacj\u0119 i wykonawc\u0119 projektu - Godno\u015b\u0107 - DignityNews.eu\" \/>\n<meta property=\"og:description\" content=\"Polska wybra\u0142a ameryka\u0144sk\u0105 ofert\u0119 budowy elektrowni j\u0105drowej. Zostanie ona zrealizowana w technologii WECNuclear (Westinghouse Nuclear). O wyborze ameryka\u0144skiego wykonawcy poinformowa\u0142 na Twitterze premier Mateusz Morawiecki. &#8211; Silny sojusz daje gwarancje&hellip;\" \/>\n<meta property=\"og:url\" content=\"https:\/\/dignitynews.eu\/pl\/elektrownia-jadrowa-w-polsce-premier-oficjalnie-potwierdzil-realizacje-i-wykonawce-projektu\/\" \/>\n<meta property=\"og:site_name\" content=\"Godno\u015b\u0107 - DignityNews.eu\" \/>\n<meta property=\"article:published_time\" content=\"2022-10-31T12:57:11+00:00\" \/>\n<meta property=\"og:image\" content=\"https:\/\/dignitynews.eu\/wp-content\/uploads\/2022\/10\/elektrownia-jadrowa-w-Polsce-fot.-Batard-Patrick-ABACA-Abaca-East-News.jpg\" \/>\n\t<meta property=\"og:image:width\" content=\"1500\" \/>\n\t<meta property=\"og:image:height\" content=\"1000\" \/>\n\t<meta property=\"og:image:type\" content=\"image\/jpeg\" \/>\n<meta name=\"author\" content=\"Dignity News\" \/>\n<meta name=\"twitter:card\" content=\"summary_large_image\" \/>\n<meta name=\"twitter:label1\" content=\"Napisane przez\" \/>\n\t<meta name=\"twitter:data1\" content=\"Dignity News\" \/>\n\t<meta name=\"twitter:label2\" content=\"Szacowany czas czytania\" \/>\n\t<meta name=\"twitter:data2\" content=\"2 minuty\" \/>\n<script type=\"application\/ld+json\" class=\"yoast-schema-graph\">{\"@context\":\"https:\/\/schema.org\",\"@graph\":[{\"@type\":\"WebSite\",\"@id\":\"https:\/\/dignitynews.eu\/pl\/#website\",\"url\":\"https:\/\/dignitynews.eu\/pl\/\",\"name\":\"Godno\u015b\u0107 - DignityNews.eu\",\"description\":\"\",\"potentialAction\":[{\"@type\":\"SearchAction\",\"target\":{\"@type\":\"EntryPoint\",\"urlTemplate\":\"https:\/\/dignitynews.eu\/pl\/?s={search_term_string}\"},\"query-input\":\"required name=search_term_string\"}],\"inLanguage\":\"pl-PL\"},{\"@type\":\"WebPage\",\"@id\":\"https:\/\/dignitynews.eu\/pl\/elektrownia-jadrowa-w-polsce-premier-oficjalnie-potwierdzil-realizacje-i-wykonawce-projektu\/\",\"url\":\"https:\/\/dignitynews.eu\/pl\/elektrownia-jadrowa-w-polsce-premier-oficjalnie-potwierdzil-realizacje-i-wykonawce-projektu\/\",\"name\":\"Elektrownia j\u0105drowa w Polsce. Premier oficjalnie potwierdzi\u0142 realizacj\u0119 i wykonawc\u0119 projektu - Godno\u015b\u0107 - DignityNews.eu\",\"isPartOf\":{\"@id\":\"https:\/\/dignitynews.eu\/pl\/#website\"},\"datePublished\":\"2022-10-31T12:57:11+00:00\",\"dateModified\":\"2022-10-31T12:57:11+00:00\",\"author\":{\"@id\":\"https:\/\/dignitynews.eu\/pl\/#\/schema\/person\/0b62b762b8174802fabc81a3ecb1bfcb\"},\"breadcrumb\":{\"@id\":\"https:\/\/dignitynews.eu\/pl\/elektrownia-jadrowa-w-polsce-premier-oficjalnie-potwierdzil-realizacje-i-wykonawce-projektu\/#breadcrumb\"},\"inLanguage\":\"pl-PL\",\"potentialAction\":[{\"@type\":\"ReadAction\",\"target\":[\"https:\/\/dignitynews.eu\/pl\/elektrownia-jadrowa-w-polsce-premier-oficjalnie-potwierdzil-realizacje-i-wykonawce-projektu\/\"]}]},{\"@type\":\"BreadcrumbList\",\"@id\":\"https:\/\/dignitynews.eu\/pl\/elektrownia-jadrowa-w-polsce-premier-oficjalnie-potwierdzil-realizacje-i-wykonawce-projektu\/#breadcrumb\",\"itemListElement\":[{\"@type\":\"ListItem\",\"position\":1,\"name\":\"Strona g\u0142\u00f3wna\",\"item\":\"https:\/\/dignitynews.eu\/pl\/\"},{\"@type\":\"ListItem\",\"position\":2,\"name\":\"Elektrownia j\u0105drowa w Polsce. Premier oficjalnie potwierdzi\u0142 realizacj\u0119 i wykonawc\u0119 projektu\"}]},{\"@type\":\"Person\",\"@id\":\"https:\/\/dignitynews.eu\/pl\/#\/schema\/person\/0b62b762b8174802fabc81a3ecb1bfcb\",\"name\":\"Dignity News\",\"image\":{\"@type\":\"ImageObject\",\"inLanguage\":\"pl-PL\",\"@id\":\"https:\/\/dignitynews.eu\/pl\/#\/schema\/person\/image\/\",\"url\":\"https:\/\/secure.gravatar.com\/avatar\/97963171a6d9108f8381bbefb1c6b150c445b6ddd9e3077b96c86cf5892c85dc?s=96&d=mm&r=g\",\"contentUrl\":\"https:\/\/secure.gravatar.com\/avatar\/97963171a6d9108f8381bbefb1c6b150c445b6ddd9e3077b96c86cf5892c85dc?s=96&d=mm&r=g\",\"caption\":\"Dignity News\"},\"url\":\"https:\/\/dignitynews.eu\/pl\/author\/mikolaj-palade\/\"}]}<\/script>\n<!-- \/ Yoast SEO plugin. -->","yoast_head_json":{"title":"Elektrownia j\u0105drowa w Polsce. Premier oficjalnie potwierdzi\u0142 realizacj\u0119 i wykonawc\u0119 projektu - Godno\u015b\u0107 - DignityNews.eu","robots":{"index":"index","follow":"follow","max-snippet":"max-snippet:-1","max-image-preview":"max-image-preview:large","max-video-preview":"max-video-preview:-1"},"canonical":"https:\/\/dignitynews.eu\/pl\/elektrownia-jadrowa-w-polsce-premier-oficjalnie-potwierdzil-realizacje-i-wykonawce-projektu\/","og_locale":"pl_PL","og_type":"article","og_title":"Elektrownia j\u0105drowa w Polsce. Premier oficjalnie potwierdzi\u0142 realizacj\u0119 i wykonawc\u0119 projektu - Godno\u015b\u0107 - DignityNews.eu","og_description":"Polska wybra\u0142a ameryka\u0144sk\u0105 ofert\u0119 budowy elektrowni j\u0105drowej. Zostanie ona zrealizowana w technologii WECNuclear (Westinghouse Nuclear). O wyborze ameryka\u0144skiego wykonawcy poinformowa\u0142 na Twitterze premier Mateusz Morawiecki. &#8211; Silny sojusz daje gwarancje&hellip;","og_url":"https:\/\/dignitynews.eu\/pl\/elektrownia-jadrowa-w-polsce-premier-oficjalnie-potwierdzil-realizacje-i-wykonawce-projektu\/","og_site_name":"Godno\u015b\u0107 - DignityNews.eu","article_published_time":"2022-10-31T12:57:11+00:00","og_image":[{"width":1500,"height":1000,"url":"https:\/\/dignitynews.eu\/wp-content\/uploads\/2022\/10\/elektrownia-jadrowa-w-Polsce-fot.-Batard-Patrick-ABACA-Abaca-East-News.jpg","type":"image\/jpeg"}],"author":"Dignity News","twitter_card":"summary_large_image","twitter_misc":{"Napisane przez":"Dignity News","Szacowany czas czytania":"2 minuty"},"schema":{"@context":"https:\/\/schema.org","@graph":[{"@type":"WebSite","@id":"https:\/\/dignitynews.eu\/pl\/#website","url":"https:\/\/dignitynews.eu\/pl\/","name":"Godno\u015b\u0107 - DignityNews.eu","description":"","potentialAction":[{"@type":"SearchAction","target":{"@type":"EntryPoint","urlTemplate":"https:\/\/dignitynews.eu\/pl\/?s={search_term_string}"},"query-input":"required name=search_term_string"}],"inLanguage":"pl-PL"},{"@type":"WebPage","@id":"https:\/\/dignitynews.eu\/pl\/elektrownia-jadrowa-w-polsce-premier-oficjalnie-potwierdzil-realizacje-i-wykonawce-projektu\/","url":"https:\/\/dignitynews.eu\/pl\/elektrownia-jadrowa-w-polsce-premier-oficjalnie-potwierdzil-realizacje-i-wykonawce-projektu\/","name":"Elektrownia j\u0105drowa w Polsce. Premier oficjalnie potwierdzi\u0142 realizacj\u0119 i wykonawc\u0119 projektu - Godno\u015b\u0107 - DignityNews.eu","isPartOf":{"@id":"https:\/\/dignitynews.eu\/pl\/#website"},"datePublished":"2022-10-31T12:57:11+00:00","dateModified":"2022-10-31T12:57:11+00:00","author":{"@id":"https:\/\/dignitynews.eu\/pl\/#\/schema\/person\/0b62b762b8174802fabc81a3ecb1bfcb"},"breadcrumb":{"@id":"https:\/\/dignitynews.eu\/pl\/elektrownia-jadrowa-w-polsce-premier-oficjalnie-potwierdzil-realizacje-i-wykonawce-projektu\/#breadcrumb"},"inLanguage":"pl-PL","potentialAction":[{"@type":"ReadAction","target":["https:\/\/dignitynews.eu\/pl\/elektrownia-jadrowa-w-polsce-premier-oficjalnie-potwierdzil-realizacje-i-wykonawce-projektu\/"]}]},{"@type":"BreadcrumbList","@id":"https:\/\/dignitynews.eu\/pl\/elektrownia-jadrowa-w-polsce-premier-oficjalnie-potwierdzil-realizacje-i-wykonawce-projektu\/#breadcrumb","itemListElement":[{"@type":"ListItem","position":1,"name":"Strona g\u0142\u00f3wna","item":"https:\/\/dignitynews.eu\/pl\/"},{"@type":"ListItem","position":2,"name":"Elektrownia j\u0105drowa w Polsce. Premier oficjalnie potwierdzi\u0142 realizacj\u0119 i wykonawc\u0119 projektu"}]},{"@type":"Person","@id":"https:\/\/dignitynews.eu\/pl\/#\/schema\/person\/0b62b762b8174802fabc81a3ecb1bfcb","name":"Dignity News","image":{"@type":"ImageObject","inLanguage":"pl-PL","@id":"https:\/\/dignitynews.eu\/pl\/#\/schema\/person\/image\/","url":"https:\/\/secure.gravatar.com\/avatar\/97963171a6d9108f8381bbefb1c6b150c445b6ddd9e3077b96c86cf5892c85dc?s=96&d=mm&r=g","contentUrl":"https:\/\/secure.gravatar.com\/avatar\/97963171a6d9108f8381bbefb1c6b150c445b6ddd9e3077b96c86cf5892c85dc?s=96&d=mm&r=g","caption":"Dignity News"},"url":"https:\/\/dignitynews.eu\/pl\/author\/mikolaj-palade\/"}]}},"_links":{"self":[{"href":"https:\/\/dignitynews.eu\/pl\/wp-json\/wp\/v2\/posts\/32571","targetHints":{"allow":["GET"]}}],"collection":[{"href":"https:\/\/dignitynews.eu\/pl\/wp-json\/wp\/v2\/posts"}],"about":[{"href":"https:\/\/dignitynews.eu\/pl\/wp-json\/wp\/v2\/types\/post"}],"author":[{"embeddable":true,"href":"https:\/\/dignitynews.eu\/pl\/wp-json\/wp\/v2\/users\/7"}],"replies":[{"embeddable":true,"href":"https:\/\/dignitynews.eu\/pl\/wp-json\/wp\/v2\/comments?post=32571"}],"version-history":[{"count":1,"href":"https:\/\/dignitynews.eu\/pl\/wp-json\/wp\/v2\/posts\/32571\/revisions"}],"predecessor-version":[{"id":32577,"href":"https:\/\/dignitynews.eu\/pl\/wp-json\/wp\/v2\/posts\/32571\/revisions\/32577"}],"wp:featuredmedia":[{"embeddable":true,"href":"https:\/\/dignitynews.eu\/pl\/wp-json\/wp\/v2\/media\/32572"}],"wp:attachment":[{"href":"https:\/\/dignitynews.eu\/pl\/wp-json\/wp\/v2\/media?parent=32571"}],"wp:term":[{"taxonomy":"category","embeddable":true,"href":"https:\/\/dignitynews.eu\/pl\/wp-json\/wp\/v2\/categories?post=32571"},{"taxonomy":"post_tag","embeddable":true,"href":"https:\/\/dignitynews.eu\/pl\/wp-json\/wp\/v2\/tags?post=32571"}],"curies":[{"name":"wp","href":"https:\/\/api.w.org\/{rel}","templated":true}]}}