{"id":31530,"date":"2022-10-18T09:30:45","date_gmt":"2022-10-18T07:30:45","guid":{"rendered":"https:\/\/dignitynews.eu\/?p=31530"},"modified":"2022-10-18T15:19:28","modified_gmt":"2022-10-18T13:19:28","slug":"prezydent-polski-gosciem-honorowym-world-food-forum-w-rzymie","status":"publish","type":"post","link":"https:\/\/dignitynews.eu\/pl\/prezydent-polski-gosciem-honorowym-world-food-forum-w-rzymie\/","title":{"rendered":"Prezydent Polski go\u015bciem honorowym World Food Forum w Rzymie"},"content":{"rendered":"<h5><strong>Eksportujemy nasz\u0105 \u017cywno\u015b\u0107 na ca\u0142y \u015bwiat. To dzisiaj ogromna, bardzo wa\u017cna cz\u0119\u015b\u0107 naszej gospodarki i naszego PKB. Dla Polski rolnictwo jest nies\u0142ychanie wa\u017cn\u0105 cz\u0119\u015bci\u0105 przemys\u0142u. Dlatego jestem tutaj i dlatego spotykam si\u0119 z Pa\u0144stwem, bo zapewnienie bezpiecze\u0144stwa \u017cywno\u015bciowego jest kwesti\u0105 fundamentaln\u0105. Musimy si\u0119 dzieli\u0107 i powinni\u015bmy si\u0119 dzieli\u0107 \u2013 powiedzia\u0142 Prezydent Polski Andrzej Duda\u00a0podczas otwarcia World Food Forum w Rzymie.\u00a0<\/strong><\/h5>\n<p>Prezydent Duda podkre\u015bli\u0142, \u017ce\u00a0Polska b\u0119dzie zabiega\u0107 o wzrost presji na Rosj\u0119, by zako\u0144czy\u0142a agresj\u0119 i wycofa\u0142a si\u0119 z terytori\u00f3w Ukrainy. Wskazywa\u0142 przy tym, \u017ce rosyjskie dzia\u0142ania znacznie spot\u0119gowa\u0142y narastaj\u0105cy na \u015bwiecie, m.in. w efekcie negatywnego wp\u0142ywu pandemii COVID\u201319, kryzys \u017cywno\u015bciowy. Jak doda\u0142, Rosja uniemo\u017cliwi\u0142a, a nast\u0119pnie powa\u017cnie ograniczy\u0142a eksport \u017cywno\u015bci i produkt\u00f3w rolnych z Ukrainy, kt\u00f3ra jest jednym z najwa\u017cniejszych na \u015bwiecie producent\u00f3w \u017cywno\u015bci i p\u0142od\u00f3w rolnych.<\/p>\n<p>Wed\u0142ug \u015awiatowego Programu \u017bywno\u015bciowego napa\u015b\u0107 Rosji na Ukrain\u0119, wspierana tak\u017ce przez re\u017cim bia\u0142oruski, prowadzi do powa\u017cnego zagro\u017cenia bezpiecze\u0144stwa \u017cywno\u015bciowego nie tylko Ukrai\u0144c\u00f3w, ale a\u017c 345 milion\u00f3w ludzi w 82 krajach \u2013 przypomnia\u0142 Andrzej Duda i doda\u0142, \u017ce w efekcie tej wojny liczba os\u00f3b cierpi\u0105cych chroniczny g\u0142\u00f3d mo\u017ce wzrosn\u0105\u0107 nawet o 47 milion\u00f3w.<\/p>\n<p>W ocenie polskiego prezydenta agresja Rosji na Ukrain\u0119 oddala nas tak\u017ce od realizacji Cel\u00f3w Zr\u00f3wnowa\u017conego Rozwoju, w tym tych dotycz\u0105cych pokoju, sprawiedliwo\u015bci i silnych instytucji, wzrostu gospodarczego i godnej pracy, a tak\u017ce zmniejszenia nier\u00f3wno\u015bci, eliminacji g\u0142odu i ub\u00f3stwa.<\/p>\n<p>Jak poinformowa\u0142 szef prezydenckiego Biura Polityki Mi\u0119dzynarodowej Jakub Kumoch, podczas wizyty we W\u0142oszech Prezydent Duda b\u0119dzie rozmawia\u0142 z Dyrektorem Generalnym ONZ ds. Wy\u017cywienia i Rolnictwa Qu Dongyu, a tak\u017ce m.in. z Prezydentem Republiki W\u0142oskiej Sergio Mattarell\u0105.<\/p>\n<p>Adrian Andrzejewski<\/p>\n","protected":false},"excerpt":{"rendered":"<p>Eksportujemy nasz\u0105 \u017cywno\u015b\u0107 na ca\u0142y \u015bwiat. To dzisiaj ogromna, bardzo wa\u017cna cz\u0119\u015b\u0107 naszej gospodarki i naszego PKB. Dla Polski rolnictwo jest nies\u0142ychanie wa\u017cn\u0105 cz\u0119\u015bci\u0105 przemys\u0142u. Dlatego jestem tutaj i dlatego&hellip;<\/p>\n","protected":false},"author":7,"featured_media":31536,"comment_status":"closed","ping_status":"open","sticky":false,"template":"","format":"standard","meta":{"_mi_skip_tracking":false,"footnotes":""},"categories":[47],"tags":[],"class_list":["post-31530","post","type-post","status-publish","format-standard","has-post-thumbnail","hentry","category-wydarzenia"],"yoast_head":"<!-- This site is optimized with the Yoast SEO plugin v19.4 - https:\/\/yoast.com\/wordpress\/plugins\/seo\/ -->\n<title>Prezydent Polski go\u015bciem honorowym World Food Forum w Rzymie - Godno\u015b\u0107 - DignityNews.eu<\/title>\n<meta name=\"robots\" content=\"index, follow, max-snippet:-1, max-image-preview:large, max-video-preview:-1\" \/>\n<link rel=\"canonical\" href=\"https:\/\/dignitynews.eu\/pl\/prezydent-polski-gosciem-honorowym-world-food-forum-w-rzymie\/\" \/>\n<meta property=\"og:locale\" content=\"pl_PL\" \/>\n<meta property=\"og:type\" content=\"article\" \/>\n<meta property=\"og:title\" content=\"Prezydent Polski go\u015bciem honorowym World Food Forum w Rzymie - Godno\u015b\u0107 - DignityNews.eu\" \/>\n<meta property=\"og:description\" content=\"Eksportujemy nasz\u0105 \u017cywno\u015b\u0107 na ca\u0142y \u015bwiat. To dzisiaj ogromna, bardzo wa\u017cna cz\u0119\u015b\u0107 naszej gospodarki i naszego PKB. Dla Polski rolnictwo jest nies\u0142ychanie wa\u017cn\u0105 cz\u0119\u015bci\u0105 przemys\u0142u. Dlatego jestem tutaj i dlatego&hellip;\" \/>\n<meta property=\"og:url\" content=\"https:\/\/dignitynews.eu\/pl\/prezydent-polski-gosciem-honorowym-world-food-forum-w-rzymie\/\" \/>\n<meta property=\"og:site_name\" content=\"Godno\u015b\u0107 - DignityNews.eu\" \/>\n<meta property=\"article:published_time\" content=\"2022-10-18T07:30:45+00:00\" \/>\n<meta property=\"article:modified_time\" content=\"2022-10-18T13:19:28+00:00\" \/>\n<meta property=\"og:image\" content=\"https:\/\/dignitynews.eu\/wp-content\/uploads\/2022\/10\/Andrzej-Duda-Rzym-FAO-fot.-Jakub-Szymczuk-KPRP.jpg\" \/>\n\t<meta property=\"og:image:width\" content=\"2000\" \/>\n\t<meta property=\"og:image:height\" content=\"1333\" \/>\n\t<meta property=\"og:image:type\" content=\"image\/jpeg\" \/>\n<meta name=\"author\" content=\"Dignity News\" \/>\n<meta name=\"twitter:card\" content=\"summary_large_image\" \/>\n<meta name=\"twitter:label1\" content=\"Napisane przez\" \/>\n\t<meta name=\"twitter:data1\" content=\"Dignity News\" \/>\n\t<meta name=\"twitter:label2\" content=\"Szacowany czas czytania\" \/>\n\t<meta name=\"twitter:data2\" content=\"2 minuty\" \/>\n<script type=\"application\/ld+json\" class=\"yoast-schema-graph\">{\"@context\":\"https:\/\/schema.org\",\"@graph\":[{\"@type\":\"WebSite\",\"@id\":\"https:\/\/dignitynews.eu\/pl\/#website\",\"url\":\"https:\/\/dignitynews.eu\/pl\/\",\"name\":\"Godno\u015b\u0107 - DignityNews.eu\",\"description\":\"\",\"potentialAction\":[{\"@type\":\"SearchAction\",\"target\":{\"@type\":\"EntryPoint\",\"urlTemplate\":\"https:\/\/dignitynews.eu\/pl\/?s={search_term_string}\"},\"query-input\":\"required name=search_term_string\"}],\"inLanguage\":\"pl-PL\"},{\"@type\":\"WebPage\",\"@id\":\"https:\/\/dignitynews.eu\/pl\/prezydent-polski-gosciem-honorowym-world-food-forum-w-rzymie\/\",\"url\":\"https:\/\/dignitynews.eu\/pl\/prezydent-polski-gosciem-honorowym-world-food-forum-w-rzymie\/\",\"name\":\"Prezydent Polski go\u015bciem honorowym World Food Forum w Rzymie - Godno\u015b\u0107 - DignityNews.eu\",\"isPartOf\":{\"@id\":\"https:\/\/dignitynews.eu\/pl\/#website\"},\"datePublished\":\"2022-10-18T07:30:45+00:00\",\"dateModified\":\"2022-10-18T13:19:28+00:00\",\"author\":{\"@id\":\"https:\/\/dignitynews.eu\/pl\/#\/schema\/person\/0b62b762b8174802fabc81a3ecb1bfcb\"},\"breadcrumb\":{\"@id\":\"https:\/\/dignitynews.eu\/pl\/prezydent-polski-gosciem-honorowym-world-food-forum-w-rzymie\/#breadcrumb\"},\"inLanguage\":\"pl-PL\",\"potentialAction\":[{\"@type\":\"ReadAction\",\"target\":[\"https:\/\/dignitynews.eu\/pl\/prezydent-polski-gosciem-honorowym-world-food-forum-w-rzymie\/\"]}]},{\"@type\":\"BreadcrumbList\",\"@id\":\"https:\/\/dignitynews.eu\/pl\/prezydent-polski-gosciem-honorowym-world-food-forum-w-rzymie\/#breadcrumb\",\"itemListElement\":[{\"@type\":\"ListItem\",\"position\":1,\"name\":\"Strona g\u0142\u00f3wna\",\"item\":\"https:\/\/dignitynews.eu\/pl\/\"},{\"@type\":\"ListItem\",\"position\":2,\"name\":\"Prezydent Polski go\u015bciem honorowym World Food Forum w Rzymie\"}]},{\"@type\":\"Person\",\"@id\":\"https:\/\/dignitynews.eu\/pl\/#\/schema\/person\/0b62b762b8174802fabc81a3ecb1bfcb\",\"name\":\"Dignity News\",\"image\":{\"@type\":\"ImageObject\",\"inLanguage\":\"pl-PL\",\"@id\":\"https:\/\/dignitynews.eu\/pl\/#\/schema\/person\/image\/\",\"url\":\"https:\/\/secure.gravatar.com\/avatar\/97963171a6d9108f8381bbefb1c6b150c445b6ddd9e3077b96c86cf5892c85dc?s=96&d=mm&r=g\",\"contentUrl\":\"https:\/\/secure.gravatar.com\/avatar\/97963171a6d9108f8381bbefb1c6b150c445b6ddd9e3077b96c86cf5892c85dc?s=96&d=mm&r=g\",\"caption\":\"Dignity News\"},\"url\":\"https:\/\/dignitynews.eu\/pl\/author\/mikolaj-palade\/\"}]}<\/script>\n<!-- \/ Yoast SEO plugin. -->","yoast_head_json":{"title":"Prezydent Polski go\u015bciem honorowym World Food Forum w Rzymie - Godno\u015b\u0107 - DignityNews.eu","robots":{"index":"index","follow":"follow","max-snippet":"max-snippet:-1","max-image-preview":"max-image-preview:large","max-video-preview":"max-video-preview:-1"},"canonical":"https:\/\/dignitynews.eu\/pl\/prezydent-polski-gosciem-honorowym-world-food-forum-w-rzymie\/","og_locale":"pl_PL","og_type":"article","og_title":"Prezydent Polski go\u015bciem honorowym World Food Forum w Rzymie - Godno\u015b\u0107 - DignityNews.eu","og_description":"Eksportujemy nasz\u0105 \u017cywno\u015b\u0107 na ca\u0142y \u015bwiat. To dzisiaj ogromna, bardzo wa\u017cna cz\u0119\u015b\u0107 naszej gospodarki i naszego PKB. Dla Polski rolnictwo jest nies\u0142ychanie wa\u017cn\u0105 cz\u0119\u015bci\u0105 przemys\u0142u. Dlatego jestem tutaj i dlatego&hellip;","og_url":"https:\/\/dignitynews.eu\/pl\/prezydent-polski-gosciem-honorowym-world-food-forum-w-rzymie\/","og_site_name":"Godno\u015b\u0107 - DignityNews.eu","article_published_time":"2022-10-18T07:30:45+00:00","article_modified_time":"2022-10-18T13:19:28+00:00","og_image":[{"width":2000,"height":1333,"url":"https:\/\/dignitynews.eu\/wp-content\/uploads\/2022\/10\/Andrzej-Duda-Rzym-FAO-fot.-Jakub-Szymczuk-KPRP.jpg","type":"image\/jpeg"}],"author":"Dignity News","twitter_card":"summary_large_image","twitter_misc":{"Napisane przez":"Dignity News","Szacowany czas czytania":"2 minuty"},"schema":{"@context":"https:\/\/schema.org","@graph":[{"@type":"WebSite","@id":"https:\/\/dignitynews.eu\/pl\/#website","url":"https:\/\/dignitynews.eu\/pl\/","name":"Godno\u015b\u0107 - DignityNews.eu","description":"","potentialAction":[{"@type":"SearchAction","target":{"@type":"EntryPoint","urlTemplate":"https:\/\/dignitynews.eu\/pl\/?s={search_term_string}"},"query-input":"required name=search_term_string"}],"inLanguage":"pl-PL"},{"@type":"WebPage","@id":"https:\/\/dignitynews.eu\/pl\/prezydent-polski-gosciem-honorowym-world-food-forum-w-rzymie\/","url":"https:\/\/dignitynews.eu\/pl\/prezydent-polski-gosciem-honorowym-world-food-forum-w-rzymie\/","name":"Prezydent Polski go\u015bciem honorowym World Food Forum w Rzymie - Godno\u015b\u0107 - DignityNews.eu","isPartOf":{"@id":"https:\/\/dignitynews.eu\/pl\/#website"},"datePublished":"2022-10-18T07:30:45+00:00","dateModified":"2022-10-18T13:19:28+00:00","author":{"@id":"https:\/\/dignitynews.eu\/pl\/#\/schema\/person\/0b62b762b8174802fabc81a3ecb1bfcb"},"breadcrumb":{"@id":"https:\/\/dignitynews.eu\/pl\/prezydent-polski-gosciem-honorowym-world-food-forum-w-rzymie\/#breadcrumb"},"inLanguage":"pl-PL","potentialAction":[{"@type":"ReadAction","target":["https:\/\/dignitynews.eu\/pl\/prezydent-polski-gosciem-honorowym-world-food-forum-w-rzymie\/"]}]},{"@type":"BreadcrumbList","@id":"https:\/\/dignitynews.eu\/pl\/prezydent-polski-gosciem-honorowym-world-food-forum-w-rzymie\/#breadcrumb","itemListElement":[{"@type":"ListItem","position":1,"name":"Strona g\u0142\u00f3wna","item":"https:\/\/dignitynews.eu\/pl\/"},{"@type":"ListItem","position":2,"name":"Prezydent Polski go\u015bciem honorowym World Food Forum w Rzymie"}]},{"@type":"Person","@id":"https:\/\/dignitynews.eu\/pl\/#\/schema\/person\/0b62b762b8174802fabc81a3ecb1bfcb","name":"Dignity News","image":{"@type":"ImageObject","inLanguage":"pl-PL","@id":"https:\/\/dignitynews.eu\/pl\/#\/schema\/person\/image\/","url":"https:\/\/secure.gravatar.com\/avatar\/97963171a6d9108f8381bbefb1c6b150c445b6ddd9e3077b96c86cf5892c85dc?s=96&d=mm&r=g","contentUrl":"https:\/\/secure.gravatar.com\/avatar\/97963171a6d9108f8381bbefb1c6b150c445b6ddd9e3077b96c86cf5892c85dc?s=96&d=mm&r=g","caption":"Dignity News"},"url":"https:\/\/dignitynews.eu\/pl\/author\/mikolaj-palade\/"}]}},"_links":{"self":[{"href":"https:\/\/dignitynews.eu\/pl\/wp-json\/wp\/v2\/posts\/31530","targetHints":{"allow":["GET"]}}],"collection":[{"href":"https:\/\/dignitynews.eu\/pl\/wp-json\/wp\/v2\/posts"}],"about":[{"href":"https:\/\/dignitynews.eu\/pl\/wp-json\/wp\/v2\/types\/post"}],"author":[{"embeddable":true,"href":"https:\/\/dignitynews.eu\/pl\/wp-json\/wp\/v2\/users\/7"}],"replies":[{"embeddable":true,"href":"https:\/\/dignitynews.eu\/pl\/wp-json\/wp\/v2\/comments?post=31530"}],"version-history":[{"count":1,"href":"https:\/\/dignitynews.eu\/pl\/wp-json\/wp\/v2\/posts\/31530\/revisions"}],"predecessor-version":[{"id":31541,"href":"https:\/\/dignitynews.eu\/pl\/wp-json\/wp\/v2\/posts\/31530\/revisions\/31541"}],"wp:featuredmedia":[{"embeddable":true,"href":"https:\/\/dignitynews.eu\/pl\/wp-json\/wp\/v2\/media\/31536"}],"wp:attachment":[{"href":"https:\/\/dignitynews.eu\/pl\/wp-json\/wp\/v2\/media?parent=31530"}],"wp:term":[{"taxonomy":"category","embeddable":true,"href":"https:\/\/dignitynews.eu\/pl\/wp-json\/wp\/v2\/categories?post=31530"},{"taxonomy":"post_tag","embeddable":true,"href":"https:\/\/dignitynews.eu\/pl\/wp-json\/wp\/v2\/tags?post=31530"}],"curies":[{"name":"wp","href":"https:\/\/api.w.org\/{rel}","templated":true}]}}