{"id":30100,"date":"2022-09-29T10:40:09","date_gmt":"2022-09-29T08:40:09","guid":{"rendered":"https:\/\/dignitynews.eu\/?p=30100"},"modified":"2022-09-29T10:46:10","modified_gmt":"2022-09-29T08:46:10","slug":"arnold-schwarzenegger-z-wizyta-w-bylym-niemieckim-obozie-auschwitz","status":"publish","type":"post","link":"https:\/\/dignitynews.eu\/pl\/arnold-schwarzenegger-z-wizyta-w-bylym-niemieckim-obozie-auschwitz\/","title":{"rendered":"Arnold Schwarzenegger z wizyt\u0105 w by\u0142ym niemieckim obozie Auschwitz"},"content":{"rendered":"<h5>Arnold Schwarzenegger, aktor i by\u0142y gubernator Kalifornii, odwiedzi\u0142 w \u015brod\u0119 by\u0142y niemiecki ob\u00f3z Auschwitz. Aktor zapali\u0142 znicze przed \u015acian\u0105 Strace\u0144, gdzie Niemcy zastrzelili tysi\u0105ce ludzi, a tak\u017ce przy pomniku ofiar obozu w by\u0142ym KL Auschwitz II-Birkenau,<\/h5>\n<p>Do by\u0142ego obozu Auschwitz I Schwarzenegger wszed\u0142 przez g\u0142\u00f3wn\u0105 bram\u0119 z napisem &#8222;Arbeit macht frei&#8221;. Po zwiedzeniu by\u0142ego obozu Auschwitz I go\u015b\u0107 uda\u0142 si\u0119 do by\u0142ego Auschwitz II-Birkenau, miejsca masowej zag\u0142ady \u017byd\u00f3w. Szed\u0142 m.in. wzd\u0142u\u017c rampy kolejowej, na kt\u00f3rej Niemcy dokonywali selekcji deportowanych do obozu \u017byd\u00f3w. Widzia\u0142 ruiny komory gazowej i krematorium.<\/p>\n<p>Podczas spotkania z dziennikarzami gwiazdor znany z film\u00f3w z serii &#8222;Conan&#8221; i &#8222;Terminator&#8221; podkre\u015bli\u0142, jak wa\u017cna jest pami\u0119\u0107 o pomordowanych w Auschwitz. Podzi\u0119kowa\u0142 za obecno\u015b\u0107 Lidii Maksymowicz, by\u0142ej wi\u0119\u017aniarce obozu, kt\u00f3ra &#8211; jak m\u00f3wi\u0142 aktor &#8211; jako trzyletnie dziecko przesz\u0142a straszliwe cierpienie z powodu eksperyment\u00f3w doktora Mengele.<\/p>\n<p>&#8211; To jest historia, kt\u00f3r\u0105 musimy opowiada\u0107 na okr\u0105g\u0142o (&#8230;). Musimy wsp\u00f3lnie powiedzie\u0107: nigdy wi\u0119cej. Musimy pami\u0119ta\u0107 o wszystkich ludziach, o milionie stu tysi\u0105cach ofiar obozu Auschwitz (&#8230;). Mamy przed sob\u0105 misj\u0119 wspominania, pami\u0119tania, po to, by takie rzeczy w przysz\u0142o\u015bci si\u0119 nie dzia\u0142y &#8211; powiedzia\u0142 dziennikarzom aktor.<\/p>\n<p>Schwarzeneggerowi podczas wizyty w Auschwitz towarzyszy\u0142 Simon Bergson, syn ocala\u0142ych z obozu oraz przewodnicz\u0105cy Auschwitz Jewish Center Foundation, kt\u00f3ra w czerwcu uhonorowa\u0142a aktora nagrod\u0105 specjaln\u0105 za zaanga\u017cowanie w zapobieganie nienawi\u015bci.<\/p>\n<p>Podczas spotkania z dziennikarzami aktor podkre\u015bli\u0142, \u017ce nie m\u00f3g\u0142 w czerwcu odebra\u0107 osobi\u015bcie nagrody, poniewa\u017c by\u0142 w trakcie pracy nad nowym serialem w Kanadzie. Spotkanie z mediami Schwarzenegger zako\u0144czy\u0142 swoj\u0105 s\u0142ynn\u0105 kwesti\u0105 z \u201eTerminatora\u201d \u2013 \u201eI\u2019ll be back!\u201d. To samo zdanie znalaz\u0142o si\u0119 w ksi\u0119dze pami\u0105tkowej muzeum.<\/p>\n<p>Arkadiusz S\u0142omczy\u0144ski<\/p>\n","protected":false},"excerpt":{"rendered":"<p>Arnold Schwarzenegger, aktor i by\u0142y gubernator Kalifornii, odwiedzi\u0142 w \u015brod\u0119 by\u0142y niemiecki ob\u00f3z Auschwitz. Aktor zapali\u0142 znicze przed \u015acian\u0105 Strace\u0144, gdzie Niemcy zastrzelili tysi\u0105ce ludzi, a tak\u017ce przy pomniku ofiar&hellip;<\/p>\n","protected":false},"author":7,"featured_media":30115,"comment_status":"closed","ping_status":"open","sticky":false,"template":"","format":"standard","meta":{"_mi_skip_tracking":false,"footnotes":""},"categories":[47],"tags":[],"class_list":["post-30100","post","type-post","status-publish","format-standard","has-post-thumbnail","hentry","category-wydarzenia"],"yoast_head":"<!-- This site is optimized with the Yoast SEO plugin v19.4 - https:\/\/yoast.com\/wordpress\/plugins\/seo\/ -->\n<title>Arnold Schwarzenegger z wizyt\u0105 w by\u0142ym niemieckim obozie Auschwitz - Godno\u015b\u0107 - DignityNews.eu<\/title>\n<meta name=\"robots\" content=\"index, follow, max-snippet:-1, max-image-preview:large, max-video-preview:-1\" \/>\n<link rel=\"canonical\" href=\"https:\/\/dignitynews.eu\/pl\/arnold-schwarzenegger-z-wizyta-w-bylym-niemieckim-obozie-auschwitz\/\" \/>\n<meta property=\"og:locale\" content=\"pl_PL\" \/>\n<meta property=\"og:type\" content=\"article\" \/>\n<meta property=\"og:title\" content=\"Arnold Schwarzenegger z wizyt\u0105 w by\u0142ym niemieckim obozie Auschwitz - Godno\u015b\u0107 - DignityNews.eu\" \/>\n<meta property=\"og:description\" content=\"Arnold Schwarzenegger, aktor i by\u0142y gubernator Kalifornii, odwiedzi\u0142 w \u015brod\u0119 by\u0142y niemiecki ob\u00f3z Auschwitz. Aktor zapali\u0142 znicze przed \u015acian\u0105 Strace\u0144, gdzie Niemcy zastrzelili tysi\u0105ce ludzi, a tak\u017ce przy pomniku ofiar&hellip;\" \/>\n<meta property=\"og:url\" content=\"https:\/\/dignitynews.eu\/pl\/arnold-schwarzenegger-z-wizyta-w-bylym-niemieckim-obozie-auschwitz\/\" \/>\n<meta property=\"og:site_name\" content=\"Godno\u015b\u0107 - DignityNews.eu\" \/>\n<meta property=\"article:published_time\" content=\"2022-09-29T08:40:09+00:00\" \/>\n<meta property=\"article:modified_time\" content=\"2022-09-29T08:46:10+00:00\" \/>\n<meta property=\"og:image\" content=\"https:\/\/dignitynews.eu\/wp-content\/uploads\/2022\/09\/Uciety-szwarnold.jpg\" \/>\n\t<meta property=\"og:image:width\" content=\"968\" \/>\n\t<meta property=\"og:image:height\" content=\"1144\" \/>\n\t<meta property=\"og:image:type\" content=\"image\/jpeg\" \/>\n<meta name=\"author\" content=\"Dignity News\" \/>\n<meta name=\"twitter:card\" content=\"summary_large_image\" \/>\n<meta name=\"twitter:label1\" content=\"Napisane przez\" \/>\n\t<meta name=\"twitter:data1\" content=\"Dignity News\" \/>\n\t<meta name=\"twitter:label2\" content=\"Szacowany czas czytania\" \/>\n\t<meta name=\"twitter:data2\" content=\"2 minuty\" \/>\n<script type=\"application\/ld+json\" class=\"yoast-schema-graph\">{\"@context\":\"https:\/\/schema.org\",\"@graph\":[{\"@type\":\"WebSite\",\"@id\":\"https:\/\/dignitynews.eu\/pl\/#website\",\"url\":\"https:\/\/dignitynews.eu\/pl\/\",\"name\":\"Godno\u015b\u0107 - DignityNews.eu\",\"description\":\"\",\"potentialAction\":[{\"@type\":\"SearchAction\",\"target\":{\"@type\":\"EntryPoint\",\"urlTemplate\":\"https:\/\/dignitynews.eu\/pl\/?s={search_term_string}\"},\"query-input\":\"required name=search_term_string\"}],\"inLanguage\":\"pl-PL\"},{\"@type\":\"WebPage\",\"@id\":\"https:\/\/dignitynews.eu\/pl\/arnold-schwarzenegger-z-wizyta-w-bylym-niemieckim-obozie-auschwitz\/\",\"url\":\"https:\/\/dignitynews.eu\/pl\/arnold-schwarzenegger-z-wizyta-w-bylym-niemieckim-obozie-auschwitz\/\",\"name\":\"Arnold Schwarzenegger z wizyt\u0105 w by\u0142ym niemieckim obozie Auschwitz - Godno\u015b\u0107 - DignityNews.eu\",\"isPartOf\":{\"@id\":\"https:\/\/dignitynews.eu\/pl\/#website\"},\"datePublished\":\"2022-09-29T08:40:09+00:00\",\"dateModified\":\"2022-09-29T08:46:10+00:00\",\"author\":{\"@id\":\"https:\/\/dignitynews.eu\/pl\/#\/schema\/person\/0b62b762b8174802fabc81a3ecb1bfcb\"},\"breadcrumb\":{\"@id\":\"https:\/\/dignitynews.eu\/pl\/arnold-schwarzenegger-z-wizyta-w-bylym-niemieckim-obozie-auschwitz\/#breadcrumb\"},\"inLanguage\":\"pl-PL\",\"potentialAction\":[{\"@type\":\"ReadAction\",\"target\":[\"https:\/\/dignitynews.eu\/pl\/arnold-schwarzenegger-z-wizyta-w-bylym-niemieckim-obozie-auschwitz\/\"]}]},{\"@type\":\"BreadcrumbList\",\"@id\":\"https:\/\/dignitynews.eu\/pl\/arnold-schwarzenegger-z-wizyta-w-bylym-niemieckim-obozie-auschwitz\/#breadcrumb\",\"itemListElement\":[{\"@type\":\"ListItem\",\"position\":1,\"name\":\"Strona g\u0142\u00f3wna\",\"item\":\"https:\/\/dignitynews.eu\/pl\/\"},{\"@type\":\"ListItem\",\"position\":2,\"name\":\"Arnold Schwarzenegger z wizyt\u0105 w by\u0142ym niemieckim obozie Auschwitz\"}]},{\"@type\":\"Person\",\"@id\":\"https:\/\/dignitynews.eu\/pl\/#\/schema\/person\/0b62b762b8174802fabc81a3ecb1bfcb\",\"name\":\"Dignity News\",\"image\":{\"@type\":\"ImageObject\",\"inLanguage\":\"pl-PL\",\"@id\":\"https:\/\/dignitynews.eu\/pl\/#\/schema\/person\/image\/\",\"url\":\"https:\/\/secure.gravatar.com\/avatar\/97963171a6d9108f8381bbefb1c6b150c445b6ddd9e3077b96c86cf5892c85dc?s=96&d=mm&r=g\",\"contentUrl\":\"https:\/\/secure.gravatar.com\/avatar\/97963171a6d9108f8381bbefb1c6b150c445b6ddd9e3077b96c86cf5892c85dc?s=96&d=mm&r=g\",\"caption\":\"Dignity News\"},\"url\":\"https:\/\/dignitynews.eu\/pl\/author\/mikolaj-palade\/\"}]}<\/script>\n<!-- \/ Yoast SEO plugin. -->","yoast_head_json":{"title":"Arnold Schwarzenegger z wizyt\u0105 w by\u0142ym niemieckim obozie Auschwitz - Godno\u015b\u0107 - DignityNews.eu","robots":{"index":"index","follow":"follow","max-snippet":"max-snippet:-1","max-image-preview":"max-image-preview:large","max-video-preview":"max-video-preview:-1"},"canonical":"https:\/\/dignitynews.eu\/pl\/arnold-schwarzenegger-z-wizyta-w-bylym-niemieckim-obozie-auschwitz\/","og_locale":"pl_PL","og_type":"article","og_title":"Arnold Schwarzenegger z wizyt\u0105 w by\u0142ym niemieckim obozie Auschwitz - Godno\u015b\u0107 - DignityNews.eu","og_description":"Arnold Schwarzenegger, aktor i by\u0142y gubernator Kalifornii, odwiedzi\u0142 w \u015brod\u0119 by\u0142y niemiecki ob\u00f3z Auschwitz. Aktor zapali\u0142 znicze przed \u015acian\u0105 Strace\u0144, gdzie Niemcy zastrzelili tysi\u0105ce ludzi, a tak\u017ce przy pomniku ofiar&hellip;","og_url":"https:\/\/dignitynews.eu\/pl\/arnold-schwarzenegger-z-wizyta-w-bylym-niemieckim-obozie-auschwitz\/","og_site_name":"Godno\u015b\u0107 - DignityNews.eu","article_published_time":"2022-09-29T08:40:09+00:00","article_modified_time":"2022-09-29T08:46:10+00:00","og_image":[{"width":968,"height":1144,"url":"https:\/\/dignitynews.eu\/wp-content\/uploads\/2022\/09\/Uciety-szwarnold.jpg","type":"image\/jpeg"}],"author":"Dignity News","twitter_card":"summary_large_image","twitter_misc":{"Napisane przez":"Dignity News","Szacowany czas czytania":"2 minuty"},"schema":{"@context":"https:\/\/schema.org","@graph":[{"@type":"WebSite","@id":"https:\/\/dignitynews.eu\/pl\/#website","url":"https:\/\/dignitynews.eu\/pl\/","name":"Godno\u015b\u0107 - DignityNews.eu","description":"","potentialAction":[{"@type":"SearchAction","target":{"@type":"EntryPoint","urlTemplate":"https:\/\/dignitynews.eu\/pl\/?s={search_term_string}"},"query-input":"required name=search_term_string"}],"inLanguage":"pl-PL"},{"@type":"WebPage","@id":"https:\/\/dignitynews.eu\/pl\/arnold-schwarzenegger-z-wizyta-w-bylym-niemieckim-obozie-auschwitz\/","url":"https:\/\/dignitynews.eu\/pl\/arnold-schwarzenegger-z-wizyta-w-bylym-niemieckim-obozie-auschwitz\/","name":"Arnold Schwarzenegger z wizyt\u0105 w by\u0142ym niemieckim obozie Auschwitz - Godno\u015b\u0107 - DignityNews.eu","isPartOf":{"@id":"https:\/\/dignitynews.eu\/pl\/#website"},"datePublished":"2022-09-29T08:40:09+00:00","dateModified":"2022-09-29T08:46:10+00:00","author":{"@id":"https:\/\/dignitynews.eu\/pl\/#\/schema\/person\/0b62b762b8174802fabc81a3ecb1bfcb"},"breadcrumb":{"@id":"https:\/\/dignitynews.eu\/pl\/arnold-schwarzenegger-z-wizyta-w-bylym-niemieckim-obozie-auschwitz\/#breadcrumb"},"inLanguage":"pl-PL","potentialAction":[{"@type":"ReadAction","target":["https:\/\/dignitynews.eu\/pl\/arnold-schwarzenegger-z-wizyta-w-bylym-niemieckim-obozie-auschwitz\/"]}]},{"@type":"BreadcrumbList","@id":"https:\/\/dignitynews.eu\/pl\/arnold-schwarzenegger-z-wizyta-w-bylym-niemieckim-obozie-auschwitz\/#breadcrumb","itemListElement":[{"@type":"ListItem","position":1,"name":"Strona g\u0142\u00f3wna","item":"https:\/\/dignitynews.eu\/pl\/"},{"@type":"ListItem","position":2,"name":"Arnold Schwarzenegger z wizyt\u0105 w by\u0142ym niemieckim obozie Auschwitz"}]},{"@type":"Person","@id":"https:\/\/dignitynews.eu\/pl\/#\/schema\/person\/0b62b762b8174802fabc81a3ecb1bfcb","name":"Dignity News","image":{"@type":"ImageObject","inLanguage":"pl-PL","@id":"https:\/\/dignitynews.eu\/pl\/#\/schema\/person\/image\/","url":"https:\/\/secure.gravatar.com\/avatar\/97963171a6d9108f8381bbefb1c6b150c445b6ddd9e3077b96c86cf5892c85dc?s=96&d=mm&r=g","contentUrl":"https:\/\/secure.gravatar.com\/avatar\/97963171a6d9108f8381bbefb1c6b150c445b6ddd9e3077b96c86cf5892c85dc?s=96&d=mm&r=g","caption":"Dignity News"},"url":"https:\/\/dignitynews.eu\/pl\/author\/mikolaj-palade\/"}]}},"_links":{"self":[{"href":"https:\/\/dignitynews.eu\/pl\/wp-json\/wp\/v2\/posts\/30100","targetHints":{"allow":["GET"]}}],"collection":[{"href":"https:\/\/dignitynews.eu\/pl\/wp-json\/wp\/v2\/posts"}],"about":[{"href":"https:\/\/dignitynews.eu\/pl\/wp-json\/wp\/v2\/types\/post"}],"author":[{"embeddable":true,"href":"https:\/\/dignitynews.eu\/pl\/wp-json\/wp\/v2\/users\/7"}],"replies":[{"embeddable":true,"href":"https:\/\/dignitynews.eu\/pl\/wp-json\/wp\/v2\/comments?post=30100"}],"version-history":[{"count":1,"href":"https:\/\/dignitynews.eu\/pl\/wp-json\/wp\/v2\/posts\/30100\/revisions"}],"predecessor-version":[{"id":30106,"href":"https:\/\/dignitynews.eu\/pl\/wp-json\/wp\/v2\/posts\/30100\/revisions\/30106"}],"wp:featuredmedia":[{"embeddable":true,"href":"https:\/\/dignitynews.eu\/pl\/wp-json\/wp\/v2\/media\/30115"}],"wp:attachment":[{"href":"https:\/\/dignitynews.eu\/pl\/wp-json\/wp\/v2\/media?parent=30100"}],"wp:term":[{"taxonomy":"category","embeddable":true,"href":"https:\/\/dignitynews.eu\/pl\/wp-json\/wp\/v2\/categories?post=30100"},{"taxonomy":"post_tag","embeddable":true,"href":"https:\/\/dignitynews.eu\/pl\/wp-json\/wp\/v2\/tags?post=30100"}],"curies":[{"name":"wp","href":"https:\/\/api.w.org\/{rel}","templated":true}]}}