{"id":29531,"date":"2022-09-22T12:04:45","date_gmt":"2022-09-22T10:04:45","guid":{"rendered":"https:\/\/dignitynews.eu\/?p=29531"},"modified":"2022-09-22T12:04:45","modified_gmt":"2022-09-22T10:04:45","slug":"trwa-modernizacja-taboru-kolejowego-pkp-intercity","status":"publish","type":"post","link":"https:\/\/dignitynews.eu\/pl\/trwa-modernizacja-taboru-kolejowego-pkp-intercity\/","title":{"rendered":"Trwa modernizacja taboru kolejowego PKP Intercity"},"content":{"rendered":"<h5><strong>Podczas mi\u0119dzynarodowych targ\u00f3w kolejowych InnoTrans w Berlinie, PKP Intercity podpisa\u0142o umow\u0119 z PES\u0104 Bydgoszcz na napraw\u0119 na pi\u0105tym poziomie utrzymania (P5) 59 wagon\u00f3w serii 152A i 154A. Bydgoska sp\u00f3\u0142ka za wykonanie umowy otrzyma 376 mln z\u0142 \u2013 poinformowa\u0142a PESA w komunikacie prasowym.<\/strong><\/h5>\n<p>Po wykonaniu naprawy wagony b\u0119d\u0105 przystosowane do pr\u0119dko\u015bci 200 km\/h. Zaoferuj\u0105 liczne udogodnienia dla pasa\u017cer\u00f3w, takie jak: WI-FI, indywidualne o\u015bwietlenie, now\u0105 klimatyzacj\u0119 czy dynamiczny system informacji prezentowany na tablicach \u015bwietlnych. Umowa ma zosta\u0107 zrealizowana do 2026 roku, a pierwsze wagony z kontaktu zostan\u0105 odebrane po 250 dniach od momentu przekazania ich do PESY.<\/p>\n<p>Podpisana umowa to kolejny etap wsp\u00f3\u0142pracy pomi\u0119dzy bydgoskim producentem a PKP Intercity. Narodowy przewo\u017anik kolejowy odebra\u0142 ju\u017c od PESY 110 zmodernizowanych wagon\u00f3w typu 111A-20, kt\u00f3re przechodzi\u0142y modernizacj\u0119 wraz z napraw\u0105 na pi\u0105tym poziomie utrzymania.<\/p>\n<p>Do parku taborowego sp\u00f3\u0142ki do\u0142\u0105czy jeszcze 15 takich pojazd\u00f3w. Zako\u0144czenie ich odbior\u00f3w, zgodnie z zapisami umowy, planowane jest w drugim kwartale 2023 roku, a warto\u015b\u0107 ca\u0142ego kontraktu wynosi 540,4 mln z\u0142.<\/p>\n<p>W bydgoskich zak\u0142adach modernizowane s\u0105 r\u00f3wnie\u017c sk\u0142ady ED74. Do tej pory sp\u00f3\u0142ka odebra\u0142a 7 z 14 pojazd\u00f3w. Warto\u015b\u0107 ca\u0142ego zam\u00f3wienia wynosi 275 mln z\u0142, a ostatni zmodernizowany pojazd trafi do PKP Intercity w 2023 r.<\/p>\n<p>Pod koniec 2020 r. PKP Intercity odebra\u0142o ostatnie ze 125 wagon\u00f3w, kt\u00f3re dla przewo\u017anika zmodernizowa\u0142a bydgoska PESA. Tym samym zrealizowana zosta\u0142a warta blisko 470 mln z\u0142 umowa. Z nowoczesnych wagon\u00f3w korzystaj\u0105 pasa\u017cerowie w ca\u0142ej Polsce, podobnie jak z wielofunkcyjnych wagon\u00f3w COMBO.<\/p>\n<p>W ramach rozszerzonej strategii inwestycyjnej \u201ePKP Intercity \u2013 Kolej Du\u017cych Inwestycji\u201d do 2030 roku sp\u00f3\u0142ka przeznaczy 27 mld z\u0142 na nowoczesny tabor. W efekcie przewo\u017anik planuje uruchamia\u0107 w 2030 roku oko\u0142o dwa razy wi\u0119cej poci\u0105g\u00f3w i zaoferowa\u0107 pasa\u017cerom wysoki standard podr\u00f3\u017cy. Norm\u0105 stan\u0105 si\u0119 podr\u00f3\u017ce z pr\u0119dko\u015bci\u0105 160-250 km\/h, co pozwoli skr\u00f3ci\u0107 czasy przejazd\u00f3w.<\/p>\n<p>Adrian Andrzejewski<\/p>\n","protected":false},"excerpt":{"rendered":"<p>Podczas mi\u0119dzynarodowych targ\u00f3w kolejowych InnoTrans w Berlinie, PKP Intercity podpisa\u0142o umow\u0119 z PES\u0104 Bydgoszcz na napraw\u0119 na pi\u0105tym poziomie utrzymania (P5) 59 wagon\u00f3w serii 152A i 154A. Bydgoska sp\u00f3\u0142ka za&hellip;<\/p>\n","protected":false},"author":7,"featured_media":29532,"comment_status":"closed","ping_status":"open","sticky":false,"template":"","format":"standard","meta":{"_mi_skip_tracking":false,"footnotes":""},"categories":[48],"tags":[],"class_list":["post-29531","post","type-post","status-publish","format-standard","has-post-thumbnail","hentry","category-gospodarka"],"yoast_head":"<!-- This site is optimized with the Yoast SEO plugin v19.4 - https:\/\/yoast.com\/wordpress\/plugins\/seo\/ -->\n<title>Trwa modernizacja taboru kolejowego PKP Intercity - Godno\u015b\u0107 - DignityNews.eu<\/title>\n<meta name=\"robots\" content=\"index, follow, max-snippet:-1, max-image-preview:large, max-video-preview:-1\" \/>\n<link rel=\"canonical\" href=\"https:\/\/dignitynews.eu\/pl\/trwa-modernizacja-taboru-kolejowego-pkp-intercity\/\" \/>\n<meta property=\"og:locale\" content=\"pl_PL\" \/>\n<meta property=\"og:type\" content=\"article\" \/>\n<meta property=\"og:title\" content=\"Trwa modernizacja taboru kolejowego PKP Intercity - Godno\u015b\u0107 - DignityNews.eu\" \/>\n<meta property=\"og:description\" content=\"Podczas mi\u0119dzynarodowych targ\u00f3w kolejowych InnoTrans w Berlinie, PKP Intercity podpisa\u0142o umow\u0119 z PES\u0104 Bydgoszcz na napraw\u0119 na pi\u0105tym poziomie utrzymania (P5) 59 wagon\u00f3w serii 152A i 154A. Bydgoska sp\u00f3\u0142ka za&hellip;\" \/>\n<meta property=\"og:url\" content=\"https:\/\/dignitynews.eu\/pl\/trwa-modernizacja-taboru-kolejowego-pkp-intercity\/\" \/>\n<meta property=\"og:site_name\" content=\"Godno\u015b\u0107 - DignityNews.eu\" \/>\n<meta property=\"article:published_time\" content=\"2022-09-22T10:04:45+00:00\" \/>\n<meta property=\"og:image\" content=\"https:\/\/dignitynews.eu\/wp-content\/uploads\/2022\/09\/Modernizacja-PKP-Intercity-fot.-Tomasz-Kawka-East-News.jpg\" \/>\n\t<meta property=\"og:image:width\" content=\"1500\" \/>\n\t<meta property=\"og:image:height\" content=\"1000\" \/>\n\t<meta property=\"og:image:type\" content=\"image\/jpeg\" \/>\n<meta name=\"author\" content=\"Dignity News\" \/>\n<meta name=\"twitter:card\" content=\"summary_large_image\" \/>\n<meta name=\"twitter:label1\" content=\"Napisane przez\" \/>\n\t<meta name=\"twitter:data1\" content=\"Dignity News\" \/>\n\t<meta name=\"twitter:label2\" content=\"Szacowany czas czytania\" \/>\n\t<meta name=\"twitter:data2\" content=\"2 minuty\" \/>\n<script type=\"application\/ld+json\" class=\"yoast-schema-graph\">{\"@context\":\"https:\/\/schema.org\",\"@graph\":[{\"@type\":\"WebSite\",\"@id\":\"https:\/\/dignitynews.eu\/pl\/#website\",\"url\":\"https:\/\/dignitynews.eu\/pl\/\",\"name\":\"Godno\u015b\u0107 - DignityNews.eu\",\"description\":\"\",\"potentialAction\":[{\"@type\":\"SearchAction\",\"target\":{\"@type\":\"EntryPoint\",\"urlTemplate\":\"https:\/\/dignitynews.eu\/pl\/?s={search_term_string}\"},\"query-input\":\"required name=search_term_string\"}],\"inLanguage\":\"pl-PL\"},{\"@type\":\"WebPage\",\"@id\":\"https:\/\/dignitynews.eu\/pl\/trwa-modernizacja-taboru-kolejowego-pkp-intercity\/\",\"url\":\"https:\/\/dignitynews.eu\/pl\/trwa-modernizacja-taboru-kolejowego-pkp-intercity\/\",\"name\":\"Trwa modernizacja taboru kolejowego PKP Intercity - Godno\u015b\u0107 - DignityNews.eu\",\"isPartOf\":{\"@id\":\"https:\/\/dignitynews.eu\/pl\/#website\"},\"datePublished\":\"2022-09-22T10:04:45+00:00\",\"dateModified\":\"2022-09-22T10:04:45+00:00\",\"author\":{\"@id\":\"https:\/\/dignitynews.eu\/pl\/#\/schema\/person\/0b62b762b8174802fabc81a3ecb1bfcb\"},\"breadcrumb\":{\"@id\":\"https:\/\/dignitynews.eu\/pl\/trwa-modernizacja-taboru-kolejowego-pkp-intercity\/#breadcrumb\"},\"inLanguage\":\"pl-PL\",\"potentialAction\":[{\"@type\":\"ReadAction\",\"target\":[\"https:\/\/dignitynews.eu\/pl\/trwa-modernizacja-taboru-kolejowego-pkp-intercity\/\"]}]},{\"@type\":\"BreadcrumbList\",\"@id\":\"https:\/\/dignitynews.eu\/pl\/trwa-modernizacja-taboru-kolejowego-pkp-intercity\/#breadcrumb\",\"itemListElement\":[{\"@type\":\"ListItem\",\"position\":1,\"name\":\"Strona g\u0142\u00f3wna\",\"item\":\"https:\/\/dignitynews.eu\/pl\/\"},{\"@type\":\"ListItem\",\"position\":2,\"name\":\"Trwa modernizacja taboru kolejowego PKP Intercity\"}]},{\"@type\":\"Person\",\"@id\":\"https:\/\/dignitynews.eu\/pl\/#\/schema\/person\/0b62b762b8174802fabc81a3ecb1bfcb\",\"name\":\"Dignity News\",\"image\":{\"@type\":\"ImageObject\",\"inLanguage\":\"pl-PL\",\"@id\":\"https:\/\/dignitynews.eu\/pl\/#\/schema\/person\/image\/\",\"url\":\"https:\/\/secure.gravatar.com\/avatar\/97963171a6d9108f8381bbefb1c6b150c445b6ddd9e3077b96c86cf5892c85dc?s=96&d=mm&r=g\",\"contentUrl\":\"https:\/\/secure.gravatar.com\/avatar\/97963171a6d9108f8381bbefb1c6b150c445b6ddd9e3077b96c86cf5892c85dc?s=96&d=mm&r=g\",\"caption\":\"Dignity News\"},\"url\":\"https:\/\/dignitynews.eu\/pl\/author\/mikolaj-palade\/\"}]}<\/script>\n<!-- \/ Yoast SEO plugin. -->","yoast_head_json":{"title":"Trwa modernizacja taboru kolejowego PKP Intercity - Godno\u015b\u0107 - DignityNews.eu","robots":{"index":"index","follow":"follow","max-snippet":"max-snippet:-1","max-image-preview":"max-image-preview:large","max-video-preview":"max-video-preview:-1"},"canonical":"https:\/\/dignitynews.eu\/pl\/trwa-modernizacja-taboru-kolejowego-pkp-intercity\/","og_locale":"pl_PL","og_type":"article","og_title":"Trwa modernizacja taboru kolejowego PKP Intercity - Godno\u015b\u0107 - DignityNews.eu","og_description":"Podczas mi\u0119dzynarodowych targ\u00f3w kolejowych InnoTrans w Berlinie, PKP Intercity podpisa\u0142o umow\u0119 z PES\u0104 Bydgoszcz na napraw\u0119 na pi\u0105tym poziomie utrzymania (P5) 59 wagon\u00f3w serii 152A i 154A. Bydgoska sp\u00f3\u0142ka za&hellip;","og_url":"https:\/\/dignitynews.eu\/pl\/trwa-modernizacja-taboru-kolejowego-pkp-intercity\/","og_site_name":"Godno\u015b\u0107 - DignityNews.eu","article_published_time":"2022-09-22T10:04:45+00:00","og_image":[{"width":1500,"height":1000,"url":"https:\/\/dignitynews.eu\/wp-content\/uploads\/2022\/09\/Modernizacja-PKP-Intercity-fot.-Tomasz-Kawka-East-News.jpg","type":"image\/jpeg"}],"author":"Dignity News","twitter_card":"summary_large_image","twitter_misc":{"Napisane przez":"Dignity News","Szacowany czas czytania":"2 minuty"},"schema":{"@context":"https:\/\/schema.org","@graph":[{"@type":"WebSite","@id":"https:\/\/dignitynews.eu\/pl\/#website","url":"https:\/\/dignitynews.eu\/pl\/","name":"Godno\u015b\u0107 - DignityNews.eu","description":"","potentialAction":[{"@type":"SearchAction","target":{"@type":"EntryPoint","urlTemplate":"https:\/\/dignitynews.eu\/pl\/?s={search_term_string}"},"query-input":"required name=search_term_string"}],"inLanguage":"pl-PL"},{"@type":"WebPage","@id":"https:\/\/dignitynews.eu\/pl\/trwa-modernizacja-taboru-kolejowego-pkp-intercity\/","url":"https:\/\/dignitynews.eu\/pl\/trwa-modernizacja-taboru-kolejowego-pkp-intercity\/","name":"Trwa modernizacja taboru kolejowego PKP Intercity - Godno\u015b\u0107 - DignityNews.eu","isPartOf":{"@id":"https:\/\/dignitynews.eu\/pl\/#website"},"datePublished":"2022-09-22T10:04:45+00:00","dateModified":"2022-09-22T10:04:45+00:00","author":{"@id":"https:\/\/dignitynews.eu\/pl\/#\/schema\/person\/0b62b762b8174802fabc81a3ecb1bfcb"},"breadcrumb":{"@id":"https:\/\/dignitynews.eu\/pl\/trwa-modernizacja-taboru-kolejowego-pkp-intercity\/#breadcrumb"},"inLanguage":"pl-PL","potentialAction":[{"@type":"ReadAction","target":["https:\/\/dignitynews.eu\/pl\/trwa-modernizacja-taboru-kolejowego-pkp-intercity\/"]}]},{"@type":"BreadcrumbList","@id":"https:\/\/dignitynews.eu\/pl\/trwa-modernizacja-taboru-kolejowego-pkp-intercity\/#breadcrumb","itemListElement":[{"@type":"ListItem","position":1,"name":"Strona g\u0142\u00f3wna","item":"https:\/\/dignitynews.eu\/pl\/"},{"@type":"ListItem","position":2,"name":"Trwa modernizacja taboru kolejowego PKP Intercity"}]},{"@type":"Person","@id":"https:\/\/dignitynews.eu\/pl\/#\/schema\/person\/0b62b762b8174802fabc81a3ecb1bfcb","name":"Dignity News","image":{"@type":"ImageObject","inLanguage":"pl-PL","@id":"https:\/\/dignitynews.eu\/pl\/#\/schema\/person\/image\/","url":"https:\/\/secure.gravatar.com\/avatar\/97963171a6d9108f8381bbefb1c6b150c445b6ddd9e3077b96c86cf5892c85dc?s=96&d=mm&r=g","contentUrl":"https:\/\/secure.gravatar.com\/avatar\/97963171a6d9108f8381bbefb1c6b150c445b6ddd9e3077b96c86cf5892c85dc?s=96&d=mm&r=g","caption":"Dignity News"},"url":"https:\/\/dignitynews.eu\/pl\/author\/mikolaj-palade\/"}]}},"_links":{"self":[{"href":"https:\/\/dignitynews.eu\/pl\/wp-json\/wp\/v2\/posts\/29531","targetHints":{"allow":["GET"]}}],"collection":[{"href":"https:\/\/dignitynews.eu\/pl\/wp-json\/wp\/v2\/posts"}],"about":[{"href":"https:\/\/dignitynews.eu\/pl\/wp-json\/wp\/v2\/types\/post"}],"author":[{"embeddable":true,"href":"https:\/\/dignitynews.eu\/pl\/wp-json\/wp\/v2\/users\/7"}],"replies":[{"embeddable":true,"href":"https:\/\/dignitynews.eu\/pl\/wp-json\/wp\/v2\/comments?post=29531"}],"version-history":[{"count":1,"href":"https:\/\/dignitynews.eu\/pl\/wp-json\/wp\/v2\/posts\/29531\/revisions"}],"predecessor-version":[{"id":29537,"href":"https:\/\/dignitynews.eu\/pl\/wp-json\/wp\/v2\/posts\/29531\/revisions\/29537"}],"wp:featuredmedia":[{"embeddable":true,"href":"https:\/\/dignitynews.eu\/pl\/wp-json\/wp\/v2\/media\/29532"}],"wp:attachment":[{"href":"https:\/\/dignitynews.eu\/pl\/wp-json\/wp\/v2\/media?parent=29531"}],"wp:term":[{"taxonomy":"category","embeddable":true,"href":"https:\/\/dignitynews.eu\/pl\/wp-json\/wp\/v2\/categories?post=29531"},{"taxonomy":"post_tag","embeddable":true,"href":"https:\/\/dignitynews.eu\/pl\/wp-json\/wp\/v2\/tags?post=29531"}],"curies":[{"name":"wp","href":"https:\/\/api.w.org\/{rel}","templated":true}]}}