{"id":29299,"date":"2022-09-20T11:02:32","date_gmt":"2022-09-20T09:02:32","guid":{"rendered":"https:\/\/dignitynews.eu\/?p=29299"},"modified":"2022-09-20T17:28:30","modified_gmt":"2022-09-20T15:28:30","slug":"polski-prezydent-na-uroczystosciach-pogrzebowych-krolowej-elzbiety-ii","status":"publish","type":"post","link":"https:\/\/dignitynews.eu\/pl\/polski-prezydent-na-uroczystosciach-pogrzebowych-krolowej-elzbiety-ii\/","title":{"rendered":"Polski prezydent na uroczysto\u015bciach pogrzebowych Kr\u00f3lowej El\u017cbiety II"},"content":{"rendered":"<h5><strong>W poniedzia\u0142ek, 19 wrze\u015bnia, w Opactwie Westminsterskim Prezydent Polski Andrzej Duda z ma\u0142\u017conk\u0105 Agat\u0105 Kornhauser\u2013Dud\u0105 uczestniczyli w uroczysto\u015bciach pogrzebowych brytyjskiej Kr\u00f3lowej El\u017cbiety II. W nabo\u017ce\u0144stwie \u017ca\u0142obnym wzi\u0119\u0142o udzia\u0142 2000 os\u00f3b, w tym ok. 500 go\u015bci zagranicznych.<\/strong><\/h5>\n<p>W niedziel\u0119, 18 wrze\u015bnia, w\u00a0Westminster Hall w Pa\u0142acu Westminsterskim Prezydent Polski z Pierwsz\u0105 Dam\u0105 oddali ho\u0142d zmar\u0142ej Kr\u00f3lowej El\u017cbiecie II. Wspominaj\u0105c zmar\u0142\u0105 Kr\u00f3low\u0105 Andrzej Duda podkre\u015bli\u0142, \u017ce by\u0142a ona przede wszystkim osob\u0105 bardzo ciep\u0142\u0105, emanuj\u0105c\u0105 spokojem zewn\u0119trznym, o niezwyk\u0142ej kulturze osobistej, niezwyk\u0142ym takcie.<\/p>\n<p>Tego samego dnia Prezydent Andrzej Duda spotka\u0142 si\u0119 z now\u0105 Premier Wielkiej Brytanii Liz Truss.\u00a0G\u0142\u00f3wnymi tematami rozmowy by\u0142y: bezpiecze\u0144stwo, wsparcie Ukrainy i wsp\u00f3\u0142praca gospodarcza, w tym surowcowa.<\/p>\n<p>Prezydent Polski zosta\u0142 zaproszony na spotkanie z now\u0105 premier jako jeden z pi\u0119ciu zagranicznych przyw\u00f3dc\u00f3w, jedyny spoza pa\u0144stw wsp\u00f3lnoty brytyjskiej.<\/p>\n<p>To by\u0142a bardzo dobra rozmowa, dotycz\u0105ca kwestii bezpiecze\u0144stwa, budowy strefy bezpiecze\u0144stwa, bezpiecze\u0144stwa Polski, naszego wsp\u00f3lnego wsparcia, jakiego razem z Wielk\u0105 Brytani\u0105 udzielamy walcz\u0105cej Ukrainie, naszego wsp\u00f3\u0142dzia\u0142ania ze Stanami Zjednoczonymi, naszego wsp\u00f3\u0142dzia\u0142ania w zakresie wspierania tak\u017ce pa\u0144stw ba\u0142tyckich \u2013 m\u00f3wi\u0142 Andrzej Duda, podczas p\u00f3\u017aniejszego briefingu dla medi\u00f3w.<\/p>\n<p>Przekaza\u0142 te\u017c, \u017ce rozmawia\u0142 z szefow\u0105 brytyjskiego rz\u0105du o ca\u0142ym szeregu aspekt\u00f3w zwi\u0105zanych z bezpiecze\u0144stwem \u2013 \u201etym bezpo\u015brednim, militarnym, jak r\u00f3wnie\u017c z tr\u00f3jstronn\u0105 wsp\u00f3\u0142prac\u0105 Polska\u2013Ukraina\u2013Wielka Brytania\u201d.<\/p>\n<p>Rozmawiali\u015bmy tak\u017ce o kwestiach gospodarczych, o kwestiach zwi\u0105zanych z rynkiem energii \u2013 powiedzia\u0142 Andrzej Duda i podkre\u015bli\u0142 \u201ebardzo dobr\u0105 atmosfer\u0119 tego spotkania, je\u017celi w og\u00f3le mo\u017cna tak m\u00f3wi\u0107 w tej smutnej dobie, w jakiej jest dzisiaj Wielka Brytania i sama Pani Premier osobi\u015bcie\u201d. Prezydent Polski przyzna\u0142, \u017ce cz\u0119\u015b\u0107 rozmowy by\u0142a po\u015bwi\u0119cona wspomnieniu brytyjskiej monarchini.<\/p>\n<p>Adrian Andrzejewski<\/p>\n","protected":false},"excerpt":{"rendered":"<p>W poniedzia\u0142ek, 19 wrze\u015bnia, w Opactwie Westminsterskim Prezydent Polski Andrzej Duda z ma\u0142\u017conk\u0105 Agat\u0105 Kornhauser\u2013Dud\u0105 uczestniczyli w uroczysto\u015bciach pogrzebowych brytyjskiej Kr\u00f3lowej El\u017cbiety II. W nabo\u017ce\u0144stwie \u017ca\u0142obnym wzi\u0119\u0142o udzia\u0142 2000 os\u00f3b,&hellip;<\/p>\n","protected":false},"author":7,"featured_media":29300,"comment_status":"closed","ping_status":"open","sticky":false,"template":"","format":"standard","meta":{"_mi_skip_tracking":false,"footnotes":""},"categories":[47],"tags":[],"class_list":["post-29299","post","type-post","status-publish","format-standard","has-post-thumbnail","hentry","category-wydarzenia"],"yoast_head":"<!-- This site is optimized with the Yoast SEO plugin v19.4 - https:\/\/yoast.com\/wordpress\/plugins\/seo\/ -->\n<title>Polski prezydent na uroczysto\u015bciach pogrzebowych Kr\u00f3lowej El\u017cbiety II - Godno\u015b\u0107 - DignityNews.eu<\/title>\n<meta name=\"robots\" content=\"index, follow, max-snippet:-1, max-image-preview:large, max-video-preview:-1\" \/>\n<link rel=\"canonical\" href=\"https:\/\/dignitynews.eu\/pl\/polski-prezydent-na-uroczystosciach-pogrzebowych-krolowej-elzbiety-ii\/\" \/>\n<meta property=\"og:locale\" content=\"pl_PL\" \/>\n<meta property=\"og:type\" content=\"article\" \/>\n<meta property=\"og:title\" content=\"Polski prezydent na uroczysto\u015bciach pogrzebowych Kr\u00f3lowej El\u017cbiety II - Godno\u015b\u0107 - DignityNews.eu\" \/>\n<meta property=\"og:description\" content=\"W poniedzia\u0142ek, 19 wrze\u015bnia, w Opactwie Westminsterskim Prezydent Polski Andrzej Duda z ma\u0142\u017conk\u0105 Agat\u0105 Kornhauser\u2013Dud\u0105 uczestniczyli w uroczysto\u015bciach pogrzebowych brytyjskiej Kr\u00f3lowej El\u017cbiety II. W nabo\u017ce\u0144stwie \u017ca\u0142obnym wzi\u0119\u0142o udzia\u0142 2000 os\u00f3b,&hellip;\" \/>\n<meta property=\"og:url\" content=\"https:\/\/dignitynews.eu\/pl\/polski-prezydent-na-uroczystosciach-pogrzebowych-krolowej-elzbiety-ii\/\" \/>\n<meta property=\"og:site_name\" content=\"Godno\u015b\u0107 - DignityNews.eu\" \/>\n<meta property=\"article:published_time\" content=\"2022-09-20T09:02:32+00:00\" \/>\n<meta property=\"article:modified_time\" content=\"2022-09-20T15:28:30+00:00\" \/>\n<meta property=\"og:image\" content=\"https:\/\/dignitynews.eu\/wp-content\/uploads\/2022\/09\/Prezydent-Polski-pozegnanie-Elzbiety-II-fot.-SkyNews.jpg\" \/>\n\t<meta property=\"og:image:width\" content=\"1600\" \/>\n\t<meta property=\"og:image:height\" content=\"1066\" \/>\n\t<meta property=\"og:image:type\" content=\"image\/jpeg\" \/>\n<meta name=\"author\" content=\"Dignity News\" \/>\n<meta name=\"twitter:card\" content=\"summary_large_image\" \/>\n<meta name=\"twitter:label1\" content=\"Napisane przez\" \/>\n\t<meta name=\"twitter:data1\" content=\"Dignity News\" \/>\n\t<meta name=\"twitter:label2\" content=\"Szacowany czas czytania\" \/>\n\t<meta name=\"twitter:data2\" content=\"2 minuty\" \/>\n<script type=\"application\/ld+json\" class=\"yoast-schema-graph\">{\"@context\":\"https:\/\/schema.org\",\"@graph\":[{\"@type\":\"WebSite\",\"@id\":\"https:\/\/dignitynews.eu\/pl\/#website\",\"url\":\"https:\/\/dignitynews.eu\/pl\/\",\"name\":\"Godno\u015b\u0107 - DignityNews.eu\",\"description\":\"\",\"potentialAction\":[{\"@type\":\"SearchAction\",\"target\":{\"@type\":\"EntryPoint\",\"urlTemplate\":\"https:\/\/dignitynews.eu\/pl\/?s={search_term_string}\"},\"query-input\":\"required name=search_term_string\"}],\"inLanguage\":\"pl-PL\"},{\"@type\":\"WebPage\",\"@id\":\"https:\/\/dignitynews.eu\/pl\/polski-prezydent-na-uroczystosciach-pogrzebowych-krolowej-elzbiety-ii\/\",\"url\":\"https:\/\/dignitynews.eu\/pl\/polski-prezydent-na-uroczystosciach-pogrzebowych-krolowej-elzbiety-ii\/\",\"name\":\"Polski prezydent na uroczysto\u015bciach pogrzebowych Kr\u00f3lowej El\u017cbiety II - Godno\u015b\u0107 - DignityNews.eu\",\"isPartOf\":{\"@id\":\"https:\/\/dignitynews.eu\/pl\/#website\"},\"datePublished\":\"2022-09-20T09:02:32+00:00\",\"dateModified\":\"2022-09-20T15:28:30+00:00\",\"author\":{\"@id\":\"https:\/\/dignitynews.eu\/pl\/#\/schema\/person\/0b62b762b8174802fabc81a3ecb1bfcb\"},\"breadcrumb\":{\"@id\":\"https:\/\/dignitynews.eu\/pl\/polski-prezydent-na-uroczystosciach-pogrzebowych-krolowej-elzbiety-ii\/#breadcrumb\"},\"inLanguage\":\"pl-PL\",\"potentialAction\":[{\"@type\":\"ReadAction\",\"target\":[\"https:\/\/dignitynews.eu\/pl\/polski-prezydent-na-uroczystosciach-pogrzebowych-krolowej-elzbiety-ii\/\"]}]},{\"@type\":\"BreadcrumbList\",\"@id\":\"https:\/\/dignitynews.eu\/pl\/polski-prezydent-na-uroczystosciach-pogrzebowych-krolowej-elzbiety-ii\/#breadcrumb\",\"itemListElement\":[{\"@type\":\"ListItem\",\"position\":1,\"name\":\"Strona g\u0142\u00f3wna\",\"item\":\"https:\/\/dignitynews.eu\/pl\/\"},{\"@type\":\"ListItem\",\"position\":2,\"name\":\"Polski prezydent na uroczysto\u015bciach pogrzebowych Kr\u00f3lowej El\u017cbiety II\"}]},{\"@type\":\"Person\",\"@id\":\"https:\/\/dignitynews.eu\/pl\/#\/schema\/person\/0b62b762b8174802fabc81a3ecb1bfcb\",\"name\":\"Dignity News\",\"image\":{\"@type\":\"ImageObject\",\"inLanguage\":\"pl-PL\",\"@id\":\"https:\/\/dignitynews.eu\/pl\/#\/schema\/person\/image\/\",\"url\":\"https:\/\/secure.gravatar.com\/avatar\/97963171a6d9108f8381bbefb1c6b150c445b6ddd9e3077b96c86cf5892c85dc?s=96&d=mm&r=g\",\"contentUrl\":\"https:\/\/secure.gravatar.com\/avatar\/97963171a6d9108f8381bbefb1c6b150c445b6ddd9e3077b96c86cf5892c85dc?s=96&d=mm&r=g\",\"caption\":\"Dignity News\"},\"url\":\"https:\/\/dignitynews.eu\/pl\/author\/mikolaj-palade\/\"}]}<\/script>\n<!-- \/ Yoast SEO plugin. -->","yoast_head_json":{"title":"Polski prezydent na uroczysto\u015bciach pogrzebowych Kr\u00f3lowej El\u017cbiety II - Godno\u015b\u0107 - DignityNews.eu","robots":{"index":"index","follow":"follow","max-snippet":"max-snippet:-1","max-image-preview":"max-image-preview:large","max-video-preview":"max-video-preview:-1"},"canonical":"https:\/\/dignitynews.eu\/pl\/polski-prezydent-na-uroczystosciach-pogrzebowych-krolowej-elzbiety-ii\/","og_locale":"pl_PL","og_type":"article","og_title":"Polski prezydent na uroczysto\u015bciach pogrzebowych Kr\u00f3lowej El\u017cbiety II - Godno\u015b\u0107 - DignityNews.eu","og_description":"W poniedzia\u0142ek, 19 wrze\u015bnia, w Opactwie Westminsterskim Prezydent Polski Andrzej Duda z ma\u0142\u017conk\u0105 Agat\u0105 Kornhauser\u2013Dud\u0105 uczestniczyli w uroczysto\u015bciach pogrzebowych brytyjskiej Kr\u00f3lowej El\u017cbiety II. W nabo\u017ce\u0144stwie \u017ca\u0142obnym wzi\u0119\u0142o udzia\u0142 2000 os\u00f3b,&hellip;","og_url":"https:\/\/dignitynews.eu\/pl\/polski-prezydent-na-uroczystosciach-pogrzebowych-krolowej-elzbiety-ii\/","og_site_name":"Godno\u015b\u0107 - DignityNews.eu","article_published_time":"2022-09-20T09:02:32+00:00","article_modified_time":"2022-09-20T15:28:30+00:00","og_image":[{"width":1600,"height":1066,"url":"https:\/\/dignitynews.eu\/wp-content\/uploads\/2022\/09\/Prezydent-Polski-pozegnanie-Elzbiety-II-fot.-SkyNews.jpg","type":"image\/jpeg"}],"author":"Dignity News","twitter_card":"summary_large_image","twitter_misc":{"Napisane przez":"Dignity News","Szacowany czas czytania":"2 minuty"},"schema":{"@context":"https:\/\/schema.org","@graph":[{"@type":"WebSite","@id":"https:\/\/dignitynews.eu\/pl\/#website","url":"https:\/\/dignitynews.eu\/pl\/","name":"Godno\u015b\u0107 - DignityNews.eu","description":"","potentialAction":[{"@type":"SearchAction","target":{"@type":"EntryPoint","urlTemplate":"https:\/\/dignitynews.eu\/pl\/?s={search_term_string}"},"query-input":"required name=search_term_string"}],"inLanguage":"pl-PL"},{"@type":"WebPage","@id":"https:\/\/dignitynews.eu\/pl\/polski-prezydent-na-uroczystosciach-pogrzebowych-krolowej-elzbiety-ii\/","url":"https:\/\/dignitynews.eu\/pl\/polski-prezydent-na-uroczystosciach-pogrzebowych-krolowej-elzbiety-ii\/","name":"Polski prezydent na uroczysto\u015bciach pogrzebowych Kr\u00f3lowej El\u017cbiety II - Godno\u015b\u0107 - DignityNews.eu","isPartOf":{"@id":"https:\/\/dignitynews.eu\/pl\/#website"},"datePublished":"2022-09-20T09:02:32+00:00","dateModified":"2022-09-20T15:28:30+00:00","author":{"@id":"https:\/\/dignitynews.eu\/pl\/#\/schema\/person\/0b62b762b8174802fabc81a3ecb1bfcb"},"breadcrumb":{"@id":"https:\/\/dignitynews.eu\/pl\/polski-prezydent-na-uroczystosciach-pogrzebowych-krolowej-elzbiety-ii\/#breadcrumb"},"inLanguage":"pl-PL","potentialAction":[{"@type":"ReadAction","target":["https:\/\/dignitynews.eu\/pl\/polski-prezydent-na-uroczystosciach-pogrzebowych-krolowej-elzbiety-ii\/"]}]},{"@type":"BreadcrumbList","@id":"https:\/\/dignitynews.eu\/pl\/polski-prezydent-na-uroczystosciach-pogrzebowych-krolowej-elzbiety-ii\/#breadcrumb","itemListElement":[{"@type":"ListItem","position":1,"name":"Strona g\u0142\u00f3wna","item":"https:\/\/dignitynews.eu\/pl\/"},{"@type":"ListItem","position":2,"name":"Polski prezydent na uroczysto\u015bciach pogrzebowych Kr\u00f3lowej El\u017cbiety II"}]},{"@type":"Person","@id":"https:\/\/dignitynews.eu\/pl\/#\/schema\/person\/0b62b762b8174802fabc81a3ecb1bfcb","name":"Dignity News","image":{"@type":"ImageObject","inLanguage":"pl-PL","@id":"https:\/\/dignitynews.eu\/pl\/#\/schema\/person\/image\/","url":"https:\/\/secure.gravatar.com\/avatar\/97963171a6d9108f8381bbefb1c6b150c445b6ddd9e3077b96c86cf5892c85dc?s=96&d=mm&r=g","contentUrl":"https:\/\/secure.gravatar.com\/avatar\/97963171a6d9108f8381bbefb1c6b150c445b6ddd9e3077b96c86cf5892c85dc?s=96&d=mm&r=g","caption":"Dignity News"},"url":"https:\/\/dignitynews.eu\/pl\/author\/mikolaj-palade\/"}]}},"_links":{"self":[{"href":"https:\/\/dignitynews.eu\/pl\/wp-json\/wp\/v2\/posts\/29299","targetHints":{"allow":["GET"]}}],"collection":[{"href":"https:\/\/dignitynews.eu\/pl\/wp-json\/wp\/v2\/posts"}],"about":[{"href":"https:\/\/dignitynews.eu\/pl\/wp-json\/wp\/v2\/types\/post"}],"author":[{"embeddable":true,"href":"https:\/\/dignitynews.eu\/pl\/wp-json\/wp\/v2\/users\/7"}],"replies":[{"embeddable":true,"href":"https:\/\/dignitynews.eu\/pl\/wp-json\/wp\/v2\/comments?post=29299"}],"version-history":[{"count":1,"href":"https:\/\/dignitynews.eu\/pl\/wp-json\/wp\/v2\/posts\/29299\/revisions"}],"predecessor-version":[{"id":29305,"href":"https:\/\/dignitynews.eu\/pl\/wp-json\/wp\/v2\/posts\/29299\/revisions\/29305"}],"wp:featuredmedia":[{"embeddable":true,"href":"https:\/\/dignitynews.eu\/pl\/wp-json\/wp\/v2\/media\/29300"}],"wp:attachment":[{"href":"https:\/\/dignitynews.eu\/pl\/wp-json\/wp\/v2\/media?parent=29299"}],"wp:term":[{"taxonomy":"category","embeddable":true,"href":"https:\/\/dignitynews.eu\/pl\/wp-json\/wp\/v2\/categories?post=29299"},{"taxonomy":"post_tag","embeddable":true,"href":"https:\/\/dignitynews.eu\/pl\/wp-json\/wp\/v2\/tags?post=29299"}],"curies":[{"name":"wp","href":"https:\/\/api.w.org\/{rel}","templated":true}]}}