{"id":2893,"date":"2022-01-04T13:38:00","date_gmt":"2022-01-04T12:38:00","guid":{"rendered":"https:\/\/dignitynews.eu\/?p=2893"},"modified":"2022-01-05T11:42:09","modified_gmt":"2022-01-05T10:42:09","slug":"zmiany-w-rzadowym-programie-czyste-powietrze","status":"publish","type":"post","link":"https:\/\/dignitynews.eu\/pl\/zmiany-w-rzadowym-programie-czyste-powietrze\/","title":{"rendered":"Zmiany w rz\u0105dowym programie \u201eCzyste Powietrze\u201d"},"content":{"rendered":"<p>W 2022 r. w programie &#8222;Czyste Powietrze&#8221; zajd\u0105 kolejne zmiany. Wi\u0119ksze wsparcie ma trafi\u0107 do mniej zamo\u017cnych Polak\u00f3w, kt\u00f3rzy na termomodernizacj\u0119 domu i wymian\u0119 pieca b\u0119d\u0105 mogli dosta\u0107 do 69 tys. z\u0142 dotacji &#8211; nawet do 90 proc. wsparcia w ca\u0142kowitym koszcie termomodernizacji domu \u2013 informuje businessinsider.pl.<\/p>\n<p>Program &#8222;Czyste Powietrze&#8221; ruszy\u0142 w 2018 r. i ma by\u0107 realizowany przez 10 lat. Jego cel to wsparcie termomodernizacji dom\u00f3w jednorodzinnych oraz wymiany przestarza\u0142ych kot\u0142\u00f3w grzewczych, tzw. kopciuch\u00f3w, na bardziej ekologiczne, by ograniczy\u0107 zjawisko niskiej emisji. Bud\u017cet programu to ponad 100 mld z\u0142. W 2022 r. rz\u0105d wprowadzi dodatkow\u0105 grup\u0119 beneficjent\u00f3w.<\/p>\n<p>Szefowa resortu klimatu i \u015brodowiska Anna Moskwa w rozmowie z Polsk\u0105 Agencj\u0105 Prasow\u0105 zauwa\u017cy\u0142a, \u017ce program jest aktualizowany tak, aby by\u0142 bardziej skuteczny i trafia\u0142 do coraz wi\u0119kszej liczby os\u00f3b. Dotyczy to m.in. uproszczenia wniosk\u00f3w, szybko\u015bci ich rozpatrywania i zaanga\u017cowania gmin i bank\u00f3w w jego realizacj\u0119 \u2014 zaznaczy\u0142a.<\/p>\n<p>&nbsp;<\/p>\n<p>Arkadiusz S\u0142omczy\u0144ski<\/p>\n","protected":false},"excerpt":{"rendered":"<p>W 2022 r. w programie &#8222;Czyste Powietrze&#8221; zajd\u0105 kolejne zmiany. Wi\u0119ksze wsparcie ma trafi\u0107 do mniej zamo\u017cnych Polak\u00f3w, kt\u00f3rzy na termomodernizacj\u0119 domu i wymian\u0119 pieca b\u0119d\u0105 mogli dosta\u0107 do 69&hellip;<\/p>\n","protected":false},"author":3,"featured_media":3020,"comment_status":"closed","ping_status":"open","sticky":false,"template":"","format":"standard","meta":{"_mi_skip_tracking":false,"footnotes":""},"categories":[47],"tags":[],"class_list":["post-2893","post","type-post","status-publish","format-standard","has-post-thumbnail","hentry","category-wydarzenia"],"yoast_head":"<!-- This site is optimized with the Yoast SEO plugin v19.4 - https:\/\/yoast.com\/wordpress\/plugins\/seo\/ -->\n<title>Zmiany w rz\u0105dowym programie \u201eCzyste Powietrze\u201d - Godno\u015b\u0107 - DignityNews.eu<\/title>\n<meta name=\"robots\" content=\"index, follow, max-snippet:-1, max-image-preview:large, max-video-preview:-1\" \/>\n<link rel=\"canonical\" href=\"https:\/\/dignitynews.eu\/pl\/zmiany-w-rzadowym-programie-czyste-powietrze\/\" \/>\n<meta property=\"og:locale\" content=\"pl_PL\" \/>\n<meta property=\"og:type\" content=\"article\" \/>\n<meta property=\"og:title\" content=\"Zmiany w rz\u0105dowym programie \u201eCzyste Powietrze\u201d - Godno\u015b\u0107 - DignityNews.eu\" \/>\n<meta property=\"og:description\" content=\"W 2022 r. w programie &#8222;Czyste Powietrze&#8221; zajd\u0105 kolejne zmiany. Wi\u0119ksze wsparcie ma trafi\u0107 do mniej zamo\u017cnych Polak\u00f3w, kt\u00f3rzy na termomodernizacj\u0119 domu i wymian\u0119 pieca b\u0119d\u0105 mogli dosta\u0107 do 69&hellip;\" \/>\n<meta property=\"og:url\" content=\"https:\/\/dignitynews.eu\/pl\/zmiany-w-rzadowym-programie-czyste-powietrze\/\" \/>\n<meta property=\"og:site_name\" content=\"Godno\u015b\u0107 - DignityNews.eu\" \/>\n<meta property=\"article:published_time\" content=\"2022-01-04T12:38:00+00:00\" \/>\n<meta property=\"article:modified_time\" content=\"2022-01-05T10:42:09+00:00\" \/>\n<meta property=\"og:image\" content=\"https:\/\/dignitynews.eu\/wp-content\/uploads\/2022\/01\/Zmiany-w-rzadowym-programie-\u201eCzyste-Powietrze-1.jpg\" \/>\n\t<meta property=\"og:image:width\" content=\"1500\" \/>\n\t<meta property=\"og:image:height\" content=\"1000\" \/>\n\t<meta property=\"og:image:type\" content=\"image\/jpeg\" \/>\n<meta name=\"author\" content=\"DignityNews.eu\" \/>\n<meta name=\"twitter:card\" content=\"summary_large_image\" \/>\n<meta name=\"twitter:label1\" content=\"Napisane przez\" \/>\n\t<meta name=\"twitter:data1\" content=\"DignityNews.eu\" \/>\n\t<meta name=\"twitter:label2\" content=\"Szacowany czas czytania\" \/>\n\t<meta name=\"twitter:data2\" content=\"1 minuta\" \/>\n<script type=\"application\/ld+json\" class=\"yoast-schema-graph\">{\"@context\":\"https:\/\/schema.org\",\"@graph\":[{\"@type\":\"WebSite\",\"@id\":\"https:\/\/dignitynews.eu\/pl\/#website\",\"url\":\"https:\/\/dignitynews.eu\/pl\/\",\"name\":\"Godno\u015b\u0107 - DignityNews.eu\",\"description\":\"\",\"potentialAction\":[{\"@type\":\"SearchAction\",\"target\":{\"@type\":\"EntryPoint\",\"urlTemplate\":\"https:\/\/dignitynews.eu\/pl\/?s={search_term_string}\"},\"query-input\":\"required name=search_term_string\"}],\"inLanguage\":\"pl-PL\"},{\"@type\":\"WebPage\",\"@id\":\"https:\/\/dignitynews.eu\/pl\/zmiany-w-rzadowym-programie-czyste-powietrze\/\",\"url\":\"https:\/\/dignitynews.eu\/pl\/zmiany-w-rzadowym-programie-czyste-powietrze\/\",\"name\":\"Zmiany w rz\u0105dowym programie \u201eCzyste Powietrze\u201d - Godno\u015b\u0107 - DignityNews.eu\",\"isPartOf\":{\"@id\":\"https:\/\/dignitynews.eu\/pl\/#website\"},\"datePublished\":\"2022-01-04T12:38:00+00:00\",\"dateModified\":\"2022-01-05T10:42:09+00:00\",\"author\":{\"@id\":\"https:\/\/dignitynews.eu\/pl\/#\/schema\/person\/4d8f570a0fd5c310685d78d9e520982c\"},\"breadcrumb\":{\"@id\":\"https:\/\/dignitynews.eu\/pl\/zmiany-w-rzadowym-programie-czyste-powietrze\/#breadcrumb\"},\"inLanguage\":\"pl-PL\",\"potentialAction\":[{\"@type\":\"ReadAction\",\"target\":[\"https:\/\/dignitynews.eu\/pl\/zmiany-w-rzadowym-programie-czyste-powietrze\/\"]}]},{\"@type\":\"BreadcrumbList\",\"@id\":\"https:\/\/dignitynews.eu\/pl\/zmiany-w-rzadowym-programie-czyste-powietrze\/#breadcrumb\",\"itemListElement\":[{\"@type\":\"ListItem\",\"position\":1,\"name\":\"Strona g\u0142\u00f3wna\",\"item\":\"https:\/\/dignitynews.eu\/pl\/\"},{\"@type\":\"ListItem\",\"position\":2,\"name\":\"Zmiany w rz\u0105dowym programie \u201eCzyste Powietrze\u201d\"}]},{\"@type\":\"Person\",\"@id\":\"https:\/\/dignitynews.eu\/pl\/#\/schema\/person\/4d8f570a0fd5c310685d78d9e520982c\",\"name\":\"DignityNews.eu\",\"image\":{\"@type\":\"ImageObject\",\"inLanguage\":\"pl-PL\",\"@id\":\"https:\/\/dignitynews.eu\/pl\/#\/schema\/person\/image\/\",\"url\":\"https:\/\/secure.gravatar.com\/avatar\/b9fb3aa3cd2d5d3a6d24e67a6b58bc2980bf0c7f7bd3657a6322b8df227da3d9?s=96&d=mm&r=g\",\"contentUrl\":\"https:\/\/secure.gravatar.com\/avatar\/b9fb3aa3cd2d5d3a6d24e67a6b58bc2980bf0c7f7bd3657a6322b8df227da3d9?s=96&d=mm&r=g\",\"caption\":\"DignityNews.eu\"},\"sameAs\":[\"aleksandra\"],\"url\":\"https:\/\/dignitynews.eu\/pl\/author\/aleksandra\/\"}]}<\/script>\n<!-- \/ Yoast SEO plugin. -->","yoast_head_json":{"title":"Zmiany w rz\u0105dowym programie \u201eCzyste Powietrze\u201d - Godno\u015b\u0107 - DignityNews.eu","robots":{"index":"index","follow":"follow","max-snippet":"max-snippet:-1","max-image-preview":"max-image-preview:large","max-video-preview":"max-video-preview:-1"},"canonical":"https:\/\/dignitynews.eu\/pl\/zmiany-w-rzadowym-programie-czyste-powietrze\/","og_locale":"pl_PL","og_type":"article","og_title":"Zmiany w rz\u0105dowym programie \u201eCzyste Powietrze\u201d - Godno\u015b\u0107 - DignityNews.eu","og_description":"W 2022 r. w programie &#8222;Czyste Powietrze&#8221; zajd\u0105 kolejne zmiany. Wi\u0119ksze wsparcie ma trafi\u0107 do mniej zamo\u017cnych Polak\u00f3w, kt\u00f3rzy na termomodernizacj\u0119 domu i wymian\u0119 pieca b\u0119d\u0105 mogli dosta\u0107 do 69&hellip;","og_url":"https:\/\/dignitynews.eu\/pl\/zmiany-w-rzadowym-programie-czyste-powietrze\/","og_site_name":"Godno\u015b\u0107 - DignityNews.eu","article_published_time":"2022-01-04T12:38:00+00:00","article_modified_time":"2022-01-05T10:42:09+00:00","og_image":[{"width":1500,"height":1000,"url":"https:\/\/dignitynews.eu\/wp-content\/uploads\/2022\/01\/Zmiany-w-rzadowym-programie-\u201eCzyste-Powietrze-1.jpg","type":"image\/jpeg"}],"author":"DignityNews.eu","twitter_card":"summary_large_image","twitter_misc":{"Napisane przez":"DignityNews.eu","Szacowany czas czytania":"1 minuta"},"schema":{"@context":"https:\/\/schema.org","@graph":[{"@type":"WebSite","@id":"https:\/\/dignitynews.eu\/pl\/#website","url":"https:\/\/dignitynews.eu\/pl\/","name":"Godno\u015b\u0107 - DignityNews.eu","description":"","potentialAction":[{"@type":"SearchAction","target":{"@type":"EntryPoint","urlTemplate":"https:\/\/dignitynews.eu\/pl\/?s={search_term_string}"},"query-input":"required name=search_term_string"}],"inLanguage":"pl-PL"},{"@type":"WebPage","@id":"https:\/\/dignitynews.eu\/pl\/zmiany-w-rzadowym-programie-czyste-powietrze\/","url":"https:\/\/dignitynews.eu\/pl\/zmiany-w-rzadowym-programie-czyste-powietrze\/","name":"Zmiany w rz\u0105dowym programie \u201eCzyste Powietrze\u201d - Godno\u015b\u0107 - DignityNews.eu","isPartOf":{"@id":"https:\/\/dignitynews.eu\/pl\/#website"},"datePublished":"2022-01-04T12:38:00+00:00","dateModified":"2022-01-05T10:42:09+00:00","author":{"@id":"https:\/\/dignitynews.eu\/pl\/#\/schema\/person\/4d8f570a0fd5c310685d78d9e520982c"},"breadcrumb":{"@id":"https:\/\/dignitynews.eu\/pl\/zmiany-w-rzadowym-programie-czyste-powietrze\/#breadcrumb"},"inLanguage":"pl-PL","potentialAction":[{"@type":"ReadAction","target":["https:\/\/dignitynews.eu\/pl\/zmiany-w-rzadowym-programie-czyste-powietrze\/"]}]},{"@type":"BreadcrumbList","@id":"https:\/\/dignitynews.eu\/pl\/zmiany-w-rzadowym-programie-czyste-powietrze\/#breadcrumb","itemListElement":[{"@type":"ListItem","position":1,"name":"Strona g\u0142\u00f3wna","item":"https:\/\/dignitynews.eu\/pl\/"},{"@type":"ListItem","position":2,"name":"Zmiany w rz\u0105dowym programie \u201eCzyste Powietrze\u201d"}]},{"@type":"Person","@id":"https:\/\/dignitynews.eu\/pl\/#\/schema\/person\/4d8f570a0fd5c310685d78d9e520982c","name":"DignityNews.eu","image":{"@type":"ImageObject","inLanguage":"pl-PL","@id":"https:\/\/dignitynews.eu\/pl\/#\/schema\/person\/image\/","url":"https:\/\/secure.gravatar.com\/avatar\/b9fb3aa3cd2d5d3a6d24e67a6b58bc2980bf0c7f7bd3657a6322b8df227da3d9?s=96&d=mm&r=g","contentUrl":"https:\/\/secure.gravatar.com\/avatar\/b9fb3aa3cd2d5d3a6d24e67a6b58bc2980bf0c7f7bd3657a6322b8df227da3d9?s=96&d=mm&r=g","caption":"DignityNews.eu"},"sameAs":["aleksandra"],"url":"https:\/\/dignitynews.eu\/pl\/author\/aleksandra\/"}]}},"_links":{"self":[{"href":"https:\/\/dignitynews.eu\/pl\/wp-json\/wp\/v2\/posts\/2893","targetHints":{"allow":["GET"]}}],"collection":[{"href":"https:\/\/dignitynews.eu\/pl\/wp-json\/wp\/v2\/posts"}],"about":[{"href":"https:\/\/dignitynews.eu\/pl\/wp-json\/wp\/v2\/types\/post"}],"author":[{"embeddable":true,"href":"https:\/\/dignitynews.eu\/pl\/wp-json\/wp\/v2\/users\/3"}],"replies":[{"embeddable":true,"href":"https:\/\/dignitynews.eu\/pl\/wp-json\/wp\/v2\/comments?post=2893"}],"version-history":[{"count":2,"href":"https:\/\/dignitynews.eu\/pl\/wp-json\/wp\/v2\/posts\/2893\/revisions"}],"predecessor-version":[{"id":3079,"href":"https:\/\/dignitynews.eu\/pl\/wp-json\/wp\/v2\/posts\/2893\/revisions\/3079"}],"wp:featuredmedia":[{"embeddable":true,"href":"https:\/\/dignitynews.eu\/pl\/wp-json\/wp\/v2\/media\/3020"}],"wp:attachment":[{"href":"https:\/\/dignitynews.eu\/pl\/wp-json\/wp\/v2\/media?parent=2893"}],"wp:term":[{"taxonomy":"category","embeddable":true,"href":"https:\/\/dignitynews.eu\/pl\/wp-json\/wp\/v2\/categories?post=2893"},{"taxonomy":"post_tag","embeddable":true,"href":"https:\/\/dignitynews.eu\/pl\/wp-json\/wp\/v2\/tags?post=2893"}],"curies":[{"name":"wp","href":"https:\/\/api.w.org\/{rel}","templated":true}]}}