{"id":28872,"date":"2022-09-14T11:56:17","date_gmt":"2022-09-14T09:56:17","guid":{"rendered":"https:\/\/dignitynews.eu\/?p=28872"},"modified":"2022-09-14T11:56:17","modified_gmt":"2022-09-14T09:56:17","slug":"poznalismy-prawdopodobny-termin-wyborow-samorzadowych","status":"publish","type":"post","link":"https:\/\/dignitynews.eu\/pl\/poznalismy-prawdopodobny-termin-wyborow-samorzadowych\/","title":{"rendered":"Poznali\u015bmy prawdopodobny termin wybor\u00f3w samorz\u0105dowych"},"content":{"rendered":"<h5><strong>Propozycja Prawa i Sprawiedliwo\u015bci jest taka, \u017ceby kadencj\u0119 samorz\u0105du przesun\u0105\u0107 do 30 kwietnia 2024 roku. Najbardziej prawdopodobny termin tych wybor\u00f3w to 7 lub 14 kwietnia 2024 roku \u2013 powiedzia\u0142 w \u015brod\u0119 (14 wrze\u015bnia) na antenie radia RMF24 wiceminister spraw wewn\u0119trznych i administracji Pawe\u0142 Szefernaker.<\/strong><\/h5>\n<p>Wiceszef MSWiA przypomnia\u0142, \u017ce zgodnie z obecnie obowi\u0105zuj\u0105cym prawem, kadencje samorz\u0105d\u00f3w i parlamentu ko\u0144cz\u0105 si\u0119 w tym samym czasie.<\/p>\n<p>Wielu ekspert\u00f3w wskazuje na to, \u017ce te wybory samorz\u0105dowe powinny by\u0107 prze\u0142o\u017cone w zwi\u0105zku z tym, \u017ce terminy wybor\u00f3w i ca\u0142y proces wyborczy nachodzi na siebie. Tak\u017ce przewodnicz\u0105cy Pa\u0144stwowej Komisji Wyborczej wskaza\u0142, \u017ce nale\u017cy te wybory przesun\u0105\u0107\u00a0\u2013 argumentowa\u0142 Szefernaker.<\/p>\n<p>Go\u015b\u0107 RMF potwierdzi\u0142, \u017ce kwestia przesuni\u0119cia wybor\u00f3w samorz\u0105dowych by\u0142a konsultowana z prezydentem Andrzejem Dud\u0105.<\/p>\n<p>Panu prezydentowi zale\u017cy na tym, aby wybory samorz\u0105dowe odby\u0142y si\u0119 jak najszybciej, czyli \u017ceby nie by\u0142y przek\u0142adane o d\u0142u\u017cej ni\u017c p\u00f3\u0142 roku, \u017ceby odby\u0142y si\u0119 w pierwszym mo\u017cliwym terminie wybor\u00f3w, w\u0142a\u015bnie tak, \u017ceby nikt nie m\u00f3wi\u0142, \u017ce ktokolwiek przy czymkolwiek majstruje\u00a0\u2013 doda\u0142 wiceminister Szefernaker.<\/p>\n<p>Przypomnijmy, \u017ce ostatnie wybory samorz\u0105dowe w Polsce odby\u0142y si\u0119 21 pa\u017adziernika 2018 roku. Wyd\u0142u\u017cono w\u00f3wczas kadencje samorz\u0105d\u00f3w z 4 do 5 lat. W zwi\u0105zku z tym zgodnie z kalendarzem wyborczym wybory samorz\u0105dowe powinny odby\u0107 si\u0119 jesieni\u0105 2023 roku. Jednak w\u00f3wczas wypada tak\u017ce konstytucyjny termin wybor\u00f3w parlamentarnych, bowiem ostatnie odby\u0142y si\u0119 13 pa\u017adziernika 2019 roku.<\/p>\n<p>W tej sytuacji na wiosn\u0119 2024 Polacy poszliby do urn dwukrotnie. 7 lub 14 kwietnia odby\u0142oby si\u0119 g\u0142osowanie w wyborach samorz\u0105dowych a zapewne kilka tygodni p\u00f3\u017aniej g\u0142osowanie w wyborach do Parlamentu Europejskiego, do kt\u00f3rego ostatnie wybory odby\u0142y si\u0119 26 maja 2019 roku.<\/p>\n<p>Adrian Andrzejewski<\/p>\n","protected":false},"excerpt":{"rendered":"<p>Propozycja Prawa i Sprawiedliwo\u015bci jest taka, \u017ceby kadencj\u0119 samorz\u0105du przesun\u0105\u0107 do 30 kwietnia 2024 roku. Najbardziej prawdopodobny termin tych wybor\u00f3w to 7 lub 14 kwietnia 2024 roku \u2013 powiedzia\u0142 w&hellip;<\/p>\n","protected":false},"author":7,"featured_media":28873,"comment_status":"closed","ping_status":"open","sticky":false,"template":"","format":"standard","meta":{"_mi_skip_tracking":false,"footnotes":""},"categories":[47],"tags":[],"class_list":["post-28872","post","type-post","status-publish","format-standard","has-post-thumbnail","hentry","category-wydarzenia"],"yoast_head":"<!-- This site is optimized with the Yoast SEO plugin v19.4 - https:\/\/yoast.com\/wordpress\/plugins\/seo\/ -->\n<title>Poznali\u015bmy prawdopodobny termin wybor\u00f3w samorz\u0105dowych - Godno\u015b\u0107 - DignityNews.eu<\/title>\n<meta name=\"robots\" content=\"index, follow, max-snippet:-1, max-image-preview:large, max-video-preview:-1\" \/>\n<link rel=\"canonical\" href=\"https:\/\/dignitynews.eu\/pl\/poznalismy-prawdopodobny-termin-wyborow-samorzadowych\/\" \/>\n<meta property=\"og:locale\" content=\"pl_PL\" \/>\n<meta property=\"og:type\" content=\"article\" \/>\n<meta property=\"og:title\" content=\"Poznali\u015bmy prawdopodobny termin wybor\u00f3w samorz\u0105dowych - Godno\u015b\u0107 - DignityNews.eu\" \/>\n<meta property=\"og:description\" content=\"Propozycja Prawa i Sprawiedliwo\u015bci jest taka, \u017ceby kadencj\u0119 samorz\u0105du przesun\u0105\u0107 do 30 kwietnia 2024 roku. Najbardziej prawdopodobny termin tych wybor\u00f3w to 7 lub 14 kwietnia 2024 roku \u2013 powiedzia\u0142 w&hellip;\" \/>\n<meta property=\"og:url\" content=\"https:\/\/dignitynews.eu\/pl\/poznalismy-prawdopodobny-termin-wyborow-samorzadowych\/\" \/>\n<meta property=\"og:site_name\" content=\"Godno\u015b\u0107 - DignityNews.eu\" \/>\n<meta property=\"article:published_time\" content=\"2022-09-14T09:56:17+00:00\" \/>\n<meta property=\"og:image\" content=\"https:\/\/dignitynews.eu\/wp-content\/uploads\/2022\/09\/Wybory-fot.-Piotr-Hukalo-East-News-1.jpg\" \/>\n\t<meta property=\"og:image:width\" content=\"1500\" \/>\n\t<meta property=\"og:image:height\" content=\"1000\" \/>\n\t<meta property=\"og:image:type\" content=\"image\/jpeg\" \/>\n<meta name=\"author\" content=\"Dignity News\" \/>\n<meta name=\"twitter:card\" content=\"summary_large_image\" \/>\n<meta name=\"twitter:label1\" content=\"Napisane przez\" \/>\n\t<meta name=\"twitter:data1\" content=\"Dignity News\" \/>\n\t<meta name=\"twitter:label2\" content=\"Szacowany czas czytania\" \/>\n\t<meta name=\"twitter:data2\" content=\"1 minuta\" \/>\n<script type=\"application\/ld+json\" class=\"yoast-schema-graph\">{\"@context\":\"https:\/\/schema.org\",\"@graph\":[{\"@type\":\"WebSite\",\"@id\":\"https:\/\/dignitynews.eu\/pl\/#website\",\"url\":\"https:\/\/dignitynews.eu\/pl\/\",\"name\":\"Godno\u015b\u0107 - DignityNews.eu\",\"description\":\"\",\"potentialAction\":[{\"@type\":\"SearchAction\",\"target\":{\"@type\":\"EntryPoint\",\"urlTemplate\":\"https:\/\/dignitynews.eu\/pl\/?s={search_term_string}\"},\"query-input\":\"required name=search_term_string\"}],\"inLanguage\":\"pl-PL\"},{\"@type\":\"WebPage\",\"@id\":\"https:\/\/dignitynews.eu\/pl\/poznalismy-prawdopodobny-termin-wyborow-samorzadowych\/\",\"url\":\"https:\/\/dignitynews.eu\/pl\/poznalismy-prawdopodobny-termin-wyborow-samorzadowych\/\",\"name\":\"Poznali\u015bmy prawdopodobny termin wybor\u00f3w samorz\u0105dowych - Godno\u015b\u0107 - DignityNews.eu\",\"isPartOf\":{\"@id\":\"https:\/\/dignitynews.eu\/pl\/#website\"},\"datePublished\":\"2022-09-14T09:56:17+00:00\",\"dateModified\":\"2022-09-14T09:56:17+00:00\",\"author\":{\"@id\":\"https:\/\/dignitynews.eu\/pl\/#\/schema\/person\/0b62b762b8174802fabc81a3ecb1bfcb\"},\"breadcrumb\":{\"@id\":\"https:\/\/dignitynews.eu\/pl\/poznalismy-prawdopodobny-termin-wyborow-samorzadowych\/#breadcrumb\"},\"inLanguage\":\"pl-PL\",\"potentialAction\":[{\"@type\":\"ReadAction\",\"target\":[\"https:\/\/dignitynews.eu\/pl\/poznalismy-prawdopodobny-termin-wyborow-samorzadowych\/\"]}]},{\"@type\":\"BreadcrumbList\",\"@id\":\"https:\/\/dignitynews.eu\/pl\/poznalismy-prawdopodobny-termin-wyborow-samorzadowych\/#breadcrumb\",\"itemListElement\":[{\"@type\":\"ListItem\",\"position\":1,\"name\":\"Strona g\u0142\u00f3wna\",\"item\":\"https:\/\/dignitynews.eu\/pl\/\"},{\"@type\":\"ListItem\",\"position\":2,\"name\":\"Poznali\u015bmy prawdopodobny termin wybor\u00f3w samorz\u0105dowych\"}]},{\"@type\":\"Person\",\"@id\":\"https:\/\/dignitynews.eu\/pl\/#\/schema\/person\/0b62b762b8174802fabc81a3ecb1bfcb\",\"name\":\"Dignity News\",\"image\":{\"@type\":\"ImageObject\",\"inLanguage\":\"pl-PL\",\"@id\":\"https:\/\/dignitynews.eu\/pl\/#\/schema\/person\/image\/\",\"url\":\"https:\/\/secure.gravatar.com\/avatar\/97963171a6d9108f8381bbefb1c6b150c445b6ddd9e3077b96c86cf5892c85dc?s=96&d=mm&r=g\",\"contentUrl\":\"https:\/\/secure.gravatar.com\/avatar\/97963171a6d9108f8381bbefb1c6b150c445b6ddd9e3077b96c86cf5892c85dc?s=96&d=mm&r=g\",\"caption\":\"Dignity News\"},\"url\":\"https:\/\/dignitynews.eu\/pl\/author\/mikolaj-palade\/\"}]}<\/script>\n<!-- \/ Yoast SEO plugin. -->","yoast_head_json":{"title":"Poznali\u015bmy prawdopodobny termin wybor\u00f3w samorz\u0105dowych - Godno\u015b\u0107 - DignityNews.eu","robots":{"index":"index","follow":"follow","max-snippet":"max-snippet:-1","max-image-preview":"max-image-preview:large","max-video-preview":"max-video-preview:-1"},"canonical":"https:\/\/dignitynews.eu\/pl\/poznalismy-prawdopodobny-termin-wyborow-samorzadowych\/","og_locale":"pl_PL","og_type":"article","og_title":"Poznali\u015bmy prawdopodobny termin wybor\u00f3w samorz\u0105dowych - Godno\u015b\u0107 - DignityNews.eu","og_description":"Propozycja Prawa i Sprawiedliwo\u015bci jest taka, \u017ceby kadencj\u0119 samorz\u0105du przesun\u0105\u0107 do 30 kwietnia 2024 roku. Najbardziej prawdopodobny termin tych wybor\u00f3w to 7 lub 14 kwietnia 2024 roku \u2013 powiedzia\u0142 w&hellip;","og_url":"https:\/\/dignitynews.eu\/pl\/poznalismy-prawdopodobny-termin-wyborow-samorzadowych\/","og_site_name":"Godno\u015b\u0107 - DignityNews.eu","article_published_time":"2022-09-14T09:56:17+00:00","og_image":[{"width":1500,"height":1000,"url":"https:\/\/dignitynews.eu\/wp-content\/uploads\/2022\/09\/Wybory-fot.-Piotr-Hukalo-East-News-1.jpg","type":"image\/jpeg"}],"author":"Dignity News","twitter_card":"summary_large_image","twitter_misc":{"Napisane przez":"Dignity News","Szacowany czas czytania":"1 minuta"},"schema":{"@context":"https:\/\/schema.org","@graph":[{"@type":"WebSite","@id":"https:\/\/dignitynews.eu\/pl\/#website","url":"https:\/\/dignitynews.eu\/pl\/","name":"Godno\u015b\u0107 - DignityNews.eu","description":"","potentialAction":[{"@type":"SearchAction","target":{"@type":"EntryPoint","urlTemplate":"https:\/\/dignitynews.eu\/pl\/?s={search_term_string}"},"query-input":"required name=search_term_string"}],"inLanguage":"pl-PL"},{"@type":"WebPage","@id":"https:\/\/dignitynews.eu\/pl\/poznalismy-prawdopodobny-termin-wyborow-samorzadowych\/","url":"https:\/\/dignitynews.eu\/pl\/poznalismy-prawdopodobny-termin-wyborow-samorzadowych\/","name":"Poznali\u015bmy prawdopodobny termin wybor\u00f3w samorz\u0105dowych - Godno\u015b\u0107 - DignityNews.eu","isPartOf":{"@id":"https:\/\/dignitynews.eu\/pl\/#website"},"datePublished":"2022-09-14T09:56:17+00:00","dateModified":"2022-09-14T09:56:17+00:00","author":{"@id":"https:\/\/dignitynews.eu\/pl\/#\/schema\/person\/0b62b762b8174802fabc81a3ecb1bfcb"},"breadcrumb":{"@id":"https:\/\/dignitynews.eu\/pl\/poznalismy-prawdopodobny-termin-wyborow-samorzadowych\/#breadcrumb"},"inLanguage":"pl-PL","potentialAction":[{"@type":"ReadAction","target":["https:\/\/dignitynews.eu\/pl\/poznalismy-prawdopodobny-termin-wyborow-samorzadowych\/"]}]},{"@type":"BreadcrumbList","@id":"https:\/\/dignitynews.eu\/pl\/poznalismy-prawdopodobny-termin-wyborow-samorzadowych\/#breadcrumb","itemListElement":[{"@type":"ListItem","position":1,"name":"Strona g\u0142\u00f3wna","item":"https:\/\/dignitynews.eu\/pl\/"},{"@type":"ListItem","position":2,"name":"Poznali\u015bmy prawdopodobny termin wybor\u00f3w samorz\u0105dowych"}]},{"@type":"Person","@id":"https:\/\/dignitynews.eu\/pl\/#\/schema\/person\/0b62b762b8174802fabc81a3ecb1bfcb","name":"Dignity News","image":{"@type":"ImageObject","inLanguage":"pl-PL","@id":"https:\/\/dignitynews.eu\/pl\/#\/schema\/person\/image\/","url":"https:\/\/secure.gravatar.com\/avatar\/97963171a6d9108f8381bbefb1c6b150c445b6ddd9e3077b96c86cf5892c85dc?s=96&d=mm&r=g","contentUrl":"https:\/\/secure.gravatar.com\/avatar\/97963171a6d9108f8381bbefb1c6b150c445b6ddd9e3077b96c86cf5892c85dc?s=96&d=mm&r=g","caption":"Dignity News"},"url":"https:\/\/dignitynews.eu\/pl\/author\/mikolaj-palade\/"}]}},"_links":{"self":[{"href":"https:\/\/dignitynews.eu\/pl\/wp-json\/wp\/v2\/posts\/28872","targetHints":{"allow":["GET"]}}],"collection":[{"href":"https:\/\/dignitynews.eu\/pl\/wp-json\/wp\/v2\/posts"}],"about":[{"href":"https:\/\/dignitynews.eu\/pl\/wp-json\/wp\/v2\/types\/post"}],"author":[{"embeddable":true,"href":"https:\/\/dignitynews.eu\/pl\/wp-json\/wp\/v2\/users\/7"}],"replies":[{"embeddable":true,"href":"https:\/\/dignitynews.eu\/pl\/wp-json\/wp\/v2\/comments?post=28872"}],"version-history":[{"count":1,"href":"https:\/\/dignitynews.eu\/pl\/wp-json\/wp\/v2\/posts\/28872\/revisions"}],"predecessor-version":[{"id":28878,"href":"https:\/\/dignitynews.eu\/pl\/wp-json\/wp\/v2\/posts\/28872\/revisions\/28878"}],"wp:featuredmedia":[{"embeddable":true,"href":"https:\/\/dignitynews.eu\/pl\/wp-json\/wp\/v2\/media\/28873"}],"wp:attachment":[{"href":"https:\/\/dignitynews.eu\/pl\/wp-json\/wp\/v2\/media?parent=28872"}],"wp:term":[{"taxonomy":"category","embeddable":true,"href":"https:\/\/dignitynews.eu\/pl\/wp-json\/wp\/v2\/categories?post=28872"},{"taxonomy":"post_tag","embeddable":true,"href":"https:\/\/dignitynews.eu\/pl\/wp-json\/wp\/v2\/tags?post=28872"}],"curies":[{"name":"wp","href":"https:\/\/api.w.org\/{rel}","templated":true}]}}