{"id":28635,"date":"2022-09-12T11:24:09","date_gmt":"2022-09-12T09:24:09","guid":{"rendered":"https:\/\/dignitynews.eu\/?p=28635"},"modified":"2022-09-12T11:24:09","modified_gmt":"2022-09-12T09:24:09","slug":"polska-europejskim-liderem-w-eksporcie-autobusow-elektrycznych","status":"publish","type":"post","link":"https:\/\/dignitynews.eu\/pl\/polska-europejskim-liderem-w-eksporcie-autobusow-elektrycznych\/","title":{"rendered":"Polska europejskim liderem w eksporcie autobus\u00f3w elektrycznych"},"content":{"rendered":"<h5><strong>Co\u00a0trzeci autobus elektryczny eksportowany przez\u00a0pa\u0144stwa cz\u0142onkowskie Unii Europejskiej w\u00a0latach 2017-2021 pochodzi\u0142 z\u00a0polskich fabryk. E-busy \u201emade in\u00a0Poland\u201d s\u0105\u00a0tak\u017ce wysy\u0142ane poza Uni\u0119. <\/strong><\/h5>\n<p>Polska to\u00a0niekwestionowany lider pod\u00a0wzgl\u0119dem eksportu autobus\u00f3w elektrycznych w\u00a0Unii Europejskiej. W\u00a0latach 2017-2021 r. z\u00a0naszych fabryk na\u00a0inne rynki UE trafi\u0142o \u0142\u0105cznie 1 937 autobus\u00f3w elektrycznych. Stanowi\u0142o to\u00a0ponad 31% wszystkich tego typu pojazd\u00f3w wyeksportowanych ze\u00a0Wsp\u00f3lnoty. Sumaryczna warto\u015b\u0107 eksportu z\u00a0tego sektora w\u00a0latach 2017-2021 to\u00a0przesz\u0142o 750 mln EUR, czyli 37,9% warto\u015bci eksportu e-bus\u00f3w z\u00a0Unii Europejskiej &#8211; wynika z\u00a0wylicze\u0144 Polskiego Stowarzyszenia Paliw Alternatywnych.<\/p>\n<p>Obok akumulator\u00f3w litowo-jonowych autobusy elektryczne s\u0105\u00a0g\u0142\u00f3wnym towarem eksportowym polskiej bran\u017cy elektromobilno\u015bci. Od\u00a02017 roku nasz kraj jest liderem Unii Europejskiej pod\u00a0wzgl\u0119dem liczby wyprodukowanych i\u00a0wyeksportowanych autobus\u00f3w elektrycznych. W\u00a0latach 2017-2021 z\u00a0Polski na\u00a0inne rynki wyeksportowano \u0142\u0105cznie 1 937 e-bus\u00f3w. Warto\u015b\u0107 elektrycznych autobus\u00f3w dostarczonych w\u00a0tym czasie za\u00a0granic\u0119 przez\u00a0producent\u00f3w posiadaj\u0105cych fabryki w\u00a0Polsce przekroczy\u0142a 750 mln euro, co\u00a0stanowi\u0142o prawie 40 proc. \u0142\u0105cznej warto\u015bci eksportu takich pojazd\u00f3w z\u00a0Unii Europejskiej\u00a0\u2013 powiedzia\u0142 Maciej Mazur, Dyrektor Zarz\u0105dzaj\u0105cy Polskim Stowarzyszeniem Paliw Alternatywnych.<\/p>\n<p>Zeroemisyjne autobusy \u201emade in\u00a0Poland\u201d dostarczane s\u0105\u00a0tak\u017ce poza Uni\u0105 Europejsk\u0105. Najwi\u0119kszym odbiorc\u0105 jest Norwegia, gdzie dostarczono blisko 150 sztuk. Na\u00a0kolejnym miejscu plasuj\u0105 si\u0119: Wielka Brytania, Szwajcarii, Mo\u0142dawia i\u00a0Ukraina. W\u00a0sumie ponad 200 e-bus\u00f3w zosta\u0142o dostarczonych z\u00a0Polski do\u00a0kraj\u00f3w spoza Unii Europejskiej w\u00a0latach 2017-2021. Nale\u017cy podkre\u015bli\u0107, cz\u0119\u015b\u0107 produkcji trafia r\u00f3wnie\u017c na\u00a0rodzimy rynek, dzi\u0119ki czemu z\u00a0pocz\u0105tkiem przysz\u0142ego roku po\u00a0polskich drogach mo\u017ce je\u017adzi\u0107 ok. 900 e-bus\u00f3w, co\u00a0oznacza, \u017ce\u00a0b\u0119dzie to\u00a0jedna z\u00a0najwi\u0119kszych flot autobus\u00f3w elektrycznych w\u00a0Unii Europejskiej.<\/p>\n<p>Adrian Andrzejewski<\/p>\n","protected":false},"excerpt":{"rendered":"<p>Co\u00a0trzeci autobus elektryczny eksportowany przez\u00a0pa\u0144stwa cz\u0142onkowskie Unii Europejskiej w\u00a0latach 2017-2021 pochodzi\u0142 z\u00a0polskich fabryk. E-busy \u201emade in\u00a0Poland\u201d s\u0105\u00a0tak\u017ce wysy\u0142ane poza Uni\u0119. Polska to\u00a0niekwestionowany lider pod\u00a0wzgl\u0119dem eksportu autobus\u00f3w elektrycznych w\u00a0Unii Europejskiej. W\u00a0latach&hellip;<\/p>\n","protected":false},"author":7,"featured_media":28636,"comment_status":"closed","ping_status":"open","sticky":false,"template":"","format":"standard","meta":{"_mi_skip_tracking":false,"footnotes":""},"categories":[48],"tags":[],"class_list":["post-28635","post","type-post","status-publish","format-standard","has-post-thumbnail","hentry","category-gospodarka"],"yoast_head":"<!-- This site is optimized with the Yoast SEO plugin v19.4 - https:\/\/yoast.com\/wordpress\/plugins\/seo\/ -->\n<title>Polska europejskim liderem w eksporcie autobus\u00f3w elektrycznych - Godno\u015b\u0107 - DignityNews.eu<\/title>\n<meta name=\"robots\" content=\"index, follow, max-snippet:-1, max-image-preview:large, max-video-preview:-1\" \/>\n<link rel=\"canonical\" href=\"https:\/\/dignitynews.eu\/pl\/polska-europejskim-liderem-w-eksporcie-autobusow-elektrycznych\/\" \/>\n<meta property=\"og:locale\" content=\"pl_PL\" \/>\n<meta property=\"og:type\" content=\"article\" \/>\n<meta property=\"og:title\" content=\"Polska europejskim liderem w eksporcie autobus\u00f3w elektrycznych - Godno\u015b\u0107 - DignityNews.eu\" \/>\n<meta property=\"og:description\" content=\"Co\u00a0trzeci autobus elektryczny eksportowany przez\u00a0pa\u0144stwa cz\u0142onkowskie Unii Europejskiej w\u00a0latach 2017-2021 pochodzi\u0142 z\u00a0polskich fabryk. E-busy \u201emade in\u00a0Poland\u201d s\u0105\u00a0tak\u017ce wysy\u0142ane poza Uni\u0119. Polska to\u00a0niekwestionowany lider pod\u00a0wzgl\u0119dem eksportu autobus\u00f3w elektrycznych w\u00a0Unii Europejskiej. W\u00a0latach&hellip;\" \/>\n<meta property=\"og:url\" content=\"https:\/\/dignitynews.eu\/pl\/polska-europejskim-liderem-w-eksporcie-autobusow-elektrycznych\/\" \/>\n<meta property=\"og:site_name\" content=\"Godno\u015b\u0107 - DignityNews.eu\" \/>\n<meta property=\"article:published_time\" content=\"2022-09-12T09:24:09+00:00\" \/>\n<meta property=\"og:image\" content=\"https:\/\/dignitynews.eu\/wp-content\/uploads\/2022\/09\/Autobusy-elektryczne-fot.-Jan-Graczynski-East-News.jpg\" \/>\n\t<meta property=\"og:image:width\" content=\"1500\" \/>\n\t<meta property=\"og:image:height\" content=\"1000\" \/>\n\t<meta property=\"og:image:type\" content=\"image\/jpeg\" \/>\n<meta name=\"author\" content=\"Dignity News\" \/>\n<meta name=\"twitter:card\" content=\"summary_large_image\" \/>\n<meta name=\"twitter:label1\" content=\"Napisane przez\" \/>\n\t<meta name=\"twitter:data1\" content=\"Dignity News\" \/>\n\t<meta name=\"twitter:label2\" content=\"Szacowany czas czytania\" \/>\n\t<meta name=\"twitter:data2\" content=\"2 minuty\" \/>\n<script type=\"application\/ld+json\" class=\"yoast-schema-graph\">{\"@context\":\"https:\/\/schema.org\",\"@graph\":[{\"@type\":\"WebSite\",\"@id\":\"https:\/\/dignitynews.eu\/pl\/#website\",\"url\":\"https:\/\/dignitynews.eu\/pl\/\",\"name\":\"Godno\u015b\u0107 - DignityNews.eu\",\"description\":\"\",\"potentialAction\":[{\"@type\":\"SearchAction\",\"target\":{\"@type\":\"EntryPoint\",\"urlTemplate\":\"https:\/\/dignitynews.eu\/pl\/?s={search_term_string}\"},\"query-input\":\"required name=search_term_string\"}],\"inLanguage\":\"pl-PL\"},{\"@type\":\"WebPage\",\"@id\":\"https:\/\/dignitynews.eu\/pl\/polska-europejskim-liderem-w-eksporcie-autobusow-elektrycznych\/\",\"url\":\"https:\/\/dignitynews.eu\/pl\/polska-europejskim-liderem-w-eksporcie-autobusow-elektrycznych\/\",\"name\":\"Polska europejskim liderem w eksporcie autobus\u00f3w elektrycznych - Godno\u015b\u0107 - DignityNews.eu\",\"isPartOf\":{\"@id\":\"https:\/\/dignitynews.eu\/pl\/#website\"},\"datePublished\":\"2022-09-12T09:24:09+00:00\",\"dateModified\":\"2022-09-12T09:24:09+00:00\",\"author\":{\"@id\":\"https:\/\/dignitynews.eu\/pl\/#\/schema\/person\/0b62b762b8174802fabc81a3ecb1bfcb\"},\"breadcrumb\":{\"@id\":\"https:\/\/dignitynews.eu\/pl\/polska-europejskim-liderem-w-eksporcie-autobusow-elektrycznych\/#breadcrumb\"},\"inLanguage\":\"pl-PL\",\"potentialAction\":[{\"@type\":\"ReadAction\",\"target\":[\"https:\/\/dignitynews.eu\/pl\/polska-europejskim-liderem-w-eksporcie-autobusow-elektrycznych\/\"]}]},{\"@type\":\"BreadcrumbList\",\"@id\":\"https:\/\/dignitynews.eu\/pl\/polska-europejskim-liderem-w-eksporcie-autobusow-elektrycznych\/#breadcrumb\",\"itemListElement\":[{\"@type\":\"ListItem\",\"position\":1,\"name\":\"Strona g\u0142\u00f3wna\",\"item\":\"https:\/\/dignitynews.eu\/pl\/\"},{\"@type\":\"ListItem\",\"position\":2,\"name\":\"Polska europejskim liderem w eksporcie autobus\u00f3w elektrycznych\"}]},{\"@type\":\"Person\",\"@id\":\"https:\/\/dignitynews.eu\/pl\/#\/schema\/person\/0b62b762b8174802fabc81a3ecb1bfcb\",\"name\":\"Dignity News\",\"image\":{\"@type\":\"ImageObject\",\"inLanguage\":\"pl-PL\",\"@id\":\"https:\/\/dignitynews.eu\/pl\/#\/schema\/person\/image\/\",\"url\":\"https:\/\/secure.gravatar.com\/avatar\/97963171a6d9108f8381bbefb1c6b150c445b6ddd9e3077b96c86cf5892c85dc?s=96&d=mm&r=g\",\"contentUrl\":\"https:\/\/secure.gravatar.com\/avatar\/97963171a6d9108f8381bbefb1c6b150c445b6ddd9e3077b96c86cf5892c85dc?s=96&d=mm&r=g\",\"caption\":\"Dignity News\"},\"url\":\"https:\/\/dignitynews.eu\/pl\/author\/mikolaj-palade\/\"}]}<\/script>\n<!-- \/ Yoast SEO plugin. -->","yoast_head_json":{"title":"Polska europejskim liderem w eksporcie autobus\u00f3w elektrycznych - Godno\u015b\u0107 - DignityNews.eu","robots":{"index":"index","follow":"follow","max-snippet":"max-snippet:-1","max-image-preview":"max-image-preview:large","max-video-preview":"max-video-preview:-1"},"canonical":"https:\/\/dignitynews.eu\/pl\/polska-europejskim-liderem-w-eksporcie-autobusow-elektrycznych\/","og_locale":"pl_PL","og_type":"article","og_title":"Polska europejskim liderem w eksporcie autobus\u00f3w elektrycznych - Godno\u015b\u0107 - DignityNews.eu","og_description":"Co\u00a0trzeci autobus elektryczny eksportowany przez\u00a0pa\u0144stwa cz\u0142onkowskie Unii Europejskiej w\u00a0latach 2017-2021 pochodzi\u0142 z\u00a0polskich fabryk. E-busy \u201emade in\u00a0Poland\u201d s\u0105\u00a0tak\u017ce wysy\u0142ane poza Uni\u0119. Polska to\u00a0niekwestionowany lider pod\u00a0wzgl\u0119dem eksportu autobus\u00f3w elektrycznych w\u00a0Unii Europejskiej. W\u00a0latach&hellip;","og_url":"https:\/\/dignitynews.eu\/pl\/polska-europejskim-liderem-w-eksporcie-autobusow-elektrycznych\/","og_site_name":"Godno\u015b\u0107 - DignityNews.eu","article_published_time":"2022-09-12T09:24:09+00:00","og_image":[{"width":1500,"height":1000,"url":"https:\/\/dignitynews.eu\/wp-content\/uploads\/2022\/09\/Autobusy-elektryczne-fot.-Jan-Graczynski-East-News.jpg","type":"image\/jpeg"}],"author":"Dignity News","twitter_card":"summary_large_image","twitter_misc":{"Napisane przez":"Dignity News","Szacowany czas czytania":"2 minuty"},"schema":{"@context":"https:\/\/schema.org","@graph":[{"@type":"WebSite","@id":"https:\/\/dignitynews.eu\/pl\/#website","url":"https:\/\/dignitynews.eu\/pl\/","name":"Godno\u015b\u0107 - DignityNews.eu","description":"","potentialAction":[{"@type":"SearchAction","target":{"@type":"EntryPoint","urlTemplate":"https:\/\/dignitynews.eu\/pl\/?s={search_term_string}"},"query-input":"required name=search_term_string"}],"inLanguage":"pl-PL"},{"@type":"WebPage","@id":"https:\/\/dignitynews.eu\/pl\/polska-europejskim-liderem-w-eksporcie-autobusow-elektrycznych\/","url":"https:\/\/dignitynews.eu\/pl\/polska-europejskim-liderem-w-eksporcie-autobusow-elektrycznych\/","name":"Polska europejskim liderem w eksporcie autobus\u00f3w elektrycznych - Godno\u015b\u0107 - DignityNews.eu","isPartOf":{"@id":"https:\/\/dignitynews.eu\/pl\/#website"},"datePublished":"2022-09-12T09:24:09+00:00","dateModified":"2022-09-12T09:24:09+00:00","author":{"@id":"https:\/\/dignitynews.eu\/pl\/#\/schema\/person\/0b62b762b8174802fabc81a3ecb1bfcb"},"breadcrumb":{"@id":"https:\/\/dignitynews.eu\/pl\/polska-europejskim-liderem-w-eksporcie-autobusow-elektrycznych\/#breadcrumb"},"inLanguage":"pl-PL","potentialAction":[{"@type":"ReadAction","target":["https:\/\/dignitynews.eu\/pl\/polska-europejskim-liderem-w-eksporcie-autobusow-elektrycznych\/"]}]},{"@type":"BreadcrumbList","@id":"https:\/\/dignitynews.eu\/pl\/polska-europejskim-liderem-w-eksporcie-autobusow-elektrycznych\/#breadcrumb","itemListElement":[{"@type":"ListItem","position":1,"name":"Strona g\u0142\u00f3wna","item":"https:\/\/dignitynews.eu\/pl\/"},{"@type":"ListItem","position":2,"name":"Polska europejskim liderem w eksporcie autobus\u00f3w elektrycznych"}]},{"@type":"Person","@id":"https:\/\/dignitynews.eu\/pl\/#\/schema\/person\/0b62b762b8174802fabc81a3ecb1bfcb","name":"Dignity News","image":{"@type":"ImageObject","inLanguage":"pl-PL","@id":"https:\/\/dignitynews.eu\/pl\/#\/schema\/person\/image\/","url":"https:\/\/secure.gravatar.com\/avatar\/97963171a6d9108f8381bbefb1c6b150c445b6ddd9e3077b96c86cf5892c85dc?s=96&d=mm&r=g","contentUrl":"https:\/\/secure.gravatar.com\/avatar\/97963171a6d9108f8381bbefb1c6b150c445b6ddd9e3077b96c86cf5892c85dc?s=96&d=mm&r=g","caption":"Dignity News"},"url":"https:\/\/dignitynews.eu\/pl\/author\/mikolaj-palade\/"}]}},"_links":{"self":[{"href":"https:\/\/dignitynews.eu\/pl\/wp-json\/wp\/v2\/posts\/28635","targetHints":{"allow":["GET"]}}],"collection":[{"href":"https:\/\/dignitynews.eu\/pl\/wp-json\/wp\/v2\/posts"}],"about":[{"href":"https:\/\/dignitynews.eu\/pl\/wp-json\/wp\/v2\/types\/post"}],"author":[{"embeddable":true,"href":"https:\/\/dignitynews.eu\/pl\/wp-json\/wp\/v2\/users\/7"}],"replies":[{"embeddable":true,"href":"https:\/\/dignitynews.eu\/pl\/wp-json\/wp\/v2\/comments?post=28635"}],"version-history":[{"count":1,"href":"https:\/\/dignitynews.eu\/pl\/wp-json\/wp\/v2\/posts\/28635\/revisions"}],"predecessor-version":[{"id":28641,"href":"https:\/\/dignitynews.eu\/pl\/wp-json\/wp\/v2\/posts\/28635\/revisions\/28641"}],"wp:featuredmedia":[{"embeddable":true,"href":"https:\/\/dignitynews.eu\/pl\/wp-json\/wp\/v2\/media\/28636"}],"wp:attachment":[{"href":"https:\/\/dignitynews.eu\/pl\/wp-json\/wp\/v2\/media?parent=28635"}],"wp:term":[{"taxonomy":"category","embeddable":true,"href":"https:\/\/dignitynews.eu\/pl\/wp-json\/wp\/v2\/categories?post=28635"},{"taxonomy":"post_tag","embeddable":true,"href":"https:\/\/dignitynews.eu\/pl\/wp-json\/wp\/v2\/tags?post=28635"}],"curies":[{"name":"wp","href":"https:\/\/api.w.org\/{rel}","templated":true}]}}