{"id":28601,"date":"2022-09-10T11:02:43","date_gmt":"2022-09-10T09:02:43","guid":{"rendered":"https:\/\/dignitynews.eu\/?p=28601"},"modified":"2022-09-12T11:12:47","modified_gmt":"2022-09-12T09:12:47","slug":"sonderfahndungsbuch-polen-niemiecka-lista-proskrypcyjna-i-jej-zbrodnicze-konsekwencje","status":"publish","type":"post","link":"https:\/\/dignitynews.eu\/pl\/sonderfahndungsbuch-polen-niemiecka-lista-proskrypcyjna-i-jej-zbrodnicze-konsekwencje\/","title":{"rendered":"\u201eSonderfahndungsbuch Polen\u201d \u2013 niemiecka lista proskrypcyjna i jej zbrodnicze konsekwencje"},"content":{"rendered":"<h5><strong>Pod niemieck\u0105 nazw\u0105 \u201eSonderfahndungsbuch Polen\u201d kryje si\u0119 specjalna ksi\u0119ga go\u0144cza dla Polski, zwana proskrypcyjn\u0105, obejmuj\u0105ca w uk\u0142adzie alfabetycznym nazwiska 61 tys. Polak\u00f3w. By\u0142 to druk poufny, wydany przez Urz\u0105d Kryminalny Policji III Rzeszy. Jej powstanie zleci\u0142 Heinrich Himmler. Na li\u015bcie znale\u017ali si\u0119 obywatele polscy, kt\u00f3rzy stanowili zagro\u017cenie dla \u201eniemczyzny\u201d, czyli szeroko rozumiani przedstawiciele polskich elit. Ich spis sta\u0142 si\u0119 podstaw\u0105 do masowych aresztowa\u0144 i mord\u00f3w ludno\u015bci polskiej w pierwszych miesi\u0105cach II wojny \u015bwiatowej na terenach wcielonych do III Rzeszy i Generalnym Gubernatorstwie. \u00a0\u00a0<\/strong><\/h5>\n<p>Lista powsta\u0142a na bazie agenturalnej pracy, cho\u0107 zadanie to nie nale\u017ca\u0142o do najtrudniejszych. Wystarczy\u0142o \u015bledzi\u0107 polsk\u0105 pras\u0119, zar\u00f3wno centraln\u0105, jak te\u017c lokaln\u0105. Tak czynili cho\u0107by przedstawiciele niemieckich plac\u00f3wek dyplomatycznych w Polsce. Odr\u0119bne, lokalne listy proskrypcyjne posiadali r\u00f3wnie\u017c cz\u0142onkowie Selbstschutzu \u2013 paramilitarnych organizacji niemieckich, kt\u00f3re aktywizowa\u0142y si\u0119 na ziemiach II RP. Dzia\u0142aniu zwi\u0105zanemu z tworzeniem spis\u00f3w Polak\u00f3w sprzyja\u0142a do\u015b\u0107 liczna i aktywna, zw\u0142aszcza na zachodzie Polski mniejszo\u015b\u0107 niemiecka. W 1939 r. by\u0142a ona znazyfikowana i ch\u0119tna nie tylko do zbierania informacji o Polakach, lecz tak\u017ce do fizycznej rozprawy z nimi.<\/p>\n<p>Przygotowywanie list ruszy\u0142o pe\u0142n\u0105 par\u0105 w kwietniu 1939 r. Wbrew pozorom by\u0142o to jednak na tyle du\u017ce przedsi\u0119wzi\u0119cie, \u017ce prace nad ujednoliconym spisem przeci\u0105ga\u0142y si\u0119. Niemcy nie nad\u0105\u017cali za obr\u00f3bk\u0105 danych. Pracami tymi zajmowa\u0142y si\u0119 dwa niemieckie urz\u0119dy: berli\u0144ska centrala Gestapo oraz kom\u00f3rka Zentralstelle II\/P (Polen) utworzona w maju 1939 r. w G\u0142\u00f3wnym Urz\u0119dzie SD Reichsf\u00fchrera SS. Historycy uwa\u017caj\u0105, \u017ce pierwsza lista powsta\u0142a we wrze\u015bniu 1939 r., a nast\u0119pnie w pa\u017adzierniku tego roku, ju\u017c po zaj\u0119ciu teren\u00f3w polskich przez Niemc\u00f3w sporz\u0105dzono dok\u0142adniejszy spis. Nie by\u0142 on uko\u0144czony, o czym \u015bwiadcz\u0105 puste strony dla ka\u017cdej z liter alfabetu. Druga wersja to w\u0142a\u015bnie \u201eSonderfahndungsbuch Polen\u201d \u2013 \u201eSpecjalna ksi\u0119ga Polak\u00f3w \u015bciganych listem go\u0144czym\u201d , kt\u00f3r\u0105 wydano w Krakowie w 1940 r.<\/p>\n<p>Polacy znajduj\u0105cy si\u0119 na li\u015bcie byli rozstrzeliwani, osadzani w wi\u0119zieniach i obozach koncentracyjnych oraz deportowani i wysiedlani z ziem przy\u0142\u0105czonych do III Rzeszy.<\/p>\n<p>W okresie okupacji niemieckiej listy te wychodzi\u0142y pod nazw\u0105 \u201eFahndungsnachweis\u201d (\u201eDziennik inwigilacyjny\u201d). Tylko niewielka liczba os\u00f3b umieszczona na nich zdo\u0142a\u0142a przetrwa\u0107 okupacj\u0119 niemieck\u0105. \u0141\u0105cznie na wszystkich znalaz\u0142o si\u0119 oko\u0142o 80 tys. Polak\u00f3w.<\/p>\n<p>Listy proskrypcyjne wpisywa\u0142y si\u0119 w szersze niemieckie plany podboju ziem polskich, znane pod kryptonimem Operacji Tannenberg. Jej celem by\u0142a zag\u0142ada polskiej warstwy przyw\u00f3dczej i polskiej inteligencji od 1 wrze\u015bnia 1939 r, czyli od momentu wkroczenia na ziemie polskie oddzia\u0142\u00f3w Wehrmachtu. Historycy uznaj\u0105 ten wcielony w \u017cycie zbrodniczy plan za najbardziej efektywn\u0105 bro\u0144 w eksterminacji Polak\u00f3w przez powstaniem oboz\u00f3w koncentracyjnych i oboz\u00f3w zag\u0142ady.<\/p>\n<p>Operacja zosta\u0142a przeprowadzona nie tylko na terenach wcielonych do III Rzeszy, ale r\u00f3wnie\u017c na obszarze przysz\u0142ego Generalnego Gubernatorstwa. Kierowa\u0142 ni\u0105 Reinhard Heydrich, stoj\u0105cy na czele G\u0142\u00f3wnego Urz\u0119du Bezpiecze\u0144stwa Rzeszy (RSHA). W celach zbrodniczych stworzono r\u00f3wnie\u017c w Gestapo specjalny referat do Spraw Operacji Tannenberg. Badacze podkre\u015blaj\u0105, \u017ce faktycznie funkcjonariusze wielu s\u0142u\u017cb wzi\u0119li czynny udzia\u0142 w Operacji Tannenberg.<\/p>\n<p>Po ataku wojsk niemieckich na Polsk\u0119 eksterminacj\u0119 przeprowadza\u0142y przede wszystkim grupy operacyjne Einsatzgruppen. A\u017c 15 z 25 dow\u00f3dc\u00f3w Einsatzgruppen i Einsatzkommand mia\u0142o tytu\u0142 doktora. W ich sk\u0142ad wchodzili funkcjonariusze: Policji Bezpiecze\u0144stwa (Sicherheitspolizei \u2013 Sipo) oraz partyjnej S\u0142u\u017cby Bezpiecze\u0144stwa (Sichercheitsdienst \u2013 SD). Sipo tworzy\u0142o Gestapo i Kripo, natomiast SD by\u0142 to wywiad i kontrwywiad SS. Rekrutacj\u0105 do Einsatzgruppen zajmowa\u0142 si\u0119 Werner Best \u2013 najbli\u017cszy wsp\u00f3\u0142pracownik Heydricha.<\/p>\n<p>Nie bez powodu formacj\u0119 t\u0119 nazywano \u201eszwadronem \u015bmierci\u201d. Niemcy ci byli szkoleni do zabijania, a w\u015br\u00f3d nich znale\u017ali si\u0119 najwi\u0119ksi zbrodniarze drugiej wojny \u015bwiatowej. Przyk\u0142adowo cz\u0142onkowie Einsatzgruppe VI dowodzeni przez SS\u2013Oberf\u00fchrera Ericha Naumanna za\u0142o\u017cyli i uruchomili 10 pa\u017adziernika 1939 r. pierwszy na ziemiach polskich ob\u00f3z koncentracyjny w Forcie VII w Poznaniu (Sicherheitspolizei. Chef des Einsatzgruppe VI. Konzentrationslager-Posen). Jego organizatorem, a tak\u017ce kr\u00f3tko pierwszym komendantem by\u0142 Herbert Lange, funkcjonariusz Einsatzgruppe VI, p\u00f3\u017aniejszy dow\u00f3dca akcji eutanazyjnej polegaj\u0105cej na wymordowaniu chorych psychicznie w Kraju Warty oraz komendant niemieckiego obozu zag\u0142ady Kulmhof w Che\u0142mnie nad Nerem (oko\u0142o 250\u00a0000 ofiar). Lange by\u0142 podobnie jak Naumann \u2013 dow\u00f3dca Einsatzgruppe VI \u2013 jednym\u00a0 z najwi\u0119kszych zbrodniarzy II wojny \u015bwiatowej. Zgin\u0105\u0142 w 1945 r.<\/p>\n<p>Ustalenia historyk\u00f3w wskazuj\u0105 na nast\u0119puj\u0105c\u0105 liczb\u0119 ofiar do 25 pa\u017adziernika 1939 r., czyli do czasu obowi\u0105zywania tzw. zarz\u0105du wojskowego: Okr\u0119g Rzeszy Gda\u0144sk \u2013 Prusy Zachodnie (30 tys.), Okr\u0119g Rzeszy Kraj Warty (10 tys.), G\u00f3rny \u015al\u0105sk (2 tys.), Rejencja Ciechanowska (1 tys.), ziemie centralne \u2013 przysz\u0142e Generalne Gubernatorstwo (5 tys.). Do ofiar tych doliczy\u0107 mo\u017cna r\u00f3wnie\u017c 7 tys. \u017byd\u00f3w, kt\u00f3rych zabili \u017co\u0142nierze Wehrmachtu.\u00a0 \u0141\u0105cznie we wspomnianym okresie \u017cycie straci\u0142o oko\u0142o 50 tys. najczynniejszych Polak\u00f3w, a 750 tys. zosta\u0142o wysiedlonych. Do dnia dzisiejszego poznali\u015bmy 760 miejsc masowych mord\u00f3w.<\/p>\n<p>Zbrodnie Operacji Tannenberg nie zosta\u0142y nigdy rozliczone, a ich \u015blady Niemcy pr\u00f3bowali zaciera\u0107 jeszcze podczas wojny.<\/p>\n","protected":false},"excerpt":{"rendered":"<p>Pod niemieck\u0105 nazw\u0105 \u201eSonderfahndungsbuch Polen\u201d kryje si\u0119 specjalna ksi\u0119ga go\u0144cza dla Polski, zwana proskrypcyjn\u0105, obejmuj\u0105ca w uk\u0142adzie alfabetycznym nazwiska 61 tys. Polak\u00f3w. By\u0142 to druk poufny, wydany przez Urz\u0105d Kryminalny&hellip;<\/p>\n","protected":false},"author":7,"featured_media":28607,"comment_status":"closed","ping_status":"open","sticky":false,"template":"","format":"standard","meta":{"_mi_skip_tracking":false,"footnotes":""},"categories":[46],"tags":[],"class_list":["post-28601","post","type-post","status-publish","format-standard","has-post-thumbnail","hentry","category-historia"],"yoast_head":"<!-- This site is optimized with the Yoast SEO plugin v19.4 - https:\/\/yoast.com\/wordpress\/plugins\/seo\/ -->\n<title>\u201eSonderfahndungsbuch Polen\u201d \u2013 niemiecka lista proskrypcyjna i jej zbrodnicze konsekwencje - Godno\u015b\u0107 - DignityNews.eu<\/title>\n<meta name=\"robots\" content=\"index, follow, max-snippet:-1, max-image-preview:large, max-video-preview:-1\" \/>\n<link rel=\"canonical\" href=\"https:\/\/dignitynews.eu\/pl\/sonderfahndungsbuch-polen-niemiecka-lista-proskrypcyjna-i-jej-zbrodnicze-konsekwencje\/\" \/>\n<meta property=\"og:locale\" content=\"pl_PL\" \/>\n<meta property=\"og:type\" content=\"article\" \/>\n<meta property=\"og:title\" content=\"\u201eSonderfahndungsbuch Polen\u201d \u2013 niemiecka lista proskrypcyjna i jej zbrodnicze konsekwencje - Godno\u015b\u0107 - DignityNews.eu\" \/>\n<meta property=\"og:description\" content=\"Pod niemieck\u0105 nazw\u0105 \u201eSonderfahndungsbuch Polen\u201d kryje si\u0119 specjalna ksi\u0119ga go\u0144cza dla Polski, zwana proskrypcyjn\u0105, obejmuj\u0105ca w uk\u0142adzie alfabetycznym nazwiska 61 tys. Polak\u00f3w. By\u0142 to druk poufny, wydany przez Urz\u0105d Kryminalny&hellip;\" \/>\n<meta property=\"og:url\" content=\"https:\/\/dignitynews.eu\/pl\/sonderfahndungsbuch-polen-niemiecka-lista-proskrypcyjna-i-jej-zbrodnicze-konsekwencje\/\" \/>\n<meta property=\"og:site_name\" content=\"Godno\u015b\u0107 - DignityNews.eu\" \/>\n<meta property=\"article:published_time\" content=\"2022-09-10T09:02:43+00:00\" \/>\n<meta property=\"article:modified_time\" content=\"2022-09-12T09:12:47+00:00\" \/>\n<meta property=\"og:image\" content=\"https:\/\/dignitynews.eu\/wp-content\/uploads\/2022\/09\/Bundesarchiv_Bild_146-1968-034-19A_Exekution_von_polnischen_Geiseln.jpg\" \/>\n\t<meta property=\"og:image:width\" content=\"795\" \/>\n\t<meta property=\"og:image:height\" content=\"475\" \/>\n\t<meta property=\"og:image:type\" content=\"image\/jpeg\" \/>\n<meta name=\"author\" content=\"Dignity News\" \/>\n<meta name=\"twitter:card\" content=\"summary_large_image\" \/>\n<meta name=\"twitter:label1\" content=\"Napisane przez\" \/>\n\t<meta name=\"twitter:data1\" content=\"Dignity News\" \/>\n\t<meta name=\"twitter:label2\" content=\"Szacowany czas czytania\" \/>\n\t<meta name=\"twitter:data2\" content=\"4 minuty\" \/>\n<script type=\"application\/ld+json\" class=\"yoast-schema-graph\">{\"@context\":\"https:\/\/schema.org\",\"@graph\":[{\"@type\":\"WebSite\",\"@id\":\"https:\/\/dignitynews.eu\/pl\/#website\",\"url\":\"https:\/\/dignitynews.eu\/pl\/\",\"name\":\"Godno\u015b\u0107 - DignityNews.eu\",\"description\":\"\",\"potentialAction\":[{\"@type\":\"SearchAction\",\"target\":{\"@type\":\"EntryPoint\",\"urlTemplate\":\"https:\/\/dignitynews.eu\/pl\/?s={search_term_string}\"},\"query-input\":\"required name=search_term_string\"}],\"inLanguage\":\"pl-PL\"},{\"@type\":\"WebPage\",\"@id\":\"https:\/\/dignitynews.eu\/pl\/sonderfahndungsbuch-polen-niemiecka-lista-proskrypcyjna-i-jej-zbrodnicze-konsekwencje\/\",\"url\":\"https:\/\/dignitynews.eu\/pl\/sonderfahndungsbuch-polen-niemiecka-lista-proskrypcyjna-i-jej-zbrodnicze-konsekwencje\/\",\"name\":\"\u201eSonderfahndungsbuch Polen\u201d \u2013 niemiecka lista proskrypcyjna i jej zbrodnicze konsekwencje - Godno\u015b\u0107 - DignityNews.eu\",\"isPartOf\":{\"@id\":\"https:\/\/dignitynews.eu\/pl\/#website\"},\"datePublished\":\"2022-09-10T09:02:43+00:00\",\"dateModified\":\"2022-09-12T09:12:47+00:00\",\"author\":{\"@id\":\"https:\/\/dignitynews.eu\/pl\/#\/schema\/person\/0b62b762b8174802fabc81a3ecb1bfcb\"},\"breadcrumb\":{\"@id\":\"https:\/\/dignitynews.eu\/pl\/sonderfahndungsbuch-polen-niemiecka-lista-proskrypcyjna-i-jej-zbrodnicze-konsekwencje\/#breadcrumb\"},\"inLanguage\":\"pl-PL\",\"potentialAction\":[{\"@type\":\"ReadAction\",\"target\":[\"https:\/\/dignitynews.eu\/pl\/sonderfahndungsbuch-polen-niemiecka-lista-proskrypcyjna-i-jej-zbrodnicze-konsekwencje\/\"]}]},{\"@type\":\"BreadcrumbList\",\"@id\":\"https:\/\/dignitynews.eu\/pl\/sonderfahndungsbuch-polen-niemiecka-lista-proskrypcyjna-i-jej-zbrodnicze-konsekwencje\/#breadcrumb\",\"itemListElement\":[{\"@type\":\"ListItem\",\"position\":1,\"name\":\"Strona g\u0142\u00f3wna\",\"item\":\"https:\/\/dignitynews.eu\/pl\/\"},{\"@type\":\"ListItem\",\"position\":2,\"name\":\"\u201eSonderfahndungsbuch Polen\u201d \u2013 niemiecka lista proskrypcyjna i jej zbrodnicze konsekwencje\"}]},{\"@type\":\"Person\",\"@id\":\"https:\/\/dignitynews.eu\/pl\/#\/schema\/person\/0b62b762b8174802fabc81a3ecb1bfcb\",\"name\":\"Dignity News\",\"image\":{\"@type\":\"ImageObject\",\"inLanguage\":\"pl-PL\",\"@id\":\"https:\/\/dignitynews.eu\/pl\/#\/schema\/person\/image\/\",\"url\":\"https:\/\/secure.gravatar.com\/avatar\/97963171a6d9108f8381bbefb1c6b150c445b6ddd9e3077b96c86cf5892c85dc?s=96&d=mm&r=g\",\"contentUrl\":\"https:\/\/secure.gravatar.com\/avatar\/97963171a6d9108f8381bbefb1c6b150c445b6ddd9e3077b96c86cf5892c85dc?s=96&d=mm&r=g\",\"caption\":\"Dignity News\"},\"url\":\"https:\/\/dignitynews.eu\/pl\/author\/mikolaj-palade\/\"}]}<\/script>\n<!-- \/ Yoast SEO plugin. -->","yoast_head_json":{"title":"\u201eSonderfahndungsbuch Polen\u201d \u2013 niemiecka lista proskrypcyjna i jej zbrodnicze konsekwencje - Godno\u015b\u0107 - DignityNews.eu","robots":{"index":"index","follow":"follow","max-snippet":"max-snippet:-1","max-image-preview":"max-image-preview:large","max-video-preview":"max-video-preview:-1"},"canonical":"https:\/\/dignitynews.eu\/pl\/sonderfahndungsbuch-polen-niemiecka-lista-proskrypcyjna-i-jej-zbrodnicze-konsekwencje\/","og_locale":"pl_PL","og_type":"article","og_title":"\u201eSonderfahndungsbuch Polen\u201d \u2013 niemiecka lista proskrypcyjna i jej zbrodnicze konsekwencje - Godno\u015b\u0107 - DignityNews.eu","og_description":"Pod niemieck\u0105 nazw\u0105 \u201eSonderfahndungsbuch Polen\u201d kryje si\u0119 specjalna ksi\u0119ga go\u0144cza dla Polski, zwana proskrypcyjn\u0105, obejmuj\u0105ca w uk\u0142adzie alfabetycznym nazwiska 61 tys. Polak\u00f3w. By\u0142 to druk poufny, wydany przez Urz\u0105d Kryminalny&hellip;","og_url":"https:\/\/dignitynews.eu\/pl\/sonderfahndungsbuch-polen-niemiecka-lista-proskrypcyjna-i-jej-zbrodnicze-konsekwencje\/","og_site_name":"Godno\u015b\u0107 - DignityNews.eu","article_published_time":"2022-09-10T09:02:43+00:00","article_modified_time":"2022-09-12T09:12:47+00:00","og_image":[{"width":795,"height":475,"url":"https:\/\/dignitynews.eu\/wp-content\/uploads\/2022\/09\/Bundesarchiv_Bild_146-1968-034-19A_Exekution_von_polnischen_Geiseln.jpg","type":"image\/jpeg"}],"author":"Dignity News","twitter_card":"summary_large_image","twitter_misc":{"Napisane przez":"Dignity News","Szacowany czas czytania":"4 minuty"},"schema":{"@context":"https:\/\/schema.org","@graph":[{"@type":"WebSite","@id":"https:\/\/dignitynews.eu\/pl\/#website","url":"https:\/\/dignitynews.eu\/pl\/","name":"Godno\u015b\u0107 - DignityNews.eu","description":"","potentialAction":[{"@type":"SearchAction","target":{"@type":"EntryPoint","urlTemplate":"https:\/\/dignitynews.eu\/pl\/?s={search_term_string}"},"query-input":"required name=search_term_string"}],"inLanguage":"pl-PL"},{"@type":"WebPage","@id":"https:\/\/dignitynews.eu\/pl\/sonderfahndungsbuch-polen-niemiecka-lista-proskrypcyjna-i-jej-zbrodnicze-konsekwencje\/","url":"https:\/\/dignitynews.eu\/pl\/sonderfahndungsbuch-polen-niemiecka-lista-proskrypcyjna-i-jej-zbrodnicze-konsekwencje\/","name":"\u201eSonderfahndungsbuch Polen\u201d \u2013 niemiecka lista proskrypcyjna i jej zbrodnicze konsekwencje - Godno\u015b\u0107 - DignityNews.eu","isPartOf":{"@id":"https:\/\/dignitynews.eu\/pl\/#website"},"datePublished":"2022-09-10T09:02:43+00:00","dateModified":"2022-09-12T09:12:47+00:00","author":{"@id":"https:\/\/dignitynews.eu\/pl\/#\/schema\/person\/0b62b762b8174802fabc81a3ecb1bfcb"},"breadcrumb":{"@id":"https:\/\/dignitynews.eu\/pl\/sonderfahndungsbuch-polen-niemiecka-lista-proskrypcyjna-i-jej-zbrodnicze-konsekwencje\/#breadcrumb"},"inLanguage":"pl-PL","potentialAction":[{"@type":"ReadAction","target":["https:\/\/dignitynews.eu\/pl\/sonderfahndungsbuch-polen-niemiecka-lista-proskrypcyjna-i-jej-zbrodnicze-konsekwencje\/"]}]},{"@type":"BreadcrumbList","@id":"https:\/\/dignitynews.eu\/pl\/sonderfahndungsbuch-polen-niemiecka-lista-proskrypcyjna-i-jej-zbrodnicze-konsekwencje\/#breadcrumb","itemListElement":[{"@type":"ListItem","position":1,"name":"Strona g\u0142\u00f3wna","item":"https:\/\/dignitynews.eu\/pl\/"},{"@type":"ListItem","position":2,"name":"\u201eSonderfahndungsbuch Polen\u201d \u2013 niemiecka lista proskrypcyjna i jej zbrodnicze konsekwencje"}]},{"@type":"Person","@id":"https:\/\/dignitynews.eu\/pl\/#\/schema\/person\/0b62b762b8174802fabc81a3ecb1bfcb","name":"Dignity News","image":{"@type":"ImageObject","inLanguage":"pl-PL","@id":"https:\/\/dignitynews.eu\/pl\/#\/schema\/person\/image\/","url":"https:\/\/secure.gravatar.com\/avatar\/97963171a6d9108f8381bbefb1c6b150c445b6ddd9e3077b96c86cf5892c85dc?s=96&d=mm&r=g","contentUrl":"https:\/\/secure.gravatar.com\/avatar\/97963171a6d9108f8381bbefb1c6b150c445b6ddd9e3077b96c86cf5892c85dc?s=96&d=mm&r=g","caption":"Dignity News"},"url":"https:\/\/dignitynews.eu\/pl\/author\/mikolaj-palade\/"}]}},"_links":{"self":[{"href":"https:\/\/dignitynews.eu\/pl\/wp-json\/wp\/v2\/posts\/28601","targetHints":{"allow":["GET"]}}],"collection":[{"href":"https:\/\/dignitynews.eu\/pl\/wp-json\/wp\/v2\/posts"}],"about":[{"href":"https:\/\/dignitynews.eu\/pl\/wp-json\/wp\/v2\/types\/post"}],"author":[{"embeddable":true,"href":"https:\/\/dignitynews.eu\/pl\/wp-json\/wp\/v2\/users\/7"}],"replies":[{"embeddable":true,"href":"https:\/\/dignitynews.eu\/pl\/wp-json\/wp\/v2\/comments?post=28601"}],"version-history":[{"count":1,"href":"https:\/\/dignitynews.eu\/pl\/wp-json\/wp\/v2\/posts\/28601\/revisions"}],"predecessor-version":[{"id":28612,"href":"https:\/\/dignitynews.eu\/pl\/wp-json\/wp\/v2\/posts\/28601\/revisions\/28612"}],"wp:featuredmedia":[{"embeddable":true,"href":"https:\/\/dignitynews.eu\/pl\/wp-json\/wp\/v2\/media\/28607"}],"wp:attachment":[{"href":"https:\/\/dignitynews.eu\/pl\/wp-json\/wp\/v2\/media?parent=28601"}],"wp:term":[{"taxonomy":"category","embeddable":true,"href":"https:\/\/dignitynews.eu\/pl\/wp-json\/wp\/v2\/categories?post=28601"},{"taxonomy":"post_tag","embeddable":true,"href":"https:\/\/dignitynews.eu\/pl\/wp-json\/wp\/v2\/tags?post=28601"}],"curies":[{"name":"wp","href":"https:\/\/api.w.org\/{rel}","templated":true}]}}