{"id":28120,"date":"2022-09-05T12:24:48","date_gmt":"2022-09-05T10:24:48","guid":{"rendered":"https:\/\/dignitynews.eu\/?p=28120"},"modified":"2022-09-05T12:24:48","modified_gmt":"2022-09-05T10:24:48","slug":"rozmowa-premiera-mateusza-morawieckiego-z-wiceprezydent-usa-kamala-harris","status":"publish","type":"post","link":"https:\/\/dignitynews.eu\/pl\/rozmowa-premiera-mateusza-morawieckiego-z-wiceprezydent-usa-kamala-harris\/","title":{"rendered":"Rozmowa premiera Mateusza Morawieckiego z wiceprezydent USA Kamal\u0105 Harris"},"content":{"rendered":"<h5>Na pro\u015bb\u0119 strony ameryka\u0144skiej, premier Mateusz Morawiecki rozmawia\u0142 telefonicznie z wiceprezydent Stan\u00f3w Zjednoczonych Kamal\u0105 Harris. G\u0142\u00f3wnym tematem rozmowy by\u0142y problemy w sektorze energetycznym na \u015bwiecie, co ma bezpo\u015bredni wp\u0142yw na gospodarki wielu pa\u0144stw.<\/h5>\n<p>Konieczne staje si\u0119 poszukiwanie nowych \u017ar\u00f3de\u0142 energii i rozw\u00f3j m.in. energetyki j\u0105drowej w takich krajach jak Polska. Premier Morawiecki podkre\u015bli\u0142, \u017ce rz\u0105d szczeg\u00f3\u0142owo analizuje mo\u017cliwo\u015bci w tym zakresie, zar\u00f3wno je\u015bli chodzi o budow\u0119 du\u017cej elektrowni j\u0105drowej, jak i rozw\u00f3j tzw. ma\u0142ych modu\u0142owych reaktor\u00f3w. Wiceprezydent USA poinformowa\u0142a o gotowo\u015bci podzielenia si\u0119 do\u015bwiadczeniami ameryka\u0144skimi w tym zakresie.<\/p>\n<p>Premier Morawiecki i wiceprezydent Harris zgodzili si\u0119, \u017ce ostatnie miesi\u0105ce to czas dalszego wzmacniania polsko-ameryka\u0144skiego partnerstwa strategicznego. Dowodem tego jest decyzja prezydenta Joe Bidena o ustanowieniu w Polsce sta\u0142ej obecno\u015bci wojskowej \u2013 informuje Kancelaria Premiera.<\/p>\n<p>Bia\u0142y Dom wyda\u0142 w niedziel\u0119 o\u015bwiadczenie po rozmowie telefonicznej wiceprezydent Harris z premierem Morawieckim. Wiceprezydent doceni\u0142a w nim hojn\u0105 pomoc Polski ukrai\u0144skim uchod\u017acom i podkre\u015bli\u0142a mocne wi\u0119zi Ameryki z Polsk\u0105.<\/p>\n<p>&#8211; Wiceprezydent om\u00f3wi\u0142a r\u00f3wnie\u017c mo\u017cliwo\u015bci wzmocnienia dwustronnej wsp\u00f3\u0142pracy w zakresie produkcji energii j\u0105drowej w Polsce dla cel\u00f3w cywilnych, co zwi\u0119kszy\u0142oby bezpiecze\u0144stwo energetyczne Europy, wspar\u0142o globalne rozwi\u0105zania klimatyczne i stworzy\u0142o tysi\u0105ce miejsc pracy zwi\u0105zanych z czyst\u0105 energi\u0105 zar\u00f3wno w Polsce, jak i w Stanach Zjednoczonych &#8211; o\u015bwiadczy\u0142 Bia\u0142y Dom.<\/p>\n<p>Zgodnie z Programem Polskiej Energetyki J\u0105drowej Polska planuje budowa\u0107 nowoczesne, ale sprawdzone i du\u017ce reaktory typu PWR. W Polityce Energetycznej Polski do 2040 r. zak\u0142ada si\u0119, \u017ce w 2033 r. uruchomiony zostanie pierwszy blok polskiej elektrowni j\u0105drowej o mocy ok. 1-1,6 GW. Kolejne bloki b\u0119d\u0105 wdra\u017cane co dwa-trzy lata, a ca\u0142y program j\u0105drowy zak\u0142ada budow\u0119 sze\u015bciu blok\u00f3w o mocy do 9 GW.<\/p>\n<p>Arkadiusz S\u0142omczy\u0144ski<\/p>\n","protected":false},"excerpt":{"rendered":"<p>Na pro\u015bb\u0119 strony ameryka\u0144skiej, premier Mateusz Morawiecki rozmawia\u0142 telefonicznie z wiceprezydent Stan\u00f3w Zjednoczonych Kamal\u0105 Harris. G\u0142\u00f3wnym tematem rozmowy by\u0142y problemy w sektorze energetycznym na \u015bwiecie, co ma bezpo\u015bredni wp\u0142yw na&hellip;<\/p>\n","protected":false},"author":7,"featured_media":28121,"comment_status":"closed","ping_status":"open","sticky":false,"template":"","format":"standard","meta":{"_mi_skip_tracking":false,"footnotes":""},"categories":[47],"tags":[],"class_list":["post-28120","post","type-post","status-publish","format-standard","has-post-thumbnail","hentry","category-wydarzenia"],"yoast_head":"<!-- This site is optimized with the Yoast SEO plugin v19.4 - https:\/\/yoast.com\/wordpress\/plugins\/seo\/ -->\n<title>Rozmowa premiera Mateusza Morawieckiego z wiceprezydent USA Kamal\u0105 Harris - Godno\u015b\u0107 - DignityNews.eu<\/title>\n<meta name=\"robots\" content=\"index, follow, max-snippet:-1, max-image-preview:large, max-video-preview:-1\" \/>\n<link rel=\"canonical\" href=\"https:\/\/dignitynews.eu\/pl\/rozmowa-premiera-mateusza-morawieckiego-z-wiceprezydent-usa-kamala-harris\/\" \/>\n<meta property=\"og:locale\" content=\"pl_PL\" \/>\n<meta property=\"og:type\" content=\"article\" \/>\n<meta property=\"og:title\" content=\"Rozmowa premiera Mateusza Morawieckiego z wiceprezydent USA Kamal\u0105 Harris - Godno\u015b\u0107 - DignityNews.eu\" \/>\n<meta property=\"og:description\" content=\"Na pro\u015bb\u0119 strony ameryka\u0144skiej, premier Mateusz Morawiecki rozmawia\u0142 telefonicznie z wiceprezydent Stan\u00f3w Zjednoczonych Kamal\u0105 Harris. G\u0142\u00f3wnym tematem rozmowy by\u0142y problemy w sektorze energetycznym na \u015bwiecie, co ma bezpo\u015bredni wp\u0142yw na&hellip;\" \/>\n<meta property=\"og:url\" content=\"https:\/\/dignitynews.eu\/pl\/rozmowa-premiera-mateusza-morawieckiego-z-wiceprezydent-usa-kamala-harris\/\" \/>\n<meta property=\"og:site_name\" content=\"Godno\u015b\u0107 - DignityNews.eu\" \/>\n<meta property=\"article:published_time\" content=\"2022-09-05T10:24:48+00:00\" \/>\n<meta property=\"og:image\" content=\"https:\/\/dignitynews.eu\/wp-content\/uploads\/2022\/09\/premier-rozmowa-z-wceprezydent-USA-fot.-Kancelaria-Prezesa-Rady-Ministrow.jpg\" \/>\n\t<meta property=\"og:image:width\" content=\"1408\" \/>\n\t<meta property=\"og:image:height\" content=\"594\" \/>\n\t<meta property=\"og:image:type\" content=\"image\/jpeg\" \/>\n<meta name=\"author\" content=\"Dignity News\" \/>\n<meta name=\"twitter:card\" content=\"summary_large_image\" \/>\n<meta name=\"twitter:label1\" content=\"Napisane przez\" \/>\n\t<meta name=\"twitter:data1\" content=\"Dignity News\" \/>\n\t<meta name=\"twitter:label2\" content=\"Szacowany czas czytania\" \/>\n\t<meta name=\"twitter:data2\" content=\"2 minuty\" \/>\n<script type=\"application\/ld+json\" class=\"yoast-schema-graph\">{\"@context\":\"https:\/\/schema.org\",\"@graph\":[{\"@type\":\"WebSite\",\"@id\":\"https:\/\/dignitynews.eu\/pl\/#website\",\"url\":\"https:\/\/dignitynews.eu\/pl\/\",\"name\":\"Godno\u015b\u0107 - DignityNews.eu\",\"description\":\"\",\"potentialAction\":[{\"@type\":\"SearchAction\",\"target\":{\"@type\":\"EntryPoint\",\"urlTemplate\":\"https:\/\/dignitynews.eu\/pl\/?s={search_term_string}\"},\"query-input\":\"required name=search_term_string\"}],\"inLanguage\":\"pl-PL\"},{\"@type\":\"WebPage\",\"@id\":\"https:\/\/dignitynews.eu\/pl\/rozmowa-premiera-mateusza-morawieckiego-z-wiceprezydent-usa-kamala-harris\/\",\"url\":\"https:\/\/dignitynews.eu\/pl\/rozmowa-premiera-mateusza-morawieckiego-z-wiceprezydent-usa-kamala-harris\/\",\"name\":\"Rozmowa premiera Mateusza Morawieckiego z wiceprezydent USA Kamal\u0105 Harris - Godno\u015b\u0107 - DignityNews.eu\",\"isPartOf\":{\"@id\":\"https:\/\/dignitynews.eu\/pl\/#website\"},\"datePublished\":\"2022-09-05T10:24:48+00:00\",\"dateModified\":\"2022-09-05T10:24:48+00:00\",\"author\":{\"@id\":\"https:\/\/dignitynews.eu\/pl\/#\/schema\/person\/0b62b762b8174802fabc81a3ecb1bfcb\"},\"breadcrumb\":{\"@id\":\"https:\/\/dignitynews.eu\/pl\/rozmowa-premiera-mateusza-morawieckiego-z-wiceprezydent-usa-kamala-harris\/#breadcrumb\"},\"inLanguage\":\"pl-PL\",\"potentialAction\":[{\"@type\":\"ReadAction\",\"target\":[\"https:\/\/dignitynews.eu\/pl\/rozmowa-premiera-mateusza-morawieckiego-z-wiceprezydent-usa-kamala-harris\/\"]}]},{\"@type\":\"BreadcrumbList\",\"@id\":\"https:\/\/dignitynews.eu\/pl\/rozmowa-premiera-mateusza-morawieckiego-z-wiceprezydent-usa-kamala-harris\/#breadcrumb\",\"itemListElement\":[{\"@type\":\"ListItem\",\"position\":1,\"name\":\"Strona g\u0142\u00f3wna\",\"item\":\"https:\/\/dignitynews.eu\/pl\/\"},{\"@type\":\"ListItem\",\"position\":2,\"name\":\"Rozmowa premiera Mateusza Morawieckiego z wiceprezydent USA Kamal\u0105 Harris\"}]},{\"@type\":\"Person\",\"@id\":\"https:\/\/dignitynews.eu\/pl\/#\/schema\/person\/0b62b762b8174802fabc81a3ecb1bfcb\",\"name\":\"Dignity News\",\"image\":{\"@type\":\"ImageObject\",\"inLanguage\":\"pl-PL\",\"@id\":\"https:\/\/dignitynews.eu\/pl\/#\/schema\/person\/image\/\",\"url\":\"https:\/\/secure.gravatar.com\/avatar\/97963171a6d9108f8381bbefb1c6b150c445b6ddd9e3077b96c86cf5892c85dc?s=96&d=mm&r=g\",\"contentUrl\":\"https:\/\/secure.gravatar.com\/avatar\/97963171a6d9108f8381bbefb1c6b150c445b6ddd9e3077b96c86cf5892c85dc?s=96&d=mm&r=g\",\"caption\":\"Dignity News\"},\"url\":\"https:\/\/dignitynews.eu\/pl\/author\/mikolaj-palade\/\"}]}<\/script>\n<!-- \/ Yoast SEO plugin. -->","yoast_head_json":{"title":"Rozmowa premiera Mateusza Morawieckiego z wiceprezydent USA Kamal\u0105 Harris - Godno\u015b\u0107 - DignityNews.eu","robots":{"index":"index","follow":"follow","max-snippet":"max-snippet:-1","max-image-preview":"max-image-preview:large","max-video-preview":"max-video-preview:-1"},"canonical":"https:\/\/dignitynews.eu\/pl\/rozmowa-premiera-mateusza-morawieckiego-z-wiceprezydent-usa-kamala-harris\/","og_locale":"pl_PL","og_type":"article","og_title":"Rozmowa premiera Mateusza Morawieckiego z wiceprezydent USA Kamal\u0105 Harris - Godno\u015b\u0107 - DignityNews.eu","og_description":"Na pro\u015bb\u0119 strony ameryka\u0144skiej, premier Mateusz Morawiecki rozmawia\u0142 telefonicznie z wiceprezydent Stan\u00f3w Zjednoczonych Kamal\u0105 Harris. G\u0142\u00f3wnym tematem rozmowy by\u0142y problemy w sektorze energetycznym na \u015bwiecie, co ma bezpo\u015bredni wp\u0142yw na&hellip;","og_url":"https:\/\/dignitynews.eu\/pl\/rozmowa-premiera-mateusza-morawieckiego-z-wiceprezydent-usa-kamala-harris\/","og_site_name":"Godno\u015b\u0107 - DignityNews.eu","article_published_time":"2022-09-05T10:24:48+00:00","og_image":[{"width":1408,"height":594,"url":"https:\/\/dignitynews.eu\/wp-content\/uploads\/2022\/09\/premier-rozmowa-z-wceprezydent-USA-fot.-Kancelaria-Prezesa-Rady-Ministrow.jpg","type":"image\/jpeg"}],"author":"Dignity News","twitter_card":"summary_large_image","twitter_misc":{"Napisane przez":"Dignity News","Szacowany czas czytania":"2 minuty"},"schema":{"@context":"https:\/\/schema.org","@graph":[{"@type":"WebSite","@id":"https:\/\/dignitynews.eu\/pl\/#website","url":"https:\/\/dignitynews.eu\/pl\/","name":"Godno\u015b\u0107 - DignityNews.eu","description":"","potentialAction":[{"@type":"SearchAction","target":{"@type":"EntryPoint","urlTemplate":"https:\/\/dignitynews.eu\/pl\/?s={search_term_string}"},"query-input":"required name=search_term_string"}],"inLanguage":"pl-PL"},{"@type":"WebPage","@id":"https:\/\/dignitynews.eu\/pl\/rozmowa-premiera-mateusza-morawieckiego-z-wiceprezydent-usa-kamala-harris\/","url":"https:\/\/dignitynews.eu\/pl\/rozmowa-premiera-mateusza-morawieckiego-z-wiceprezydent-usa-kamala-harris\/","name":"Rozmowa premiera Mateusza Morawieckiego z wiceprezydent USA Kamal\u0105 Harris - Godno\u015b\u0107 - DignityNews.eu","isPartOf":{"@id":"https:\/\/dignitynews.eu\/pl\/#website"},"datePublished":"2022-09-05T10:24:48+00:00","dateModified":"2022-09-05T10:24:48+00:00","author":{"@id":"https:\/\/dignitynews.eu\/pl\/#\/schema\/person\/0b62b762b8174802fabc81a3ecb1bfcb"},"breadcrumb":{"@id":"https:\/\/dignitynews.eu\/pl\/rozmowa-premiera-mateusza-morawieckiego-z-wiceprezydent-usa-kamala-harris\/#breadcrumb"},"inLanguage":"pl-PL","potentialAction":[{"@type":"ReadAction","target":["https:\/\/dignitynews.eu\/pl\/rozmowa-premiera-mateusza-morawieckiego-z-wiceprezydent-usa-kamala-harris\/"]}]},{"@type":"BreadcrumbList","@id":"https:\/\/dignitynews.eu\/pl\/rozmowa-premiera-mateusza-morawieckiego-z-wiceprezydent-usa-kamala-harris\/#breadcrumb","itemListElement":[{"@type":"ListItem","position":1,"name":"Strona g\u0142\u00f3wna","item":"https:\/\/dignitynews.eu\/pl\/"},{"@type":"ListItem","position":2,"name":"Rozmowa premiera Mateusza Morawieckiego z wiceprezydent USA Kamal\u0105 Harris"}]},{"@type":"Person","@id":"https:\/\/dignitynews.eu\/pl\/#\/schema\/person\/0b62b762b8174802fabc81a3ecb1bfcb","name":"Dignity News","image":{"@type":"ImageObject","inLanguage":"pl-PL","@id":"https:\/\/dignitynews.eu\/pl\/#\/schema\/person\/image\/","url":"https:\/\/secure.gravatar.com\/avatar\/97963171a6d9108f8381bbefb1c6b150c445b6ddd9e3077b96c86cf5892c85dc?s=96&d=mm&r=g","contentUrl":"https:\/\/secure.gravatar.com\/avatar\/97963171a6d9108f8381bbefb1c6b150c445b6ddd9e3077b96c86cf5892c85dc?s=96&d=mm&r=g","caption":"Dignity News"},"url":"https:\/\/dignitynews.eu\/pl\/author\/mikolaj-palade\/"}]}},"_links":{"self":[{"href":"https:\/\/dignitynews.eu\/pl\/wp-json\/wp\/v2\/posts\/28120","targetHints":{"allow":["GET"]}}],"collection":[{"href":"https:\/\/dignitynews.eu\/pl\/wp-json\/wp\/v2\/posts"}],"about":[{"href":"https:\/\/dignitynews.eu\/pl\/wp-json\/wp\/v2\/types\/post"}],"author":[{"embeddable":true,"href":"https:\/\/dignitynews.eu\/pl\/wp-json\/wp\/v2\/users\/7"}],"replies":[{"embeddable":true,"href":"https:\/\/dignitynews.eu\/pl\/wp-json\/wp\/v2\/comments?post=28120"}],"version-history":[{"count":1,"href":"https:\/\/dignitynews.eu\/pl\/wp-json\/wp\/v2\/posts\/28120\/revisions"}],"predecessor-version":[{"id":28126,"href":"https:\/\/dignitynews.eu\/pl\/wp-json\/wp\/v2\/posts\/28120\/revisions\/28126"}],"wp:featuredmedia":[{"embeddable":true,"href":"https:\/\/dignitynews.eu\/pl\/wp-json\/wp\/v2\/media\/28121"}],"wp:attachment":[{"href":"https:\/\/dignitynews.eu\/pl\/wp-json\/wp\/v2\/media?parent=28120"}],"wp:term":[{"taxonomy":"category","embeddable":true,"href":"https:\/\/dignitynews.eu\/pl\/wp-json\/wp\/v2\/categories?post=28120"},{"taxonomy":"post_tag","embeddable":true,"href":"https:\/\/dignitynews.eu\/pl\/wp-json\/wp\/v2\/tags?post=28120"}],"curies":[{"name":"wp","href":"https:\/\/api.w.org\/{rel}","templated":true}]}}