{"id":25699,"date":"2022-08-04T11:12:38","date_gmt":"2022-08-04T09:12:38","guid":{"rendered":"https:\/\/dignitynews.eu\/?p=25699"},"modified":"2022-08-04T11:12:38","modified_gmt":"2022-08-04T09:12:38","slug":"ministerstwo-spraw-zagranicznych-reaguje-na-zatrzymanie-dziennikarki-tvp","status":"publish","type":"post","link":"https:\/\/dignitynews.eu\/pl\/ministerstwo-spraw-zagranicznych-reaguje-na-zatrzymanie-dziennikarki-tvp\/","title":{"rendered":"Ministerstwo Spraw Zagranicznych reaguje na zatrzymanie dziennikarki TVP"},"content":{"rendered":"<h5>Polskie Ministerstwo Spraw Zagranicznych (MSZ) przekaza\u0142o charge d\u2019affaires Bia\u0142orusi stanowczy protest oraz \u017c\u0105danie natychmiastowego uwolnienia dziennikarki TVP Iryny S\u0142aunikawej i innych os\u00f3b bezprawnie pozbawionych wolno\u015bci na Bia\u0142orusi.<\/h5>\n<p>Dziennikarka TVP zosta\u0142a w \u015brod\u0119 skazana przez bia\u0142oruski s\u0105d na pi\u0119\u0107 lat kolonii karnej. Iryna S\u0142aunikawa wykonywa\u0142a obowi\u0105zki dziennikarskie w centrum wydarze\u0144 podczas protest\u00f3w spo\u0142ecznych na Bia\u0142orusi w 2020 roku. Zosta\u0142a aresztowana razem z m\u0119\u017cem Alaksandrem \u0141ojk\u0105 w pa\u017adzierniku zesz\u0142ego roku na lotnisku w Mi\u0144sku, gdy wracali do domu z wakacji. S\u0105d w Homlu skaza\u0142 j\u0105 za rzekom\u0105 organizacj\u0119 protest\u00f3w i kierowanie ugrupowaniem ekstremistycznym.<\/p>\n<p>Wiceszef MSZ Marcin Przydacz w \u015brod\u0119 wieczorem wyrazi\u0142 oburzenie w zwi\u0105zku z nieakceptowalnym, \u0142ami\u0105cym prawa cz\u0142owieka i wolno\u015b\u0107 prasy skazaniem dziennikarki od wielu lat zwi\u0105zanej z TVP.<\/p>\n<p>&#8211; Do MSZ zosta\u0142 wezwany charge d\u2019affaires Bia\u0142orusi; jutro w godzinach porannych zostanie mu przekazany stanowczy protest polskiej strony oraz \u017c\u0105danie natychmiastowego uwolnienia nie tylko skazanej dziennikarki, ale te\u017c innych os\u00f3b, w tym dziennikarzy bezprawnie pozbawionych wolno\u015bci, z Andrzejem Poczobutem na czele &#8211; powiedzia\u0142 Marcin Przydacz.<\/p>\n<p>Zapowiedzia\u0142 te\u017c podj\u0119cie innych dzia\u0142a\u0144 dyplomatycznych na forum mi\u0119dzynarodowym, poprzez Uni\u0119 Europejsk\u0105 oraz kana\u0142y bilateralne. O tych dzia\u0142aniach resort spraw zagranicznych b\u0119dzie informowa\u0142 p\u00f3\u017aniej, po ich zako\u0144czeniu.<\/p>\n<p>Marcin Przydacz zaznaczy\u0142, \u017ce trudno oceni\u0107, kiedy polskie i mi\u0119dzynarodowe wysi\u0142ki mog\u0105 przynie\u015b\u0107 efekt, jako \u017ce Bia\u0142oru\u015b jest pa\u0144stwem prowadz\u0105cym bardzo opresyjn\u0105 polityk\u0119 wobec obywateli i nie zmienia jej mimo r\u00f3\u017cnych dzia\u0142a\u0144 mi\u0119dzynarodowych oraz wprowadzania kolejnych pakiet\u00f3w sankcji. W zwi\u0105zku z tym, jak podkre\u015bli\u0142, stosowane przez UE instrumenty, w tym sankcje, musz\u0105 i\u015b\u0107 du\u017co dalej.<\/p>\n<p>Arkadiusz S\u0142omczy\u0144ski<\/p>\n","protected":false},"excerpt":{"rendered":"<p>Polskie Ministerstwo Spraw Zagranicznych (MSZ) przekaza\u0142o charge d\u2019affaires Bia\u0142orusi stanowczy protest oraz \u017c\u0105danie natychmiastowego uwolnienia dziennikarki TVP Iryny S\u0142aunikawej i innych os\u00f3b bezprawnie pozbawionych wolno\u015bci na Bia\u0142orusi. Dziennikarka TVP zosta\u0142a&hellip;<\/p>\n","protected":false},"author":7,"featured_media":25700,"comment_status":"closed","ping_status":"open","sticky":false,"template":"","format":"standard","meta":{"_mi_skip_tracking":false,"footnotes":""},"categories":[47],"tags":[],"class_list":["post-25699","post","type-post","status-publish","format-standard","has-post-thumbnail","hentry","category-wydarzenia"],"yoast_head":"<!-- This site is optimized with the Yoast SEO plugin v19.4 - https:\/\/yoast.com\/wordpress\/plugins\/seo\/ -->\n<title>Ministerstwo Spraw Zagranicznych reaguje na zatrzymanie dziennikarki TVP - Godno\u015b\u0107 - DignityNews.eu<\/title>\n<meta name=\"robots\" content=\"index, follow, max-snippet:-1, max-image-preview:large, max-video-preview:-1\" \/>\n<link rel=\"canonical\" href=\"https:\/\/dignitynews.eu\/pl\/ministerstwo-spraw-zagranicznych-reaguje-na-zatrzymanie-dziennikarki-tvp\/\" \/>\n<meta property=\"og:locale\" content=\"pl_PL\" \/>\n<meta property=\"og:type\" content=\"article\" \/>\n<meta property=\"og:title\" content=\"Ministerstwo Spraw Zagranicznych reaguje na zatrzymanie dziennikarki TVP - Godno\u015b\u0107 - DignityNews.eu\" \/>\n<meta property=\"og:description\" content=\"Polskie Ministerstwo Spraw Zagranicznych (MSZ) przekaza\u0142o charge d\u2019affaires Bia\u0142orusi stanowczy protest oraz \u017c\u0105danie natychmiastowego uwolnienia dziennikarki TVP Iryny S\u0142aunikawej i innych os\u00f3b bezprawnie pozbawionych wolno\u015bci na Bia\u0142orusi. Dziennikarka TVP zosta\u0142a&hellip;\" \/>\n<meta property=\"og:url\" content=\"https:\/\/dignitynews.eu\/pl\/ministerstwo-spraw-zagranicznych-reaguje-na-zatrzymanie-dziennikarki-tvp\/\" \/>\n<meta property=\"og:site_name\" content=\"Godno\u015b\u0107 - DignityNews.eu\" \/>\n<meta property=\"article:published_time\" content=\"2022-08-04T09:12:38+00:00\" \/>\n<meta property=\"og:image\" content=\"https:\/\/dignitynews.eu\/wp-content\/uploads\/2022\/08\/MSZ-reakcja-na-zatrzymanie-dziennikarki-fot.-ARKADIUSZ-ZIOLEK-East-News.jpg\" \/>\n\t<meta property=\"og:image:width\" content=\"1500\" \/>\n\t<meta property=\"og:image:height\" content=\"1000\" \/>\n\t<meta property=\"og:image:type\" content=\"image\/jpeg\" \/>\n<meta name=\"author\" content=\"Dignity News\" \/>\n<meta name=\"twitter:card\" content=\"summary_large_image\" \/>\n<meta name=\"twitter:label1\" content=\"Napisane przez\" \/>\n\t<meta name=\"twitter:data1\" content=\"Dignity News\" \/>\n\t<meta name=\"twitter:label2\" content=\"Szacowany czas czytania\" \/>\n\t<meta name=\"twitter:data2\" content=\"2 minuty\" \/>\n<script type=\"application\/ld+json\" class=\"yoast-schema-graph\">{\"@context\":\"https:\/\/schema.org\",\"@graph\":[{\"@type\":\"WebSite\",\"@id\":\"https:\/\/dignitynews.eu\/pl\/#website\",\"url\":\"https:\/\/dignitynews.eu\/pl\/\",\"name\":\"Godno\u015b\u0107 - DignityNews.eu\",\"description\":\"\",\"potentialAction\":[{\"@type\":\"SearchAction\",\"target\":{\"@type\":\"EntryPoint\",\"urlTemplate\":\"https:\/\/dignitynews.eu\/pl\/?s={search_term_string}\"},\"query-input\":\"required name=search_term_string\"}],\"inLanguage\":\"pl-PL\"},{\"@type\":\"WebPage\",\"@id\":\"https:\/\/dignitynews.eu\/pl\/ministerstwo-spraw-zagranicznych-reaguje-na-zatrzymanie-dziennikarki-tvp\/\",\"url\":\"https:\/\/dignitynews.eu\/pl\/ministerstwo-spraw-zagranicznych-reaguje-na-zatrzymanie-dziennikarki-tvp\/\",\"name\":\"Ministerstwo Spraw Zagranicznych reaguje na zatrzymanie dziennikarki TVP - Godno\u015b\u0107 - DignityNews.eu\",\"isPartOf\":{\"@id\":\"https:\/\/dignitynews.eu\/pl\/#website\"},\"datePublished\":\"2022-08-04T09:12:38+00:00\",\"dateModified\":\"2022-08-04T09:12:38+00:00\",\"author\":{\"@id\":\"https:\/\/dignitynews.eu\/pl\/#\/schema\/person\/0b62b762b8174802fabc81a3ecb1bfcb\"},\"breadcrumb\":{\"@id\":\"https:\/\/dignitynews.eu\/pl\/ministerstwo-spraw-zagranicznych-reaguje-na-zatrzymanie-dziennikarki-tvp\/#breadcrumb\"},\"inLanguage\":\"pl-PL\",\"potentialAction\":[{\"@type\":\"ReadAction\",\"target\":[\"https:\/\/dignitynews.eu\/pl\/ministerstwo-spraw-zagranicznych-reaguje-na-zatrzymanie-dziennikarki-tvp\/\"]}]},{\"@type\":\"BreadcrumbList\",\"@id\":\"https:\/\/dignitynews.eu\/pl\/ministerstwo-spraw-zagranicznych-reaguje-na-zatrzymanie-dziennikarki-tvp\/#breadcrumb\",\"itemListElement\":[{\"@type\":\"ListItem\",\"position\":1,\"name\":\"Strona g\u0142\u00f3wna\",\"item\":\"https:\/\/dignitynews.eu\/pl\/\"},{\"@type\":\"ListItem\",\"position\":2,\"name\":\"Ministerstwo Spraw Zagranicznych reaguje na zatrzymanie dziennikarki TVP\"}]},{\"@type\":\"Person\",\"@id\":\"https:\/\/dignitynews.eu\/pl\/#\/schema\/person\/0b62b762b8174802fabc81a3ecb1bfcb\",\"name\":\"Dignity News\",\"image\":{\"@type\":\"ImageObject\",\"inLanguage\":\"pl-PL\",\"@id\":\"https:\/\/dignitynews.eu\/pl\/#\/schema\/person\/image\/\",\"url\":\"https:\/\/secure.gravatar.com\/avatar\/97963171a6d9108f8381bbefb1c6b150c445b6ddd9e3077b96c86cf5892c85dc?s=96&d=mm&r=g\",\"contentUrl\":\"https:\/\/secure.gravatar.com\/avatar\/97963171a6d9108f8381bbefb1c6b150c445b6ddd9e3077b96c86cf5892c85dc?s=96&d=mm&r=g\",\"caption\":\"Dignity News\"},\"url\":\"https:\/\/dignitynews.eu\/pl\/author\/mikolaj-palade\/\"}]}<\/script>\n<!-- \/ Yoast SEO plugin. -->","yoast_head_json":{"title":"Ministerstwo Spraw Zagranicznych reaguje na zatrzymanie dziennikarki TVP - Godno\u015b\u0107 - DignityNews.eu","robots":{"index":"index","follow":"follow","max-snippet":"max-snippet:-1","max-image-preview":"max-image-preview:large","max-video-preview":"max-video-preview:-1"},"canonical":"https:\/\/dignitynews.eu\/pl\/ministerstwo-spraw-zagranicznych-reaguje-na-zatrzymanie-dziennikarki-tvp\/","og_locale":"pl_PL","og_type":"article","og_title":"Ministerstwo Spraw Zagranicznych reaguje na zatrzymanie dziennikarki TVP - Godno\u015b\u0107 - DignityNews.eu","og_description":"Polskie Ministerstwo Spraw Zagranicznych (MSZ) przekaza\u0142o charge d\u2019affaires Bia\u0142orusi stanowczy protest oraz \u017c\u0105danie natychmiastowego uwolnienia dziennikarki TVP Iryny S\u0142aunikawej i innych os\u00f3b bezprawnie pozbawionych wolno\u015bci na Bia\u0142orusi. Dziennikarka TVP zosta\u0142a&hellip;","og_url":"https:\/\/dignitynews.eu\/pl\/ministerstwo-spraw-zagranicznych-reaguje-na-zatrzymanie-dziennikarki-tvp\/","og_site_name":"Godno\u015b\u0107 - DignityNews.eu","article_published_time":"2022-08-04T09:12:38+00:00","og_image":[{"width":1500,"height":1000,"url":"https:\/\/dignitynews.eu\/wp-content\/uploads\/2022\/08\/MSZ-reakcja-na-zatrzymanie-dziennikarki-fot.-ARKADIUSZ-ZIOLEK-East-News.jpg","type":"image\/jpeg"}],"author":"Dignity News","twitter_card":"summary_large_image","twitter_misc":{"Napisane przez":"Dignity News","Szacowany czas czytania":"2 minuty"},"schema":{"@context":"https:\/\/schema.org","@graph":[{"@type":"WebSite","@id":"https:\/\/dignitynews.eu\/pl\/#website","url":"https:\/\/dignitynews.eu\/pl\/","name":"Godno\u015b\u0107 - DignityNews.eu","description":"","potentialAction":[{"@type":"SearchAction","target":{"@type":"EntryPoint","urlTemplate":"https:\/\/dignitynews.eu\/pl\/?s={search_term_string}"},"query-input":"required name=search_term_string"}],"inLanguage":"pl-PL"},{"@type":"WebPage","@id":"https:\/\/dignitynews.eu\/pl\/ministerstwo-spraw-zagranicznych-reaguje-na-zatrzymanie-dziennikarki-tvp\/","url":"https:\/\/dignitynews.eu\/pl\/ministerstwo-spraw-zagranicznych-reaguje-na-zatrzymanie-dziennikarki-tvp\/","name":"Ministerstwo Spraw Zagranicznych reaguje na zatrzymanie dziennikarki TVP - Godno\u015b\u0107 - DignityNews.eu","isPartOf":{"@id":"https:\/\/dignitynews.eu\/pl\/#website"},"datePublished":"2022-08-04T09:12:38+00:00","dateModified":"2022-08-04T09:12:38+00:00","author":{"@id":"https:\/\/dignitynews.eu\/pl\/#\/schema\/person\/0b62b762b8174802fabc81a3ecb1bfcb"},"breadcrumb":{"@id":"https:\/\/dignitynews.eu\/pl\/ministerstwo-spraw-zagranicznych-reaguje-na-zatrzymanie-dziennikarki-tvp\/#breadcrumb"},"inLanguage":"pl-PL","potentialAction":[{"@type":"ReadAction","target":["https:\/\/dignitynews.eu\/pl\/ministerstwo-spraw-zagranicznych-reaguje-na-zatrzymanie-dziennikarki-tvp\/"]}]},{"@type":"BreadcrumbList","@id":"https:\/\/dignitynews.eu\/pl\/ministerstwo-spraw-zagranicznych-reaguje-na-zatrzymanie-dziennikarki-tvp\/#breadcrumb","itemListElement":[{"@type":"ListItem","position":1,"name":"Strona g\u0142\u00f3wna","item":"https:\/\/dignitynews.eu\/pl\/"},{"@type":"ListItem","position":2,"name":"Ministerstwo Spraw Zagranicznych reaguje na zatrzymanie dziennikarki TVP"}]},{"@type":"Person","@id":"https:\/\/dignitynews.eu\/pl\/#\/schema\/person\/0b62b762b8174802fabc81a3ecb1bfcb","name":"Dignity News","image":{"@type":"ImageObject","inLanguage":"pl-PL","@id":"https:\/\/dignitynews.eu\/pl\/#\/schema\/person\/image\/","url":"https:\/\/secure.gravatar.com\/avatar\/97963171a6d9108f8381bbefb1c6b150c445b6ddd9e3077b96c86cf5892c85dc?s=96&d=mm&r=g","contentUrl":"https:\/\/secure.gravatar.com\/avatar\/97963171a6d9108f8381bbefb1c6b150c445b6ddd9e3077b96c86cf5892c85dc?s=96&d=mm&r=g","caption":"Dignity News"},"url":"https:\/\/dignitynews.eu\/pl\/author\/mikolaj-palade\/"}]}},"_links":{"self":[{"href":"https:\/\/dignitynews.eu\/pl\/wp-json\/wp\/v2\/posts\/25699","targetHints":{"allow":["GET"]}}],"collection":[{"href":"https:\/\/dignitynews.eu\/pl\/wp-json\/wp\/v2\/posts"}],"about":[{"href":"https:\/\/dignitynews.eu\/pl\/wp-json\/wp\/v2\/types\/post"}],"author":[{"embeddable":true,"href":"https:\/\/dignitynews.eu\/pl\/wp-json\/wp\/v2\/users\/7"}],"replies":[{"embeddable":true,"href":"https:\/\/dignitynews.eu\/pl\/wp-json\/wp\/v2\/comments?post=25699"}],"version-history":[{"count":1,"href":"https:\/\/dignitynews.eu\/pl\/wp-json\/wp\/v2\/posts\/25699\/revisions"}],"predecessor-version":[{"id":25705,"href":"https:\/\/dignitynews.eu\/pl\/wp-json\/wp\/v2\/posts\/25699\/revisions\/25705"}],"wp:featuredmedia":[{"embeddable":true,"href":"https:\/\/dignitynews.eu\/pl\/wp-json\/wp\/v2\/media\/25700"}],"wp:attachment":[{"href":"https:\/\/dignitynews.eu\/pl\/wp-json\/wp\/v2\/media?parent=25699"}],"wp:term":[{"taxonomy":"category","embeddable":true,"href":"https:\/\/dignitynews.eu\/pl\/wp-json\/wp\/v2\/categories?post=25699"},{"taxonomy":"post_tag","embeddable":true,"href":"https:\/\/dignitynews.eu\/pl\/wp-json\/wp\/v2\/tags?post=25699"}],"curies":[{"name":"wp","href":"https:\/\/api.w.org\/{rel}","templated":true}]}}