{"id":25477,"date":"2022-08-02T10:51:40","date_gmt":"2022-08-02T08:51:40","guid":{"rendered":"https:\/\/dignitynews.eu\/?p=25477"},"modified":"2022-08-02T10:51:40","modified_gmt":"2022-08-02T08:51:40","slug":"wiceminister-infrastruktury-niemieckie-landy-blokuja-polskie-inwestycje","status":"publish","type":"post","link":"https:\/\/dignitynews.eu\/pl\/wiceminister-infrastruktury-niemieckie-landy-blokuja-polskie-inwestycje\/","title":{"rendered":"Wiceminister infrastruktury: Niemieckie landy blokuj\u0105 polskie inwestycje"},"content":{"rendered":"<h5><strong>Wiceminister infrastruktury Marek Gr\u00f3barczyk na antenie Polskiego Radia 24 (PR 24) zarzuci\u0142 niemieckim landom, \u017ce blokuj\u0105 istotne polskie inwestycje infrastrukturalne. Brandenburgia sprzeciwia si\u0119 odbudowie ostr\u00f3g reguluj\u0105cych Odr\u0119, powo\u0142uj\u0105c si\u0119 na ochron\u0119 \u015brodowiska, z kolei Meklemburgia blokuje budow\u0119 terminala kontenerowego w \u015awinouj\u015bciu. <\/strong><\/h5>\n<p>Go\u015b\u0107 audycji Rozmowa Poranka PR 24 ujawni\u0142, \u017ce niemiecka Brandenburgia blokuje polsk\u0105 inwestycj\u0119 maj\u0105c\u0105 na celu popraw\u0119 regulacji\u00a0rzeki Odry\u00a0w jej dolnym biegu. Chodzi o budow\u0119 tzw. ostr\u00f3g, kt\u00f3re s\u0142u\u017c\u0105 regulacji rzeki. Jak wyja\u015bni\u0142 wiceminister, tak w\u0142a\u015bciwie mowa o odbudowie wcze\u015bniej istniej\u0105cych ostr\u00f3g i nie ma mowy o powa\u017cnej interwencji i zupe\u0142nej zmianie \u015brodowiska Odry.<\/p>\n<p>To o tyle kuriozalne, \u017ce te inwestycje zosta\u0142y podpisane jeszcze przez Ew\u0119 Kopacz w ramach wsp\u00f3lnego porozumienia z Niemcami \u2013 przypomnia\u0142 wiceminister Gr\u00f3barczyk. Blokada tej inwestycji, to rzecz kompletnie nieracjonalna \u2013 doda\u0142 i wyja\u015bni\u0142, \u017ce strona niemiecka swoje dzia\u0142ania t\u0142umaczy trosk\u0105 o ekologi\u0119 tego obszaru.<\/p>\n<p>My nie widzimy w tym \u017cadnych dzia\u0142a\u0144 negatywnych ekologicznie, poniewa\u017c Odra ju\u017c od dawna tak wygl\u0105da\u0142a i wygl\u0105da. Zreszt\u0105 to jest chyba najbardziej ekologiczny spos\u00f3b realizacji mo\u017cliwo\u015bci utrzymania tej rzeki &#8211; doda\u0142 Marek Gr\u00f3barczyk.<\/p>\n<p>Najgorsze w tej ca\u0142ej sprawie jest to, \u017ce wstrzymanie inwestycji nakaza\u0142 polski s\u0105d. Od tego jednak b\u0119dzie si\u0119 Polska odwo\u0142ywa\u0107 i nie ma w\u0105tpliwo\u015bci, \u017ce inwestycja ta zostanie zrealizowana \u2013 zapewni\u0142 wiceszef resortu infrastruktury.<\/p>\n<p>Podczas audycji okaza\u0142o si\u0119, \u017ce nie jest to jedyny niemiecki land, kt\u00f3ry podejmuje pr\u00f3by blokowania polskich inwestycji.\u00a0 Meklemburgia wnosi uwagi i chce zablokowa\u0107 budow\u0119 terminala kontenerowego w\u00a0\u015awinouj\u015bciu. Jak zauwa\u017cy\u0142 wiceminister Gr\u00f3barczyk, terminal jest obecnie projektowany i jeste\u015bmy na ostatnim etapie podpisania umowy ju\u017c z wykonawc\u0105 i operatorem, czyli Portem Szczecin-\u015awinouj\u015bcie \u2013 doda\u0142.<\/p>\n<p>Adrian Andrzejewski<\/p>\n","protected":false},"excerpt":{"rendered":"<p>Wiceminister infrastruktury Marek Gr\u00f3barczyk na antenie Polskiego Radia 24 (PR 24) zarzuci\u0142 niemieckim landom, \u017ce blokuj\u0105 istotne polskie inwestycje infrastrukturalne. Brandenburgia sprzeciwia si\u0119 odbudowie ostr\u00f3g reguluj\u0105cych Odr\u0119, powo\u0142uj\u0105c si\u0119 na&hellip;<\/p>\n","protected":false},"author":7,"featured_media":25478,"comment_status":"closed","ping_status":"open","sticky":false,"template":"","format":"standard","meta":{"_mi_skip_tracking":false,"footnotes":""},"categories":[47],"tags":[],"class_list":["post-25477","post","type-post","status-publish","format-standard","has-post-thumbnail","hentry","category-wydarzenia"],"yoast_head":"<!-- This site is optimized with the Yoast SEO plugin v19.4 - https:\/\/yoast.com\/wordpress\/plugins\/seo\/ -->\n<title>Wiceminister infrastruktury: Niemieckie landy blokuj\u0105 polskie inwestycje - Godno\u015b\u0107 - DignityNews.eu<\/title>\n<meta name=\"robots\" content=\"index, follow, max-snippet:-1, max-image-preview:large, max-video-preview:-1\" \/>\n<link rel=\"canonical\" href=\"https:\/\/dignitynews.eu\/pl\/wiceminister-infrastruktury-niemieckie-landy-blokuja-polskie-inwestycje\/\" \/>\n<meta property=\"og:locale\" content=\"pl_PL\" \/>\n<meta property=\"og:type\" content=\"article\" \/>\n<meta property=\"og:title\" content=\"Wiceminister infrastruktury: Niemieckie landy blokuj\u0105 polskie inwestycje - Godno\u015b\u0107 - DignityNews.eu\" \/>\n<meta property=\"og:description\" content=\"Wiceminister infrastruktury Marek Gr\u00f3barczyk na antenie Polskiego Radia 24 (PR 24) zarzuci\u0142 niemieckim landom, \u017ce blokuj\u0105 istotne polskie inwestycje infrastrukturalne. Brandenburgia sprzeciwia si\u0119 odbudowie ostr\u00f3g reguluj\u0105cych Odr\u0119, powo\u0142uj\u0105c si\u0119 na&hellip;\" \/>\n<meta property=\"og:url\" content=\"https:\/\/dignitynews.eu\/pl\/wiceminister-infrastruktury-niemieckie-landy-blokuja-polskie-inwestycje\/\" \/>\n<meta property=\"og:site_name\" content=\"Godno\u015b\u0107 - DignityNews.eu\" \/>\n<meta property=\"article:published_time\" content=\"2022-08-02T08:51:40+00:00\" \/>\n<meta property=\"og:image\" content=\"https:\/\/dignitynews.eu\/wp-content\/uploads\/2022\/08\/Niemieckie-landy-blokuja-inwestycje-fot.-Sebastian-Nowik-REPORTER.jpg\" \/>\n\t<meta property=\"og:image:width\" content=\"1500\" \/>\n\t<meta property=\"og:image:height\" content=\"1000\" \/>\n\t<meta property=\"og:image:type\" content=\"image\/jpeg\" \/>\n<meta name=\"author\" content=\"Dignity News\" \/>\n<meta name=\"twitter:card\" content=\"summary_large_image\" \/>\n<meta name=\"twitter:label1\" content=\"Napisane przez\" \/>\n\t<meta name=\"twitter:data1\" content=\"Dignity News\" \/>\n\t<meta name=\"twitter:label2\" content=\"Szacowany czas czytania\" \/>\n\t<meta name=\"twitter:data2\" content=\"2 minuty\" \/>\n<script type=\"application\/ld+json\" class=\"yoast-schema-graph\">{\"@context\":\"https:\/\/schema.org\",\"@graph\":[{\"@type\":\"WebSite\",\"@id\":\"https:\/\/dignitynews.eu\/pl\/#website\",\"url\":\"https:\/\/dignitynews.eu\/pl\/\",\"name\":\"Godno\u015b\u0107 - DignityNews.eu\",\"description\":\"\",\"potentialAction\":[{\"@type\":\"SearchAction\",\"target\":{\"@type\":\"EntryPoint\",\"urlTemplate\":\"https:\/\/dignitynews.eu\/pl\/?s={search_term_string}\"},\"query-input\":\"required name=search_term_string\"}],\"inLanguage\":\"pl-PL\"},{\"@type\":\"WebPage\",\"@id\":\"https:\/\/dignitynews.eu\/pl\/wiceminister-infrastruktury-niemieckie-landy-blokuja-polskie-inwestycje\/\",\"url\":\"https:\/\/dignitynews.eu\/pl\/wiceminister-infrastruktury-niemieckie-landy-blokuja-polskie-inwestycje\/\",\"name\":\"Wiceminister infrastruktury: Niemieckie landy blokuj\u0105 polskie inwestycje - Godno\u015b\u0107 - DignityNews.eu\",\"isPartOf\":{\"@id\":\"https:\/\/dignitynews.eu\/pl\/#website\"},\"datePublished\":\"2022-08-02T08:51:40+00:00\",\"dateModified\":\"2022-08-02T08:51:40+00:00\",\"author\":{\"@id\":\"https:\/\/dignitynews.eu\/pl\/#\/schema\/person\/0b62b762b8174802fabc81a3ecb1bfcb\"},\"breadcrumb\":{\"@id\":\"https:\/\/dignitynews.eu\/pl\/wiceminister-infrastruktury-niemieckie-landy-blokuja-polskie-inwestycje\/#breadcrumb\"},\"inLanguage\":\"pl-PL\",\"potentialAction\":[{\"@type\":\"ReadAction\",\"target\":[\"https:\/\/dignitynews.eu\/pl\/wiceminister-infrastruktury-niemieckie-landy-blokuja-polskie-inwestycje\/\"]}]},{\"@type\":\"BreadcrumbList\",\"@id\":\"https:\/\/dignitynews.eu\/pl\/wiceminister-infrastruktury-niemieckie-landy-blokuja-polskie-inwestycje\/#breadcrumb\",\"itemListElement\":[{\"@type\":\"ListItem\",\"position\":1,\"name\":\"Strona g\u0142\u00f3wna\",\"item\":\"https:\/\/dignitynews.eu\/pl\/\"},{\"@type\":\"ListItem\",\"position\":2,\"name\":\"Wiceminister infrastruktury: Niemieckie landy blokuj\u0105 polskie inwestycje\"}]},{\"@type\":\"Person\",\"@id\":\"https:\/\/dignitynews.eu\/pl\/#\/schema\/person\/0b62b762b8174802fabc81a3ecb1bfcb\",\"name\":\"Dignity News\",\"image\":{\"@type\":\"ImageObject\",\"inLanguage\":\"pl-PL\",\"@id\":\"https:\/\/dignitynews.eu\/pl\/#\/schema\/person\/image\/\",\"url\":\"https:\/\/secure.gravatar.com\/avatar\/97963171a6d9108f8381bbefb1c6b150c445b6ddd9e3077b96c86cf5892c85dc?s=96&d=mm&r=g\",\"contentUrl\":\"https:\/\/secure.gravatar.com\/avatar\/97963171a6d9108f8381bbefb1c6b150c445b6ddd9e3077b96c86cf5892c85dc?s=96&d=mm&r=g\",\"caption\":\"Dignity News\"},\"url\":\"https:\/\/dignitynews.eu\/pl\/author\/mikolaj-palade\/\"}]}<\/script>\n<!-- \/ Yoast SEO plugin. -->","yoast_head_json":{"title":"Wiceminister infrastruktury: Niemieckie landy blokuj\u0105 polskie inwestycje - Godno\u015b\u0107 - DignityNews.eu","robots":{"index":"index","follow":"follow","max-snippet":"max-snippet:-1","max-image-preview":"max-image-preview:large","max-video-preview":"max-video-preview:-1"},"canonical":"https:\/\/dignitynews.eu\/pl\/wiceminister-infrastruktury-niemieckie-landy-blokuja-polskie-inwestycje\/","og_locale":"pl_PL","og_type":"article","og_title":"Wiceminister infrastruktury: Niemieckie landy blokuj\u0105 polskie inwestycje - Godno\u015b\u0107 - DignityNews.eu","og_description":"Wiceminister infrastruktury Marek Gr\u00f3barczyk na antenie Polskiego Radia 24 (PR 24) zarzuci\u0142 niemieckim landom, \u017ce blokuj\u0105 istotne polskie inwestycje infrastrukturalne. Brandenburgia sprzeciwia si\u0119 odbudowie ostr\u00f3g reguluj\u0105cych Odr\u0119, powo\u0142uj\u0105c si\u0119 na&hellip;","og_url":"https:\/\/dignitynews.eu\/pl\/wiceminister-infrastruktury-niemieckie-landy-blokuja-polskie-inwestycje\/","og_site_name":"Godno\u015b\u0107 - DignityNews.eu","article_published_time":"2022-08-02T08:51:40+00:00","og_image":[{"width":1500,"height":1000,"url":"https:\/\/dignitynews.eu\/wp-content\/uploads\/2022\/08\/Niemieckie-landy-blokuja-inwestycje-fot.-Sebastian-Nowik-REPORTER.jpg","type":"image\/jpeg"}],"author":"Dignity News","twitter_card":"summary_large_image","twitter_misc":{"Napisane przez":"Dignity News","Szacowany czas czytania":"2 minuty"},"schema":{"@context":"https:\/\/schema.org","@graph":[{"@type":"WebSite","@id":"https:\/\/dignitynews.eu\/pl\/#website","url":"https:\/\/dignitynews.eu\/pl\/","name":"Godno\u015b\u0107 - DignityNews.eu","description":"","potentialAction":[{"@type":"SearchAction","target":{"@type":"EntryPoint","urlTemplate":"https:\/\/dignitynews.eu\/pl\/?s={search_term_string}"},"query-input":"required name=search_term_string"}],"inLanguage":"pl-PL"},{"@type":"WebPage","@id":"https:\/\/dignitynews.eu\/pl\/wiceminister-infrastruktury-niemieckie-landy-blokuja-polskie-inwestycje\/","url":"https:\/\/dignitynews.eu\/pl\/wiceminister-infrastruktury-niemieckie-landy-blokuja-polskie-inwestycje\/","name":"Wiceminister infrastruktury: Niemieckie landy blokuj\u0105 polskie inwestycje - Godno\u015b\u0107 - DignityNews.eu","isPartOf":{"@id":"https:\/\/dignitynews.eu\/pl\/#website"},"datePublished":"2022-08-02T08:51:40+00:00","dateModified":"2022-08-02T08:51:40+00:00","author":{"@id":"https:\/\/dignitynews.eu\/pl\/#\/schema\/person\/0b62b762b8174802fabc81a3ecb1bfcb"},"breadcrumb":{"@id":"https:\/\/dignitynews.eu\/pl\/wiceminister-infrastruktury-niemieckie-landy-blokuja-polskie-inwestycje\/#breadcrumb"},"inLanguage":"pl-PL","potentialAction":[{"@type":"ReadAction","target":["https:\/\/dignitynews.eu\/pl\/wiceminister-infrastruktury-niemieckie-landy-blokuja-polskie-inwestycje\/"]}]},{"@type":"BreadcrumbList","@id":"https:\/\/dignitynews.eu\/pl\/wiceminister-infrastruktury-niemieckie-landy-blokuja-polskie-inwestycje\/#breadcrumb","itemListElement":[{"@type":"ListItem","position":1,"name":"Strona g\u0142\u00f3wna","item":"https:\/\/dignitynews.eu\/pl\/"},{"@type":"ListItem","position":2,"name":"Wiceminister infrastruktury: Niemieckie landy blokuj\u0105 polskie inwestycje"}]},{"@type":"Person","@id":"https:\/\/dignitynews.eu\/pl\/#\/schema\/person\/0b62b762b8174802fabc81a3ecb1bfcb","name":"Dignity News","image":{"@type":"ImageObject","inLanguage":"pl-PL","@id":"https:\/\/dignitynews.eu\/pl\/#\/schema\/person\/image\/","url":"https:\/\/secure.gravatar.com\/avatar\/97963171a6d9108f8381bbefb1c6b150c445b6ddd9e3077b96c86cf5892c85dc?s=96&d=mm&r=g","contentUrl":"https:\/\/secure.gravatar.com\/avatar\/97963171a6d9108f8381bbefb1c6b150c445b6ddd9e3077b96c86cf5892c85dc?s=96&d=mm&r=g","caption":"Dignity News"},"url":"https:\/\/dignitynews.eu\/pl\/author\/mikolaj-palade\/"}]}},"_links":{"self":[{"href":"https:\/\/dignitynews.eu\/pl\/wp-json\/wp\/v2\/posts\/25477","targetHints":{"allow":["GET"]}}],"collection":[{"href":"https:\/\/dignitynews.eu\/pl\/wp-json\/wp\/v2\/posts"}],"about":[{"href":"https:\/\/dignitynews.eu\/pl\/wp-json\/wp\/v2\/types\/post"}],"author":[{"embeddable":true,"href":"https:\/\/dignitynews.eu\/pl\/wp-json\/wp\/v2\/users\/7"}],"replies":[{"embeddable":true,"href":"https:\/\/dignitynews.eu\/pl\/wp-json\/wp\/v2\/comments?post=25477"}],"version-history":[{"count":1,"href":"https:\/\/dignitynews.eu\/pl\/wp-json\/wp\/v2\/posts\/25477\/revisions"}],"predecessor-version":[{"id":25483,"href":"https:\/\/dignitynews.eu\/pl\/wp-json\/wp\/v2\/posts\/25477\/revisions\/25483"}],"wp:featuredmedia":[{"embeddable":true,"href":"https:\/\/dignitynews.eu\/pl\/wp-json\/wp\/v2\/media\/25478"}],"wp:attachment":[{"href":"https:\/\/dignitynews.eu\/pl\/wp-json\/wp\/v2\/media?parent=25477"}],"wp:term":[{"taxonomy":"category","embeddable":true,"href":"https:\/\/dignitynews.eu\/pl\/wp-json\/wp\/v2\/categories?post=25477"},{"taxonomy":"post_tag","embeddable":true,"href":"https:\/\/dignitynews.eu\/pl\/wp-json\/wp\/v2\/tags?post=25477"}],"curies":[{"name":"wp","href":"https:\/\/api.w.org\/{rel}","templated":true}]}}