{"id":24838,"date":"2022-07-26T11:14:19","date_gmt":"2022-07-26T09:14:19","guid":{"rendered":"https:\/\/dignitynews.eu\/?p=24838"},"modified":"2022-07-26T11:14:19","modified_gmt":"2022-07-26T09:14:19","slug":"prezydenci-polski-i-litwy-o-sytuacji-w-regionie","status":"publish","type":"post","link":"https:\/\/dignitynews.eu\/pl\/prezydenci-polski-i-litwy-o-sytuacji-w-regionie\/","title":{"rendered":"Prezydenci Polski i Litwy o sytuacji w regionie"},"content":{"rendered":"<h5><strong>W Juracie na P\u00f3\u0142wyspie Helskim trwaj\u0105 dwudniowe konsultacje Prezydent\u00f3w Polski i Litwy Andrzeja Dudy i Gitanasa Naus\u0117dy. Rozmowy s\u0105 po\u015bwi\u0119cone sytuacji w regionie.<\/strong><\/h5>\n<p>Prezydenci omawiaj\u0105 sytuacj\u0119 na Ukrainie i Bia\u0142orusi, polityk\u0119 energetyczn\u0105, polsko-litewskie stosunki w dziedzinie bezpiecze\u0144stwa oraz obecny stan sankcji\u00a0Unii Europejskiej\u00a0przeciwko Rosji.<\/p>\n<p>Jest to format konsultacji, kt\u00f3ry mia\u0142 ju\u017c miejsce mi\u0119dzy innymi w styczniu tego roku w czasie spotkania Prezydenta Andrzeja Dudy z Prezydentem Ukrainy Wo\u0142odymyrem Ze\u0142enskim \u2013 powiedzia\u0142 szef Biura Polityki Mi\u0119dzynarodowej w Kancelarii Prezydenta RP Jakub Kumoch. Doda\u0142, \u017ce w podobnym formacie Prezydent przyjmowa\u0142 mi\u0119dzy innymi Sekretarza Generalnego ONZ Ant\u00f3nio Guterresa czy poprzedniego Prezydenta S\u0142owacji Andreja Kisk\u0119.<\/p>\n<p>Jak przypomina Kancelaria Prezydenta, w ci\u0105gu ostatnich 12 miesi\u0119cy Andrzej Duda i Gitanas Naus\u0117da spotykali si\u0119 kilkunastokrotnie, z czego dwukrotnie wsp\u00f3lnie udali si\u0119 do Kijowa. Pierwsza wizyta mia\u0142a miejsce dzie\u0144 przed atakiem rosyjskim na Ukrain\u0119 \u2013 23 lutego 2022 roku, drugi raz wizyt\u0119 w Kijowie Prezydenci Polski i Litwy z\u0142o\u017cyli wraz z Prezydentami Estonii i \u0141otwy 13 kwietnia 2022 roku.<\/p>\n<p>W opinii szefa Biura Polityki Mi\u0119dzynarodowej w Kancelarii Prezydenta RP Polska i Litwa osi\u0105gn\u0119\u0142y poziom relacji, przy kt\u00f3rym ich prezydenci widuj\u0105 si\u0119 wiele razy w roku i konsultuj\u0105 znaczn\u0105 cz\u0119\u015b\u0107 swoich dzia\u0142a\u0144. Andrzej Duda i Gitanas Nauseda odegrali jedne z g\u0142\u00f3wnych r\u00f3l w mobilizacji poparcia Zachodu dla Ukrainy\u00a0\u2013 doda\u0142 Jakub Kumoch.<\/p>\n<p>Intensyfikacji uleg\u0142a wsp\u00f3\u0142praca w ramach grupy B3 + Polska, w sk\u0142ad kt\u00f3rej obok naszego kraju wchodz\u0105 trzy pa\u0144stwa ba\u0142tyckie: Litwa, \u0141otwa i Estonia.<\/p>\n<p>W czasach prezydentury Andrzeja Dudy i Gitanasa Naus\u0117dy osi\u0105gni\u0119to te\u017c olbrzymi post\u0119p w dialogu polsko\u2013litewskim, czego symbolem jest nowa litewska ustawa w sprawie pisowni nazwisk \u2013 przypomnia\u0142 Jakub Kumoch.<\/p>\n<p>Adrian Andrzejewski<\/p>\n","protected":false},"excerpt":{"rendered":"<p>W Juracie na P\u00f3\u0142wyspie Helskim trwaj\u0105 dwudniowe konsultacje Prezydent\u00f3w Polski i Litwy Andrzeja Dudy i Gitanasa Naus\u0117dy. Rozmowy s\u0105 po\u015bwi\u0119cone sytuacji w regionie. Prezydenci omawiaj\u0105 sytuacj\u0119 na Ukrainie i Bia\u0142orusi,&hellip;<\/p>\n","protected":false},"author":7,"featured_media":24840,"comment_status":"closed","ping_status":"open","sticky":false,"template":"","format":"standard","meta":{"_mi_skip_tracking":false,"footnotes":""},"categories":[47],"tags":[],"class_list":["post-24838","post","type-post","status-publish","format-standard","has-post-thumbnail","hentry","category-wydarzenia"],"yoast_head":"<!-- This site is optimized with the Yoast SEO plugin v19.4 - https:\/\/yoast.com\/wordpress\/plugins\/seo\/ -->\n<title>Prezydenci Polski i Litwy o sytuacji w regionie - Godno\u015b\u0107 - DignityNews.eu<\/title>\n<meta name=\"robots\" content=\"index, follow, max-snippet:-1, max-image-preview:large, max-video-preview:-1\" \/>\n<link rel=\"canonical\" href=\"https:\/\/dignitynews.eu\/pl\/prezydenci-polski-i-litwy-o-sytuacji-w-regionie\/\" \/>\n<meta property=\"og:locale\" content=\"pl_PL\" \/>\n<meta property=\"og:type\" content=\"article\" \/>\n<meta property=\"og:title\" content=\"Prezydenci Polski i Litwy o sytuacji w regionie - Godno\u015b\u0107 - DignityNews.eu\" \/>\n<meta property=\"og:description\" content=\"W Juracie na P\u00f3\u0142wyspie Helskim trwaj\u0105 dwudniowe konsultacje Prezydent\u00f3w Polski i Litwy Andrzeja Dudy i Gitanasa Naus\u0117dy. Rozmowy s\u0105 po\u015bwi\u0119cone sytuacji w regionie. Prezydenci omawiaj\u0105 sytuacj\u0119 na Ukrainie i Bia\u0142orusi,&hellip;\" \/>\n<meta property=\"og:url\" content=\"https:\/\/dignitynews.eu\/pl\/prezydenci-polski-i-litwy-o-sytuacji-w-regionie\/\" \/>\n<meta property=\"og:site_name\" content=\"Godno\u015b\u0107 - DignityNews.eu\" \/>\n<meta property=\"article:published_time\" content=\"2022-07-26T09:14:19+00:00\" \/>\n<meta property=\"og:image\" content=\"https:\/\/dignitynews.eu\/wp-content\/uploads\/2022\/07\/Konsultacje-Polska-Litwa-fot.-Jakub-Szymczuk-KPRP.jpg\" \/>\n\t<meta property=\"og:image:width\" content=\"1600\" \/>\n\t<meta property=\"og:image:height\" content=\"1066\" \/>\n\t<meta property=\"og:image:type\" content=\"image\/jpeg\" \/>\n<meta name=\"author\" content=\"Dignity News\" \/>\n<meta name=\"twitter:card\" content=\"summary_large_image\" \/>\n<meta name=\"twitter:label1\" content=\"Napisane przez\" \/>\n\t<meta name=\"twitter:data1\" content=\"Dignity News\" \/>\n\t<meta name=\"twitter:label2\" content=\"Szacowany czas czytania\" \/>\n\t<meta name=\"twitter:data2\" content=\"1 minuta\" \/>\n<script type=\"application\/ld+json\" class=\"yoast-schema-graph\">{\"@context\":\"https:\/\/schema.org\",\"@graph\":[{\"@type\":\"WebSite\",\"@id\":\"https:\/\/dignitynews.eu\/pl\/#website\",\"url\":\"https:\/\/dignitynews.eu\/pl\/\",\"name\":\"Godno\u015b\u0107 - DignityNews.eu\",\"description\":\"\",\"potentialAction\":[{\"@type\":\"SearchAction\",\"target\":{\"@type\":\"EntryPoint\",\"urlTemplate\":\"https:\/\/dignitynews.eu\/pl\/?s={search_term_string}\"},\"query-input\":\"required name=search_term_string\"}],\"inLanguage\":\"pl-PL\"},{\"@type\":\"WebPage\",\"@id\":\"https:\/\/dignitynews.eu\/pl\/prezydenci-polski-i-litwy-o-sytuacji-w-regionie\/\",\"url\":\"https:\/\/dignitynews.eu\/pl\/prezydenci-polski-i-litwy-o-sytuacji-w-regionie\/\",\"name\":\"Prezydenci Polski i Litwy o sytuacji w regionie - Godno\u015b\u0107 - DignityNews.eu\",\"isPartOf\":{\"@id\":\"https:\/\/dignitynews.eu\/pl\/#website\"},\"datePublished\":\"2022-07-26T09:14:19+00:00\",\"dateModified\":\"2022-07-26T09:14:19+00:00\",\"author\":{\"@id\":\"https:\/\/dignitynews.eu\/pl\/#\/schema\/person\/0b62b762b8174802fabc81a3ecb1bfcb\"},\"breadcrumb\":{\"@id\":\"https:\/\/dignitynews.eu\/pl\/prezydenci-polski-i-litwy-o-sytuacji-w-regionie\/#breadcrumb\"},\"inLanguage\":\"pl-PL\",\"potentialAction\":[{\"@type\":\"ReadAction\",\"target\":[\"https:\/\/dignitynews.eu\/pl\/prezydenci-polski-i-litwy-o-sytuacji-w-regionie\/\"]}]},{\"@type\":\"BreadcrumbList\",\"@id\":\"https:\/\/dignitynews.eu\/pl\/prezydenci-polski-i-litwy-o-sytuacji-w-regionie\/#breadcrumb\",\"itemListElement\":[{\"@type\":\"ListItem\",\"position\":1,\"name\":\"Strona g\u0142\u00f3wna\",\"item\":\"https:\/\/dignitynews.eu\/pl\/\"},{\"@type\":\"ListItem\",\"position\":2,\"name\":\"Prezydenci Polski i Litwy o sytuacji w regionie\"}]},{\"@type\":\"Person\",\"@id\":\"https:\/\/dignitynews.eu\/pl\/#\/schema\/person\/0b62b762b8174802fabc81a3ecb1bfcb\",\"name\":\"Dignity News\",\"image\":{\"@type\":\"ImageObject\",\"inLanguage\":\"pl-PL\",\"@id\":\"https:\/\/dignitynews.eu\/pl\/#\/schema\/person\/image\/\",\"url\":\"https:\/\/secure.gravatar.com\/avatar\/97963171a6d9108f8381bbefb1c6b150c445b6ddd9e3077b96c86cf5892c85dc?s=96&d=mm&r=g\",\"contentUrl\":\"https:\/\/secure.gravatar.com\/avatar\/97963171a6d9108f8381bbefb1c6b150c445b6ddd9e3077b96c86cf5892c85dc?s=96&d=mm&r=g\",\"caption\":\"Dignity News\"},\"url\":\"https:\/\/dignitynews.eu\/pl\/author\/mikolaj-palade\/\"}]}<\/script>\n<!-- \/ Yoast SEO plugin. -->","yoast_head_json":{"title":"Prezydenci Polski i Litwy o sytuacji w regionie - Godno\u015b\u0107 - DignityNews.eu","robots":{"index":"index","follow":"follow","max-snippet":"max-snippet:-1","max-image-preview":"max-image-preview:large","max-video-preview":"max-video-preview:-1"},"canonical":"https:\/\/dignitynews.eu\/pl\/prezydenci-polski-i-litwy-o-sytuacji-w-regionie\/","og_locale":"pl_PL","og_type":"article","og_title":"Prezydenci Polski i Litwy o sytuacji w regionie - Godno\u015b\u0107 - DignityNews.eu","og_description":"W Juracie na P\u00f3\u0142wyspie Helskim trwaj\u0105 dwudniowe konsultacje Prezydent\u00f3w Polski i Litwy Andrzeja Dudy i Gitanasa Naus\u0117dy. Rozmowy s\u0105 po\u015bwi\u0119cone sytuacji w regionie. Prezydenci omawiaj\u0105 sytuacj\u0119 na Ukrainie i Bia\u0142orusi,&hellip;","og_url":"https:\/\/dignitynews.eu\/pl\/prezydenci-polski-i-litwy-o-sytuacji-w-regionie\/","og_site_name":"Godno\u015b\u0107 - DignityNews.eu","article_published_time":"2022-07-26T09:14:19+00:00","og_image":[{"width":1600,"height":1066,"url":"https:\/\/dignitynews.eu\/wp-content\/uploads\/2022\/07\/Konsultacje-Polska-Litwa-fot.-Jakub-Szymczuk-KPRP.jpg","type":"image\/jpeg"}],"author":"Dignity News","twitter_card":"summary_large_image","twitter_misc":{"Napisane przez":"Dignity News","Szacowany czas czytania":"1 minuta"},"schema":{"@context":"https:\/\/schema.org","@graph":[{"@type":"WebSite","@id":"https:\/\/dignitynews.eu\/pl\/#website","url":"https:\/\/dignitynews.eu\/pl\/","name":"Godno\u015b\u0107 - DignityNews.eu","description":"","potentialAction":[{"@type":"SearchAction","target":{"@type":"EntryPoint","urlTemplate":"https:\/\/dignitynews.eu\/pl\/?s={search_term_string}"},"query-input":"required name=search_term_string"}],"inLanguage":"pl-PL"},{"@type":"WebPage","@id":"https:\/\/dignitynews.eu\/pl\/prezydenci-polski-i-litwy-o-sytuacji-w-regionie\/","url":"https:\/\/dignitynews.eu\/pl\/prezydenci-polski-i-litwy-o-sytuacji-w-regionie\/","name":"Prezydenci Polski i Litwy o sytuacji w regionie - Godno\u015b\u0107 - DignityNews.eu","isPartOf":{"@id":"https:\/\/dignitynews.eu\/pl\/#website"},"datePublished":"2022-07-26T09:14:19+00:00","dateModified":"2022-07-26T09:14:19+00:00","author":{"@id":"https:\/\/dignitynews.eu\/pl\/#\/schema\/person\/0b62b762b8174802fabc81a3ecb1bfcb"},"breadcrumb":{"@id":"https:\/\/dignitynews.eu\/pl\/prezydenci-polski-i-litwy-o-sytuacji-w-regionie\/#breadcrumb"},"inLanguage":"pl-PL","potentialAction":[{"@type":"ReadAction","target":["https:\/\/dignitynews.eu\/pl\/prezydenci-polski-i-litwy-o-sytuacji-w-regionie\/"]}]},{"@type":"BreadcrumbList","@id":"https:\/\/dignitynews.eu\/pl\/prezydenci-polski-i-litwy-o-sytuacji-w-regionie\/#breadcrumb","itemListElement":[{"@type":"ListItem","position":1,"name":"Strona g\u0142\u00f3wna","item":"https:\/\/dignitynews.eu\/pl\/"},{"@type":"ListItem","position":2,"name":"Prezydenci Polski i Litwy o sytuacji w regionie"}]},{"@type":"Person","@id":"https:\/\/dignitynews.eu\/pl\/#\/schema\/person\/0b62b762b8174802fabc81a3ecb1bfcb","name":"Dignity News","image":{"@type":"ImageObject","inLanguage":"pl-PL","@id":"https:\/\/dignitynews.eu\/pl\/#\/schema\/person\/image\/","url":"https:\/\/secure.gravatar.com\/avatar\/97963171a6d9108f8381bbefb1c6b150c445b6ddd9e3077b96c86cf5892c85dc?s=96&d=mm&r=g","contentUrl":"https:\/\/secure.gravatar.com\/avatar\/97963171a6d9108f8381bbefb1c6b150c445b6ddd9e3077b96c86cf5892c85dc?s=96&d=mm&r=g","caption":"Dignity News"},"url":"https:\/\/dignitynews.eu\/pl\/author\/mikolaj-palade\/"}]}},"_links":{"self":[{"href":"https:\/\/dignitynews.eu\/pl\/wp-json\/wp\/v2\/posts\/24838","targetHints":{"allow":["GET"]}}],"collection":[{"href":"https:\/\/dignitynews.eu\/pl\/wp-json\/wp\/v2\/posts"}],"about":[{"href":"https:\/\/dignitynews.eu\/pl\/wp-json\/wp\/v2\/types\/post"}],"author":[{"embeddable":true,"href":"https:\/\/dignitynews.eu\/pl\/wp-json\/wp\/v2\/users\/7"}],"replies":[{"embeddable":true,"href":"https:\/\/dignitynews.eu\/pl\/wp-json\/wp\/v2\/comments?post=24838"}],"version-history":[{"count":1,"href":"https:\/\/dignitynews.eu\/pl\/wp-json\/wp\/v2\/posts\/24838\/revisions"}],"predecessor-version":[{"id":24839,"href":"https:\/\/dignitynews.eu\/pl\/wp-json\/wp\/v2\/posts\/24838\/revisions\/24839"}],"wp:featuredmedia":[{"embeddable":true,"href":"https:\/\/dignitynews.eu\/pl\/wp-json\/wp\/v2\/media\/24840"}],"wp:attachment":[{"href":"https:\/\/dignitynews.eu\/pl\/wp-json\/wp\/v2\/media?parent=24838"}],"wp:term":[{"taxonomy":"category","embeddable":true,"href":"https:\/\/dignitynews.eu\/pl\/wp-json\/wp\/v2\/categories?post=24838"},{"taxonomy":"post_tag","embeddable":true,"href":"https:\/\/dignitynews.eu\/pl\/wp-json\/wp\/v2\/tags?post=24838"}],"curies":[{"name":"wp","href":"https:\/\/api.w.org\/{rel}","templated":true}]}}