{"id":24622,"date":"2022-07-22T11:10:03","date_gmt":"2022-07-22T09:10:03","guid":{"rendered":"https:\/\/dignitynews.eu\/?p=24622"},"modified":"2022-07-22T11:10:03","modified_gmt":"2022-07-22T09:10:03","slug":"ostatni-niemiecki-mord-wiezniow-w-lublinie-22-lipca-1944-r","status":"publish","type":"post","link":"https:\/\/dignitynews.eu\/pl\/ostatni-niemiecki-mord-wiezniow-w-lublinie-22-lipca-1944-r\/","title":{"rendered":"Ostatni niemiecki mord wi\u0119\u017ani\u00f3w w Lublinie 22 lipca 1944 r."},"content":{"rendered":"<h5><strong>W okresie okupacji niemieckiej w Wi\u0119zieniu na Zamku w Lublinie od 1939 r. zmar\u0142o lub zosta\u0142o zamordowanych ponad 2200 os\u00f3b. Oko\u0142o 4500 kolejnych wi\u0119\u017ani\u00f3w zosta\u0142o straconych w egzekucjach w Lublinie i w okolicach. Ostatniego mordu Niemcy dokonali na kilka godzin przed opuszczeniem Lublina przed po\u0142udniem 22 lipca 1944 r.<\/strong><\/h5>\n<p>W okresie 1939-1944 Wi\u0119zienie na Zamku w Lublinie (budynek r\u00f3wnie\u017c pe\u0142ni\u0142 t\u0119 funkcj\u0119 w okresie carskiej Rosji i w II Rzeczypospolitej) pe\u0142ni\u0142o rol\u0119 g\u0142\u00f3wnego wi\u0119zienia w dystrykcie lubelskim Generalnego Gubernatorstwa. \u00a0Szybko sta\u0142o si\u0119\u00a0 miejscem ka\u017ani dziesi\u0105tk\u00f3w tysi\u0119cy ludzi i uznawane by\u0142o za jedno z najci\u0119\u017cszych wi\u0119zie\u0144 w okupowanej przez Niemc\u00f3w Polsce. W okresie 1939-1944 nazi\u015bci uwi\u0119zili tu ponad 40 ty\u015b. os\u00f3b. Warunki jakie panowa\u0142y w wi\u0119zieniu, przyczynia\u0142y si\u0119 r\u00f3wnie\u017c do du\u017cej \u015bmiertelno\u015bci w\u015br\u00f3d osadzonych. Cele by\u0142y znacznie przepe\u0142nione. Wi\u0119\u017aniowie poddani brutalnym \u015bledztwom, pozbawieni byli cz\u0119sto podstawowej opieki medycznej. W okresie mi\u0119dzywojennym pojemno\u015b\u0107 wi\u0119zienia wynosi\u0142a 700 osadzonych. Natomiast w czasie \u00a0okupacji Niemcy do tych samych pomieszcze\u0144 wt\u0142aczali cz\u0119sto blisko 2500 os\u00f3b. W latach 1939-1944 na terenie wi\u0119zienia zosta\u0142o zamordowanych lub te\u017c zmar\u0142o ponad 220 os\u00f3b. Kolejne 4500 zosta\u0142o straconych w egzekucjach na terenie Lublina i w okolicznych miejscowo\u015bciach. Ponad 18 tys. osadzonych zosta\u0142o wywiezionych do oboz\u00f3w koncentracyjnych, gdzie zgin\u0119\u0142o ponad 3500 os\u00f3b. W\u015br\u00f3d osadzonych w Wi\u0119zieniu na Zamku w Lublinie \u00a0byli \u017co\u0142nierze polskiego ruchu oporu, przedstawiciele przedwojennej inteligencji, ksi\u0119\u017ca czy \u017bydzi.<\/p>\n<p>W zwi\u0105zku ze zbli\u017caniem si\u0119 wojsk sowieckich do Lublina w lipcu 1944 r. Niemcy rozpocz\u0119li likwidacj\u0119 wi\u0119zienia. Przez trzy dni mi\u0119dzy 19 a 21 lipca 1944 r. nazi\u015bci wywie\u017ali ponad 1100 os\u00f3b, kt\u00f3re zosta\u0142y zamordowane w KL Majdanek \u2013 Lublin, lub te\u017c zagazowane po drodze w specjalnie przygotowanych samochodach. 22 lipca 1944 r. o 9 rano do wi\u0119zienia przyby\u0142a grupa gestapowc\u00f3w SS-Hauptsturmf\u00fchrerem Hermannem Worthoffem na czele. Niemcy udali si\u0119 na jeden z oddzia\u0142\u00f3w, gdzie zacz\u0119li strzela\u0107 do wi\u0119\u017ani\u00f3w przez kraty. Nast\u0119pnie wymordowali \u017byd\u00f3w (w tym kobiety i dzieci) pracuj\u0105cych w wi\u0119ziennym arsztacie krawieckim, a\u00a0 nast\u0119pnie przyprowadzali tam wi\u0119\u017ani\u00f3w z innych cel i tutaj ich mordowali. W ci\u0105gu trwaj\u0105cej 2 godziny masakrze zamordowano ponad 300 wi\u0119\u017ani\u00f3w. Oko\u0142o po\u0142udnia wszyscy Niemcy opu\u015bcili wi\u0119zienie. Do \u015brodka zacz\u0119li wkr\u00f3tce wchodzi\u0107 mieszka\u0144cy Lublina poszukuj\u0105cy swoich bliskich. Oko\u0142o 170 zamordowanych zosta\u0142o zabranych i pochowanych przez rodziny. Pozosta\u0142ych pogrzebano \u00a0w zbiorowej mogile u po\u0142udniowego podn\u00f3\u017ca Zamku. Stamt\u0105d ekshumowano ich na cmentarz przy ul. Lipowej w Lublinie pod koniec lutego 1954 r.<\/p>\n","protected":false},"excerpt":{"rendered":"<p>W okresie okupacji niemieckiej w Wi\u0119zieniu na Zamku w Lublinie od 1939 r. zmar\u0142o lub zosta\u0142o zamordowanych ponad 2200 os\u00f3b. Oko\u0142o 4500 kolejnych wi\u0119\u017ani\u00f3w zosta\u0142o straconych w egzekucjach w Lublinie&hellip;<\/p>\n","protected":false},"author":7,"featured_media":24623,"comment_status":"closed","ping_status":"open","sticky":false,"template":"","format":"standard","meta":{"_mi_skip_tracking":false,"footnotes":""},"categories":[46],"tags":[],"class_list":["post-24622","post","type-post","status-publish","format-standard","has-post-thumbnail","hentry","category-historia"],"yoast_head":"<!-- This site is optimized with the Yoast SEO plugin v19.4 - https:\/\/yoast.com\/wordpress\/plugins\/seo\/ -->\n<title>Ostatni niemiecki mord wi\u0119\u017ani\u00f3w w Lublinie 22 lipca 1944 r. - Godno\u015b\u0107 - DignityNews.eu<\/title>\n<meta name=\"robots\" content=\"index, follow, max-snippet:-1, max-image-preview:large, max-video-preview:-1\" \/>\n<link rel=\"canonical\" href=\"https:\/\/dignitynews.eu\/pl\/ostatni-niemiecki-mord-wiezniow-w-lublinie-22-lipca-1944-r\/\" \/>\n<meta property=\"og:locale\" content=\"pl_PL\" \/>\n<meta property=\"og:type\" content=\"article\" \/>\n<meta property=\"og:title\" content=\"Ostatni niemiecki mord wi\u0119\u017ani\u00f3w w Lublinie 22 lipca 1944 r. - Godno\u015b\u0107 - DignityNews.eu\" \/>\n<meta property=\"og:description\" content=\"W okresie okupacji niemieckiej w Wi\u0119zieniu na Zamku w Lublinie od 1939 r. zmar\u0142o lub zosta\u0142o zamordowanych ponad 2200 os\u00f3b. Oko\u0142o 4500 kolejnych wi\u0119\u017ani\u00f3w zosta\u0142o straconych w egzekucjach w Lublinie&hellip;\" \/>\n<meta property=\"og:url\" content=\"https:\/\/dignitynews.eu\/pl\/ostatni-niemiecki-mord-wiezniow-w-lublinie-22-lipca-1944-r\/\" \/>\n<meta property=\"og:site_name\" content=\"Godno\u015b\u0107 - DignityNews.eu\" \/>\n<meta property=\"article:published_time\" content=\"2022-07-22T09:10:03+00:00\" \/>\n<meta property=\"og:image\" content=\"https:\/\/dignitynews.eu\/wp-content\/uploads\/2022\/07\/Polish_and_Jewish_prisoners_murdered_at_Lublin_Castle_1944.jpg\" \/>\n\t<meta property=\"og:image:width\" content=\"1200\" \/>\n\t<meta property=\"og:image:height\" content=\"881\" \/>\n\t<meta property=\"og:image:type\" content=\"image\/jpeg\" \/>\n<meta name=\"author\" content=\"Dignity News\" \/>\n<meta name=\"twitter:card\" content=\"summary_large_image\" \/>\n<meta name=\"twitter:label1\" content=\"Napisane przez\" \/>\n\t<meta name=\"twitter:data1\" content=\"Dignity News\" \/>\n\t<meta name=\"twitter:label2\" content=\"Szacowany czas czytania\" \/>\n\t<meta name=\"twitter:data2\" content=\"2 minuty\" \/>\n<script type=\"application\/ld+json\" class=\"yoast-schema-graph\">{\"@context\":\"https:\/\/schema.org\",\"@graph\":[{\"@type\":\"WebSite\",\"@id\":\"https:\/\/dignitynews.eu\/pl\/#website\",\"url\":\"https:\/\/dignitynews.eu\/pl\/\",\"name\":\"Godno\u015b\u0107 - DignityNews.eu\",\"description\":\"\",\"potentialAction\":[{\"@type\":\"SearchAction\",\"target\":{\"@type\":\"EntryPoint\",\"urlTemplate\":\"https:\/\/dignitynews.eu\/pl\/?s={search_term_string}\"},\"query-input\":\"required name=search_term_string\"}],\"inLanguage\":\"pl-PL\"},{\"@type\":\"WebPage\",\"@id\":\"https:\/\/dignitynews.eu\/pl\/ostatni-niemiecki-mord-wiezniow-w-lublinie-22-lipca-1944-r\/\",\"url\":\"https:\/\/dignitynews.eu\/pl\/ostatni-niemiecki-mord-wiezniow-w-lublinie-22-lipca-1944-r\/\",\"name\":\"Ostatni niemiecki mord wi\u0119\u017ani\u00f3w w Lublinie 22 lipca 1944 r. - Godno\u015b\u0107 - DignityNews.eu\",\"isPartOf\":{\"@id\":\"https:\/\/dignitynews.eu\/pl\/#website\"},\"datePublished\":\"2022-07-22T09:10:03+00:00\",\"dateModified\":\"2022-07-22T09:10:03+00:00\",\"author\":{\"@id\":\"https:\/\/dignitynews.eu\/pl\/#\/schema\/person\/0b62b762b8174802fabc81a3ecb1bfcb\"},\"breadcrumb\":{\"@id\":\"https:\/\/dignitynews.eu\/pl\/ostatni-niemiecki-mord-wiezniow-w-lublinie-22-lipca-1944-r\/#breadcrumb\"},\"inLanguage\":\"pl-PL\",\"potentialAction\":[{\"@type\":\"ReadAction\",\"target\":[\"https:\/\/dignitynews.eu\/pl\/ostatni-niemiecki-mord-wiezniow-w-lublinie-22-lipca-1944-r\/\"]}]},{\"@type\":\"BreadcrumbList\",\"@id\":\"https:\/\/dignitynews.eu\/pl\/ostatni-niemiecki-mord-wiezniow-w-lublinie-22-lipca-1944-r\/#breadcrumb\",\"itemListElement\":[{\"@type\":\"ListItem\",\"position\":1,\"name\":\"Strona g\u0142\u00f3wna\",\"item\":\"https:\/\/dignitynews.eu\/pl\/\"},{\"@type\":\"ListItem\",\"position\":2,\"name\":\"Ostatni niemiecki mord wi\u0119\u017ani\u00f3w w Lublinie 22 lipca 1944 r.\"}]},{\"@type\":\"Person\",\"@id\":\"https:\/\/dignitynews.eu\/pl\/#\/schema\/person\/0b62b762b8174802fabc81a3ecb1bfcb\",\"name\":\"Dignity News\",\"image\":{\"@type\":\"ImageObject\",\"inLanguage\":\"pl-PL\",\"@id\":\"https:\/\/dignitynews.eu\/pl\/#\/schema\/person\/image\/\",\"url\":\"https:\/\/secure.gravatar.com\/avatar\/97963171a6d9108f8381bbefb1c6b150c445b6ddd9e3077b96c86cf5892c85dc?s=96&d=mm&r=g\",\"contentUrl\":\"https:\/\/secure.gravatar.com\/avatar\/97963171a6d9108f8381bbefb1c6b150c445b6ddd9e3077b96c86cf5892c85dc?s=96&d=mm&r=g\",\"caption\":\"Dignity News\"},\"url\":\"https:\/\/dignitynews.eu\/pl\/author\/mikolaj-palade\/\"}]}<\/script>\n<!-- \/ Yoast SEO plugin. -->","yoast_head_json":{"title":"Ostatni niemiecki mord wi\u0119\u017ani\u00f3w w Lublinie 22 lipca 1944 r. - Godno\u015b\u0107 - DignityNews.eu","robots":{"index":"index","follow":"follow","max-snippet":"max-snippet:-1","max-image-preview":"max-image-preview:large","max-video-preview":"max-video-preview:-1"},"canonical":"https:\/\/dignitynews.eu\/pl\/ostatni-niemiecki-mord-wiezniow-w-lublinie-22-lipca-1944-r\/","og_locale":"pl_PL","og_type":"article","og_title":"Ostatni niemiecki mord wi\u0119\u017ani\u00f3w w Lublinie 22 lipca 1944 r. - Godno\u015b\u0107 - DignityNews.eu","og_description":"W okresie okupacji niemieckiej w Wi\u0119zieniu na Zamku w Lublinie od 1939 r. zmar\u0142o lub zosta\u0142o zamordowanych ponad 2200 os\u00f3b. Oko\u0142o 4500 kolejnych wi\u0119\u017ani\u00f3w zosta\u0142o straconych w egzekucjach w Lublinie&hellip;","og_url":"https:\/\/dignitynews.eu\/pl\/ostatni-niemiecki-mord-wiezniow-w-lublinie-22-lipca-1944-r\/","og_site_name":"Godno\u015b\u0107 - DignityNews.eu","article_published_time":"2022-07-22T09:10:03+00:00","og_image":[{"width":1200,"height":881,"url":"https:\/\/dignitynews.eu\/wp-content\/uploads\/2022\/07\/Polish_and_Jewish_prisoners_murdered_at_Lublin_Castle_1944.jpg","type":"image\/jpeg"}],"author":"Dignity News","twitter_card":"summary_large_image","twitter_misc":{"Napisane przez":"Dignity News","Szacowany czas czytania":"2 minuty"},"schema":{"@context":"https:\/\/schema.org","@graph":[{"@type":"WebSite","@id":"https:\/\/dignitynews.eu\/pl\/#website","url":"https:\/\/dignitynews.eu\/pl\/","name":"Godno\u015b\u0107 - DignityNews.eu","description":"","potentialAction":[{"@type":"SearchAction","target":{"@type":"EntryPoint","urlTemplate":"https:\/\/dignitynews.eu\/pl\/?s={search_term_string}"},"query-input":"required name=search_term_string"}],"inLanguage":"pl-PL"},{"@type":"WebPage","@id":"https:\/\/dignitynews.eu\/pl\/ostatni-niemiecki-mord-wiezniow-w-lublinie-22-lipca-1944-r\/","url":"https:\/\/dignitynews.eu\/pl\/ostatni-niemiecki-mord-wiezniow-w-lublinie-22-lipca-1944-r\/","name":"Ostatni niemiecki mord wi\u0119\u017ani\u00f3w w Lublinie 22 lipca 1944 r. - Godno\u015b\u0107 - DignityNews.eu","isPartOf":{"@id":"https:\/\/dignitynews.eu\/pl\/#website"},"datePublished":"2022-07-22T09:10:03+00:00","dateModified":"2022-07-22T09:10:03+00:00","author":{"@id":"https:\/\/dignitynews.eu\/pl\/#\/schema\/person\/0b62b762b8174802fabc81a3ecb1bfcb"},"breadcrumb":{"@id":"https:\/\/dignitynews.eu\/pl\/ostatni-niemiecki-mord-wiezniow-w-lublinie-22-lipca-1944-r\/#breadcrumb"},"inLanguage":"pl-PL","potentialAction":[{"@type":"ReadAction","target":["https:\/\/dignitynews.eu\/pl\/ostatni-niemiecki-mord-wiezniow-w-lublinie-22-lipca-1944-r\/"]}]},{"@type":"BreadcrumbList","@id":"https:\/\/dignitynews.eu\/pl\/ostatni-niemiecki-mord-wiezniow-w-lublinie-22-lipca-1944-r\/#breadcrumb","itemListElement":[{"@type":"ListItem","position":1,"name":"Strona g\u0142\u00f3wna","item":"https:\/\/dignitynews.eu\/pl\/"},{"@type":"ListItem","position":2,"name":"Ostatni niemiecki mord wi\u0119\u017ani\u00f3w w Lublinie 22 lipca 1944 r."}]},{"@type":"Person","@id":"https:\/\/dignitynews.eu\/pl\/#\/schema\/person\/0b62b762b8174802fabc81a3ecb1bfcb","name":"Dignity News","image":{"@type":"ImageObject","inLanguage":"pl-PL","@id":"https:\/\/dignitynews.eu\/pl\/#\/schema\/person\/image\/","url":"https:\/\/secure.gravatar.com\/avatar\/97963171a6d9108f8381bbefb1c6b150c445b6ddd9e3077b96c86cf5892c85dc?s=96&d=mm&r=g","contentUrl":"https:\/\/secure.gravatar.com\/avatar\/97963171a6d9108f8381bbefb1c6b150c445b6ddd9e3077b96c86cf5892c85dc?s=96&d=mm&r=g","caption":"Dignity News"},"url":"https:\/\/dignitynews.eu\/pl\/author\/mikolaj-palade\/"}]}},"_links":{"self":[{"href":"https:\/\/dignitynews.eu\/pl\/wp-json\/wp\/v2\/posts\/24622","targetHints":{"allow":["GET"]}}],"collection":[{"href":"https:\/\/dignitynews.eu\/pl\/wp-json\/wp\/v2\/posts"}],"about":[{"href":"https:\/\/dignitynews.eu\/pl\/wp-json\/wp\/v2\/types\/post"}],"author":[{"embeddable":true,"href":"https:\/\/dignitynews.eu\/pl\/wp-json\/wp\/v2\/users\/7"}],"replies":[{"embeddable":true,"href":"https:\/\/dignitynews.eu\/pl\/wp-json\/wp\/v2\/comments?post=24622"}],"version-history":[{"count":2,"href":"https:\/\/dignitynews.eu\/pl\/wp-json\/wp\/v2\/posts\/24622\/revisions"}],"predecessor-version":[{"id":25249,"href":"https:\/\/dignitynews.eu\/pl\/wp-json\/wp\/v2\/posts\/24622\/revisions\/25249"}],"wp:featuredmedia":[{"embeddable":true,"href":"https:\/\/dignitynews.eu\/pl\/wp-json\/wp\/v2\/media\/24623"}],"wp:attachment":[{"href":"https:\/\/dignitynews.eu\/pl\/wp-json\/wp\/v2\/media?parent=24622"}],"wp:term":[{"taxonomy":"category","embeddable":true,"href":"https:\/\/dignitynews.eu\/pl\/wp-json\/wp\/v2\/categories?post=24622"},{"taxonomy":"post_tag","embeddable":true,"href":"https:\/\/dignitynews.eu\/pl\/wp-json\/wp\/v2\/tags?post=24622"}],"curies":[{"name":"wp","href":"https:\/\/api.w.org\/{rel}","templated":true}]}}