{"id":24579,"date":"2022-07-22T10:55:28","date_gmt":"2022-07-22T08:55:28","guid":{"rendered":"https:\/\/dignitynews.eu\/?p=24579"},"modified":"2022-07-22T10:56:10","modified_gmt":"2022-07-22T08:56:10","slug":"24579","status":"publish","type":"post","link":"https:\/\/dignitynews.eu\/pl\/24579\/","title":{"rendered":"Otwarcie pierwszego w Polsce Laboratorium Druku 3 D"},"content":{"rendered":"<h5><strong>Minister edukacji i nauki Przemys\u0142aw Czarnek zainaugurowa\u0142 dzia\u0142alno\u015b\u0107 pierwszego w Polsce Laboratorium Druku 3D. Na jego potrzeby przekaza\u0142 czek na kwot\u0119 blisko 6 mln z\u0142. Laboratorium b\u0119dzie funkcjonowa\u0142o w ramach Multidyscyplinarnego Centrum Badawczego Uniwersytetu Kardyna\u0142a Stefana Wyszy\u0144skiego (UKSW) w Warszawie. <\/strong><\/h5>\n<p>Otwarcie nowej jednostki badawczej jest krokiem w przysz\u0142o\u015b\u0107 UKSW. W ten spos\u00f3b odpowiadamy na potrzeby obecnej transformacji przemys\u0142owej, obejmuj\u0105cej zielone technologie i nowoczesne technologie produkcji \u2013 powiedzia\u0142 rektor UKSW ks.\u00a0prof. dr hab. Ryszard Czekalski.<\/p>\n<p>Laboratorium Druku 3D jest pierwsz\u0105 w kraju i jedn\u0105 z niewielu w Europie, kom\u00f3rk\u0105 badawcz\u0105 zdoln\u0105 do prowadzenia prac badawczych i wdro\u017ceniowych w pe\u0142nym zakresie od wst\u0119pnych koncepcji bazuj\u0105cych na modelach numerycznych, a\u017c do gotowego produktu. Badania prowadzone s\u0105 przy wykorzystaniu najnowocze\u015bniejszego sprz\u0119tu \u2013 m.in. urz\u0105dzenia Aconity MINI do wytwarzania przyrostowego w technologii topienia laserowego w z\u0142o\u017cu proszku \u2013 potocznie nazywanego drukark\u0105 3D w metalu. Jest to pierwsze takie urz\u0105dzenie w naszej cz\u0119\u015bci Europy.<\/p>\n<p>\u0141\u0105czny koszt realizacji zadania wyniesie 5 999 320,00 z\u0142 i zostanie ono sfinansowane w ramach wsparcia resortu edukacji i nauki \u201eNowe polskie materia\u0142y metaliczne na potrzeby technologii wytwarzania przyrostowego\u201d.<\/p>\n<p>Multidyscyplinarne Centrum Badawcze jest trzecim, powstaj\u0105cym kampusem UKSW, kt\u00f3ry skupia data science, sztuczn\u0105 inteligencj\u0119, uczenie maszynowe i cyberbezpiecze\u0144stwo.<\/p>\n<p>Bardzo si\u0119 ciesz\u0119 z tego co tu dzisiaj si\u0119 dzieje. Te rzeczy s\u0105 niezwykle wa\u017cne z punktu widzenia nauki. Rozw\u00f3j uniwersytetu jest w ostatnim czasie imponuj\u0105cy. Koncepcja laboratorium druku 3D i mo\u017cliwo\u015bci jakie s\u0105 z tym zwi\u0105zanie i fakt, \u017ce to jest wiod\u0105cy o\u015brodek tego rodzaju w Polsce nie pozostawia w\u0105tpliwo\u015bci, \u017ce takie inicjatywy trzeba wspiera\u0107 \u2013 powiedzia\u0142 minister Przemys\u0142aw Czarnek podczas inauguracji dzia\u0142alno\u015bci Laboratorium Druku 3 D.<\/p>\n<p>Adrian Andrzejewski<\/p>\n","protected":false},"excerpt":{"rendered":"<p>Minister edukacji i nauki Przemys\u0142aw Czarnek zainaugurowa\u0142 dzia\u0142alno\u015b\u0107 pierwszego w Polsce Laboratorium Druku 3D. Na jego potrzeby przekaza\u0142 czek na kwot\u0119 blisko 6 mln z\u0142. Laboratorium b\u0119dzie funkcjonowa\u0142o w ramach&hellip;<\/p>\n","protected":false},"author":7,"featured_media":24580,"comment_status":"closed","ping_status":"open","sticky":false,"template":"","format":"standard","meta":{"_mi_skip_tracking":false,"footnotes":""},"categories":[49],"tags":[],"class_list":["post-24579","post","type-post","status-publish","format-standard","has-post-thumbnail","hentry","category-nauka"],"yoast_head":"<!-- This site is optimized with the Yoast SEO plugin v19.4 - https:\/\/yoast.com\/wordpress\/plugins\/seo\/ -->\n<title>Otwarcie pierwszego w Polsce Laboratorium Druku 3 D - Godno\u015b\u0107 - DignityNews.eu<\/title>\n<meta name=\"robots\" content=\"index, follow, max-snippet:-1, max-image-preview:large, max-video-preview:-1\" \/>\n<link rel=\"canonical\" href=\"https:\/\/dignitynews.eu\/pl\/24579\/\" \/>\n<meta property=\"og:locale\" content=\"pl_PL\" \/>\n<meta property=\"og:type\" content=\"article\" \/>\n<meta property=\"og:title\" content=\"Otwarcie pierwszego w Polsce Laboratorium Druku 3 D - Godno\u015b\u0107 - DignityNews.eu\" \/>\n<meta property=\"og:description\" content=\"Minister edukacji i nauki Przemys\u0142aw Czarnek zainaugurowa\u0142 dzia\u0142alno\u015b\u0107 pierwszego w Polsce Laboratorium Druku 3D. Na jego potrzeby przekaza\u0142 czek na kwot\u0119 blisko 6 mln z\u0142. Laboratorium b\u0119dzie funkcjonowa\u0142o w ramach&hellip;\" \/>\n<meta property=\"og:url\" content=\"https:\/\/dignitynews.eu\/pl\/24579\/\" \/>\n<meta property=\"og:site_name\" content=\"Godno\u015b\u0107 - DignityNews.eu\" \/>\n<meta property=\"article:published_time\" content=\"2022-07-22T08:55:28+00:00\" \/>\n<meta property=\"article:modified_time\" content=\"2022-07-22T08:56:10+00:00\" \/>\n<meta property=\"og:image\" content=\"https:\/\/dignitynews.eu\/wp-content\/uploads\/2022\/07\/Laboratorium-Druku-3-D-fot.-MEiN.jpg\" \/>\n\t<meta property=\"og:image:width\" content=\"2000\" \/>\n\t<meta property=\"og:image:height\" content=\"1333\" \/>\n\t<meta property=\"og:image:type\" content=\"image\/jpeg\" \/>\n<meta name=\"author\" content=\"Dignity News\" \/>\n<meta name=\"twitter:card\" content=\"summary_large_image\" \/>\n<meta name=\"twitter:label1\" content=\"Napisane przez\" \/>\n\t<meta name=\"twitter:data1\" content=\"Dignity News\" \/>\n\t<meta name=\"twitter:label2\" content=\"Szacowany czas czytania\" \/>\n\t<meta name=\"twitter:data2\" content=\"1 minuta\" \/>\n<script type=\"application\/ld+json\" class=\"yoast-schema-graph\">{\"@context\":\"https:\/\/schema.org\",\"@graph\":[{\"@type\":\"WebSite\",\"@id\":\"https:\/\/dignitynews.eu\/pl\/#website\",\"url\":\"https:\/\/dignitynews.eu\/pl\/\",\"name\":\"Godno\u015b\u0107 - DignityNews.eu\",\"description\":\"\",\"potentialAction\":[{\"@type\":\"SearchAction\",\"target\":{\"@type\":\"EntryPoint\",\"urlTemplate\":\"https:\/\/dignitynews.eu\/pl\/?s={search_term_string}\"},\"query-input\":\"required name=search_term_string\"}],\"inLanguage\":\"pl-PL\"},{\"@type\":\"WebPage\",\"@id\":\"https:\/\/dignitynews.eu\/pl\/24579\/\",\"url\":\"https:\/\/dignitynews.eu\/pl\/24579\/\",\"name\":\"Otwarcie pierwszego w Polsce Laboratorium Druku 3 D - Godno\u015b\u0107 - DignityNews.eu\",\"isPartOf\":{\"@id\":\"https:\/\/dignitynews.eu\/pl\/#website\"},\"datePublished\":\"2022-07-22T08:55:28+00:00\",\"dateModified\":\"2022-07-22T08:56:10+00:00\",\"author\":{\"@id\":\"https:\/\/dignitynews.eu\/pl\/#\/schema\/person\/0b62b762b8174802fabc81a3ecb1bfcb\"},\"breadcrumb\":{\"@id\":\"https:\/\/dignitynews.eu\/pl\/24579\/#breadcrumb\"},\"inLanguage\":\"pl-PL\",\"potentialAction\":[{\"@type\":\"ReadAction\",\"target\":[\"https:\/\/dignitynews.eu\/pl\/24579\/\"]}]},{\"@type\":\"BreadcrumbList\",\"@id\":\"https:\/\/dignitynews.eu\/pl\/24579\/#breadcrumb\",\"itemListElement\":[{\"@type\":\"ListItem\",\"position\":1,\"name\":\"Strona g\u0142\u00f3wna\",\"item\":\"https:\/\/dignitynews.eu\/pl\/\"},{\"@type\":\"ListItem\",\"position\":2,\"name\":\"Otwarcie pierwszego w Polsce Laboratorium Druku 3 D\"}]},{\"@type\":\"Person\",\"@id\":\"https:\/\/dignitynews.eu\/pl\/#\/schema\/person\/0b62b762b8174802fabc81a3ecb1bfcb\",\"name\":\"Dignity News\",\"image\":{\"@type\":\"ImageObject\",\"inLanguage\":\"pl-PL\",\"@id\":\"https:\/\/dignitynews.eu\/pl\/#\/schema\/person\/image\/\",\"url\":\"https:\/\/secure.gravatar.com\/avatar\/97963171a6d9108f8381bbefb1c6b150c445b6ddd9e3077b96c86cf5892c85dc?s=96&d=mm&r=g\",\"contentUrl\":\"https:\/\/secure.gravatar.com\/avatar\/97963171a6d9108f8381bbefb1c6b150c445b6ddd9e3077b96c86cf5892c85dc?s=96&d=mm&r=g\",\"caption\":\"Dignity News\"},\"url\":\"https:\/\/dignitynews.eu\/pl\/author\/mikolaj-palade\/\"}]}<\/script>\n<!-- \/ Yoast SEO plugin. -->","yoast_head_json":{"title":"Otwarcie pierwszego w Polsce Laboratorium Druku 3 D - Godno\u015b\u0107 - DignityNews.eu","robots":{"index":"index","follow":"follow","max-snippet":"max-snippet:-1","max-image-preview":"max-image-preview:large","max-video-preview":"max-video-preview:-1"},"canonical":"https:\/\/dignitynews.eu\/pl\/24579\/","og_locale":"pl_PL","og_type":"article","og_title":"Otwarcie pierwszego w Polsce Laboratorium Druku 3 D - Godno\u015b\u0107 - DignityNews.eu","og_description":"Minister edukacji i nauki Przemys\u0142aw Czarnek zainaugurowa\u0142 dzia\u0142alno\u015b\u0107 pierwszego w Polsce Laboratorium Druku 3D. Na jego potrzeby przekaza\u0142 czek na kwot\u0119 blisko 6 mln z\u0142. Laboratorium b\u0119dzie funkcjonowa\u0142o w ramach&hellip;","og_url":"https:\/\/dignitynews.eu\/pl\/24579\/","og_site_name":"Godno\u015b\u0107 - DignityNews.eu","article_published_time":"2022-07-22T08:55:28+00:00","article_modified_time":"2022-07-22T08:56:10+00:00","og_image":[{"width":2000,"height":1333,"url":"https:\/\/dignitynews.eu\/wp-content\/uploads\/2022\/07\/Laboratorium-Druku-3-D-fot.-MEiN.jpg","type":"image\/jpeg"}],"author":"Dignity News","twitter_card":"summary_large_image","twitter_misc":{"Napisane przez":"Dignity News","Szacowany czas czytania":"1 minuta"},"schema":{"@context":"https:\/\/schema.org","@graph":[{"@type":"WebSite","@id":"https:\/\/dignitynews.eu\/pl\/#website","url":"https:\/\/dignitynews.eu\/pl\/","name":"Godno\u015b\u0107 - DignityNews.eu","description":"","potentialAction":[{"@type":"SearchAction","target":{"@type":"EntryPoint","urlTemplate":"https:\/\/dignitynews.eu\/pl\/?s={search_term_string}"},"query-input":"required name=search_term_string"}],"inLanguage":"pl-PL"},{"@type":"WebPage","@id":"https:\/\/dignitynews.eu\/pl\/24579\/","url":"https:\/\/dignitynews.eu\/pl\/24579\/","name":"Otwarcie pierwszego w Polsce Laboratorium Druku 3 D - Godno\u015b\u0107 - DignityNews.eu","isPartOf":{"@id":"https:\/\/dignitynews.eu\/pl\/#website"},"datePublished":"2022-07-22T08:55:28+00:00","dateModified":"2022-07-22T08:56:10+00:00","author":{"@id":"https:\/\/dignitynews.eu\/pl\/#\/schema\/person\/0b62b762b8174802fabc81a3ecb1bfcb"},"breadcrumb":{"@id":"https:\/\/dignitynews.eu\/pl\/24579\/#breadcrumb"},"inLanguage":"pl-PL","potentialAction":[{"@type":"ReadAction","target":["https:\/\/dignitynews.eu\/pl\/24579\/"]}]},{"@type":"BreadcrumbList","@id":"https:\/\/dignitynews.eu\/pl\/24579\/#breadcrumb","itemListElement":[{"@type":"ListItem","position":1,"name":"Strona g\u0142\u00f3wna","item":"https:\/\/dignitynews.eu\/pl\/"},{"@type":"ListItem","position":2,"name":"Otwarcie pierwszego w Polsce Laboratorium Druku 3 D"}]},{"@type":"Person","@id":"https:\/\/dignitynews.eu\/pl\/#\/schema\/person\/0b62b762b8174802fabc81a3ecb1bfcb","name":"Dignity News","image":{"@type":"ImageObject","inLanguage":"pl-PL","@id":"https:\/\/dignitynews.eu\/pl\/#\/schema\/person\/image\/","url":"https:\/\/secure.gravatar.com\/avatar\/97963171a6d9108f8381bbefb1c6b150c445b6ddd9e3077b96c86cf5892c85dc?s=96&d=mm&r=g","contentUrl":"https:\/\/secure.gravatar.com\/avatar\/97963171a6d9108f8381bbefb1c6b150c445b6ddd9e3077b96c86cf5892c85dc?s=96&d=mm&r=g","caption":"Dignity News"},"url":"https:\/\/dignitynews.eu\/pl\/author\/mikolaj-palade\/"}]}},"_links":{"self":[{"href":"https:\/\/dignitynews.eu\/pl\/wp-json\/wp\/v2\/posts\/24579","targetHints":{"allow":["GET"]}}],"collection":[{"href":"https:\/\/dignitynews.eu\/pl\/wp-json\/wp\/v2\/posts"}],"about":[{"href":"https:\/\/dignitynews.eu\/pl\/wp-json\/wp\/v2\/types\/post"}],"author":[{"embeddable":true,"href":"https:\/\/dignitynews.eu\/pl\/wp-json\/wp\/v2\/users\/7"}],"replies":[{"embeddable":true,"href":"https:\/\/dignitynews.eu\/pl\/wp-json\/wp\/v2\/comments?post=24579"}],"version-history":[{"count":2,"href":"https:\/\/dignitynews.eu\/pl\/wp-json\/wp\/v2\/posts\/24579\/revisions"}],"predecessor-version":[{"id":24586,"href":"https:\/\/dignitynews.eu\/pl\/wp-json\/wp\/v2\/posts\/24579\/revisions\/24586"}],"wp:featuredmedia":[{"embeddable":true,"href":"https:\/\/dignitynews.eu\/pl\/wp-json\/wp\/v2\/media\/24580"}],"wp:attachment":[{"href":"https:\/\/dignitynews.eu\/pl\/wp-json\/wp\/v2\/media?parent=24579"}],"wp:term":[{"taxonomy":"category","embeddable":true,"href":"https:\/\/dignitynews.eu\/pl\/wp-json\/wp\/v2\/categories?post=24579"},{"taxonomy":"post_tag","embeddable":true,"href":"https:\/\/dignitynews.eu\/pl\/wp-json\/wp\/v2\/tags?post=24579"}],"curies":[{"name":"wp","href":"https:\/\/api.w.org\/{rel}","templated":true}]}}