{"id":24123,"date":"2022-07-16T19:46:15","date_gmt":"2022-07-16T17:46:15","guid":{"rendered":"https:\/\/dignitynews.eu\/?p=24123"},"modified":"2022-07-16T19:46:15","modified_gmt":"2022-07-16T17:46:15","slug":"bitwa-pod-grunwaldem-dzien-chwaly-polsko-litewskiego-oreza","status":"publish","type":"post","link":"https:\/\/dignitynews.eu\/pl\/bitwa-pod-grunwaldem-dzien-chwaly-polsko-litewskiego-oreza\/","title":{"rendered":"Bitwa pod Grunwaldem \u2013 dzie\u0144 chwa\u0142y polsko-litewskiego or\u0119\u017ca"},"content":{"rendered":"<h5><strong>15 lipca 1410 r. na polach nieopodal wsi Grunwald mia\u0142a miejsce bitwa, w kt\u00f3rej po\u0142\u0105czone rycerstwo Polski i Litwy z\u0142ama\u0142y pot\u0119g\u0119 zbrojn\u0105 pa\u0144stwa krzy\u017cackiego. W walce zgina\u0142 m.in. Ulryk von Jungingen, wielki mistrz zakonu krzy\u017cackiego.<\/strong><\/h5>\n<p>W 1385 roku dosz\u0142o do zawarcia unii personalnej mi\u0119dzy Kr\u00f3lestwem Polski a Wielkim Ksi\u0119stwem Litewskim. W\u0142adca Litwy Jagie\u0142\u0142o (ok. 1352-1434), przyj\u0105\u0142 chrzest, przybieraj\u0105c imi\u0119 W\u0142adys\u0142aw oraz w 1386 r. po\u015blubi\u0142 \u00a0Jadwig\u0119 Andegawe\u0144sk\u0105, panuj\u0105c\u0105 w Kr\u00f3lestwie Polskim. Jednym z warunk\u00f3w zawartej umowy by\u0142o przyj\u0119cie chrze\u015bcija\u0144stwa przez Litw\u0119. Zwi\u0105zek obydwu pa\u0144stw sta\u0142 si\u0119 zagro\u017ceniem dla s\u0105siaduj\u0105cego z nimi Zakonu Krzy\u017cackiego.<\/p>\n<p>Krzy\u017cacy zostali sprowadzeni na ziemie polskie przez ksi\u0119cia Konrada Mazowieckiego w czasie podzia\u0142u Polski na dzielnice. Mieli oni broni\u0107 Mazowsza przed najazdami poga\u0144skich Prus\u00f3w. W ci\u0105gu kilkudziesi\u0119ciu lat Krzy\u017cakom uda\u0142o zbudowa\u0107 w\u0142asne pa\u0144stwo podbijaj\u0105c Prusy. W 1308 r. podst\u0119pnie zaj\u0119li polskie Pomorze Gda\u0144skie, w samym Gda\u0144sku dokonuj\u0105c rzezi, morduj\u0105c burmistrza i rajc\u00f3w miejskich oraz ludno\u015b\u0107 cywiln\u0105. Spalili tak\u017ce \u00a0zabudowania.<\/p>\n<p>Wkr\u00f3tce Malbork (Marienburg) sta\u0142 si\u0119 siedzib\u0105 najwy\u017cszych w\u0142adz zakonnych z wielkim mistrzem na czele. W 1331 r. kr\u00f3l Polski W\u0142adys\u0142aw \u0141okietek (ok. 1260-1333) star\u0142 si\u0119 pod P\u0142owcami z jedn\u0105 z kolumn wojsk krzy\u017cackich naje\u017cd\u017caj\u0105cych Polsk\u0119.\u00a0 Syn \u0141okietka kr\u00f3l Kazimierz Wielki (1310-1370) uzna\u0142, \u017ce musi doprowadzi\u0107 do pokoju z Krzy\u017cakami, aby wykorzysta\u0107 ten czas do wzmocnienia Kr\u00f3lestwa Polskiego. Ostatecznie do zawarcia traktatu dosz\u0142o w Kaliszu w 1343 r.<\/p>\n<p>Krzy\u017cacy na zachodzie Europy uzasadniali sens swojego istnienia w Prusach \u00a0konieczno\u015bci\u0105 zbrojnej chrystianizacji s\u0105siaduj\u0105cych kraj\u00f3w \u017bmudzi (p\u00f3\u0142nocno-zachodnia cz\u0119\u015b\u0107 dzisiejszej Litwy) i Wielkiego Ksi\u0119stwa Litewskiego. Przyj\u0119cie chrztu przez Litw\u0119 i zwi\u0105zek z Polsk\u0105 stanowi\u0142y powa\u017cne zagro\u017cenie dla pa\u0144stwa krzy\u017cackiego.<\/p>\n<p>Do wybuchu wojny, zwanej p\u00f3\u017aniej wielk\u0105 wojn\u0105, pomi\u0119dzy Polsk\u0105 i Wielkim Ksi\u0119stwem Litewskim a pa\u0144stwem krzy\u017cackim dosz\u0142o w 1409 r. Jej bezpo\u015bredni\u0105 przyczyn\u0105 by\u0142 wybuch postania antykrzy\u017cackiego na terenie \u017bmudzi, wspartego przez rz\u0105dz\u0105cego Litw\u0105 wielkiego ksi\u0119cia Witolda. Poselstwo polskie, kt\u00f3re w 1409 r. przyby\u0142o do Malborka, w umiej\u0119tny spos\u00f3b doprowadzi\u0142o wielkiego mistrza Ulryka von Jungingena\u00a0 do wypowiedzenia wojny Polsce.<\/p>\n<p>W po\u0142owie sierpnia 1409 r. Krzy\u017cacy najechali pograniczn\u0105 Ziemi\u0119 Dobrzy\u0144sk\u0105, a nast\u0119pnie zaj\u0119li Bydgoszcz. Miasto to zosta\u0142o odbite przez polskie pospolite ruszenie na pocz\u0105tku pa\u017adziernika 1409 r. W tym czasie rozpocz\u0119\u0142y si\u0119 rokowania, kt\u00f3re doprowadzi\u0142y do zawarcia rozejmu obowi\u0105zuj\u0105cego do 24 czerwca 1410 r. Obydwie strony konfliktu zacz\u0119\u0142y wykorzystywa\u0107 ten czas do przygotowania si\u0142 celem \u00a0ostatecznej rozprawy. Krzy\u017cacy starali si\u0119 skutecznie \u015bci\u0105gn\u0105\u0107 rycerstwo z zachodniej Europy.<\/p>\n<p>W grudniu 1409 r. kr\u00f3l W\u0142adys\u0142aw Jagie\u0142\u0142o ze swym stryjecznym bratem wielkim ksi\u0119ciem Witoldem, \u00a0na tajnej naradzie w Brze\u015bciu Kujawskim \u00a0przygotowali dok\u0142adny plan\u00a0 przysz\u0142orocznych dzia\u0142a\u0144 wojennych.<\/p>\n<p>W celu zabezpieczenia zapas\u00f3w mi\u0119sa dla wojska w Polsce zorganizowano wielkie \u0142owy, maj\u0105ce zapewni\u0107 zapasy mi\u0119sa dla wojska. W okolicach Kozienic w \u015bcis\u0142ej tajemnicy zosta\u0142 zbudowany \u00a0sk\u0142adany most pontonowy, licz\u0105cy \u0142\u0105cznie oko\u0142o 500 m d\u0142ugo\u015bci i 2,5 m. szeroko\u015bci. Jego budow\u0119 nadzorowali starosta radomski Dobrogost Czarny z Odrzywo\u0142u i mistrz ciesielski Jaros\u0142aw. Most zosta\u0142 sp\u0142awiony w d\u00f3\u0142 Wis\u0142\u0105 29 czerwca 1410 r w okolice Czerwi\u0144ska. Tam\u00a0 zmontowano go \u00a0w rekordowym tempie niespe\u0142na dnia. Po tak przygotowanej przeprawie Wis\u0142\u0119 przekroczy\u0142y w spos\u00f3b niezwykle sprawny i zorganizowany oddzia\u0142y polskie, kt\u00f3re wkr\u00f3tce po\u0142\u0105czy\u0142y si\u0119 z przyby\u0142ym ze wschodu wojskiem litewskim.<\/p>\n<p>Po\u0142\u0105czona armia wesz\u0142a na teren pa\u0144stwa krzy\u017cackiego i ruszy\u0142a\u00a0 na Malbork. Manewr ten ca\u0142kowicie zaskoczy\u0142 wielkiego mistrza Ulryka von Jungingena.<\/p>\n<p>Do decyduj\u0105cego starcia dosz\u0142o 15 lipca 1410 r. na polach pod wsi\u0105 Grunwald. Po\u0142\u0105czone si\u0142y polsko-litewskie posi\u0142kowane przez oddzia\u0142y tatarskie dysponowa\u0142y przewag\u0105 liczebn\u0105. Kr\u00f3l Polski W\u0142adys\u0142aw Jagie\u0142\u0142o osobi\u015bci nie wzi\u0105\u0142 udzia\u0142 w bitwie, lecz zgodnie ze wschodni\u0105 sztuk\u0105 prowadzenia wojen dowodzi\u0142 ca\u0142o\u015bci\u0105 si\u0142 z jednego z okolicznych wzg\u00f3rz. Si\u0142y krzy\u017cackie stan\u0119\u0142y w otwartym polu i by\u0142y nara\u017cone na spiekot\u0119 lipcowego upalnego dnia, z kolei oddzia\u0142y sojusznicze korzysta\u0142y z ch\u0142odu ost\u0119p\u00f3w le\u015bnych. Bitwa rozpocz\u0119\u0142a si\u0119 oko\u0142o po\u0142udnia od ataku oddzia\u0142\u00f3w litewskich, kt\u00f3re po godzinnym boju rzuci\u0142y si\u0119 do ucieczki. Na szcz\u0119\u015bcie zaci\u0119ty op\u00f3r wojskom krzy\u017cackim stawi\u0142y oddzia\u0142y smole\u0144skie i polskie. W decyduj\u0105cej fazie bitwy odw\u00f3d chor\u0105gwi krzy\u017cackich pod osobistym dow\u00f3dztwem wielkiego mistrza Ulryka von Jungingena pr\u00f3bowa\u0142 uderzy\u0107 w bok wojsk polskich, kt\u00f3re w por\u0119 jednak zdo\u0142a\u0142o przegrupowa\u0107 swoje si\u0142y. \u00a0W tym czasie na pole bitwy powr\u00f3ci\u0142y wojska litewskie. Bitwa zako\u0144czy\u0142a si\u0119 zwyci\u0119stwem rycerstwa polsko-litewskiego. W walkach poleg\u0142 sam wielki mistrz krzy\u017cacki i wielu przedstawicieli starszyzny zakonnej. W obozie krzy\u017cackim po bitwie odnaleziono wozy pe\u0142ne kajdan przeznaczonych dla je\u0144c\u00f3w, kt\u00f3rych Krzy\u017cacy mieli wzi\u0105\u0107 do niewoli. Kr\u00f3l W\u0142adys\u0142aw Jagie\u0142\u0142o poleci\u0142 odes\u0142a\u0107 do Malborka cia\u0142o Ulryka von Jungingena.<\/p>\n<p>Pomimo, \u017ce wojskom kr\u00f3la W\u0142adys\u0142awa Jagie\u0142y i wielkiego ksi\u0119cia Litwy Witolda nie uda\u0142o si\u0119 p\u00f3\u017aniej zdoby\u0107 stolicy pa\u0144stwa krzy\u017cackiego Malborka, bitwa pod Grunwaldem \u00a0z\u0142ama\u0142a pot\u0119g\u0119 militarn\u0105 Zakonu Krzy\u017cackiego. Na mocy zawartego w 1411 r. pokoju w Toruniu Polska odzyskiwa\u0142a Ziemi\u0119 Dobrzy\u0144sk\u0105, a Litwa \u017bmud\u017a. \u00a0Krzy\u017cacy mieli r\u00f3wnie\u017c zap\u0142aci\u0107 ogromny okup za wzi\u0119tych do niewoli je\u0144c\u00f3w.<\/p>\n","protected":false},"excerpt":{"rendered":"<p>15 lipca 1410 r. na polach nieopodal wsi Grunwald mia\u0142a miejsce bitwa, w kt\u00f3rej po\u0142\u0105czone rycerstwo Polski i Litwy z\u0142ama\u0142y pot\u0119g\u0119 zbrojn\u0105 pa\u0144stwa krzy\u017cackiego. W walce zgina\u0142 m.in. Ulryk von&hellip;<\/p>\n","protected":false},"author":7,"featured_media":24124,"comment_status":"closed","ping_status":"open","sticky":false,"template":"","format":"standard","meta":{"_mi_skip_tracking":false,"footnotes":""},"categories":[46],"tags":[],"class_list":["post-24123","post","type-post","status-publish","format-standard","has-post-thumbnail","hentry","category-historia"],"yoast_head":"<!-- This site is optimized with the Yoast SEO plugin v19.4 - https:\/\/yoast.com\/wordpress\/plugins\/seo\/ -->\n<title>Bitwa pod Grunwaldem \u2013 dzie\u0144 chwa\u0142y polsko-litewskiego or\u0119\u017ca - Godno\u015b\u0107 - DignityNews.eu<\/title>\n<meta name=\"robots\" content=\"index, follow, max-snippet:-1, max-image-preview:large, max-video-preview:-1\" \/>\n<link rel=\"canonical\" href=\"https:\/\/dignitynews.eu\/pl\/bitwa-pod-grunwaldem-dzien-chwaly-polsko-litewskiego-oreza\/\" \/>\n<meta property=\"og:locale\" content=\"pl_PL\" \/>\n<meta property=\"og:type\" content=\"article\" \/>\n<meta property=\"og:title\" content=\"Bitwa pod Grunwaldem \u2013 dzie\u0144 chwa\u0142y polsko-litewskiego or\u0119\u017ca - Godno\u015b\u0107 - DignityNews.eu\" \/>\n<meta property=\"og:description\" content=\"15 lipca 1410 r. na polach nieopodal wsi Grunwald mia\u0142a miejsce bitwa, w kt\u00f3rej po\u0142\u0105czone rycerstwo Polski i Litwy z\u0142ama\u0142y pot\u0119g\u0119 zbrojn\u0105 pa\u0144stwa krzy\u017cackiego. W walce zgina\u0142 m.in. Ulryk von&hellip;\" \/>\n<meta property=\"og:url\" content=\"https:\/\/dignitynews.eu\/pl\/bitwa-pod-grunwaldem-dzien-chwaly-polsko-litewskiego-oreza\/\" \/>\n<meta property=\"og:site_name\" content=\"Godno\u015b\u0107 - DignityNews.eu\" \/>\n<meta property=\"article:published_time\" content=\"2022-07-16T17:46:15+00:00\" \/>\n<meta property=\"og:image\" content=\"https:\/\/dignitynews.eu\/wp-content\/uploads\/2022\/07\/Jan_Matejko_Bitwa_pod_Grunwaldem.jpg\" \/>\n\t<meta property=\"og:image:width\" content=\"1920\" \/>\n\t<meta property=\"og:image:height\" content=\"853\" \/>\n\t<meta property=\"og:image:type\" content=\"image\/jpeg\" \/>\n<meta name=\"author\" content=\"Dignity News\" \/>\n<meta name=\"twitter:card\" content=\"summary_large_image\" \/>\n<meta name=\"twitter:label1\" content=\"Napisane przez\" \/>\n\t<meta name=\"twitter:data1\" content=\"Dignity News\" \/>\n\t<meta name=\"twitter:label2\" content=\"Szacowany czas czytania\" \/>\n\t<meta name=\"twitter:data2\" content=\"5 minut\" \/>\n<script type=\"application\/ld+json\" class=\"yoast-schema-graph\">{\"@context\":\"https:\/\/schema.org\",\"@graph\":[{\"@type\":\"WebSite\",\"@id\":\"https:\/\/dignitynews.eu\/pl\/#website\",\"url\":\"https:\/\/dignitynews.eu\/pl\/\",\"name\":\"Godno\u015b\u0107 - DignityNews.eu\",\"description\":\"\",\"potentialAction\":[{\"@type\":\"SearchAction\",\"target\":{\"@type\":\"EntryPoint\",\"urlTemplate\":\"https:\/\/dignitynews.eu\/pl\/?s={search_term_string}\"},\"query-input\":\"required name=search_term_string\"}],\"inLanguage\":\"pl-PL\"},{\"@type\":\"WebPage\",\"@id\":\"https:\/\/dignitynews.eu\/pl\/bitwa-pod-grunwaldem-dzien-chwaly-polsko-litewskiego-oreza\/\",\"url\":\"https:\/\/dignitynews.eu\/pl\/bitwa-pod-grunwaldem-dzien-chwaly-polsko-litewskiego-oreza\/\",\"name\":\"Bitwa pod Grunwaldem \u2013 dzie\u0144 chwa\u0142y polsko-litewskiego or\u0119\u017ca - Godno\u015b\u0107 - DignityNews.eu\",\"isPartOf\":{\"@id\":\"https:\/\/dignitynews.eu\/pl\/#website\"},\"datePublished\":\"2022-07-16T17:46:15+00:00\",\"dateModified\":\"2022-07-16T17:46:15+00:00\",\"author\":{\"@id\":\"https:\/\/dignitynews.eu\/pl\/#\/schema\/person\/0b62b762b8174802fabc81a3ecb1bfcb\"},\"breadcrumb\":{\"@id\":\"https:\/\/dignitynews.eu\/pl\/bitwa-pod-grunwaldem-dzien-chwaly-polsko-litewskiego-oreza\/#breadcrumb\"},\"inLanguage\":\"pl-PL\",\"potentialAction\":[{\"@type\":\"ReadAction\",\"target\":[\"https:\/\/dignitynews.eu\/pl\/bitwa-pod-grunwaldem-dzien-chwaly-polsko-litewskiego-oreza\/\"]}]},{\"@type\":\"BreadcrumbList\",\"@id\":\"https:\/\/dignitynews.eu\/pl\/bitwa-pod-grunwaldem-dzien-chwaly-polsko-litewskiego-oreza\/#breadcrumb\",\"itemListElement\":[{\"@type\":\"ListItem\",\"position\":1,\"name\":\"Strona g\u0142\u00f3wna\",\"item\":\"https:\/\/dignitynews.eu\/pl\/\"},{\"@type\":\"ListItem\",\"position\":2,\"name\":\"Bitwa pod Grunwaldem \u2013 dzie\u0144 chwa\u0142y polsko-litewskiego or\u0119\u017ca\"}]},{\"@type\":\"Person\",\"@id\":\"https:\/\/dignitynews.eu\/pl\/#\/schema\/person\/0b62b762b8174802fabc81a3ecb1bfcb\",\"name\":\"Dignity News\",\"image\":{\"@type\":\"ImageObject\",\"inLanguage\":\"pl-PL\",\"@id\":\"https:\/\/dignitynews.eu\/pl\/#\/schema\/person\/image\/\",\"url\":\"https:\/\/secure.gravatar.com\/avatar\/97963171a6d9108f8381bbefb1c6b150c445b6ddd9e3077b96c86cf5892c85dc?s=96&d=mm&r=g\",\"contentUrl\":\"https:\/\/secure.gravatar.com\/avatar\/97963171a6d9108f8381bbefb1c6b150c445b6ddd9e3077b96c86cf5892c85dc?s=96&d=mm&r=g\",\"caption\":\"Dignity News\"},\"url\":\"https:\/\/dignitynews.eu\/pl\/author\/mikolaj-palade\/\"}]}<\/script>\n<!-- \/ Yoast SEO plugin. -->","yoast_head_json":{"title":"Bitwa pod Grunwaldem \u2013 dzie\u0144 chwa\u0142y polsko-litewskiego or\u0119\u017ca - Godno\u015b\u0107 - DignityNews.eu","robots":{"index":"index","follow":"follow","max-snippet":"max-snippet:-1","max-image-preview":"max-image-preview:large","max-video-preview":"max-video-preview:-1"},"canonical":"https:\/\/dignitynews.eu\/pl\/bitwa-pod-grunwaldem-dzien-chwaly-polsko-litewskiego-oreza\/","og_locale":"pl_PL","og_type":"article","og_title":"Bitwa pod Grunwaldem \u2013 dzie\u0144 chwa\u0142y polsko-litewskiego or\u0119\u017ca - Godno\u015b\u0107 - DignityNews.eu","og_description":"15 lipca 1410 r. na polach nieopodal wsi Grunwald mia\u0142a miejsce bitwa, w kt\u00f3rej po\u0142\u0105czone rycerstwo Polski i Litwy z\u0142ama\u0142y pot\u0119g\u0119 zbrojn\u0105 pa\u0144stwa krzy\u017cackiego. W walce zgina\u0142 m.in. Ulryk von&hellip;","og_url":"https:\/\/dignitynews.eu\/pl\/bitwa-pod-grunwaldem-dzien-chwaly-polsko-litewskiego-oreza\/","og_site_name":"Godno\u015b\u0107 - DignityNews.eu","article_published_time":"2022-07-16T17:46:15+00:00","og_image":[{"width":1920,"height":853,"url":"https:\/\/dignitynews.eu\/wp-content\/uploads\/2022\/07\/Jan_Matejko_Bitwa_pod_Grunwaldem.jpg","type":"image\/jpeg"}],"author":"Dignity News","twitter_card":"summary_large_image","twitter_misc":{"Napisane przez":"Dignity News","Szacowany czas czytania":"5 minut"},"schema":{"@context":"https:\/\/schema.org","@graph":[{"@type":"WebSite","@id":"https:\/\/dignitynews.eu\/pl\/#website","url":"https:\/\/dignitynews.eu\/pl\/","name":"Godno\u015b\u0107 - DignityNews.eu","description":"","potentialAction":[{"@type":"SearchAction","target":{"@type":"EntryPoint","urlTemplate":"https:\/\/dignitynews.eu\/pl\/?s={search_term_string}"},"query-input":"required name=search_term_string"}],"inLanguage":"pl-PL"},{"@type":"WebPage","@id":"https:\/\/dignitynews.eu\/pl\/bitwa-pod-grunwaldem-dzien-chwaly-polsko-litewskiego-oreza\/","url":"https:\/\/dignitynews.eu\/pl\/bitwa-pod-grunwaldem-dzien-chwaly-polsko-litewskiego-oreza\/","name":"Bitwa pod Grunwaldem \u2013 dzie\u0144 chwa\u0142y polsko-litewskiego or\u0119\u017ca - Godno\u015b\u0107 - DignityNews.eu","isPartOf":{"@id":"https:\/\/dignitynews.eu\/pl\/#website"},"datePublished":"2022-07-16T17:46:15+00:00","dateModified":"2022-07-16T17:46:15+00:00","author":{"@id":"https:\/\/dignitynews.eu\/pl\/#\/schema\/person\/0b62b762b8174802fabc81a3ecb1bfcb"},"breadcrumb":{"@id":"https:\/\/dignitynews.eu\/pl\/bitwa-pod-grunwaldem-dzien-chwaly-polsko-litewskiego-oreza\/#breadcrumb"},"inLanguage":"pl-PL","potentialAction":[{"@type":"ReadAction","target":["https:\/\/dignitynews.eu\/pl\/bitwa-pod-grunwaldem-dzien-chwaly-polsko-litewskiego-oreza\/"]}]},{"@type":"BreadcrumbList","@id":"https:\/\/dignitynews.eu\/pl\/bitwa-pod-grunwaldem-dzien-chwaly-polsko-litewskiego-oreza\/#breadcrumb","itemListElement":[{"@type":"ListItem","position":1,"name":"Strona g\u0142\u00f3wna","item":"https:\/\/dignitynews.eu\/pl\/"},{"@type":"ListItem","position":2,"name":"Bitwa pod Grunwaldem \u2013 dzie\u0144 chwa\u0142y polsko-litewskiego or\u0119\u017ca"}]},{"@type":"Person","@id":"https:\/\/dignitynews.eu\/pl\/#\/schema\/person\/0b62b762b8174802fabc81a3ecb1bfcb","name":"Dignity News","image":{"@type":"ImageObject","inLanguage":"pl-PL","@id":"https:\/\/dignitynews.eu\/pl\/#\/schema\/person\/image\/","url":"https:\/\/secure.gravatar.com\/avatar\/97963171a6d9108f8381bbefb1c6b150c445b6ddd9e3077b96c86cf5892c85dc?s=96&d=mm&r=g","contentUrl":"https:\/\/secure.gravatar.com\/avatar\/97963171a6d9108f8381bbefb1c6b150c445b6ddd9e3077b96c86cf5892c85dc?s=96&d=mm&r=g","caption":"Dignity News"},"url":"https:\/\/dignitynews.eu\/pl\/author\/mikolaj-palade\/"}]}},"_links":{"self":[{"href":"https:\/\/dignitynews.eu\/pl\/wp-json\/wp\/v2\/posts\/24123","targetHints":{"allow":["GET"]}}],"collection":[{"href":"https:\/\/dignitynews.eu\/pl\/wp-json\/wp\/v2\/posts"}],"about":[{"href":"https:\/\/dignitynews.eu\/pl\/wp-json\/wp\/v2\/types\/post"}],"author":[{"embeddable":true,"href":"https:\/\/dignitynews.eu\/pl\/wp-json\/wp\/v2\/users\/7"}],"replies":[{"embeddable":true,"href":"https:\/\/dignitynews.eu\/pl\/wp-json\/wp\/v2\/comments?post=24123"}],"version-history":[{"count":1,"href":"https:\/\/dignitynews.eu\/pl\/wp-json\/wp\/v2\/posts\/24123\/revisions"}],"predecessor-version":[{"id":24129,"href":"https:\/\/dignitynews.eu\/pl\/wp-json\/wp\/v2\/posts\/24123\/revisions\/24129"}],"wp:featuredmedia":[{"embeddable":true,"href":"https:\/\/dignitynews.eu\/pl\/wp-json\/wp\/v2\/media\/24124"}],"wp:attachment":[{"href":"https:\/\/dignitynews.eu\/pl\/wp-json\/wp\/v2\/media?parent=24123"}],"wp:term":[{"taxonomy":"category","embeddable":true,"href":"https:\/\/dignitynews.eu\/pl\/wp-json\/wp\/v2\/categories?post=24123"},{"taxonomy":"post_tag","embeddable":true,"href":"https:\/\/dignitynews.eu\/pl\/wp-json\/wp\/v2\/tags?post=24123"}],"curies":[{"name":"wp","href":"https:\/\/api.w.org\/{rel}","templated":true}]}}