{"id":24038,"date":"2022-07-15T10:40:09","date_gmt":"2022-07-15T08:40:09","guid":{"rendered":"https:\/\/dignitynews.eu\/?p=24038"},"modified":"2022-07-15T10:40:09","modified_gmt":"2022-07-15T08:40:09","slug":"wakacje-kredytowe-prezydent-andrzej-duda-podpisal-ustawe","status":"publish","type":"post","link":"https:\/\/dignitynews.eu\/pl\/wakacje-kredytowe-prezydent-andrzej-duda-podpisal-ustawe\/","title":{"rendered":"Wakacje kredytowe. Prezydent Andrzej Duda podpisa\u0142 ustaw\u0119"},"content":{"rendered":"<h5>Prezydent Andrzej Duda podpisa\u0142 ustaw\u0119 wprowadzaj\u0105c\u0105 wakacje kredytowe dla os\u00f3b, kt\u00f3re zaci\u0105gn\u0119\u0142y kredyty w polskiej walucie na w\u0142asny cel mieszkaniowy. Miliony Polak\u00f3w b\u0119d\u0105 mog\u0142y zawiesi\u0107 cz\u0119\u015b\u0107 rat w najbli\u017cszych miesi\u0105cach.<\/h5>\n<p>Podczas uroczysto\u015bci podpisania ustawy w Belwederze prezydent powiedzia\u0142, \u017ce nie by\u0142a to \u0142atwa ustawa, bo w trudnych czasach trzeba by\u0142o podj\u0105\u0107 zdecydowane decyzje dotycz\u0105ce rynku finansowego i funkcjonowania bank\u00f3w w kontek\u015bcie funkcjonowania gospodarstw domowych.<\/p>\n<p>&#8211; Ona dotyczy przede wszystkim pomocy kredytobiorcom, chodzi o wszystkich tych, kt\u00f3rzy kupili mieszkania, zbudowali domy, wzi\u0119li kredyty hipoteczne i wobec wzrostu st\u00f3p procentowych i du\u017cej inflacji znale\u017ali si\u0119 w trudnej sytuacji \u2014zaznaczy\u0142 Andrzej Duda.<\/p>\n<p>Zgodnie z ustaw\u0105 wakacje kredytowe pozwol\u0105 na odroczenie sp\u0142aty kredytu hipotecznego udzielonego w polskiej walucie \u0142\u0105cznie przez osiem miesi\u0119cy: po dwa miesi\u0105ce w trzecim i czwartym kwartale tego roku i po miesi\u0105cu w ka\u017cdym z czterech kwarta\u0142\u00f3w przysz\u0142ego roku. Okres kredytowania wyd\u0142u\u017cy si\u0119 o liczb\u0119 miesi\u0119cy, kiedy skorzysta\u0142o si\u0119 z zawieszenia sp\u0142aty kredytu.<\/p>\n<p>Ustawa zak\u0142ada te\u017c wzrost \u015brodk\u00f3w przeznaczonych na dop\u0142aty z Funduszu Wsparcia Kredytobiorc\u00f3w. Banki maj\u0105 do ko\u0144ca roku wp\u0142aci\u0107 na fundusz dodatkowo 1,4 mld z\u0142.<\/p>\n<p>Ustawa zawiera tak\u017ce zapisy wyd\u0142u\u017caj\u0105ce dzia\u0142anie tarcz antyinflacyjnych z 31 lipca do 31 pa\u017adziernika br. W ramach tarcz stosowana jest ni\u017csza stawka VAT na paliwa (8 proc. zamiast 23 proc.), stawka VAT na pr\u0105d i ciep\u0142o wynosi 5 proc., a stawka VAT na gaz wynosi 0 proc. Do 0 proc. jest obni\u017cony VAT na podstawowe produkty \u017cywno\u015bciowe, nawozy i wybrane \u015brodki produkcji rolniczej.<\/p>\n<p>Przed\u0142u\u017cono tak\u017ce obowi\u0105zywanie obni\u017cki akcyzy na pr\u0105d, zwolnienia z akcyzy energii elektrycznej dla gospodarstw domowych, obni\u017cki stawek akcyzy na niekt\u00f3re paliwa silnikowe oraz na lekki olej opa\u0142owy.<\/p>\n<p>Arkadiusz S\u0142omczy\u0144ski<\/p>\n","protected":false},"excerpt":{"rendered":"<p>Prezydent Andrzej Duda podpisa\u0142 ustaw\u0119 wprowadzaj\u0105c\u0105 wakacje kredytowe dla os\u00f3b, kt\u00f3re zaci\u0105gn\u0119\u0142y kredyty w polskiej walucie na w\u0142asny cel mieszkaniowy. Miliony Polak\u00f3w b\u0119d\u0105 mog\u0142y zawiesi\u0107 cz\u0119\u015b\u0107 rat w najbli\u017cszych miesi\u0105cach.&hellip;<\/p>\n","protected":false},"author":7,"featured_media":24039,"comment_status":"closed","ping_status":"open","sticky":false,"template":"","format":"standard","meta":{"_mi_skip_tracking":false,"footnotes":""},"categories":[47],"tags":[],"class_list":["post-24038","post","type-post","status-publish","format-standard","has-post-thumbnail","hentry","category-wydarzenia"],"yoast_head":"<!-- This site is optimized with the Yoast SEO plugin v19.4 - https:\/\/yoast.com\/wordpress\/plugins\/seo\/ -->\n<title>Wakacje kredytowe. Prezydent Andrzej Duda podpisa\u0142 ustaw\u0119 - Godno\u015b\u0107 - DignityNews.eu<\/title>\n<meta name=\"robots\" content=\"index, follow, max-snippet:-1, max-image-preview:large, max-video-preview:-1\" \/>\n<link rel=\"canonical\" href=\"https:\/\/dignitynews.eu\/pl\/wakacje-kredytowe-prezydent-andrzej-duda-podpisal-ustawe\/\" \/>\n<meta property=\"og:locale\" content=\"pl_PL\" \/>\n<meta property=\"og:type\" content=\"article\" \/>\n<meta property=\"og:title\" content=\"Wakacje kredytowe. Prezydent Andrzej Duda podpisa\u0142 ustaw\u0119 - Godno\u015b\u0107 - DignityNews.eu\" \/>\n<meta property=\"og:description\" content=\"Prezydent Andrzej Duda podpisa\u0142 ustaw\u0119 wprowadzaj\u0105c\u0105 wakacje kredytowe dla os\u00f3b, kt\u00f3re zaci\u0105gn\u0119\u0142y kredyty w polskiej walucie na w\u0142asny cel mieszkaniowy. Miliony Polak\u00f3w b\u0119d\u0105 mog\u0142y zawiesi\u0107 cz\u0119\u015b\u0107 rat w najbli\u017cszych miesi\u0105cach.&hellip;\" \/>\n<meta property=\"og:url\" content=\"https:\/\/dignitynews.eu\/pl\/wakacje-kredytowe-prezydent-andrzej-duda-podpisal-ustawe\/\" \/>\n<meta property=\"og:site_name\" content=\"Godno\u015b\u0107 - DignityNews.eu\" \/>\n<meta property=\"article:published_time\" content=\"2022-07-15T08:40:09+00:00\" \/>\n<meta property=\"og:image\" content=\"https:\/\/dignitynews.eu\/wp-content\/uploads\/2022\/07\/wakacje-kredytowe-podpis-prezydenta-fot.-Wojciech-Olkusnik-East-News.jpg\" \/>\n\t<meta property=\"og:image:width\" content=\"1500\" \/>\n\t<meta property=\"og:image:height\" content=\"1055\" \/>\n\t<meta property=\"og:image:type\" content=\"image\/jpeg\" \/>\n<meta name=\"author\" content=\"Dignity News\" \/>\n<meta name=\"twitter:card\" content=\"summary_large_image\" \/>\n<meta name=\"twitter:label1\" content=\"Napisane przez\" \/>\n\t<meta name=\"twitter:data1\" content=\"Dignity News\" \/>\n\t<meta name=\"twitter:label2\" content=\"Szacowany czas czytania\" \/>\n\t<meta name=\"twitter:data2\" content=\"2 minuty\" \/>\n<script type=\"application\/ld+json\" class=\"yoast-schema-graph\">{\"@context\":\"https:\/\/schema.org\",\"@graph\":[{\"@type\":\"WebSite\",\"@id\":\"https:\/\/dignitynews.eu\/pl\/#website\",\"url\":\"https:\/\/dignitynews.eu\/pl\/\",\"name\":\"Godno\u015b\u0107 - DignityNews.eu\",\"description\":\"\",\"potentialAction\":[{\"@type\":\"SearchAction\",\"target\":{\"@type\":\"EntryPoint\",\"urlTemplate\":\"https:\/\/dignitynews.eu\/pl\/?s={search_term_string}\"},\"query-input\":\"required name=search_term_string\"}],\"inLanguage\":\"pl-PL\"},{\"@type\":\"WebPage\",\"@id\":\"https:\/\/dignitynews.eu\/pl\/wakacje-kredytowe-prezydent-andrzej-duda-podpisal-ustawe\/\",\"url\":\"https:\/\/dignitynews.eu\/pl\/wakacje-kredytowe-prezydent-andrzej-duda-podpisal-ustawe\/\",\"name\":\"Wakacje kredytowe. Prezydent Andrzej Duda podpisa\u0142 ustaw\u0119 - Godno\u015b\u0107 - DignityNews.eu\",\"isPartOf\":{\"@id\":\"https:\/\/dignitynews.eu\/pl\/#website\"},\"datePublished\":\"2022-07-15T08:40:09+00:00\",\"dateModified\":\"2022-07-15T08:40:09+00:00\",\"author\":{\"@id\":\"https:\/\/dignitynews.eu\/pl\/#\/schema\/person\/0b62b762b8174802fabc81a3ecb1bfcb\"},\"breadcrumb\":{\"@id\":\"https:\/\/dignitynews.eu\/pl\/wakacje-kredytowe-prezydent-andrzej-duda-podpisal-ustawe\/#breadcrumb\"},\"inLanguage\":\"pl-PL\",\"potentialAction\":[{\"@type\":\"ReadAction\",\"target\":[\"https:\/\/dignitynews.eu\/pl\/wakacje-kredytowe-prezydent-andrzej-duda-podpisal-ustawe\/\"]}]},{\"@type\":\"BreadcrumbList\",\"@id\":\"https:\/\/dignitynews.eu\/pl\/wakacje-kredytowe-prezydent-andrzej-duda-podpisal-ustawe\/#breadcrumb\",\"itemListElement\":[{\"@type\":\"ListItem\",\"position\":1,\"name\":\"Strona g\u0142\u00f3wna\",\"item\":\"https:\/\/dignitynews.eu\/pl\/\"},{\"@type\":\"ListItem\",\"position\":2,\"name\":\"Wakacje kredytowe. Prezydent Andrzej Duda podpisa\u0142 ustaw\u0119\"}]},{\"@type\":\"Person\",\"@id\":\"https:\/\/dignitynews.eu\/pl\/#\/schema\/person\/0b62b762b8174802fabc81a3ecb1bfcb\",\"name\":\"Dignity News\",\"image\":{\"@type\":\"ImageObject\",\"inLanguage\":\"pl-PL\",\"@id\":\"https:\/\/dignitynews.eu\/pl\/#\/schema\/person\/image\/\",\"url\":\"https:\/\/secure.gravatar.com\/avatar\/97963171a6d9108f8381bbefb1c6b150c445b6ddd9e3077b96c86cf5892c85dc?s=96&d=mm&r=g\",\"contentUrl\":\"https:\/\/secure.gravatar.com\/avatar\/97963171a6d9108f8381bbefb1c6b150c445b6ddd9e3077b96c86cf5892c85dc?s=96&d=mm&r=g\",\"caption\":\"Dignity News\"},\"url\":\"https:\/\/dignitynews.eu\/pl\/author\/mikolaj-palade\/\"}]}<\/script>\n<!-- \/ Yoast SEO plugin. -->","yoast_head_json":{"title":"Wakacje kredytowe. Prezydent Andrzej Duda podpisa\u0142 ustaw\u0119 - Godno\u015b\u0107 - DignityNews.eu","robots":{"index":"index","follow":"follow","max-snippet":"max-snippet:-1","max-image-preview":"max-image-preview:large","max-video-preview":"max-video-preview:-1"},"canonical":"https:\/\/dignitynews.eu\/pl\/wakacje-kredytowe-prezydent-andrzej-duda-podpisal-ustawe\/","og_locale":"pl_PL","og_type":"article","og_title":"Wakacje kredytowe. Prezydent Andrzej Duda podpisa\u0142 ustaw\u0119 - Godno\u015b\u0107 - DignityNews.eu","og_description":"Prezydent Andrzej Duda podpisa\u0142 ustaw\u0119 wprowadzaj\u0105c\u0105 wakacje kredytowe dla os\u00f3b, kt\u00f3re zaci\u0105gn\u0119\u0142y kredyty w polskiej walucie na w\u0142asny cel mieszkaniowy. Miliony Polak\u00f3w b\u0119d\u0105 mog\u0142y zawiesi\u0107 cz\u0119\u015b\u0107 rat w najbli\u017cszych miesi\u0105cach.&hellip;","og_url":"https:\/\/dignitynews.eu\/pl\/wakacje-kredytowe-prezydent-andrzej-duda-podpisal-ustawe\/","og_site_name":"Godno\u015b\u0107 - DignityNews.eu","article_published_time":"2022-07-15T08:40:09+00:00","og_image":[{"width":1500,"height":1055,"url":"https:\/\/dignitynews.eu\/wp-content\/uploads\/2022\/07\/wakacje-kredytowe-podpis-prezydenta-fot.-Wojciech-Olkusnik-East-News.jpg","type":"image\/jpeg"}],"author":"Dignity News","twitter_card":"summary_large_image","twitter_misc":{"Napisane przez":"Dignity News","Szacowany czas czytania":"2 minuty"},"schema":{"@context":"https:\/\/schema.org","@graph":[{"@type":"WebSite","@id":"https:\/\/dignitynews.eu\/pl\/#website","url":"https:\/\/dignitynews.eu\/pl\/","name":"Godno\u015b\u0107 - DignityNews.eu","description":"","potentialAction":[{"@type":"SearchAction","target":{"@type":"EntryPoint","urlTemplate":"https:\/\/dignitynews.eu\/pl\/?s={search_term_string}"},"query-input":"required name=search_term_string"}],"inLanguage":"pl-PL"},{"@type":"WebPage","@id":"https:\/\/dignitynews.eu\/pl\/wakacje-kredytowe-prezydent-andrzej-duda-podpisal-ustawe\/","url":"https:\/\/dignitynews.eu\/pl\/wakacje-kredytowe-prezydent-andrzej-duda-podpisal-ustawe\/","name":"Wakacje kredytowe. Prezydent Andrzej Duda podpisa\u0142 ustaw\u0119 - Godno\u015b\u0107 - DignityNews.eu","isPartOf":{"@id":"https:\/\/dignitynews.eu\/pl\/#website"},"datePublished":"2022-07-15T08:40:09+00:00","dateModified":"2022-07-15T08:40:09+00:00","author":{"@id":"https:\/\/dignitynews.eu\/pl\/#\/schema\/person\/0b62b762b8174802fabc81a3ecb1bfcb"},"breadcrumb":{"@id":"https:\/\/dignitynews.eu\/pl\/wakacje-kredytowe-prezydent-andrzej-duda-podpisal-ustawe\/#breadcrumb"},"inLanguage":"pl-PL","potentialAction":[{"@type":"ReadAction","target":["https:\/\/dignitynews.eu\/pl\/wakacje-kredytowe-prezydent-andrzej-duda-podpisal-ustawe\/"]}]},{"@type":"BreadcrumbList","@id":"https:\/\/dignitynews.eu\/pl\/wakacje-kredytowe-prezydent-andrzej-duda-podpisal-ustawe\/#breadcrumb","itemListElement":[{"@type":"ListItem","position":1,"name":"Strona g\u0142\u00f3wna","item":"https:\/\/dignitynews.eu\/pl\/"},{"@type":"ListItem","position":2,"name":"Wakacje kredytowe. Prezydent Andrzej Duda podpisa\u0142 ustaw\u0119"}]},{"@type":"Person","@id":"https:\/\/dignitynews.eu\/pl\/#\/schema\/person\/0b62b762b8174802fabc81a3ecb1bfcb","name":"Dignity News","image":{"@type":"ImageObject","inLanguage":"pl-PL","@id":"https:\/\/dignitynews.eu\/pl\/#\/schema\/person\/image\/","url":"https:\/\/secure.gravatar.com\/avatar\/97963171a6d9108f8381bbefb1c6b150c445b6ddd9e3077b96c86cf5892c85dc?s=96&d=mm&r=g","contentUrl":"https:\/\/secure.gravatar.com\/avatar\/97963171a6d9108f8381bbefb1c6b150c445b6ddd9e3077b96c86cf5892c85dc?s=96&d=mm&r=g","caption":"Dignity News"},"url":"https:\/\/dignitynews.eu\/pl\/author\/mikolaj-palade\/"}]}},"_links":{"self":[{"href":"https:\/\/dignitynews.eu\/pl\/wp-json\/wp\/v2\/posts\/24038","targetHints":{"allow":["GET"]}}],"collection":[{"href":"https:\/\/dignitynews.eu\/pl\/wp-json\/wp\/v2\/posts"}],"about":[{"href":"https:\/\/dignitynews.eu\/pl\/wp-json\/wp\/v2\/types\/post"}],"author":[{"embeddable":true,"href":"https:\/\/dignitynews.eu\/pl\/wp-json\/wp\/v2\/users\/7"}],"replies":[{"embeddable":true,"href":"https:\/\/dignitynews.eu\/pl\/wp-json\/wp\/v2\/comments?post=24038"}],"version-history":[{"count":1,"href":"https:\/\/dignitynews.eu\/pl\/wp-json\/wp\/v2\/posts\/24038\/revisions"}],"predecessor-version":[{"id":24044,"href":"https:\/\/dignitynews.eu\/pl\/wp-json\/wp\/v2\/posts\/24038\/revisions\/24044"}],"wp:featuredmedia":[{"embeddable":true,"href":"https:\/\/dignitynews.eu\/pl\/wp-json\/wp\/v2\/media\/24039"}],"wp:attachment":[{"href":"https:\/\/dignitynews.eu\/pl\/wp-json\/wp\/v2\/media?parent=24038"}],"wp:term":[{"taxonomy":"category","embeddable":true,"href":"https:\/\/dignitynews.eu\/pl\/wp-json\/wp\/v2\/categories?post=24038"},{"taxonomy":"post_tag","embeddable":true,"href":"https:\/\/dignitynews.eu\/pl\/wp-json\/wp\/v2\/tags?post=24038"}],"curies":[{"name":"wp","href":"https:\/\/api.w.org\/{rel}","templated":true}]}}