{"id":23817,"date":"2022-07-13T11:10:39","date_gmt":"2022-07-13T09:10:39","guid":{"rendered":"https:\/\/dignitynews.eu\/?p=23817"},"modified":"2022-07-13T11:25:58","modified_gmt":"2022-07-13T09:25:58","slug":"minister-obrony-narodowej-na-ukrainie-spotkal-sie-z-prezydentem-zelenskim","status":"publish","type":"post","link":"https:\/\/dignitynews.eu\/pl\/minister-obrony-narodowej-na-ukrainie-spotkal-sie-z-prezydentem-zelenskim\/","title":{"rendered":"Minister obrony narodowej na Ukrainie. Spotka\u0142 si\u0119 z prezydentem Ze\u0142enskim."},"content":{"rendered":"<h5>Wicepremier, minister obrony narodowej Mariusz B\u0142aszczak spotka\u0142 si\u0119 w Kijowie z prezydentem Wo\u0142odymyrem Ze\u0142enskim oraz ministrem obrony Ukrainy O\u0142eksijem Reznikowem. Tematem rozm\u00f3w by\u0142o wsparcie dla Ukrainy oraz sytuacja bezpiecze\u0144stwa w kontek\u015bcie rosyjskiej agresji.<\/h5>\n<p>&#8211; Warto\u015b\u0107 wsparcia jakie przekazali\u015bmy Ukrainie wynosi miliard siedemset milion\u00f3w dolar\u00f3w. To wsparcie, kt\u00f3re ma znaczenie. Jeste\u015bmy w czo\u0142\u00f3wce pa\u0144stw, kt\u00f3re wspieraj\u0105 Ukrain\u0119 i uwa\u017camy, \u017ce to le\u017cy w interesie Polski &#8211; powiedzia\u0142 wicepremier, minister obrony narodowej Mariusz B\u0142aszczak cytowany w serwisie Ministerstwa Obrony Narodowej (MON).<\/p>\n<p>Ministrowie obrony Polski i Ukrainy podpisali list intencyjny adresowany do ministr\u00f3w obrony pa\u0144stw NATO i partner\u00f3w o zwi\u0119kszenie wsparcia dla Ukrainy.<\/p>\n<p>&#8211; Rosja stanowi zagro\u017cenie dla Polski. W zwi\u0105zku z tym chcemy s\u0105siadowa\u0107 z woln\u0105 Ukrain\u0105, a nie z Rosj\u0105 &#8211; dlatego wspieramy Ukrain\u0119. Tak jak m\u00f3wi\u0142 dzi\u015b minister obrony Ukrainy nasza wsp\u00f3\u0142praca rozpocz\u0119\u0142a si\u0119 jeszcze przed wybuchem wojny. Zaproponowa\u0142em, \u017ceby wyposa\u017cy\u0107 wojsko Ukrainy w Pioruny i zda\u0142y one egzamin z czego si\u0119 bardzo ciesz\u0119. W r\u0119kach dzielnych \u017co\u0142nierzy ukrai\u0144skich, broni\u0105 przestrzeni powietrznej nad Ukrain\u0105 \u2013 m\u00f3wi\u0142 minister B\u0142aszczak.<\/p>\n<p>Szef polskiego resortu obrony spotka\u0142 si\u0119 tak\u017ce z prezydentem Ukrainy Wo\u0142odymyrem Ze\u0142enskim. Rozmowy dotyczy\u0142y bie\u017c\u0105cej wsp\u00f3\u0142pracy polsko-ukrai\u0144skiej oraz sytuacji na froncie.<\/p>\n<p>&#8211; Bardzo si\u0119 ciesz\u0119, \u017ce obecne relacje pomi\u0119dzy naszymi krajami s\u0105 tak dobre. Przyj\u0119li\u015bmy Ukrai\u0144c\u00f3w. Kobiety i dzieci, kt\u00f3re znalaz\u0142y schronienie w naszym kraju. To jest w\u0142a\u015bnie dow\u00f3d naszej przyja\u017ani i dobros\u0105siedzkich relacji oraz du\u017cy kapita\u0142 je\u017celi chodzi o przysz\u0142o\u015b\u0107 &#8211; zaznaczy\u0142 wicepremier.<\/p>\n<p>Szef MON by\u0142 tak\u017ce w Irpieniu \u2013 mie\u015bcie w Ukrainie, kt\u00f3re zosta\u0142o ca\u0142kowicie zniszczone w trakcie rosyjskiej inwazji. Wicepremier z\u0142o\u017cy\u0142 tak\u017ce kwiaty pod \u015acian\u0105 Pami\u0119ci Poleg\u0142ych za Ukrain\u0119 przy Soborze \u015bw. Micha\u0142a w Kijowie.<\/p>\n<p>Arkadiusz S\u0142omczy\u0144ski<\/p>\n","protected":false},"excerpt":{"rendered":"<p>Wicepremier, minister obrony narodowej Mariusz B\u0142aszczak spotka\u0142 si\u0119 w Kijowie z prezydentem Wo\u0142odymyrem Ze\u0142enskim oraz ministrem obrony Ukrainy O\u0142eksijem Reznikowem. Tematem rozm\u00f3w by\u0142o wsparcie dla Ukrainy oraz sytuacja bezpiecze\u0144stwa w&hellip;<\/p>\n","protected":false},"author":7,"featured_media":23818,"comment_status":"closed","ping_status":"open","sticky":false,"template":"","format":"standard","meta":{"_mi_skip_tracking":false,"footnotes":""},"categories":[47],"tags":[],"class_list":["post-23817","post","type-post","status-publish","format-standard","has-post-thumbnail","hentry","category-wydarzenia"],"yoast_head":"<!-- This site is optimized with the Yoast SEO plugin v19.4 - https:\/\/yoast.com\/wordpress\/plugins\/seo\/ -->\n<title>Minister obrony narodowej na Ukrainie. Spotka\u0142 si\u0119 z prezydentem Ze\u0142enskim. - Godno\u015b\u0107 - DignityNews.eu<\/title>\n<meta name=\"robots\" content=\"index, follow, max-snippet:-1, max-image-preview:large, max-video-preview:-1\" \/>\n<link rel=\"canonical\" href=\"https:\/\/dignitynews.eu\/pl\/minister-obrony-narodowej-na-ukrainie-spotkal-sie-z-prezydentem-zelenskim\/\" \/>\n<meta property=\"og:locale\" content=\"pl_PL\" \/>\n<meta property=\"og:type\" content=\"article\" \/>\n<meta property=\"og:title\" content=\"Minister obrony narodowej na Ukrainie. Spotka\u0142 si\u0119 z prezydentem Ze\u0142enskim. - Godno\u015b\u0107 - DignityNews.eu\" \/>\n<meta property=\"og:description\" content=\"Wicepremier, minister obrony narodowej Mariusz B\u0142aszczak spotka\u0142 si\u0119 w Kijowie z prezydentem Wo\u0142odymyrem Ze\u0142enskim oraz ministrem obrony Ukrainy O\u0142eksijem Reznikowem. Tematem rozm\u00f3w by\u0142o wsparcie dla Ukrainy oraz sytuacja bezpiecze\u0144stwa w&hellip;\" \/>\n<meta property=\"og:url\" content=\"https:\/\/dignitynews.eu\/pl\/minister-obrony-narodowej-na-ukrainie-spotkal-sie-z-prezydentem-zelenskim\/\" \/>\n<meta property=\"og:site_name\" content=\"Godno\u015b\u0107 - DignityNews.eu\" \/>\n<meta property=\"article:published_time\" content=\"2022-07-13T09:10:39+00:00\" \/>\n<meta property=\"article:modified_time\" content=\"2022-07-13T09:25:58+00:00\" \/>\n<meta property=\"og:image\" content=\"https:\/\/dignitynews.eu\/wp-content\/uploads\/2022\/07\/minister-na-Ukrainie-fot.-MInisterstwo-Obrony-Narodowej.jpg\" \/>\n\t<meta property=\"og:image:width\" content=\"800\" \/>\n\t<meta property=\"og:image:height\" content=\"450\" \/>\n\t<meta property=\"og:image:type\" content=\"image\/jpeg\" \/>\n<meta name=\"author\" content=\"Dignity News\" \/>\n<meta name=\"twitter:card\" content=\"summary_large_image\" \/>\n<meta name=\"twitter:label1\" content=\"Napisane przez\" \/>\n\t<meta name=\"twitter:data1\" content=\"Dignity News\" \/>\n\t<meta name=\"twitter:label2\" content=\"Szacowany czas czytania\" \/>\n\t<meta name=\"twitter:data2\" content=\"2 minuty\" \/>\n<script type=\"application\/ld+json\" class=\"yoast-schema-graph\">{\"@context\":\"https:\/\/schema.org\",\"@graph\":[{\"@type\":\"WebSite\",\"@id\":\"https:\/\/dignitynews.eu\/pl\/#website\",\"url\":\"https:\/\/dignitynews.eu\/pl\/\",\"name\":\"Godno\u015b\u0107 - DignityNews.eu\",\"description\":\"\",\"potentialAction\":[{\"@type\":\"SearchAction\",\"target\":{\"@type\":\"EntryPoint\",\"urlTemplate\":\"https:\/\/dignitynews.eu\/pl\/?s={search_term_string}\"},\"query-input\":\"required name=search_term_string\"}],\"inLanguage\":\"pl-PL\"},{\"@type\":\"WebPage\",\"@id\":\"https:\/\/dignitynews.eu\/pl\/minister-obrony-narodowej-na-ukrainie-spotkal-sie-z-prezydentem-zelenskim\/\",\"url\":\"https:\/\/dignitynews.eu\/pl\/minister-obrony-narodowej-na-ukrainie-spotkal-sie-z-prezydentem-zelenskim\/\",\"name\":\"Minister obrony narodowej na Ukrainie. Spotka\u0142 si\u0119 z prezydentem Ze\u0142enskim. - Godno\u015b\u0107 - DignityNews.eu\",\"isPartOf\":{\"@id\":\"https:\/\/dignitynews.eu\/pl\/#website\"},\"datePublished\":\"2022-07-13T09:10:39+00:00\",\"dateModified\":\"2022-07-13T09:25:58+00:00\",\"author\":{\"@id\":\"https:\/\/dignitynews.eu\/pl\/#\/schema\/person\/0b62b762b8174802fabc81a3ecb1bfcb\"},\"breadcrumb\":{\"@id\":\"https:\/\/dignitynews.eu\/pl\/minister-obrony-narodowej-na-ukrainie-spotkal-sie-z-prezydentem-zelenskim\/#breadcrumb\"},\"inLanguage\":\"pl-PL\",\"potentialAction\":[{\"@type\":\"ReadAction\",\"target\":[\"https:\/\/dignitynews.eu\/pl\/minister-obrony-narodowej-na-ukrainie-spotkal-sie-z-prezydentem-zelenskim\/\"]}]},{\"@type\":\"BreadcrumbList\",\"@id\":\"https:\/\/dignitynews.eu\/pl\/minister-obrony-narodowej-na-ukrainie-spotkal-sie-z-prezydentem-zelenskim\/#breadcrumb\",\"itemListElement\":[{\"@type\":\"ListItem\",\"position\":1,\"name\":\"Strona g\u0142\u00f3wna\",\"item\":\"https:\/\/dignitynews.eu\/pl\/\"},{\"@type\":\"ListItem\",\"position\":2,\"name\":\"Minister obrony narodowej na Ukrainie. Spotka\u0142 si\u0119 z prezydentem Ze\u0142enskim.\"}]},{\"@type\":\"Person\",\"@id\":\"https:\/\/dignitynews.eu\/pl\/#\/schema\/person\/0b62b762b8174802fabc81a3ecb1bfcb\",\"name\":\"Dignity News\",\"image\":{\"@type\":\"ImageObject\",\"inLanguage\":\"pl-PL\",\"@id\":\"https:\/\/dignitynews.eu\/pl\/#\/schema\/person\/image\/\",\"url\":\"https:\/\/secure.gravatar.com\/avatar\/97963171a6d9108f8381bbefb1c6b150c445b6ddd9e3077b96c86cf5892c85dc?s=96&d=mm&r=g\",\"contentUrl\":\"https:\/\/secure.gravatar.com\/avatar\/97963171a6d9108f8381bbefb1c6b150c445b6ddd9e3077b96c86cf5892c85dc?s=96&d=mm&r=g\",\"caption\":\"Dignity News\"},\"url\":\"https:\/\/dignitynews.eu\/pl\/author\/mikolaj-palade\/\"}]}<\/script>\n<!-- \/ Yoast SEO plugin. -->","yoast_head_json":{"title":"Minister obrony narodowej na Ukrainie. Spotka\u0142 si\u0119 z prezydentem Ze\u0142enskim. - Godno\u015b\u0107 - DignityNews.eu","robots":{"index":"index","follow":"follow","max-snippet":"max-snippet:-1","max-image-preview":"max-image-preview:large","max-video-preview":"max-video-preview:-1"},"canonical":"https:\/\/dignitynews.eu\/pl\/minister-obrony-narodowej-na-ukrainie-spotkal-sie-z-prezydentem-zelenskim\/","og_locale":"pl_PL","og_type":"article","og_title":"Minister obrony narodowej na Ukrainie. Spotka\u0142 si\u0119 z prezydentem Ze\u0142enskim. - Godno\u015b\u0107 - DignityNews.eu","og_description":"Wicepremier, minister obrony narodowej Mariusz B\u0142aszczak spotka\u0142 si\u0119 w Kijowie z prezydentem Wo\u0142odymyrem Ze\u0142enskim oraz ministrem obrony Ukrainy O\u0142eksijem Reznikowem. Tematem rozm\u00f3w by\u0142o wsparcie dla Ukrainy oraz sytuacja bezpiecze\u0144stwa w&hellip;","og_url":"https:\/\/dignitynews.eu\/pl\/minister-obrony-narodowej-na-ukrainie-spotkal-sie-z-prezydentem-zelenskim\/","og_site_name":"Godno\u015b\u0107 - DignityNews.eu","article_published_time":"2022-07-13T09:10:39+00:00","article_modified_time":"2022-07-13T09:25:58+00:00","og_image":[{"width":800,"height":450,"url":"https:\/\/dignitynews.eu\/wp-content\/uploads\/2022\/07\/minister-na-Ukrainie-fot.-MInisterstwo-Obrony-Narodowej.jpg","type":"image\/jpeg"}],"author":"Dignity News","twitter_card":"summary_large_image","twitter_misc":{"Napisane przez":"Dignity News","Szacowany czas czytania":"2 minuty"},"schema":{"@context":"https:\/\/schema.org","@graph":[{"@type":"WebSite","@id":"https:\/\/dignitynews.eu\/pl\/#website","url":"https:\/\/dignitynews.eu\/pl\/","name":"Godno\u015b\u0107 - DignityNews.eu","description":"","potentialAction":[{"@type":"SearchAction","target":{"@type":"EntryPoint","urlTemplate":"https:\/\/dignitynews.eu\/pl\/?s={search_term_string}"},"query-input":"required name=search_term_string"}],"inLanguage":"pl-PL"},{"@type":"WebPage","@id":"https:\/\/dignitynews.eu\/pl\/minister-obrony-narodowej-na-ukrainie-spotkal-sie-z-prezydentem-zelenskim\/","url":"https:\/\/dignitynews.eu\/pl\/minister-obrony-narodowej-na-ukrainie-spotkal-sie-z-prezydentem-zelenskim\/","name":"Minister obrony narodowej na Ukrainie. Spotka\u0142 si\u0119 z prezydentem Ze\u0142enskim. - Godno\u015b\u0107 - DignityNews.eu","isPartOf":{"@id":"https:\/\/dignitynews.eu\/pl\/#website"},"datePublished":"2022-07-13T09:10:39+00:00","dateModified":"2022-07-13T09:25:58+00:00","author":{"@id":"https:\/\/dignitynews.eu\/pl\/#\/schema\/person\/0b62b762b8174802fabc81a3ecb1bfcb"},"breadcrumb":{"@id":"https:\/\/dignitynews.eu\/pl\/minister-obrony-narodowej-na-ukrainie-spotkal-sie-z-prezydentem-zelenskim\/#breadcrumb"},"inLanguage":"pl-PL","potentialAction":[{"@type":"ReadAction","target":["https:\/\/dignitynews.eu\/pl\/minister-obrony-narodowej-na-ukrainie-spotkal-sie-z-prezydentem-zelenskim\/"]}]},{"@type":"BreadcrumbList","@id":"https:\/\/dignitynews.eu\/pl\/minister-obrony-narodowej-na-ukrainie-spotkal-sie-z-prezydentem-zelenskim\/#breadcrumb","itemListElement":[{"@type":"ListItem","position":1,"name":"Strona g\u0142\u00f3wna","item":"https:\/\/dignitynews.eu\/pl\/"},{"@type":"ListItem","position":2,"name":"Minister obrony narodowej na Ukrainie. Spotka\u0142 si\u0119 z prezydentem Ze\u0142enskim."}]},{"@type":"Person","@id":"https:\/\/dignitynews.eu\/pl\/#\/schema\/person\/0b62b762b8174802fabc81a3ecb1bfcb","name":"Dignity News","image":{"@type":"ImageObject","inLanguage":"pl-PL","@id":"https:\/\/dignitynews.eu\/pl\/#\/schema\/person\/image\/","url":"https:\/\/secure.gravatar.com\/avatar\/97963171a6d9108f8381bbefb1c6b150c445b6ddd9e3077b96c86cf5892c85dc?s=96&d=mm&r=g","contentUrl":"https:\/\/secure.gravatar.com\/avatar\/97963171a6d9108f8381bbefb1c6b150c445b6ddd9e3077b96c86cf5892c85dc?s=96&d=mm&r=g","caption":"Dignity News"},"url":"https:\/\/dignitynews.eu\/pl\/author\/mikolaj-palade\/"}]}},"_links":{"self":[{"href":"https:\/\/dignitynews.eu\/pl\/wp-json\/wp\/v2\/posts\/23817","targetHints":{"allow":["GET"]}}],"collection":[{"href":"https:\/\/dignitynews.eu\/pl\/wp-json\/wp\/v2\/posts"}],"about":[{"href":"https:\/\/dignitynews.eu\/pl\/wp-json\/wp\/v2\/types\/post"}],"author":[{"embeddable":true,"href":"https:\/\/dignitynews.eu\/pl\/wp-json\/wp\/v2\/users\/7"}],"replies":[{"embeddable":true,"href":"https:\/\/dignitynews.eu\/pl\/wp-json\/wp\/v2\/comments?post=23817"}],"version-history":[{"count":3,"href":"https:\/\/dignitynews.eu\/pl\/wp-json\/wp\/v2\/posts\/23817\/revisions"}],"predecessor-version":[{"id":23840,"href":"https:\/\/dignitynews.eu\/pl\/wp-json\/wp\/v2\/posts\/23817\/revisions\/23840"}],"wp:featuredmedia":[{"embeddable":true,"href":"https:\/\/dignitynews.eu\/pl\/wp-json\/wp\/v2\/media\/23818"}],"wp:attachment":[{"href":"https:\/\/dignitynews.eu\/pl\/wp-json\/wp\/v2\/media?parent=23817"}],"wp:term":[{"taxonomy":"category","embeddable":true,"href":"https:\/\/dignitynews.eu\/pl\/wp-json\/wp\/v2\/categories?post=23817"},{"taxonomy":"post_tag","embeddable":true,"href":"https:\/\/dignitynews.eu\/pl\/wp-json\/wp\/v2\/tags?post=23817"}],"curies":[{"name":"wp","href":"https:\/\/api.w.org\/{rel}","templated":true}]}}