{"id":23810,"date":"2022-07-13T11:15:15","date_gmt":"2022-07-13T09:15:15","guid":{"rendered":"https:\/\/dignitynews.eu\/?p=23810"},"modified":"2022-07-13T11:34:02","modified_gmt":"2022-07-13T09:34:02","slug":"polska-odnawia-relacje-dyplomatyczne-z-izraelem-prezydent-duda-pierwszy-krok-wykonany","status":"publish","type":"post","link":"https:\/\/dignitynews.eu\/pl\/polska-odnawia-relacje-dyplomatyczne-z-izraelem-prezydent-duda-pierwszy-krok-wykonany\/","title":{"rendered":"Polska odnawia relacje dyplomatyczne z Izraelem. Prezydent Duda: pierwszy krok wykonany"},"content":{"rendered":"<h5>Polska odnawia relacje dyplomatyczne z Izraelem. Pierwszy krok wykonany &#8211; napisa\u0142 na Twitterze prezydent Andrzej Duda. We wtorek listy uwierzytelniaj\u0105ce z\u0142o\u017cy\u0142 nowy ambasador Izraela w Polsce Yacov Livne. Nowy ambasador powiedzia\u0142, \u017ce wierzy, \u017ce w Jerozolimie i w Warszawie jest ch\u0119\u0107 powrotu na wsp\u00f3ln\u0105 \u015bcie\u017ck\u0119.<\/h5>\n<p>Yacow Livne urodzi\u0142 si\u0119 w Moskwie w 1967 r. i wyemigrowa\u0142 do Izraela w 1974 r. Ma tytu\u0142 licencjata z fizyki, magistra z dziedziny stosunk\u00f3w mi\u0119dzynarodowych, bezpiecze\u0144stwa i dyplomacji oraz doktorat z historii.<\/p>\n<p>&#8211; Przyjecha\u0142em tutaj, \u017ceby odbudowa\u0107 nasze relacje i przywr\u00f3ci\u0107 nasze kraje do normalnych, dobrych relacji, kt\u00f3re mieli\u015bmy w przesz\u0142o\u015bci. My\u015bl\u0119, \u017ce s\u0105 szanse, \u017ceby si\u0119 to uda\u0142o &#8211; powiedzia\u0142 Livne Polskiemu Radiu.<\/p>\n<p>Prezydent Andrzej Duda we wpisie na Twitterze napisa\u0142, \u017ce liczy tak\u017ce na szybkie przywr\u00f3cenie ambasadora Polski w Izraelu. Rzecznik ministerstwa spraw zagranicznych (MSZ) \u0141ukasz Jasina nie ujawnia szczeg\u00f3\u0142\u00f3w dotycz\u0105cych jego powo\u0142ania.<\/p>\n<p>&#8211; Kandydatura zostanie ujawniona dopiero po jej przedstawieniu i kiedy trafi pod obrady komisji spraw zagranicznych polskiego parlamentu \u2013 zapowiedzia\u0142 rzecznik.<\/p>\n<p>Polska nie ma swojego ambasadora w Izraelu od zesz\u0142ego roku, gdy izraelskie MSZ wyda\u0142o rekomendacj\u0119, by polski przedstawiciel pozosta\u0142 w Polsce. Och\u0142odzenie w relacjach Polski i Izraela pojawi\u0142o si\u0119 po nowelizacji przez Sejm kodeksu post\u0119powania administracyjnego. Nowe przepisy uniemo\u017cliwi\u0142y zwrot nieruchomo\u015bci odebranych przez w\u0142adze pa\u0144stwowe po drugiej wojnie \u015bwiatowej, wprowadzaj\u0105c limit 30 lat na uznanie roszcze\u0144 reprywatyzacyjnych<\/p>\n<p>Na pocz\u0105tku lipca w rozmowie telefonicznej prezydenci Polski i Izraela zgodzili si\u0119, \u017ce oba kraje powinny rozwija\u0107 dwustronne relacje dyplomatyczne. Podczas rozmowy prezydenci ustalili, \u017ce powinien zosta\u0107 wyznaczony polski ambasador w Tel-Awiwie.<\/p>\n<p>&#8211; Ustalono, \u017ce stosunki mi\u0119dzy krajami zostan\u0105 przywr\u00f3cone na w\u0142a\u015bciwe tory &#8211; napisa\u0142a wtedy w komunikacie Kancelaria Prezydenta.<\/p>\n<p>Arkadiusz S\u0142omczy\u0144ski<\/p>\n","protected":false},"excerpt":{"rendered":"<p>Polska odnawia relacje dyplomatyczne z Izraelem. Pierwszy krok wykonany &#8211; napisa\u0142 na Twitterze prezydent Andrzej Duda. We wtorek listy uwierzytelniaj\u0105ce z\u0142o\u017cy\u0142 nowy ambasador Izraela w Polsce Yacov Livne. Nowy ambasador&hellip;<\/p>\n","protected":false},"author":7,"featured_media":23811,"comment_status":"closed","ping_status":"open","sticky":false,"template":"","format":"standard","meta":{"_mi_skip_tracking":false,"footnotes":""},"categories":[47],"tags":[],"class_list":["post-23810","post","type-post","status-publish","format-standard","has-post-thumbnail","hentry","category-wydarzenia"],"yoast_head":"<!-- This site is optimized with the Yoast SEO plugin v19.4 - https:\/\/yoast.com\/wordpress\/plugins\/seo\/ -->\n<title>Polska odnawia relacje dyplomatyczne z Izraelem. Prezydent Duda: pierwszy krok wykonany - Godno\u015b\u0107 - DignityNews.eu<\/title>\n<meta name=\"robots\" content=\"index, follow, max-snippet:-1, max-image-preview:large, max-video-preview:-1\" \/>\n<link rel=\"canonical\" href=\"https:\/\/dignitynews.eu\/pl\/polska-odnawia-relacje-dyplomatyczne-z-izraelem-prezydent-duda-pierwszy-krok-wykonany\/\" \/>\n<meta property=\"og:locale\" content=\"pl_PL\" \/>\n<meta property=\"og:type\" content=\"article\" \/>\n<meta property=\"og:title\" content=\"Polska odnawia relacje dyplomatyczne z Izraelem. Prezydent Duda: pierwszy krok wykonany - Godno\u015b\u0107 - DignityNews.eu\" \/>\n<meta property=\"og:description\" content=\"Polska odnawia relacje dyplomatyczne z Izraelem. Pierwszy krok wykonany &#8211; napisa\u0142 na Twitterze prezydent Andrzej Duda. We wtorek listy uwierzytelniaj\u0105ce z\u0142o\u017cy\u0142 nowy ambasador Izraela w Polsce Yacov Livne. Nowy ambasador&hellip;\" \/>\n<meta property=\"og:url\" content=\"https:\/\/dignitynews.eu\/pl\/polska-odnawia-relacje-dyplomatyczne-z-izraelem-prezydent-duda-pierwszy-krok-wykonany\/\" \/>\n<meta property=\"og:site_name\" content=\"Godno\u015b\u0107 - DignityNews.eu\" \/>\n<meta property=\"article:published_time\" content=\"2022-07-13T09:15:15+00:00\" \/>\n<meta property=\"article:modified_time\" content=\"2022-07-13T09:34:02+00:00\" \/>\n<meta property=\"og:image\" content=\"https:\/\/dignitynews.eu\/wp-content\/uploads\/2022\/07\/ambasador-Izraela-listy-uwierzytelniajace-fot.-Jan-Bielecki-East-News.jpg\" \/>\n\t<meta property=\"og:image:width\" content=\"1500\" \/>\n\t<meta property=\"og:image:height\" content=\"968\" \/>\n\t<meta property=\"og:image:type\" content=\"image\/jpeg\" \/>\n<meta name=\"author\" content=\"Dignity News\" \/>\n<meta name=\"twitter:card\" content=\"summary_large_image\" \/>\n<meta name=\"twitter:label1\" content=\"Napisane przez\" \/>\n\t<meta name=\"twitter:data1\" content=\"Dignity News\" \/>\n\t<meta name=\"twitter:label2\" content=\"Szacowany czas czytania\" \/>\n\t<meta name=\"twitter:data2\" content=\"2 minuty\" \/>\n<script type=\"application\/ld+json\" class=\"yoast-schema-graph\">{\"@context\":\"https:\/\/schema.org\",\"@graph\":[{\"@type\":\"WebSite\",\"@id\":\"https:\/\/dignitynews.eu\/pl\/#website\",\"url\":\"https:\/\/dignitynews.eu\/pl\/\",\"name\":\"Godno\u015b\u0107 - DignityNews.eu\",\"description\":\"\",\"potentialAction\":[{\"@type\":\"SearchAction\",\"target\":{\"@type\":\"EntryPoint\",\"urlTemplate\":\"https:\/\/dignitynews.eu\/pl\/?s={search_term_string}\"},\"query-input\":\"required name=search_term_string\"}],\"inLanguage\":\"pl-PL\"},{\"@type\":\"WebPage\",\"@id\":\"https:\/\/dignitynews.eu\/pl\/polska-odnawia-relacje-dyplomatyczne-z-izraelem-prezydent-duda-pierwszy-krok-wykonany\/\",\"url\":\"https:\/\/dignitynews.eu\/pl\/polska-odnawia-relacje-dyplomatyczne-z-izraelem-prezydent-duda-pierwszy-krok-wykonany\/\",\"name\":\"Polska odnawia relacje dyplomatyczne z Izraelem. Prezydent Duda: pierwszy krok wykonany - Godno\u015b\u0107 - DignityNews.eu\",\"isPartOf\":{\"@id\":\"https:\/\/dignitynews.eu\/pl\/#website\"},\"datePublished\":\"2022-07-13T09:15:15+00:00\",\"dateModified\":\"2022-07-13T09:34:02+00:00\",\"author\":{\"@id\":\"https:\/\/dignitynews.eu\/pl\/#\/schema\/person\/0b62b762b8174802fabc81a3ecb1bfcb\"},\"breadcrumb\":{\"@id\":\"https:\/\/dignitynews.eu\/pl\/polska-odnawia-relacje-dyplomatyczne-z-izraelem-prezydent-duda-pierwszy-krok-wykonany\/#breadcrumb\"},\"inLanguage\":\"pl-PL\",\"potentialAction\":[{\"@type\":\"ReadAction\",\"target\":[\"https:\/\/dignitynews.eu\/pl\/polska-odnawia-relacje-dyplomatyczne-z-izraelem-prezydent-duda-pierwszy-krok-wykonany\/\"]}]},{\"@type\":\"BreadcrumbList\",\"@id\":\"https:\/\/dignitynews.eu\/pl\/polska-odnawia-relacje-dyplomatyczne-z-izraelem-prezydent-duda-pierwszy-krok-wykonany\/#breadcrumb\",\"itemListElement\":[{\"@type\":\"ListItem\",\"position\":1,\"name\":\"Strona g\u0142\u00f3wna\",\"item\":\"https:\/\/dignitynews.eu\/pl\/\"},{\"@type\":\"ListItem\",\"position\":2,\"name\":\"Polska odnawia relacje dyplomatyczne z Izraelem. Prezydent Duda: pierwszy krok wykonany\"}]},{\"@type\":\"Person\",\"@id\":\"https:\/\/dignitynews.eu\/pl\/#\/schema\/person\/0b62b762b8174802fabc81a3ecb1bfcb\",\"name\":\"Dignity News\",\"image\":{\"@type\":\"ImageObject\",\"inLanguage\":\"pl-PL\",\"@id\":\"https:\/\/dignitynews.eu\/pl\/#\/schema\/person\/image\/\",\"url\":\"https:\/\/secure.gravatar.com\/avatar\/97963171a6d9108f8381bbefb1c6b150c445b6ddd9e3077b96c86cf5892c85dc?s=96&d=mm&r=g\",\"contentUrl\":\"https:\/\/secure.gravatar.com\/avatar\/97963171a6d9108f8381bbefb1c6b150c445b6ddd9e3077b96c86cf5892c85dc?s=96&d=mm&r=g\",\"caption\":\"Dignity News\"},\"url\":\"https:\/\/dignitynews.eu\/pl\/author\/mikolaj-palade\/\"}]}<\/script>\n<!-- \/ Yoast SEO plugin. -->","yoast_head_json":{"title":"Polska odnawia relacje dyplomatyczne z Izraelem. Prezydent Duda: pierwszy krok wykonany - Godno\u015b\u0107 - DignityNews.eu","robots":{"index":"index","follow":"follow","max-snippet":"max-snippet:-1","max-image-preview":"max-image-preview:large","max-video-preview":"max-video-preview:-1"},"canonical":"https:\/\/dignitynews.eu\/pl\/polska-odnawia-relacje-dyplomatyczne-z-izraelem-prezydent-duda-pierwszy-krok-wykonany\/","og_locale":"pl_PL","og_type":"article","og_title":"Polska odnawia relacje dyplomatyczne z Izraelem. Prezydent Duda: pierwszy krok wykonany - Godno\u015b\u0107 - DignityNews.eu","og_description":"Polska odnawia relacje dyplomatyczne z Izraelem. Pierwszy krok wykonany &#8211; napisa\u0142 na Twitterze prezydent Andrzej Duda. We wtorek listy uwierzytelniaj\u0105ce z\u0142o\u017cy\u0142 nowy ambasador Izraela w Polsce Yacov Livne. Nowy ambasador&hellip;","og_url":"https:\/\/dignitynews.eu\/pl\/polska-odnawia-relacje-dyplomatyczne-z-izraelem-prezydent-duda-pierwszy-krok-wykonany\/","og_site_name":"Godno\u015b\u0107 - DignityNews.eu","article_published_time":"2022-07-13T09:15:15+00:00","article_modified_time":"2022-07-13T09:34:02+00:00","og_image":[{"width":1500,"height":968,"url":"https:\/\/dignitynews.eu\/wp-content\/uploads\/2022\/07\/ambasador-Izraela-listy-uwierzytelniajace-fot.-Jan-Bielecki-East-News.jpg","type":"image\/jpeg"}],"author":"Dignity News","twitter_card":"summary_large_image","twitter_misc":{"Napisane przez":"Dignity News","Szacowany czas czytania":"2 minuty"},"schema":{"@context":"https:\/\/schema.org","@graph":[{"@type":"WebSite","@id":"https:\/\/dignitynews.eu\/pl\/#website","url":"https:\/\/dignitynews.eu\/pl\/","name":"Godno\u015b\u0107 - DignityNews.eu","description":"","potentialAction":[{"@type":"SearchAction","target":{"@type":"EntryPoint","urlTemplate":"https:\/\/dignitynews.eu\/pl\/?s={search_term_string}"},"query-input":"required name=search_term_string"}],"inLanguage":"pl-PL"},{"@type":"WebPage","@id":"https:\/\/dignitynews.eu\/pl\/polska-odnawia-relacje-dyplomatyczne-z-izraelem-prezydent-duda-pierwszy-krok-wykonany\/","url":"https:\/\/dignitynews.eu\/pl\/polska-odnawia-relacje-dyplomatyczne-z-izraelem-prezydent-duda-pierwszy-krok-wykonany\/","name":"Polska odnawia relacje dyplomatyczne z Izraelem. Prezydent Duda: pierwszy krok wykonany - Godno\u015b\u0107 - DignityNews.eu","isPartOf":{"@id":"https:\/\/dignitynews.eu\/pl\/#website"},"datePublished":"2022-07-13T09:15:15+00:00","dateModified":"2022-07-13T09:34:02+00:00","author":{"@id":"https:\/\/dignitynews.eu\/pl\/#\/schema\/person\/0b62b762b8174802fabc81a3ecb1bfcb"},"breadcrumb":{"@id":"https:\/\/dignitynews.eu\/pl\/polska-odnawia-relacje-dyplomatyczne-z-izraelem-prezydent-duda-pierwszy-krok-wykonany\/#breadcrumb"},"inLanguage":"pl-PL","potentialAction":[{"@type":"ReadAction","target":["https:\/\/dignitynews.eu\/pl\/polska-odnawia-relacje-dyplomatyczne-z-izraelem-prezydent-duda-pierwszy-krok-wykonany\/"]}]},{"@type":"BreadcrumbList","@id":"https:\/\/dignitynews.eu\/pl\/polska-odnawia-relacje-dyplomatyczne-z-izraelem-prezydent-duda-pierwszy-krok-wykonany\/#breadcrumb","itemListElement":[{"@type":"ListItem","position":1,"name":"Strona g\u0142\u00f3wna","item":"https:\/\/dignitynews.eu\/pl\/"},{"@type":"ListItem","position":2,"name":"Polska odnawia relacje dyplomatyczne z Izraelem. Prezydent Duda: pierwszy krok wykonany"}]},{"@type":"Person","@id":"https:\/\/dignitynews.eu\/pl\/#\/schema\/person\/0b62b762b8174802fabc81a3ecb1bfcb","name":"Dignity News","image":{"@type":"ImageObject","inLanguage":"pl-PL","@id":"https:\/\/dignitynews.eu\/pl\/#\/schema\/person\/image\/","url":"https:\/\/secure.gravatar.com\/avatar\/97963171a6d9108f8381bbefb1c6b150c445b6ddd9e3077b96c86cf5892c85dc?s=96&d=mm&r=g","contentUrl":"https:\/\/secure.gravatar.com\/avatar\/97963171a6d9108f8381bbefb1c6b150c445b6ddd9e3077b96c86cf5892c85dc?s=96&d=mm&r=g","caption":"Dignity News"},"url":"https:\/\/dignitynews.eu\/pl\/author\/mikolaj-palade\/"}]}},"_links":{"self":[{"href":"https:\/\/dignitynews.eu\/pl\/wp-json\/wp\/v2\/posts\/23810","targetHints":{"allow":["GET"]}}],"collection":[{"href":"https:\/\/dignitynews.eu\/pl\/wp-json\/wp\/v2\/posts"}],"about":[{"href":"https:\/\/dignitynews.eu\/pl\/wp-json\/wp\/v2\/types\/post"}],"author":[{"embeddable":true,"href":"https:\/\/dignitynews.eu\/pl\/wp-json\/wp\/v2\/users\/7"}],"replies":[{"embeddable":true,"href":"https:\/\/dignitynews.eu\/pl\/wp-json\/wp\/v2\/comments?post=23810"}],"version-history":[{"count":1,"href":"https:\/\/dignitynews.eu\/pl\/wp-json\/wp\/v2\/posts\/23810\/revisions"}],"predecessor-version":[{"id":23816,"href":"https:\/\/dignitynews.eu\/pl\/wp-json\/wp\/v2\/posts\/23810\/revisions\/23816"}],"wp:featuredmedia":[{"embeddable":true,"href":"https:\/\/dignitynews.eu\/pl\/wp-json\/wp\/v2\/media\/23811"}],"wp:attachment":[{"href":"https:\/\/dignitynews.eu\/pl\/wp-json\/wp\/v2\/media?parent=23810"}],"wp:term":[{"taxonomy":"category","embeddable":true,"href":"https:\/\/dignitynews.eu\/pl\/wp-json\/wp\/v2\/categories?post=23810"},{"taxonomy":"post_tag","embeddable":true,"href":"https:\/\/dignitynews.eu\/pl\/wp-json\/wp\/v2\/tags?post=23810"}],"curies":[{"name":"wp","href":"https:\/\/api.w.org\/{rel}","templated":true}]}}