{"id":23789,"date":"2022-07-13T10:43:07","date_gmt":"2022-07-13T08:43:07","guid":{"rendered":"https:\/\/dignitynews.eu\/?p=23789"},"modified":"2022-07-13T10:43:07","modified_gmt":"2022-07-13T08:43:07","slug":"festiwal-tworczosci-zdzislawa-beksinskiego-beksinski-na-slasku","status":"publish","type":"post","link":"https:\/\/dignitynews.eu\/pl\/festiwal-tworczosci-zdzislawa-beksinskiego-beksinski-na-slasku\/","title":{"rendered":"Festiwal tw\u00f3rczo\u015bci Zdzis\u0142awa Beksi\u0144skiego \u201eBeksi\u0144ski na \u015al\u0105sku\u201d"},"content":{"rendered":"<h5>W Tichauer Art Gallery w industrialnych przestrzeniach Browaru Obywatelskiego w Tychach trwa festiwal tw\u00f3rczo\u015bci Zdzis\u0142awa Beksi\u0144skiego \u201eBeksi\u0144ski na \u015al\u0105sku\u201d. Mi\u0142o\u015bnicy tw\u00f3rczo\u015bci Beksi\u0144skiego mog\u0105 uczestniczy\u0107 w szeregu niezwyk\u0142ych wydarze\u0144 zwi\u0105zanych bezpo\u015brednio z tw\u00f3rczo\u015bci\u0105 s\u0142ynnego polskiego mistrza dystopijnego surrealizmu.<\/h5>\n<p>Festiwal obejmie wystaw\u0119 55 oryginalnych obraz\u00f3w artysty, obszern\u0105 wystaw\u0119 multimedialn\u0105 \u201eBeksi\u0144ski Multimedia Exhibition \u2013 Human Condition\u201d, pokazy film\u00f3w o \u017cyciu Beksi\u0144skich, spotkania z ich przyjaci\u00f3\u0142mi, panele i dyskusje z go\u015b\u0107mi, a tak\u017ce koncert fina\u0142owy \u201e\u015awiat Mistrza Beksi\u0144skiego\u201d. To pierwsze w Polsce tak kompleksowe przedsi\u0119wzi\u0119cie artystyczne po\u015bwi\u0119cone tw\u00f3rczo\u015bci s\u0142ynnego malarza.<\/p>\n<p>Na wystawie mo\u017cna ogl\u0105da\u0107 50 wyselekcjonowanych obraz\u00f3w z kolekcji Muzeum Historycznego w Sanoku &#8211; wy\u0142\u0105cznego spadkobiercy Mistrza &#8211; a tak\u017ce 5 nietuzinkowych dzie\u0142 z tzw. \u201ckolekcji japo\u0144skiej\u201d \u2013 zbioru obraz\u00f3w zakupionych na pocz\u0105tku lat 90. XX wieku przez tajemniczych kolekcjoner\u00f3w z Japonii, w celu stworzenia Muzeum Sztuki Wschodnioeuropejskiej w Osace. Obrazy te do niedawna by\u0142y uwa\u017cane za zaginione.<\/p>\n<p>\u2013 Wystawa w pe\u0142ni reprezentatywnie pokazuje dwa najwa\u017cniejsze okresy tw\u00f3rczo\u015bci Zdzis\u0142awa Beksi\u0144skiego \u2013 realizm fantastyczny i 20 ostatnich lat jego pracy. Wystawa adresowana jest do ka\u017cdego, kto chcia\u0142by bli\u017cej pozna\u0107 \u015bwiat wizji tego wielkiego artysty, kt\u00f3ry stworzy\u0142 sw\u00f3j niepowtarzalny i przejmuj\u0105cy styl malowania &#8211; m\u00f3wi wiceprezes Zarz\u0105du Tichauer, Anna B\u0119dkowska,<\/p>\n<p>W przestrzeniach Tichauer Art Gallery go\u015bci tak\u017ce niezwyk\u0142a wystawa multimedialna \u201eBeksi\u0144ski Multimedia Exhibition \u2013 Human Condition\u201d. To multimedialna podr\u00f3\u017c przez tw\u00f3rczo\u015b\u0107 artysty w ekscytuj\u0105cy spos\u00f3b \u0142\u0105cz\u0105ca obraz i d\u017awi\u0119k. Wybrane dzie\u0142a Beksi\u0144skiego zostan\u0105 zaprezentowane na wielkoformatowych ekranach, a poprzez technologi\u0119 VR ka\u017cdy z odwiedzaj\u0105cych b\u0119dzie m\u00f3g\u0142 wr\u0119cz \u201ewej\u015b\u0107 do wn\u0119trza obraz\u00f3w\u201d \u2013 zapowiadaj\u0105 organizatorzy festiwalu.<\/p>\n<p>Arkadiusz S\u0142omczy\u0144ski<\/p>\n","protected":false},"excerpt":{"rendered":"<p>W Tichauer Art Gallery w industrialnych przestrzeniach Browaru Obywatelskiego w Tychach trwa festiwal tw\u00f3rczo\u015bci Zdzis\u0142awa Beksi\u0144skiego \u201eBeksi\u0144ski na \u015al\u0105sku\u201d. Mi\u0142o\u015bnicy tw\u00f3rczo\u015bci Beksi\u0144skiego mog\u0105 uczestniczy\u0107 w szeregu niezwyk\u0142ych wydarze\u0144 zwi\u0105zanych bezpo\u015brednio&hellip;<\/p>\n","protected":false},"author":7,"featured_media":23790,"comment_status":"closed","ping_status":"open","sticky":false,"template":"","format":"standard","meta":{"_mi_skip_tracking":false,"footnotes":""},"categories":[50],"tags":[],"class_list":["post-23789","post","type-post","status-publish","format-standard","has-post-thumbnail","hentry","category-kultura"],"yoast_head":"<!-- This site is optimized with the Yoast SEO plugin v19.4 - https:\/\/yoast.com\/wordpress\/plugins\/seo\/ -->\n<title>Festiwal tw\u00f3rczo\u015bci Zdzis\u0142awa Beksi\u0144skiego \u201eBeksi\u0144ski na \u015al\u0105sku\u201d - Godno\u015b\u0107 - DignityNews.eu<\/title>\n<meta name=\"robots\" content=\"index, follow, max-snippet:-1, max-image-preview:large, max-video-preview:-1\" \/>\n<link rel=\"canonical\" href=\"https:\/\/dignitynews.eu\/pl\/festiwal-tworczosci-zdzislawa-beksinskiego-beksinski-na-slasku\/\" \/>\n<meta property=\"og:locale\" content=\"pl_PL\" \/>\n<meta property=\"og:type\" content=\"article\" \/>\n<meta property=\"og:title\" content=\"Festiwal tw\u00f3rczo\u015bci Zdzis\u0142awa Beksi\u0144skiego \u201eBeksi\u0144ski na \u015al\u0105sku\u201d - Godno\u015b\u0107 - DignityNews.eu\" \/>\n<meta property=\"og:description\" content=\"W Tichauer Art Gallery w industrialnych przestrzeniach Browaru Obywatelskiego w Tychach trwa festiwal tw\u00f3rczo\u015bci Zdzis\u0142awa Beksi\u0144skiego \u201eBeksi\u0144ski na \u015al\u0105sku\u201d. Mi\u0142o\u015bnicy tw\u00f3rczo\u015bci Beksi\u0144skiego mog\u0105 uczestniczy\u0107 w szeregu niezwyk\u0142ych wydarze\u0144 zwi\u0105zanych bezpo\u015brednio&hellip;\" \/>\n<meta property=\"og:url\" content=\"https:\/\/dignitynews.eu\/pl\/festiwal-tworczosci-zdzislawa-beksinskiego-beksinski-na-slasku\/\" \/>\n<meta property=\"og:site_name\" content=\"Godno\u015b\u0107 - DignityNews.eu\" \/>\n<meta property=\"article:published_time\" content=\"2022-07-13T08:43:07+00:00\" \/>\n<meta property=\"og:image\" content=\"https:\/\/dignitynews.eu\/wp-content\/uploads\/2022\/07\/Beksinski-na-Slasku-fot.-Andrzej-Grygiel-East-News.jpg\" \/>\n\t<meta property=\"og:image:width\" content=\"1500\" \/>\n\t<meta property=\"og:image:height\" content=\"992\" \/>\n\t<meta property=\"og:image:type\" content=\"image\/jpeg\" \/>\n<meta name=\"author\" content=\"Dignity News\" \/>\n<meta name=\"twitter:card\" content=\"summary_large_image\" \/>\n<meta name=\"twitter:label1\" content=\"Napisane przez\" \/>\n\t<meta name=\"twitter:data1\" content=\"Dignity News\" \/>\n\t<meta name=\"twitter:label2\" content=\"Szacowany czas czytania\" \/>\n\t<meta name=\"twitter:data2\" content=\"2 minuty\" \/>\n<script type=\"application\/ld+json\" class=\"yoast-schema-graph\">{\"@context\":\"https:\/\/schema.org\",\"@graph\":[{\"@type\":\"WebSite\",\"@id\":\"https:\/\/dignitynews.eu\/pl\/#website\",\"url\":\"https:\/\/dignitynews.eu\/pl\/\",\"name\":\"Godno\u015b\u0107 - DignityNews.eu\",\"description\":\"\",\"potentialAction\":[{\"@type\":\"SearchAction\",\"target\":{\"@type\":\"EntryPoint\",\"urlTemplate\":\"https:\/\/dignitynews.eu\/pl\/?s={search_term_string}\"},\"query-input\":\"required name=search_term_string\"}],\"inLanguage\":\"pl-PL\"},{\"@type\":\"WebPage\",\"@id\":\"https:\/\/dignitynews.eu\/pl\/festiwal-tworczosci-zdzislawa-beksinskiego-beksinski-na-slasku\/\",\"url\":\"https:\/\/dignitynews.eu\/pl\/festiwal-tworczosci-zdzislawa-beksinskiego-beksinski-na-slasku\/\",\"name\":\"Festiwal tw\u00f3rczo\u015bci Zdzis\u0142awa Beksi\u0144skiego \u201eBeksi\u0144ski na \u015al\u0105sku\u201d - Godno\u015b\u0107 - DignityNews.eu\",\"isPartOf\":{\"@id\":\"https:\/\/dignitynews.eu\/pl\/#website\"},\"datePublished\":\"2022-07-13T08:43:07+00:00\",\"dateModified\":\"2022-07-13T08:43:07+00:00\",\"author\":{\"@id\":\"https:\/\/dignitynews.eu\/pl\/#\/schema\/person\/0b62b762b8174802fabc81a3ecb1bfcb\"},\"breadcrumb\":{\"@id\":\"https:\/\/dignitynews.eu\/pl\/festiwal-tworczosci-zdzislawa-beksinskiego-beksinski-na-slasku\/#breadcrumb\"},\"inLanguage\":\"pl-PL\",\"potentialAction\":[{\"@type\":\"ReadAction\",\"target\":[\"https:\/\/dignitynews.eu\/pl\/festiwal-tworczosci-zdzislawa-beksinskiego-beksinski-na-slasku\/\"]}]},{\"@type\":\"BreadcrumbList\",\"@id\":\"https:\/\/dignitynews.eu\/pl\/festiwal-tworczosci-zdzislawa-beksinskiego-beksinski-na-slasku\/#breadcrumb\",\"itemListElement\":[{\"@type\":\"ListItem\",\"position\":1,\"name\":\"Strona g\u0142\u00f3wna\",\"item\":\"https:\/\/dignitynews.eu\/pl\/\"},{\"@type\":\"ListItem\",\"position\":2,\"name\":\"Festiwal tw\u00f3rczo\u015bci Zdzis\u0142awa Beksi\u0144skiego \u201eBeksi\u0144ski na \u015al\u0105sku\u201d\"}]},{\"@type\":\"Person\",\"@id\":\"https:\/\/dignitynews.eu\/pl\/#\/schema\/person\/0b62b762b8174802fabc81a3ecb1bfcb\",\"name\":\"Dignity News\",\"image\":{\"@type\":\"ImageObject\",\"inLanguage\":\"pl-PL\",\"@id\":\"https:\/\/dignitynews.eu\/pl\/#\/schema\/person\/image\/\",\"url\":\"https:\/\/secure.gravatar.com\/avatar\/97963171a6d9108f8381bbefb1c6b150c445b6ddd9e3077b96c86cf5892c85dc?s=96&d=mm&r=g\",\"contentUrl\":\"https:\/\/secure.gravatar.com\/avatar\/97963171a6d9108f8381bbefb1c6b150c445b6ddd9e3077b96c86cf5892c85dc?s=96&d=mm&r=g\",\"caption\":\"Dignity News\"},\"url\":\"https:\/\/dignitynews.eu\/pl\/author\/mikolaj-palade\/\"}]}<\/script>\n<!-- \/ Yoast SEO plugin. -->","yoast_head_json":{"title":"Festiwal tw\u00f3rczo\u015bci Zdzis\u0142awa Beksi\u0144skiego \u201eBeksi\u0144ski na \u015al\u0105sku\u201d - Godno\u015b\u0107 - DignityNews.eu","robots":{"index":"index","follow":"follow","max-snippet":"max-snippet:-1","max-image-preview":"max-image-preview:large","max-video-preview":"max-video-preview:-1"},"canonical":"https:\/\/dignitynews.eu\/pl\/festiwal-tworczosci-zdzislawa-beksinskiego-beksinski-na-slasku\/","og_locale":"pl_PL","og_type":"article","og_title":"Festiwal tw\u00f3rczo\u015bci Zdzis\u0142awa Beksi\u0144skiego \u201eBeksi\u0144ski na \u015al\u0105sku\u201d - Godno\u015b\u0107 - DignityNews.eu","og_description":"W Tichauer Art Gallery w industrialnych przestrzeniach Browaru Obywatelskiego w Tychach trwa festiwal tw\u00f3rczo\u015bci Zdzis\u0142awa Beksi\u0144skiego \u201eBeksi\u0144ski na \u015al\u0105sku\u201d. Mi\u0142o\u015bnicy tw\u00f3rczo\u015bci Beksi\u0144skiego mog\u0105 uczestniczy\u0107 w szeregu niezwyk\u0142ych wydarze\u0144 zwi\u0105zanych bezpo\u015brednio&hellip;","og_url":"https:\/\/dignitynews.eu\/pl\/festiwal-tworczosci-zdzislawa-beksinskiego-beksinski-na-slasku\/","og_site_name":"Godno\u015b\u0107 - DignityNews.eu","article_published_time":"2022-07-13T08:43:07+00:00","og_image":[{"width":1500,"height":992,"url":"https:\/\/dignitynews.eu\/wp-content\/uploads\/2022\/07\/Beksinski-na-Slasku-fot.-Andrzej-Grygiel-East-News.jpg","type":"image\/jpeg"}],"author":"Dignity News","twitter_card":"summary_large_image","twitter_misc":{"Napisane przez":"Dignity News","Szacowany czas czytania":"2 minuty"},"schema":{"@context":"https:\/\/schema.org","@graph":[{"@type":"WebSite","@id":"https:\/\/dignitynews.eu\/pl\/#website","url":"https:\/\/dignitynews.eu\/pl\/","name":"Godno\u015b\u0107 - DignityNews.eu","description":"","potentialAction":[{"@type":"SearchAction","target":{"@type":"EntryPoint","urlTemplate":"https:\/\/dignitynews.eu\/pl\/?s={search_term_string}"},"query-input":"required name=search_term_string"}],"inLanguage":"pl-PL"},{"@type":"WebPage","@id":"https:\/\/dignitynews.eu\/pl\/festiwal-tworczosci-zdzislawa-beksinskiego-beksinski-na-slasku\/","url":"https:\/\/dignitynews.eu\/pl\/festiwal-tworczosci-zdzislawa-beksinskiego-beksinski-na-slasku\/","name":"Festiwal tw\u00f3rczo\u015bci Zdzis\u0142awa Beksi\u0144skiego \u201eBeksi\u0144ski na \u015al\u0105sku\u201d - Godno\u015b\u0107 - DignityNews.eu","isPartOf":{"@id":"https:\/\/dignitynews.eu\/pl\/#website"},"datePublished":"2022-07-13T08:43:07+00:00","dateModified":"2022-07-13T08:43:07+00:00","author":{"@id":"https:\/\/dignitynews.eu\/pl\/#\/schema\/person\/0b62b762b8174802fabc81a3ecb1bfcb"},"breadcrumb":{"@id":"https:\/\/dignitynews.eu\/pl\/festiwal-tworczosci-zdzislawa-beksinskiego-beksinski-na-slasku\/#breadcrumb"},"inLanguage":"pl-PL","potentialAction":[{"@type":"ReadAction","target":["https:\/\/dignitynews.eu\/pl\/festiwal-tworczosci-zdzislawa-beksinskiego-beksinski-na-slasku\/"]}]},{"@type":"BreadcrumbList","@id":"https:\/\/dignitynews.eu\/pl\/festiwal-tworczosci-zdzislawa-beksinskiego-beksinski-na-slasku\/#breadcrumb","itemListElement":[{"@type":"ListItem","position":1,"name":"Strona g\u0142\u00f3wna","item":"https:\/\/dignitynews.eu\/pl\/"},{"@type":"ListItem","position":2,"name":"Festiwal tw\u00f3rczo\u015bci Zdzis\u0142awa Beksi\u0144skiego \u201eBeksi\u0144ski na \u015al\u0105sku\u201d"}]},{"@type":"Person","@id":"https:\/\/dignitynews.eu\/pl\/#\/schema\/person\/0b62b762b8174802fabc81a3ecb1bfcb","name":"Dignity News","image":{"@type":"ImageObject","inLanguage":"pl-PL","@id":"https:\/\/dignitynews.eu\/pl\/#\/schema\/person\/image\/","url":"https:\/\/secure.gravatar.com\/avatar\/97963171a6d9108f8381bbefb1c6b150c445b6ddd9e3077b96c86cf5892c85dc?s=96&d=mm&r=g","contentUrl":"https:\/\/secure.gravatar.com\/avatar\/97963171a6d9108f8381bbefb1c6b150c445b6ddd9e3077b96c86cf5892c85dc?s=96&d=mm&r=g","caption":"Dignity News"},"url":"https:\/\/dignitynews.eu\/pl\/author\/mikolaj-palade\/"}]}},"_links":{"self":[{"href":"https:\/\/dignitynews.eu\/pl\/wp-json\/wp\/v2\/posts\/23789","targetHints":{"allow":["GET"]}}],"collection":[{"href":"https:\/\/dignitynews.eu\/pl\/wp-json\/wp\/v2\/posts"}],"about":[{"href":"https:\/\/dignitynews.eu\/pl\/wp-json\/wp\/v2\/types\/post"}],"author":[{"embeddable":true,"href":"https:\/\/dignitynews.eu\/pl\/wp-json\/wp\/v2\/users\/7"}],"replies":[{"embeddable":true,"href":"https:\/\/dignitynews.eu\/pl\/wp-json\/wp\/v2\/comments?post=23789"}],"version-history":[{"count":1,"href":"https:\/\/dignitynews.eu\/pl\/wp-json\/wp\/v2\/posts\/23789\/revisions"}],"predecessor-version":[{"id":23795,"href":"https:\/\/dignitynews.eu\/pl\/wp-json\/wp\/v2\/posts\/23789\/revisions\/23795"}],"wp:featuredmedia":[{"embeddable":true,"href":"https:\/\/dignitynews.eu\/pl\/wp-json\/wp\/v2\/media\/23790"}],"wp:attachment":[{"href":"https:\/\/dignitynews.eu\/pl\/wp-json\/wp\/v2\/media?parent=23789"}],"wp:term":[{"taxonomy":"category","embeddable":true,"href":"https:\/\/dignitynews.eu\/pl\/wp-json\/wp\/v2\/categories?post=23789"},{"taxonomy":"post_tag","embeddable":true,"href":"https:\/\/dignitynews.eu\/pl\/wp-json\/wp\/v2\/tags?post=23789"}],"curies":[{"name":"wp","href":"https:\/\/api.w.org\/{rel}","templated":true}]}}