{"id":23694,"date":"2022-07-12T10:01:12","date_gmt":"2022-07-12T08:01:12","guid":{"rendered":"https:\/\/dignitynews.eu\/?p=23694"},"modified":"2022-07-12T10:01:12","modified_gmt":"2022-07-12T08:01:12","slug":"polska-oczekuje-prawdy-o-zbrodni-wolynskiej","status":"publish","type":"post","link":"https:\/\/dignitynews.eu\/pl\/polska-oczekuje-prawdy-o-zbrodni-wolynskiej\/","title":{"rendered":"Polska oczekuje prawdy o zbrodni wo\u0142y\u0144skiej"},"content":{"rendered":"<h5><strong>Nie spoczn\u0119, dop\u00f3ki nie odnajdziemy ostatniego grobu, ostatniego miejsca poch\u00f3wku w\u015br\u00f3d pomordowanych z Wo\u0142ynia i z ca\u0142ych Kres\u00f3w Wschodnich \u2013 powiedzia\u0142 premier Mateusz Morawiecki podczas uroczysto\u015bci \u00a0Narodowego Dnia Pami\u0119ci Ofiar Ludob\u00f3jstwa dokonanego przez ukrai\u0144skich nacjonalist\u00f3w na obywatelach II Rzeczypospolitej Polskiej. Obchody na warszawskim skwerze Wo\u0142y\u0144skim odby\u0142y si\u0119 z udzia\u0142em m.in. Prezydenta Polski, Premiera i rodzin ofiar.\u00a0<\/strong><\/h5>\n<p>Podczas uroczysto\u015bci Prezydent Polski Andrzej Duda powiedzia\u0142 z kolei, \u017ce \u201eto, co dzi\u015b dzieje si\u0119 mi\u0119dzy Polakami a Ukrai\u0144cami, jest najlepszym dowodem, \u017ce nie chodzi o zemst\u0119\u201d. Nie ma dzisiaj Polak\u00f3w, kt\u00f3rzy nie wiedz\u0105, co to by\u0142a rze\u017a wo\u0142y\u0144ska, a jednak przyjmuj\u0105 Ukrai\u0144c\u00f3w pod sw\u00f3j dach, nios\u0105 pomoc ca\u0142emu narodowi i pa\u0144stwu\u00a0\u2013 podkre\u015bli\u0142 prezydent.<\/p>\n<p>W latach 1943-1945 Ukrai\u0144ska Powsta\u0144cza Armia (UPA) przeprowadzi\u0142a akcj\u0119 oczyszczenia Wo\u0142ynia i Kres\u00f3w Wschodnich z mniejszo\u015bci polskiej. Jak podkre\u015bla Kancelaria Prezesa Rady Ministr\u00f3w, \u201ekierowa\u0142a si\u0119 nacjonalistycznymi zap\u0119dami\u201d i by\u0142a bezlitosna nawet wobec dzieci i kobiet. Historycy szacuj\u0105, \u017ce blisko sto tysi\u0119cy Polak\u00f3w zosta\u0142o brutalnie pozbawionych \u017cycia.<\/p>\n<p>Premier Morawiecki zwr\u00f3ci\u0142 uwag\u0119, \u017ce kluczowe w obecnej sytuacji dla obu pa\u0144stw jest pojednanie.<\/p>\n<p>Nie b\u0119dzie \u017cadnego pojednania opartego o fa\u0142sz, o zapomnienie, o k\u0142amstwo. Nie mo\u017ce by\u0107. To musi by\u0107 punkt wyj\u015bcia i to jest punkt wyj\u015bcia do pojednania \u2013 stwierdzi\u0142 premier.<\/p>\n<p>Prezydent Duda powiedzia\u0142 natomiast, \u017ce Polska oczekuje prawdy. Chcemy m\u00f3c pomodli\u0107 si\u0119 na grobach naszych najbli\u017cszych, rodak\u00f3w wskazanych z imienia i nazwiska, o ile to jeszcze mo\u017cliwe \u2013 doda\u0142 Andrzej Duda.<\/p>\n<p>Chcemy zaoferowa\u0107 to samo, aby i tam, gdzie na naszej ziemi pochowani s\u0105 Ukrai\u0144cy, te\u017c by\u0142 gr\u00f3b. I nie b\u0119dzie ich tyle, co na Wo\u0142yniu. Ale nie licytujmy si\u0119 na liczby. Wola\u0142bym, aby\u015bmy licytowali si\u0119 na to, ile prawdy potrafimy pokaza\u0107, tak\u017ce tej dla nas wstydliwej, ile prawdy umiej\u0105 pokaza\u0107 nasi s\u0105siedzi. Niech\u017ce na tej prawdzie zbuduje si\u0119 nasza nowa relacja mi\u0119dzy naszymi narodami i spo\u0142ecze\u0144stwami \u2013 zaapelowa\u0142 polski prezydent.<\/p>\n<p>Adrian Andrzejewski<\/p>\n","protected":false},"excerpt":{"rendered":"<p>Nie spoczn\u0119, dop\u00f3ki nie odnajdziemy ostatniego grobu, ostatniego miejsca poch\u00f3wku w\u015br\u00f3d pomordowanych z Wo\u0142ynia i z ca\u0142ych Kres\u00f3w Wschodnich \u2013 powiedzia\u0142 premier Mateusz Morawiecki podczas uroczysto\u015bci \u00a0Narodowego Dnia Pami\u0119ci Ofiar&hellip;<\/p>\n","protected":false},"author":7,"featured_media":23695,"comment_status":"closed","ping_status":"open","sticky":false,"template":"","format":"standard","meta":{"_mi_skip_tracking":false,"footnotes":""},"categories":[47],"tags":[],"class_list":["post-23694","post","type-post","status-publish","format-standard","has-post-thumbnail","hentry","category-wydarzenia"],"yoast_head":"<!-- This site is optimized with the Yoast SEO plugin v19.4 - https:\/\/yoast.com\/wordpress\/plugins\/seo\/ -->\n<title>Polska oczekuje prawdy o zbrodni wo\u0142y\u0144skiej - Godno\u015b\u0107 - DignityNews.eu<\/title>\n<meta name=\"robots\" content=\"index, follow, max-snippet:-1, max-image-preview:large, max-video-preview:-1\" \/>\n<link rel=\"canonical\" href=\"https:\/\/dignitynews.eu\/pl\/polska-oczekuje-prawdy-o-zbrodni-wolynskiej\/\" \/>\n<meta property=\"og:locale\" content=\"pl_PL\" \/>\n<meta property=\"og:type\" content=\"article\" \/>\n<meta property=\"og:title\" content=\"Polska oczekuje prawdy o zbrodni wo\u0142y\u0144skiej - Godno\u015b\u0107 - DignityNews.eu\" \/>\n<meta property=\"og:description\" content=\"Nie spoczn\u0119, dop\u00f3ki nie odnajdziemy ostatniego grobu, ostatniego miejsca poch\u00f3wku w\u015br\u00f3d pomordowanych z Wo\u0142ynia i z ca\u0142ych Kres\u00f3w Wschodnich \u2013 powiedzia\u0142 premier Mateusz Morawiecki podczas uroczysto\u015bci \u00a0Narodowego Dnia Pami\u0119ci Ofiar&hellip;\" \/>\n<meta property=\"og:url\" content=\"https:\/\/dignitynews.eu\/pl\/polska-oczekuje-prawdy-o-zbrodni-wolynskiej\/\" \/>\n<meta property=\"og:site_name\" content=\"Godno\u015b\u0107 - DignityNews.eu\" \/>\n<meta property=\"article:published_time\" content=\"2022-07-12T08:01:12+00:00\" \/>\n<meta property=\"og:image\" content=\"https:\/\/dignitynews.eu\/wp-content\/uploads\/2022\/07\/Polska-oczekuje-prawdy-fot.-Jacek-Dominski-REPORTER.jpg\" \/>\n\t<meta property=\"og:image:width\" content=\"1500\" \/>\n\t<meta property=\"og:image:height\" content=\"1000\" \/>\n\t<meta property=\"og:image:type\" content=\"image\/jpeg\" \/>\n<meta name=\"author\" content=\"Dignity News\" \/>\n<meta name=\"twitter:card\" content=\"summary_large_image\" \/>\n<meta name=\"twitter:label1\" content=\"Napisane przez\" \/>\n\t<meta name=\"twitter:data1\" content=\"Dignity News\" \/>\n\t<meta name=\"twitter:label2\" content=\"Szacowany czas czytania\" \/>\n\t<meta name=\"twitter:data2\" content=\"2 minuty\" \/>\n<script type=\"application\/ld+json\" class=\"yoast-schema-graph\">{\"@context\":\"https:\/\/schema.org\",\"@graph\":[{\"@type\":\"WebSite\",\"@id\":\"https:\/\/dignitynews.eu\/pl\/#website\",\"url\":\"https:\/\/dignitynews.eu\/pl\/\",\"name\":\"Godno\u015b\u0107 - DignityNews.eu\",\"description\":\"\",\"potentialAction\":[{\"@type\":\"SearchAction\",\"target\":{\"@type\":\"EntryPoint\",\"urlTemplate\":\"https:\/\/dignitynews.eu\/pl\/?s={search_term_string}\"},\"query-input\":\"required name=search_term_string\"}],\"inLanguage\":\"pl-PL\"},{\"@type\":\"WebPage\",\"@id\":\"https:\/\/dignitynews.eu\/pl\/polska-oczekuje-prawdy-o-zbrodni-wolynskiej\/\",\"url\":\"https:\/\/dignitynews.eu\/pl\/polska-oczekuje-prawdy-o-zbrodni-wolynskiej\/\",\"name\":\"Polska oczekuje prawdy o zbrodni wo\u0142y\u0144skiej - Godno\u015b\u0107 - DignityNews.eu\",\"isPartOf\":{\"@id\":\"https:\/\/dignitynews.eu\/pl\/#website\"},\"datePublished\":\"2022-07-12T08:01:12+00:00\",\"dateModified\":\"2022-07-12T08:01:12+00:00\",\"author\":{\"@id\":\"https:\/\/dignitynews.eu\/pl\/#\/schema\/person\/0b62b762b8174802fabc81a3ecb1bfcb\"},\"breadcrumb\":{\"@id\":\"https:\/\/dignitynews.eu\/pl\/polska-oczekuje-prawdy-o-zbrodni-wolynskiej\/#breadcrumb\"},\"inLanguage\":\"pl-PL\",\"potentialAction\":[{\"@type\":\"ReadAction\",\"target\":[\"https:\/\/dignitynews.eu\/pl\/polska-oczekuje-prawdy-o-zbrodni-wolynskiej\/\"]}]},{\"@type\":\"BreadcrumbList\",\"@id\":\"https:\/\/dignitynews.eu\/pl\/polska-oczekuje-prawdy-o-zbrodni-wolynskiej\/#breadcrumb\",\"itemListElement\":[{\"@type\":\"ListItem\",\"position\":1,\"name\":\"Strona g\u0142\u00f3wna\",\"item\":\"https:\/\/dignitynews.eu\/pl\/\"},{\"@type\":\"ListItem\",\"position\":2,\"name\":\"Polska oczekuje prawdy o zbrodni wo\u0142y\u0144skiej\"}]},{\"@type\":\"Person\",\"@id\":\"https:\/\/dignitynews.eu\/pl\/#\/schema\/person\/0b62b762b8174802fabc81a3ecb1bfcb\",\"name\":\"Dignity News\",\"image\":{\"@type\":\"ImageObject\",\"inLanguage\":\"pl-PL\",\"@id\":\"https:\/\/dignitynews.eu\/pl\/#\/schema\/person\/image\/\",\"url\":\"https:\/\/secure.gravatar.com\/avatar\/97963171a6d9108f8381bbefb1c6b150c445b6ddd9e3077b96c86cf5892c85dc?s=96&d=mm&r=g\",\"contentUrl\":\"https:\/\/secure.gravatar.com\/avatar\/97963171a6d9108f8381bbefb1c6b150c445b6ddd9e3077b96c86cf5892c85dc?s=96&d=mm&r=g\",\"caption\":\"Dignity News\"},\"url\":\"https:\/\/dignitynews.eu\/pl\/author\/mikolaj-palade\/\"}]}<\/script>\n<!-- \/ Yoast SEO plugin. -->","yoast_head_json":{"title":"Polska oczekuje prawdy o zbrodni wo\u0142y\u0144skiej - Godno\u015b\u0107 - DignityNews.eu","robots":{"index":"index","follow":"follow","max-snippet":"max-snippet:-1","max-image-preview":"max-image-preview:large","max-video-preview":"max-video-preview:-1"},"canonical":"https:\/\/dignitynews.eu\/pl\/polska-oczekuje-prawdy-o-zbrodni-wolynskiej\/","og_locale":"pl_PL","og_type":"article","og_title":"Polska oczekuje prawdy o zbrodni wo\u0142y\u0144skiej - Godno\u015b\u0107 - DignityNews.eu","og_description":"Nie spoczn\u0119, dop\u00f3ki nie odnajdziemy ostatniego grobu, ostatniego miejsca poch\u00f3wku w\u015br\u00f3d pomordowanych z Wo\u0142ynia i z ca\u0142ych Kres\u00f3w Wschodnich \u2013 powiedzia\u0142 premier Mateusz Morawiecki podczas uroczysto\u015bci \u00a0Narodowego Dnia Pami\u0119ci Ofiar&hellip;","og_url":"https:\/\/dignitynews.eu\/pl\/polska-oczekuje-prawdy-o-zbrodni-wolynskiej\/","og_site_name":"Godno\u015b\u0107 - DignityNews.eu","article_published_time":"2022-07-12T08:01:12+00:00","og_image":[{"width":1500,"height":1000,"url":"https:\/\/dignitynews.eu\/wp-content\/uploads\/2022\/07\/Polska-oczekuje-prawdy-fot.-Jacek-Dominski-REPORTER.jpg","type":"image\/jpeg"}],"author":"Dignity News","twitter_card":"summary_large_image","twitter_misc":{"Napisane przez":"Dignity News","Szacowany czas czytania":"2 minuty"},"schema":{"@context":"https:\/\/schema.org","@graph":[{"@type":"WebSite","@id":"https:\/\/dignitynews.eu\/pl\/#website","url":"https:\/\/dignitynews.eu\/pl\/","name":"Godno\u015b\u0107 - DignityNews.eu","description":"","potentialAction":[{"@type":"SearchAction","target":{"@type":"EntryPoint","urlTemplate":"https:\/\/dignitynews.eu\/pl\/?s={search_term_string}"},"query-input":"required name=search_term_string"}],"inLanguage":"pl-PL"},{"@type":"WebPage","@id":"https:\/\/dignitynews.eu\/pl\/polska-oczekuje-prawdy-o-zbrodni-wolynskiej\/","url":"https:\/\/dignitynews.eu\/pl\/polska-oczekuje-prawdy-o-zbrodni-wolynskiej\/","name":"Polska oczekuje prawdy o zbrodni wo\u0142y\u0144skiej - Godno\u015b\u0107 - DignityNews.eu","isPartOf":{"@id":"https:\/\/dignitynews.eu\/pl\/#website"},"datePublished":"2022-07-12T08:01:12+00:00","dateModified":"2022-07-12T08:01:12+00:00","author":{"@id":"https:\/\/dignitynews.eu\/pl\/#\/schema\/person\/0b62b762b8174802fabc81a3ecb1bfcb"},"breadcrumb":{"@id":"https:\/\/dignitynews.eu\/pl\/polska-oczekuje-prawdy-o-zbrodni-wolynskiej\/#breadcrumb"},"inLanguage":"pl-PL","potentialAction":[{"@type":"ReadAction","target":["https:\/\/dignitynews.eu\/pl\/polska-oczekuje-prawdy-o-zbrodni-wolynskiej\/"]}]},{"@type":"BreadcrumbList","@id":"https:\/\/dignitynews.eu\/pl\/polska-oczekuje-prawdy-o-zbrodni-wolynskiej\/#breadcrumb","itemListElement":[{"@type":"ListItem","position":1,"name":"Strona g\u0142\u00f3wna","item":"https:\/\/dignitynews.eu\/pl\/"},{"@type":"ListItem","position":2,"name":"Polska oczekuje prawdy o zbrodni wo\u0142y\u0144skiej"}]},{"@type":"Person","@id":"https:\/\/dignitynews.eu\/pl\/#\/schema\/person\/0b62b762b8174802fabc81a3ecb1bfcb","name":"Dignity News","image":{"@type":"ImageObject","inLanguage":"pl-PL","@id":"https:\/\/dignitynews.eu\/pl\/#\/schema\/person\/image\/","url":"https:\/\/secure.gravatar.com\/avatar\/97963171a6d9108f8381bbefb1c6b150c445b6ddd9e3077b96c86cf5892c85dc?s=96&d=mm&r=g","contentUrl":"https:\/\/secure.gravatar.com\/avatar\/97963171a6d9108f8381bbefb1c6b150c445b6ddd9e3077b96c86cf5892c85dc?s=96&d=mm&r=g","caption":"Dignity News"},"url":"https:\/\/dignitynews.eu\/pl\/author\/mikolaj-palade\/"}]}},"_links":{"self":[{"href":"https:\/\/dignitynews.eu\/pl\/wp-json\/wp\/v2\/posts\/23694","targetHints":{"allow":["GET"]}}],"collection":[{"href":"https:\/\/dignitynews.eu\/pl\/wp-json\/wp\/v2\/posts"}],"about":[{"href":"https:\/\/dignitynews.eu\/pl\/wp-json\/wp\/v2\/types\/post"}],"author":[{"embeddable":true,"href":"https:\/\/dignitynews.eu\/pl\/wp-json\/wp\/v2\/users\/7"}],"replies":[{"embeddable":true,"href":"https:\/\/dignitynews.eu\/pl\/wp-json\/wp\/v2\/comments?post=23694"}],"version-history":[{"count":1,"href":"https:\/\/dignitynews.eu\/pl\/wp-json\/wp\/v2\/posts\/23694\/revisions"}],"predecessor-version":[{"id":23700,"href":"https:\/\/dignitynews.eu\/pl\/wp-json\/wp\/v2\/posts\/23694\/revisions\/23700"}],"wp:featuredmedia":[{"embeddable":true,"href":"https:\/\/dignitynews.eu\/pl\/wp-json\/wp\/v2\/media\/23695"}],"wp:attachment":[{"href":"https:\/\/dignitynews.eu\/pl\/wp-json\/wp\/v2\/media?parent=23694"}],"wp:term":[{"taxonomy":"category","embeddable":true,"href":"https:\/\/dignitynews.eu\/pl\/wp-json\/wp\/v2\/categories?post=23694"},{"taxonomy":"post_tag","embeddable":true,"href":"https:\/\/dignitynews.eu\/pl\/wp-json\/wp\/v2\/tags?post=23694"}],"curies":[{"name":"wp","href":"https:\/\/api.w.org\/{rel}","templated":true}]}}