{"id":23679,"date":"2022-07-12T09:58:32","date_gmt":"2022-07-12T07:58:32","guid":{"rendered":"https:\/\/dignitynews.eu\/?p=23679"},"modified":"2022-07-12T09:58:32","modified_gmt":"2022-07-12T07:58:32","slug":"naukowcy-badaja-odbior-spoleczny-i-integracje-uchodzcow-z-ukrainy","status":"publish","type":"post","link":"https:\/\/dignitynews.eu\/pl\/naukowcy-badaja-odbior-spoleczny-i-integracje-uchodzcow-z-ukrainy\/","title":{"rendered":"Naukowcy badaj\u0105 odbi\u00f3r spo\u0142eczny i integracj\u0119 uchod\u017ac\u00f3w z Ukrainy"},"content":{"rendered":"<h5><strong>Sytuacj\u0119 uchod\u017ac\u00f3w z Ukrainy badaj\u0105 naukowcy z Uniwersytetu im. Adama Mickiewicza (UAM) w Poznaniu oraz z\u00a0uczelni w Kijowie i Lwowie. Pierwsza cz\u0119\u015b\u0107 bada\u0144 zako\u0144czy\u0142a si\u0119 raportem pt. \u201cOdbi\u00f3r spo\u0142eczny i integracja uchod\u017ac\u00f3w z Ukrainy\u201d.<\/strong><\/h5>\n<p>Naukowcy przeprowadzili ankiety w\u015br\u00f3d ponad\u00a0500 uchod\u017ac\u00f3w w Polsce, Niemczech i Irlandii.<\/p>\n<p>Ankieterzy pytali o ich potrzeby, obawy, plany. To ciekawe u\u015bwiadomi\u0107 sobie, \u017ce ludzie, tacy jak my, podr\u00f3\u017cuj\u0105 w ekstremalny spos\u00f3b i musz\u0105 podejmowa\u0107 krytyczne decyzje. Pytaj\u0105c o plany na przysz\u0142o\u015b\u0107, z g\u00f3ry za\u0142o\u017cyli\u015bmy, \u017ce ulegn\u0105 one zmianie, jednak uzyskane odpowiedzi pozwalaj\u0105 cz\u0119\u015bciowo przewidzie\u0107, a nie tylko diagnozowa\u0107 sytuacj\u0119, w kt\u00f3rej nagle wszyscy si\u0119 znale\u017ali\u015bmy &#8211; m\u00f3wi prof. Jakub Isa\u0144ski z Wydzia\u0142u Socjologii UAM.<\/p>\n<p>Z bada\u0144 wynika, \u017ce uchod\u017acy przybyli z szerokim spektrum umiej\u0119tno\u015bci i kwalifikacji. 14 proc. respondent\u00f3w to przedsi\u0119biorcy lub specjali\u015bci IT. Co czwarta osoba by\u0142a dotychczas naukowcem, in\u017cynierem, specjalist\u0105 ds. zdrowia lub edukacji. Wielu ankietowanych posiada umiej\u0119tno\u015bci robotnicze lub us\u0142ugowe, na kt\u00f3re w Polsce w ci\u0105gu ostatnich kilku lat by\u0142o du\u017ce zapotrzebowanie.<\/p>\n<p>Ukrai\u0144scy uchod\u017acy w nowym miejscu za najwa\u017cniejsze uznaj\u0105: znalezienie pracy, pomoc materialn\u0105, wynajem mieszkania na sta\u0142e, pomoc medyczn\u0105 oraz kurs j\u0119zyka lokalnego.<\/p>\n<p>W drugiej cz\u0119\u015bci badania naukowcy b\u0119d\u0105 prowadzi\u0107 wywiady pog\u0142\u0119bione i obserwowa\u0107, jak przybyli z Ukrainy\u00a0pr\u00f3buj\u0105 si\u0119 odnale\u017a\u0107 w nowym miejscu. W trzecim etapie planowane jest por\u00f3wnanie pocz\u0105tkowego obrazu pobytu z wizj\u0105 po kilku miesi\u0105cach.<\/p>\n<p>Cho\u0107 kryzysowa i tragiczna, ca\u0142a ta sytuacja uchod\u017acza mo\u017ce by\u0107 r\u00f3wnie\u017c postrzegana jako podstawa budowania przyjaznych stosunk\u00f3w s\u0105siedzkich &#8211; podkre\u015blaj\u0105 badacze w podsumowaniu pierwszej cz\u0119\u015bci swoich bada\u0144. Pierwsza fala uchod\u017ac\u00f3w i reakcje spo\u0142eczne w krajach przyjmuj\u0105cych pokazuj\u0105 ogromny potencja\u0142 ludzkiej \u017cyczliwo\u015bci, go\u015bcinno\u015bci i ch\u0119ci komunikowania si\u0119 &#8211; dodaj\u0105 autorzy raportu.<\/p>\n<p>Adrian Andrzejewski<\/p>\n","protected":false},"excerpt":{"rendered":"<p>Sytuacj\u0119 uchod\u017ac\u00f3w z Ukrainy badaj\u0105 naukowcy z Uniwersytetu im. Adama Mickiewicza (UAM) w Poznaniu oraz z\u00a0uczelni w Kijowie i Lwowie. Pierwsza cz\u0119\u015b\u0107 bada\u0144 zako\u0144czy\u0142a si\u0119 raportem pt. \u201cOdbi\u00f3r spo\u0142eczny i&hellip;<\/p>\n","protected":false},"author":7,"featured_media":23680,"comment_status":"closed","ping_status":"open","sticky":false,"template":"","format":"standard","meta":{"_mi_skip_tracking":false,"footnotes":""},"categories":[49],"tags":[],"class_list":["post-23679","post","type-post","status-publish","format-standard","has-post-thumbnail","hentry","category-nauka"],"yoast_head":"<!-- This site is optimized with the Yoast SEO plugin v19.4 - https:\/\/yoast.com\/wordpress\/plugins\/seo\/ -->\n<title>Naukowcy badaj\u0105 odbi\u00f3r spo\u0142eczny i integracj\u0119 uchod\u017ac\u00f3w z Ukrainy - Godno\u015b\u0107 - DignityNews.eu<\/title>\n<meta name=\"robots\" content=\"index, follow, max-snippet:-1, max-image-preview:large, max-video-preview:-1\" \/>\n<link rel=\"canonical\" href=\"https:\/\/dignitynews.eu\/pl\/naukowcy-badaja-odbior-spoleczny-i-integracje-uchodzcow-z-ukrainy\/\" \/>\n<meta property=\"og:locale\" content=\"pl_PL\" \/>\n<meta property=\"og:type\" content=\"article\" \/>\n<meta property=\"og:title\" content=\"Naukowcy badaj\u0105 odbi\u00f3r spo\u0142eczny i integracj\u0119 uchod\u017ac\u00f3w z Ukrainy - Godno\u015b\u0107 - DignityNews.eu\" \/>\n<meta property=\"og:description\" content=\"Sytuacj\u0119 uchod\u017ac\u00f3w z Ukrainy badaj\u0105 naukowcy z Uniwersytetu im. Adama Mickiewicza (UAM) w Poznaniu oraz z\u00a0uczelni w Kijowie i Lwowie. Pierwsza cz\u0119\u015b\u0107 bada\u0144 zako\u0144czy\u0142a si\u0119 raportem pt. \u201cOdbi\u00f3r spo\u0142eczny i&hellip;\" \/>\n<meta property=\"og:url\" content=\"https:\/\/dignitynews.eu\/pl\/naukowcy-badaja-odbior-spoleczny-i-integracje-uchodzcow-z-ukrainy\/\" \/>\n<meta property=\"og:site_name\" content=\"Godno\u015b\u0107 - DignityNews.eu\" \/>\n<meta property=\"article:published_time\" content=\"2022-07-12T07:58:32+00:00\" \/>\n<meta property=\"og:image\" content=\"https:\/\/dignitynews.eu\/wp-content\/uploads\/2022\/07\/Odbior-spoleczny-i-integracja-Ukraincow-fot.-Beata-Zawrzel-REPORTER.jpg\" \/>\n\t<meta property=\"og:image:width\" content=\"1500\" \/>\n\t<meta property=\"og:image:height\" content=\"1000\" \/>\n\t<meta property=\"og:image:type\" content=\"image\/jpeg\" \/>\n<meta name=\"author\" content=\"Dignity News\" \/>\n<meta name=\"twitter:card\" content=\"summary_large_image\" \/>\n<meta name=\"twitter:label1\" content=\"Napisane przez\" \/>\n\t<meta name=\"twitter:data1\" content=\"Dignity News\" \/>\n\t<meta name=\"twitter:label2\" content=\"Szacowany czas czytania\" \/>\n\t<meta name=\"twitter:data2\" content=\"2 minuty\" \/>\n<script type=\"application\/ld+json\" class=\"yoast-schema-graph\">{\"@context\":\"https:\/\/schema.org\",\"@graph\":[{\"@type\":\"WebSite\",\"@id\":\"https:\/\/dignitynews.eu\/pl\/#website\",\"url\":\"https:\/\/dignitynews.eu\/pl\/\",\"name\":\"Godno\u015b\u0107 - DignityNews.eu\",\"description\":\"\",\"potentialAction\":[{\"@type\":\"SearchAction\",\"target\":{\"@type\":\"EntryPoint\",\"urlTemplate\":\"https:\/\/dignitynews.eu\/pl\/?s={search_term_string}\"},\"query-input\":\"required name=search_term_string\"}],\"inLanguage\":\"pl-PL\"},{\"@type\":\"WebPage\",\"@id\":\"https:\/\/dignitynews.eu\/pl\/naukowcy-badaja-odbior-spoleczny-i-integracje-uchodzcow-z-ukrainy\/\",\"url\":\"https:\/\/dignitynews.eu\/pl\/naukowcy-badaja-odbior-spoleczny-i-integracje-uchodzcow-z-ukrainy\/\",\"name\":\"Naukowcy badaj\u0105 odbi\u00f3r spo\u0142eczny i integracj\u0119 uchod\u017ac\u00f3w z Ukrainy - Godno\u015b\u0107 - DignityNews.eu\",\"isPartOf\":{\"@id\":\"https:\/\/dignitynews.eu\/pl\/#website\"},\"datePublished\":\"2022-07-12T07:58:32+00:00\",\"dateModified\":\"2022-07-12T07:58:32+00:00\",\"author\":{\"@id\":\"https:\/\/dignitynews.eu\/pl\/#\/schema\/person\/0b62b762b8174802fabc81a3ecb1bfcb\"},\"breadcrumb\":{\"@id\":\"https:\/\/dignitynews.eu\/pl\/naukowcy-badaja-odbior-spoleczny-i-integracje-uchodzcow-z-ukrainy\/#breadcrumb\"},\"inLanguage\":\"pl-PL\",\"potentialAction\":[{\"@type\":\"ReadAction\",\"target\":[\"https:\/\/dignitynews.eu\/pl\/naukowcy-badaja-odbior-spoleczny-i-integracje-uchodzcow-z-ukrainy\/\"]}]},{\"@type\":\"BreadcrumbList\",\"@id\":\"https:\/\/dignitynews.eu\/pl\/naukowcy-badaja-odbior-spoleczny-i-integracje-uchodzcow-z-ukrainy\/#breadcrumb\",\"itemListElement\":[{\"@type\":\"ListItem\",\"position\":1,\"name\":\"Strona g\u0142\u00f3wna\",\"item\":\"https:\/\/dignitynews.eu\/pl\/\"},{\"@type\":\"ListItem\",\"position\":2,\"name\":\"Naukowcy badaj\u0105 odbi\u00f3r spo\u0142eczny i integracj\u0119 uchod\u017ac\u00f3w z Ukrainy\"}]},{\"@type\":\"Person\",\"@id\":\"https:\/\/dignitynews.eu\/pl\/#\/schema\/person\/0b62b762b8174802fabc81a3ecb1bfcb\",\"name\":\"Dignity News\",\"image\":{\"@type\":\"ImageObject\",\"inLanguage\":\"pl-PL\",\"@id\":\"https:\/\/dignitynews.eu\/pl\/#\/schema\/person\/image\/\",\"url\":\"https:\/\/secure.gravatar.com\/avatar\/97963171a6d9108f8381bbefb1c6b150c445b6ddd9e3077b96c86cf5892c85dc?s=96&d=mm&r=g\",\"contentUrl\":\"https:\/\/secure.gravatar.com\/avatar\/97963171a6d9108f8381bbefb1c6b150c445b6ddd9e3077b96c86cf5892c85dc?s=96&d=mm&r=g\",\"caption\":\"Dignity News\"},\"url\":\"https:\/\/dignitynews.eu\/pl\/author\/mikolaj-palade\/\"}]}<\/script>\n<!-- \/ Yoast SEO plugin. -->","yoast_head_json":{"title":"Naukowcy badaj\u0105 odbi\u00f3r spo\u0142eczny i integracj\u0119 uchod\u017ac\u00f3w z Ukrainy - Godno\u015b\u0107 - DignityNews.eu","robots":{"index":"index","follow":"follow","max-snippet":"max-snippet:-1","max-image-preview":"max-image-preview:large","max-video-preview":"max-video-preview:-1"},"canonical":"https:\/\/dignitynews.eu\/pl\/naukowcy-badaja-odbior-spoleczny-i-integracje-uchodzcow-z-ukrainy\/","og_locale":"pl_PL","og_type":"article","og_title":"Naukowcy badaj\u0105 odbi\u00f3r spo\u0142eczny i integracj\u0119 uchod\u017ac\u00f3w z Ukrainy - Godno\u015b\u0107 - DignityNews.eu","og_description":"Sytuacj\u0119 uchod\u017ac\u00f3w z Ukrainy badaj\u0105 naukowcy z Uniwersytetu im. Adama Mickiewicza (UAM) w Poznaniu oraz z\u00a0uczelni w Kijowie i Lwowie. Pierwsza cz\u0119\u015b\u0107 bada\u0144 zako\u0144czy\u0142a si\u0119 raportem pt. \u201cOdbi\u00f3r spo\u0142eczny i&hellip;","og_url":"https:\/\/dignitynews.eu\/pl\/naukowcy-badaja-odbior-spoleczny-i-integracje-uchodzcow-z-ukrainy\/","og_site_name":"Godno\u015b\u0107 - DignityNews.eu","article_published_time":"2022-07-12T07:58:32+00:00","og_image":[{"width":1500,"height":1000,"url":"https:\/\/dignitynews.eu\/wp-content\/uploads\/2022\/07\/Odbior-spoleczny-i-integracja-Ukraincow-fot.-Beata-Zawrzel-REPORTER.jpg","type":"image\/jpeg"}],"author":"Dignity News","twitter_card":"summary_large_image","twitter_misc":{"Napisane przez":"Dignity News","Szacowany czas czytania":"2 minuty"},"schema":{"@context":"https:\/\/schema.org","@graph":[{"@type":"WebSite","@id":"https:\/\/dignitynews.eu\/pl\/#website","url":"https:\/\/dignitynews.eu\/pl\/","name":"Godno\u015b\u0107 - DignityNews.eu","description":"","potentialAction":[{"@type":"SearchAction","target":{"@type":"EntryPoint","urlTemplate":"https:\/\/dignitynews.eu\/pl\/?s={search_term_string}"},"query-input":"required name=search_term_string"}],"inLanguage":"pl-PL"},{"@type":"WebPage","@id":"https:\/\/dignitynews.eu\/pl\/naukowcy-badaja-odbior-spoleczny-i-integracje-uchodzcow-z-ukrainy\/","url":"https:\/\/dignitynews.eu\/pl\/naukowcy-badaja-odbior-spoleczny-i-integracje-uchodzcow-z-ukrainy\/","name":"Naukowcy badaj\u0105 odbi\u00f3r spo\u0142eczny i integracj\u0119 uchod\u017ac\u00f3w z Ukrainy - Godno\u015b\u0107 - DignityNews.eu","isPartOf":{"@id":"https:\/\/dignitynews.eu\/pl\/#website"},"datePublished":"2022-07-12T07:58:32+00:00","dateModified":"2022-07-12T07:58:32+00:00","author":{"@id":"https:\/\/dignitynews.eu\/pl\/#\/schema\/person\/0b62b762b8174802fabc81a3ecb1bfcb"},"breadcrumb":{"@id":"https:\/\/dignitynews.eu\/pl\/naukowcy-badaja-odbior-spoleczny-i-integracje-uchodzcow-z-ukrainy\/#breadcrumb"},"inLanguage":"pl-PL","potentialAction":[{"@type":"ReadAction","target":["https:\/\/dignitynews.eu\/pl\/naukowcy-badaja-odbior-spoleczny-i-integracje-uchodzcow-z-ukrainy\/"]}]},{"@type":"BreadcrumbList","@id":"https:\/\/dignitynews.eu\/pl\/naukowcy-badaja-odbior-spoleczny-i-integracje-uchodzcow-z-ukrainy\/#breadcrumb","itemListElement":[{"@type":"ListItem","position":1,"name":"Strona g\u0142\u00f3wna","item":"https:\/\/dignitynews.eu\/pl\/"},{"@type":"ListItem","position":2,"name":"Naukowcy badaj\u0105 odbi\u00f3r spo\u0142eczny i integracj\u0119 uchod\u017ac\u00f3w z Ukrainy"}]},{"@type":"Person","@id":"https:\/\/dignitynews.eu\/pl\/#\/schema\/person\/0b62b762b8174802fabc81a3ecb1bfcb","name":"Dignity News","image":{"@type":"ImageObject","inLanguage":"pl-PL","@id":"https:\/\/dignitynews.eu\/pl\/#\/schema\/person\/image\/","url":"https:\/\/secure.gravatar.com\/avatar\/97963171a6d9108f8381bbefb1c6b150c445b6ddd9e3077b96c86cf5892c85dc?s=96&d=mm&r=g","contentUrl":"https:\/\/secure.gravatar.com\/avatar\/97963171a6d9108f8381bbefb1c6b150c445b6ddd9e3077b96c86cf5892c85dc?s=96&d=mm&r=g","caption":"Dignity News"},"url":"https:\/\/dignitynews.eu\/pl\/author\/mikolaj-palade\/"}]}},"_links":{"self":[{"href":"https:\/\/dignitynews.eu\/pl\/wp-json\/wp\/v2\/posts\/23679","targetHints":{"allow":["GET"]}}],"collection":[{"href":"https:\/\/dignitynews.eu\/pl\/wp-json\/wp\/v2\/posts"}],"about":[{"href":"https:\/\/dignitynews.eu\/pl\/wp-json\/wp\/v2\/types\/post"}],"author":[{"embeddable":true,"href":"https:\/\/dignitynews.eu\/pl\/wp-json\/wp\/v2\/users\/7"}],"replies":[{"embeddable":true,"href":"https:\/\/dignitynews.eu\/pl\/wp-json\/wp\/v2\/comments?post=23679"}],"version-history":[{"count":1,"href":"https:\/\/dignitynews.eu\/pl\/wp-json\/wp\/v2\/posts\/23679\/revisions"}],"predecessor-version":[{"id":23685,"href":"https:\/\/dignitynews.eu\/pl\/wp-json\/wp\/v2\/posts\/23679\/revisions\/23685"}],"wp:featuredmedia":[{"embeddable":true,"href":"https:\/\/dignitynews.eu\/pl\/wp-json\/wp\/v2\/media\/23680"}],"wp:attachment":[{"href":"https:\/\/dignitynews.eu\/pl\/wp-json\/wp\/v2\/media?parent=23679"}],"wp:term":[{"taxonomy":"category","embeddable":true,"href":"https:\/\/dignitynews.eu\/pl\/wp-json\/wp\/v2\/categories?post=23679"},{"taxonomy":"post_tag","embeddable":true,"href":"https:\/\/dignitynews.eu\/pl\/wp-json\/wp\/v2\/tags?post=23679"}],"curies":[{"name":"wp","href":"https:\/\/api.w.org\/{rel}","templated":true}]}}