{"id":23600,"date":"2022-07-11T11:42:54","date_gmt":"2022-07-11T09:42:54","guid":{"rendered":"https:\/\/dignitynews.eu\/?p=23600"},"modified":"2022-07-11T16:43:03","modified_gmt":"2022-07-11T14:43:03","slug":"obchody-77-rocznicy-oblawy-augustowskiej-najwiekszej-zbrodni-dokonanej-na-polakach-po-ii-wojnie-swiatowej","status":"publish","type":"post","link":"https:\/\/dignitynews.eu\/pl\/obchody-77-rocznicy-oblawy-augustowskiej-najwiekszej-zbrodni-dokonanej-na-polakach-po-ii-wojnie-swiatowej\/","title":{"rendered":"Obchody 77 rocznicy Ob\u0142awy Augustowskiej &#8211; najwi\u0119kszej zbrodni dokonanej na Polakach po II wojnie \u015bwiatowej"},"content":{"rendered":"<h5>Prezydent Andrzej Duda i premier Mateusz Morawiecki uczcili pami\u0119\u0107 ofiar Ob\u0142awy Augustowskiej. Obchody 77 rocznicy najwi\u0119kszej zbrodni dokonanej na Polakach po II wojnie \u015bwiatowej zorganizowano przy Wzg\u00f3rzu Krzy\u017cy w Gibach, miejscu symbolizuj\u0105cym gr\u00f3b ofiar Ob\u0142awy Augustowskiej.<\/h5>\n<p>Uczestnicz\u0105cy w uroczysto\u015bciach premier Mateusz Morawiecki powiedzia\u0142, \u017ce w lipcu 1945 roku aresztowano, przeczesuj\u0105c lasy Puszczy Augustowskiej i okolic, co najmniej 7 tysi\u0119cy ludzi.<\/p>\n<p>&#8211; Pierwotnie s\u0105dzili\u015bmy, \u017ce przynajmniej 600 z nich zosta\u0142o zamordowanych. Dzi\u015b wiemy, na podstawie nowych opracowa\u0144, nowych prac, nowych bada\u0144, \u017ce tych ludzi by\u0142o wi\u0119cej, \u017ce do domu nie powr\u00f3ci\u0142o by\u0107 mo\u017ce nawet do 2 tys. ludzi &#8211; stwierdzi\u0142 premier.<\/p>\n<p>Szef rz\u0105du zaznaczy\u0142, \u017ce tej zbrodni dokona\u0142y wracaj\u0105ce z frontu jednostki Armii Czerwonej i najgorsze sowieckie jednostki takie jak NKWD i Smiersz, wspierane przez kolaborant\u00f3w komunistycznej Polski z Urz\u0119du Bezpiecze\u0144stwa i z Milicji Obywatelskiej.<\/p>\n<p>&#8211; Ten mord augustowski jest niezagojon\u0105 polsk\u0105 ran\u0105, kt\u00f3ra wo\u0142a o wyja\u015bnienie &#8211; o\u015bwiadczy\u0142 Mateusz Morawiecki. Konieczno\u015b\u0107 wyja\u015bnienia okoliczno\u015bci tragedii podkre\u015bli\u0142 te\u017c \u2013 w li\u015bcie odczytanym podczas uroczysto\u015bci &#8211; prezydent Andrzej Duda.<\/p>\n<p>&#8211; Nie ustaniemy w poszukiwaniu prawdy o tamtej zbrodni i upami\u0119tnieniu jej ofiar. Nie zapomnimy przestrogi z bolesnej przesz\u0142o\u015bci, nie pozwolimy z\u0142u by zn\u00f3w mog\u0142o si\u0119 rozlewa\u0107, niewoli\u0107 i krzywdzi\u0107. 77 lat temu, w lipcu 1945 roku oddzia\u0142y armii czerwonej, NKWD wspomagane przez funkcjonariuszy Urz\u0119du Bezpiecze\u0144stwa i komunistycznych konfident\u00f3w przeprowadzi\u0142y masowe aresztowania polskich patriot\u00f3w. Ofiarami tej brutalnej akcji byli \u017co\u0142nierze Armii Krajowej i wspieraj\u0105cy ich mieszka\u0144cy teren\u00f3w Puszczy Augustowskiej \u2013 napisa\u0142 prezydent.<\/p>\n<p>Andrzej Duda podzi\u0119kowa\u0142 wszystkim, kt\u00f3rzy upominali si\u0119 o ods\u0142oni\u0119cie prawdy o Ob\u0142awie Augustowskiej i d\u0105\u017cyli do odnalezienia miejsca poch\u00f3wku zamordowanych. Zadeklarowa\u0142, \u017ce te wysi\u0142ki b\u0119d\u0105 konsekwentnie kontynuowane.<\/p>\n<p>Arkadiusz S\u0142omczy\u0144ski<\/p>\n","protected":false},"excerpt":{"rendered":"<p>Prezydent Andrzej Duda i premier Mateusz Morawiecki uczcili pami\u0119\u0107 ofiar Ob\u0142awy Augustowskiej. Obchody 77 rocznicy najwi\u0119kszej zbrodni dokonanej na Polakach po II wojnie \u015bwiatowej zorganizowano przy Wzg\u00f3rzu Krzy\u017cy w Gibach,&hellip;<\/p>\n","protected":false},"author":7,"featured_media":23601,"comment_status":"closed","ping_status":"open","sticky":false,"template":"","format":"standard","meta":{"_mi_skip_tracking":false,"footnotes":""},"categories":[47],"tags":[],"class_list":["post-23600","post","type-post","status-publish","format-standard","has-post-thumbnail","hentry","category-wydarzenia"],"yoast_head":"<!-- This site is optimized with the Yoast SEO plugin v19.4 - https:\/\/yoast.com\/wordpress\/plugins\/seo\/ -->\n<title>Obchody 77 rocznicy Ob\u0142awy Augustowskiej - najwi\u0119kszej zbrodni dokonanej na Polakach po II wojnie \u015bwiatowej - Godno\u015b\u0107 - DignityNews.eu<\/title>\n<meta name=\"robots\" content=\"index, follow, max-snippet:-1, max-image-preview:large, max-video-preview:-1\" \/>\n<link rel=\"canonical\" href=\"https:\/\/dignitynews.eu\/pl\/obchody-77-rocznicy-oblawy-augustowskiej-najwiekszej-zbrodni-dokonanej-na-polakach-po-ii-wojnie-swiatowej\/\" \/>\n<meta property=\"og:locale\" content=\"pl_PL\" \/>\n<meta property=\"og:type\" content=\"article\" \/>\n<meta property=\"og:title\" content=\"Obchody 77 rocznicy Ob\u0142awy Augustowskiej - najwi\u0119kszej zbrodni dokonanej na Polakach po II wojnie \u015bwiatowej - Godno\u015b\u0107 - DignityNews.eu\" \/>\n<meta property=\"og:description\" content=\"Prezydent Andrzej Duda i premier Mateusz Morawiecki uczcili pami\u0119\u0107 ofiar Ob\u0142awy Augustowskiej. Obchody 77 rocznicy najwi\u0119kszej zbrodni dokonanej na Polakach po II wojnie \u015bwiatowej zorganizowano przy Wzg\u00f3rzu Krzy\u017cy w Gibach,&hellip;\" \/>\n<meta property=\"og:url\" content=\"https:\/\/dignitynews.eu\/pl\/obchody-77-rocznicy-oblawy-augustowskiej-najwiekszej-zbrodni-dokonanej-na-polakach-po-ii-wojnie-swiatowej\/\" \/>\n<meta property=\"og:site_name\" content=\"Godno\u015b\u0107 - DignityNews.eu\" \/>\n<meta property=\"article:published_time\" content=\"2022-07-11T09:42:54+00:00\" \/>\n<meta property=\"article:modified_time\" content=\"2022-07-11T14:43:03+00:00\" \/>\n<meta property=\"og:image\" content=\"https:\/\/dignitynews.eu\/wp-content\/uploads\/2022\/07\/77-rocznica-Oblawy-Augustowskiej-fot.-Kancelaria-Premiera-scaled.jpg\" \/>\n\t<meta property=\"og:image:width\" content=\"2560\" \/>\n\t<meta property=\"og:image:height\" content=\"1707\" \/>\n\t<meta property=\"og:image:type\" content=\"image\/jpeg\" \/>\n<meta name=\"author\" content=\"Dignity News\" \/>\n<meta name=\"twitter:card\" content=\"summary_large_image\" \/>\n<meta name=\"twitter:label1\" content=\"Napisane przez\" \/>\n\t<meta name=\"twitter:data1\" content=\"Dignity News\" \/>\n\t<meta name=\"twitter:label2\" content=\"Szacowany czas czytania\" \/>\n\t<meta name=\"twitter:data2\" content=\"2 minuty\" \/>\n<script type=\"application\/ld+json\" class=\"yoast-schema-graph\">{\"@context\":\"https:\/\/schema.org\",\"@graph\":[{\"@type\":\"WebSite\",\"@id\":\"https:\/\/dignitynews.eu\/pl\/#website\",\"url\":\"https:\/\/dignitynews.eu\/pl\/\",\"name\":\"Godno\u015b\u0107 - DignityNews.eu\",\"description\":\"\",\"potentialAction\":[{\"@type\":\"SearchAction\",\"target\":{\"@type\":\"EntryPoint\",\"urlTemplate\":\"https:\/\/dignitynews.eu\/pl\/?s={search_term_string}\"},\"query-input\":\"required name=search_term_string\"}],\"inLanguage\":\"pl-PL\"},{\"@type\":\"WebPage\",\"@id\":\"https:\/\/dignitynews.eu\/pl\/obchody-77-rocznicy-oblawy-augustowskiej-najwiekszej-zbrodni-dokonanej-na-polakach-po-ii-wojnie-swiatowej\/\",\"url\":\"https:\/\/dignitynews.eu\/pl\/obchody-77-rocznicy-oblawy-augustowskiej-najwiekszej-zbrodni-dokonanej-na-polakach-po-ii-wojnie-swiatowej\/\",\"name\":\"Obchody 77 rocznicy Ob\u0142awy Augustowskiej - najwi\u0119kszej zbrodni dokonanej na Polakach po II wojnie \u015bwiatowej - Godno\u015b\u0107 - DignityNews.eu\",\"isPartOf\":{\"@id\":\"https:\/\/dignitynews.eu\/pl\/#website\"},\"datePublished\":\"2022-07-11T09:42:54+00:00\",\"dateModified\":\"2022-07-11T14:43:03+00:00\",\"author\":{\"@id\":\"https:\/\/dignitynews.eu\/pl\/#\/schema\/person\/0b62b762b8174802fabc81a3ecb1bfcb\"},\"breadcrumb\":{\"@id\":\"https:\/\/dignitynews.eu\/pl\/obchody-77-rocznicy-oblawy-augustowskiej-najwiekszej-zbrodni-dokonanej-na-polakach-po-ii-wojnie-swiatowej\/#breadcrumb\"},\"inLanguage\":\"pl-PL\",\"potentialAction\":[{\"@type\":\"ReadAction\",\"target\":[\"https:\/\/dignitynews.eu\/pl\/obchody-77-rocznicy-oblawy-augustowskiej-najwiekszej-zbrodni-dokonanej-na-polakach-po-ii-wojnie-swiatowej\/\"]}]},{\"@type\":\"BreadcrumbList\",\"@id\":\"https:\/\/dignitynews.eu\/pl\/obchody-77-rocznicy-oblawy-augustowskiej-najwiekszej-zbrodni-dokonanej-na-polakach-po-ii-wojnie-swiatowej\/#breadcrumb\",\"itemListElement\":[{\"@type\":\"ListItem\",\"position\":1,\"name\":\"Strona g\u0142\u00f3wna\",\"item\":\"https:\/\/dignitynews.eu\/pl\/\"},{\"@type\":\"ListItem\",\"position\":2,\"name\":\"Obchody 77 rocznicy Ob\u0142awy Augustowskiej &#8211; najwi\u0119kszej zbrodni dokonanej na Polakach po II wojnie \u015bwiatowej\"}]},{\"@type\":\"Person\",\"@id\":\"https:\/\/dignitynews.eu\/pl\/#\/schema\/person\/0b62b762b8174802fabc81a3ecb1bfcb\",\"name\":\"Dignity News\",\"image\":{\"@type\":\"ImageObject\",\"inLanguage\":\"pl-PL\",\"@id\":\"https:\/\/dignitynews.eu\/pl\/#\/schema\/person\/image\/\",\"url\":\"https:\/\/secure.gravatar.com\/avatar\/97963171a6d9108f8381bbefb1c6b150c445b6ddd9e3077b96c86cf5892c85dc?s=96&d=mm&r=g\",\"contentUrl\":\"https:\/\/secure.gravatar.com\/avatar\/97963171a6d9108f8381bbefb1c6b150c445b6ddd9e3077b96c86cf5892c85dc?s=96&d=mm&r=g\",\"caption\":\"Dignity News\"},\"url\":\"https:\/\/dignitynews.eu\/pl\/author\/mikolaj-palade\/\"}]}<\/script>\n<!-- \/ Yoast SEO plugin. -->","yoast_head_json":{"title":"Obchody 77 rocznicy Ob\u0142awy Augustowskiej - najwi\u0119kszej zbrodni dokonanej na Polakach po II wojnie \u015bwiatowej - Godno\u015b\u0107 - DignityNews.eu","robots":{"index":"index","follow":"follow","max-snippet":"max-snippet:-1","max-image-preview":"max-image-preview:large","max-video-preview":"max-video-preview:-1"},"canonical":"https:\/\/dignitynews.eu\/pl\/obchody-77-rocznicy-oblawy-augustowskiej-najwiekszej-zbrodni-dokonanej-na-polakach-po-ii-wojnie-swiatowej\/","og_locale":"pl_PL","og_type":"article","og_title":"Obchody 77 rocznicy Ob\u0142awy Augustowskiej - najwi\u0119kszej zbrodni dokonanej na Polakach po II wojnie \u015bwiatowej - Godno\u015b\u0107 - DignityNews.eu","og_description":"Prezydent Andrzej Duda i premier Mateusz Morawiecki uczcili pami\u0119\u0107 ofiar Ob\u0142awy Augustowskiej. Obchody 77 rocznicy najwi\u0119kszej zbrodni dokonanej na Polakach po II wojnie \u015bwiatowej zorganizowano przy Wzg\u00f3rzu Krzy\u017cy w Gibach,&hellip;","og_url":"https:\/\/dignitynews.eu\/pl\/obchody-77-rocznicy-oblawy-augustowskiej-najwiekszej-zbrodni-dokonanej-na-polakach-po-ii-wojnie-swiatowej\/","og_site_name":"Godno\u015b\u0107 - DignityNews.eu","article_published_time":"2022-07-11T09:42:54+00:00","article_modified_time":"2022-07-11T14:43:03+00:00","og_image":[{"width":2560,"height":1707,"url":"https:\/\/dignitynews.eu\/wp-content\/uploads\/2022\/07\/77-rocznica-Oblawy-Augustowskiej-fot.-Kancelaria-Premiera-scaled.jpg","type":"image\/jpeg"}],"author":"Dignity News","twitter_card":"summary_large_image","twitter_misc":{"Napisane przez":"Dignity News","Szacowany czas czytania":"2 minuty"},"schema":{"@context":"https:\/\/schema.org","@graph":[{"@type":"WebSite","@id":"https:\/\/dignitynews.eu\/pl\/#website","url":"https:\/\/dignitynews.eu\/pl\/","name":"Godno\u015b\u0107 - DignityNews.eu","description":"","potentialAction":[{"@type":"SearchAction","target":{"@type":"EntryPoint","urlTemplate":"https:\/\/dignitynews.eu\/pl\/?s={search_term_string}"},"query-input":"required name=search_term_string"}],"inLanguage":"pl-PL"},{"@type":"WebPage","@id":"https:\/\/dignitynews.eu\/pl\/obchody-77-rocznicy-oblawy-augustowskiej-najwiekszej-zbrodni-dokonanej-na-polakach-po-ii-wojnie-swiatowej\/","url":"https:\/\/dignitynews.eu\/pl\/obchody-77-rocznicy-oblawy-augustowskiej-najwiekszej-zbrodni-dokonanej-na-polakach-po-ii-wojnie-swiatowej\/","name":"Obchody 77 rocznicy Ob\u0142awy Augustowskiej - najwi\u0119kszej zbrodni dokonanej na Polakach po II wojnie \u015bwiatowej - Godno\u015b\u0107 - DignityNews.eu","isPartOf":{"@id":"https:\/\/dignitynews.eu\/pl\/#website"},"datePublished":"2022-07-11T09:42:54+00:00","dateModified":"2022-07-11T14:43:03+00:00","author":{"@id":"https:\/\/dignitynews.eu\/pl\/#\/schema\/person\/0b62b762b8174802fabc81a3ecb1bfcb"},"breadcrumb":{"@id":"https:\/\/dignitynews.eu\/pl\/obchody-77-rocznicy-oblawy-augustowskiej-najwiekszej-zbrodni-dokonanej-na-polakach-po-ii-wojnie-swiatowej\/#breadcrumb"},"inLanguage":"pl-PL","potentialAction":[{"@type":"ReadAction","target":["https:\/\/dignitynews.eu\/pl\/obchody-77-rocznicy-oblawy-augustowskiej-najwiekszej-zbrodni-dokonanej-na-polakach-po-ii-wojnie-swiatowej\/"]}]},{"@type":"BreadcrumbList","@id":"https:\/\/dignitynews.eu\/pl\/obchody-77-rocznicy-oblawy-augustowskiej-najwiekszej-zbrodni-dokonanej-na-polakach-po-ii-wojnie-swiatowej\/#breadcrumb","itemListElement":[{"@type":"ListItem","position":1,"name":"Strona g\u0142\u00f3wna","item":"https:\/\/dignitynews.eu\/pl\/"},{"@type":"ListItem","position":2,"name":"Obchody 77 rocznicy Ob\u0142awy Augustowskiej &#8211; najwi\u0119kszej zbrodni dokonanej na Polakach po II wojnie \u015bwiatowej"}]},{"@type":"Person","@id":"https:\/\/dignitynews.eu\/pl\/#\/schema\/person\/0b62b762b8174802fabc81a3ecb1bfcb","name":"Dignity News","image":{"@type":"ImageObject","inLanguage":"pl-PL","@id":"https:\/\/dignitynews.eu\/pl\/#\/schema\/person\/image\/","url":"https:\/\/secure.gravatar.com\/avatar\/97963171a6d9108f8381bbefb1c6b150c445b6ddd9e3077b96c86cf5892c85dc?s=96&d=mm&r=g","contentUrl":"https:\/\/secure.gravatar.com\/avatar\/97963171a6d9108f8381bbefb1c6b150c445b6ddd9e3077b96c86cf5892c85dc?s=96&d=mm&r=g","caption":"Dignity News"},"url":"https:\/\/dignitynews.eu\/pl\/author\/mikolaj-palade\/"}]}},"_links":{"self":[{"href":"https:\/\/dignitynews.eu\/pl\/wp-json\/wp\/v2\/posts\/23600","targetHints":{"allow":["GET"]}}],"collection":[{"href":"https:\/\/dignitynews.eu\/pl\/wp-json\/wp\/v2\/posts"}],"about":[{"href":"https:\/\/dignitynews.eu\/pl\/wp-json\/wp\/v2\/types\/post"}],"author":[{"embeddable":true,"href":"https:\/\/dignitynews.eu\/pl\/wp-json\/wp\/v2\/users\/7"}],"replies":[{"embeddable":true,"href":"https:\/\/dignitynews.eu\/pl\/wp-json\/wp\/v2\/comments?post=23600"}],"version-history":[{"count":1,"href":"https:\/\/dignitynews.eu\/pl\/wp-json\/wp\/v2\/posts\/23600\/revisions"}],"predecessor-version":[{"id":23606,"href":"https:\/\/dignitynews.eu\/pl\/wp-json\/wp\/v2\/posts\/23600\/revisions\/23606"}],"wp:featuredmedia":[{"embeddable":true,"href":"https:\/\/dignitynews.eu\/pl\/wp-json\/wp\/v2\/media\/23601"}],"wp:attachment":[{"href":"https:\/\/dignitynews.eu\/pl\/wp-json\/wp\/v2\/media?parent=23600"}],"wp:term":[{"taxonomy":"category","embeddable":true,"href":"https:\/\/dignitynews.eu\/pl\/wp-json\/wp\/v2\/categories?post=23600"},{"taxonomy":"post_tag","embeddable":true,"href":"https:\/\/dignitynews.eu\/pl\/wp-json\/wp\/v2\/tags?post=23600"}],"curies":[{"name":"wp","href":"https:\/\/api.w.org\/{rel}","templated":true}]}}