{"id":23477,"date":"2022-07-08T11:13:11","date_gmt":"2022-07-08T09:13:11","guid":{"rendered":"https:\/\/dignitynews.eu\/?p=23477"},"modified":"2022-07-08T11:13:11","modified_gmt":"2022-07-08T09:13:11","slug":"po-zakonczeniu-wojny-ponad-polowa-uchodzcow-z-ukrainy-chce-wrocic-do-swojego-kraju","status":"publish","type":"post","link":"https:\/\/dignitynews.eu\/pl\/po-zakonczeniu-wojny-ponad-polowa-uchodzcow-z-ukrainy-chce-wrocic-do-swojego-kraju\/","title":{"rendered":"Po zako\u0144czeniu wojny ponad po\u0142owa uchod\u017ac\u00f3w z Ukrainy chce wr\u00f3ci\u0107 do swojego kraju"},"content":{"rendered":"<h5>Z raportu &#8222;Uchod\u017acy z Ukrainy w Polsce&#8221; przeprowadzonego przez Studium Europy Wschodniej Uniwersytetu Warszawskiego wynika, \u017ce 58 proc. uchod\u017ac\u00f3w zamierza wr\u00f3ci\u0107 na Ukrain\u0119, a 29 proc. planuje zosta\u0107 w Polsce na sta\u0142e; 63 proc. Ukrai\u0144c\u00f3w planuje podj\u0105\u0107 w Polsce prac\u0119 a 20 proc. chce utrzymywa\u0107 z w\u0142asnych \u015brodk\u00f3w. Od pocz\u0105tku rosyjskiej agresji do Polski wjecha\u0142o ponad 4,386 mln os\u00f3b.<\/h5>\n<p>Wi\u0119kszo\u015b\u0107 ankietowanych (58 proc) zamierza po zako\u0144czeniu wojny wr\u00f3ci\u0107 na Ukrain\u0119, a 29 proc. ankietowanych planuje zosta\u0107 w Polsce na sta\u0142e. Tylko 12 proc. z nich zadeklarowa\u0142o, \u017ce planuje wyjecha\u0107 do innego kraju ni\u017c Ukraina, przy czym 26 proc. wskaza\u0142o Niemcy, 16 proc. &#8211; USA, 11 proc. &#8211; Wielk\u0105 Brytani\u0119, 10 proc. &#8211; Szwecj\u0119, 8 proc. &#8211; S\u0142owacj\u0119 a 7 proc. &#8211; Kanad\u0119.<\/p>\n<p>63 proc. Ukrai\u0144c\u00f3w planuje podj\u0105\u0107 w Polsce prac\u0119. 20 proc. z nich zamierza utrzymywa\u0107 z w\u0142asnych \u015brodk\u00f3w, 6 proc. chce ubiega\u0107 si\u0119 o status uchod\u017acy a 11 proc. wybra\u0142o inne rozwi\u0105zanie. 17 proc. badanych Ukrai\u0144c\u00f3w to wysoko wykwalifikowani specjali\u015bci, 15 proc. &#8211; nauczyciele i pracownicy sektora edukacji, a 7 proc. pracownicy fizyczni oraz technicy lub osoby niezatrudnione.<\/p>\n<p>Zdecydowana wi\u0119kszo\u015b\u0107 Ukrai\u0144c\u00f3w jako preferowane wojew\u00f3dztwo wskaza\u0142o na ma\u0142opolskie (39 proc) i mazowieckie (38 proc). Dalej uplasowa\u0142y si\u0119 wojew\u00f3dztwa: lubelskie (2 proc.), kujawsko-pomorskie (2 proc.) i dolno\u015bl\u0105skie (2 proc.). Jako miejsce pobytu 69 proc. badanych wybra\u0142o du\u017ce miasto powy\u017cej 200 tys. mieszka\u0144c\u00f3w, 10 proc. &#8211; miasto licz\u0105ce 50-200 tys. mieszka\u0144c\u00f3w, 4 proc. &#8211; miasto do 50 tys. mieszka\u0144c\u00f3w a tylko 3 proc. wie\u015b.<\/p>\n<p>Badanie zosta\u0142o przeprowadzone w dniach 23 marca &#8211; 3 kwietnia za pomoc\u0105 bezpo\u015brednich wywiad\u00f3w indywidualnych w j\u0119zyku ukrai\u0144skim z obywatelami Ukrainy, kt\u00f3rzy opu\u015bcili Ukrain\u0119 i przyjechali do Polski po 24 lutego 2022 roku, na pr\u00f3bie licz\u0105cej 400 os\u00f3b. 85 proc. badanych stanowi\u0142y kobiety.<\/p>\n<p>Arkadiusz S\u0142omczy\u0144ski<\/p>\n","protected":false},"excerpt":{"rendered":"<p>Z raportu &#8222;Uchod\u017acy z Ukrainy w Polsce&#8221; przeprowadzonego przez Studium Europy Wschodniej Uniwersytetu Warszawskiego wynika, \u017ce 58 proc. uchod\u017ac\u00f3w zamierza wr\u00f3ci\u0107 na Ukrain\u0119, a 29 proc. planuje zosta\u0107 w Polsce&hellip;<\/p>\n","protected":false},"author":7,"featured_media":23478,"comment_status":"closed","ping_status":"open","sticky":false,"template":"","format":"standard","meta":{"_mi_skip_tracking":false,"footnotes":""},"categories":[47],"tags":[],"class_list":["post-23477","post","type-post","status-publish","format-standard","has-post-thumbnail","hentry","category-wydarzenia"],"yoast_head":"<!-- This site is optimized with the Yoast SEO plugin v19.4 - https:\/\/yoast.com\/wordpress\/plugins\/seo\/ -->\n<title>Po zako\u0144czeniu wojny ponad po\u0142owa uchod\u017ac\u00f3w z Ukrainy chce wr\u00f3ci\u0107 do swojego kraju - Godno\u015b\u0107 - DignityNews.eu<\/title>\n<meta name=\"robots\" content=\"index, follow, max-snippet:-1, max-image-preview:large, max-video-preview:-1\" \/>\n<link rel=\"canonical\" href=\"https:\/\/dignitynews.eu\/pl\/po-zakonczeniu-wojny-ponad-polowa-uchodzcow-z-ukrainy-chce-wrocic-do-swojego-kraju\/\" \/>\n<meta property=\"og:locale\" content=\"pl_PL\" \/>\n<meta property=\"og:type\" content=\"article\" \/>\n<meta property=\"og:title\" content=\"Po zako\u0144czeniu wojny ponad po\u0142owa uchod\u017ac\u00f3w z Ukrainy chce wr\u00f3ci\u0107 do swojego kraju - Godno\u015b\u0107 - DignityNews.eu\" \/>\n<meta property=\"og:description\" content=\"Z raportu &#8222;Uchod\u017acy z Ukrainy w Polsce&#8221; przeprowadzonego przez Studium Europy Wschodniej Uniwersytetu Warszawskiego wynika, \u017ce 58 proc. uchod\u017ac\u00f3w zamierza wr\u00f3ci\u0107 na Ukrain\u0119, a 29 proc. planuje zosta\u0107 w Polsce&hellip;\" \/>\n<meta property=\"og:url\" content=\"https:\/\/dignitynews.eu\/pl\/po-zakonczeniu-wojny-ponad-polowa-uchodzcow-z-ukrainy-chce-wrocic-do-swojego-kraju\/\" \/>\n<meta property=\"og:site_name\" content=\"Godno\u015b\u0107 - DignityNews.eu\" \/>\n<meta property=\"article:published_time\" content=\"2022-07-08T09:13:11+00:00\" \/>\n<meta property=\"og:image\" content=\"https:\/\/dignitynews.eu\/wp-content\/uploads\/2022\/07\/Ukraina-uchodzcy-powroty-fot.-Marek-BAZAK-East-News.jpg\" \/>\n\t<meta property=\"og:image:width\" content=\"1500\" \/>\n\t<meta property=\"og:image:height\" content=\"1010\" \/>\n\t<meta property=\"og:image:type\" content=\"image\/jpeg\" \/>\n<meta name=\"author\" content=\"Dignity News\" \/>\n<meta name=\"twitter:card\" content=\"summary_large_image\" \/>\n<meta name=\"twitter:label1\" content=\"Napisane przez\" \/>\n\t<meta name=\"twitter:data1\" content=\"Dignity News\" \/>\n\t<meta name=\"twitter:label2\" content=\"Szacowany czas czytania\" \/>\n\t<meta name=\"twitter:data2\" content=\"2 minuty\" \/>\n<script type=\"application\/ld+json\" class=\"yoast-schema-graph\">{\"@context\":\"https:\/\/schema.org\",\"@graph\":[{\"@type\":\"WebSite\",\"@id\":\"https:\/\/dignitynews.eu\/pl\/#website\",\"url\":\"https:\/\/dignitynews.eu\/pl\/\",\"name\":\"Godno\u015b\u0107 - DignityNews.eu\",\"description\":\"\",\"potentialAction\":[{\"@type\":\"SearchAction\",\"target\":{\"@type\":\"EntryPoint\",\"urlTemplate\":\"https:\/\/dignitynews.eu\/pl\/?s={search_term_string}\"},\"query-input\":\"required name=search_term_string\"}],\"inLanguage\":\"pl-PL\"},{\"@type\":\"WebPage\",\"@id\":\"https:\/\/dignitynews.eu\/pl\/po-zakonczeniu-wojny-ponad-polowa-uchodzcow-z-ukrainy-chce-wrocic-do-swojego-kraju\/\",\"url\":\"https:\/\/dignitynews.eu\/pl\/po-zakonczeniu-wojny-ponad-polowa-uchodzcow-z-ukrainy-chce-wrocic-do-swojego-kraju\/\",\"name\":\"Po zako\u0144czeniu wojny ponad po\u0142owa uchod\u017ac\u00f3w z Ukrainy chce wr\u00f3ci\u0107 do swojego kraju - Godno\u015b\u0107 - DignityNews.eu\",\"isPartOf\":{\"@id\":\"https:\/\/dignitynews.eu\/pl\/#website\"},\"datePublished\":\"2022-07-08T09:13:11+00:00\",\"dateModified\":\"2022-07-08T09:13:11+00:00\",\"author\":{\"@id\":\"https:\/\/dignitynews.eu\/pl\/#\/schema\/person\/0b62b762b8174802fabc81a3ecb1bfcb\"},\"breadcrumb\":{\"@id\":\"https:\/\/dignitynews.eu\/pl\/po-zakonczeniu-wojny-ponad-polowa-uchodzcow-z-ukrainy-chce-wrocic-do-swojego-kraju\/#breadcrumb\"},\"inLanguage\":\"pl-PL\",\"potentialAction\":[{\"@type\":\"ReadAction\",\"target\":[\"https:\/\/dignitynews.eu\/pl\/po-zakonczeniu-wojny-ponad-polowa-uchodzcow-z-ukrainy-chce-wrocic-do-swojego-kraju\/\"]}]},{\"@type\":\"BreadcrumbList\",\"@id\":\"https:\/\/dignitynews.eu\/pl\/po-zakonczeniu-wojny-ponad-polowa-uchodzcow-z-ukrainy-chce-wrocic-do-swojego-kraju\/#breadcrumb\",\"itemListElement\":[{\"@type\":\"ListItem\",\"position\":1,\"name\":\"Strona g\u0142\u00f3wna\",\"item\":\"https:\/\/dignitynews.eu\/pl\/\"},{\"@type\":\"ListItem\",\"position\":2,\"name\":\"Po zako\u0144czeniu wojny ponad po\u0142owa uchod\u017ac\u00f3w z Ukrainy chce wr\u00f3ci\u0107 do swojego kraju\"}]},{\"@type\":\"Person\",\"@id\":\"https:\/\/dignitynews.eu\/pl\/#\/schema\/person\/0b62b762b8174802fabc81a3ecb1bfcb\",\"name\":\"Dignity News\",\"image\":{\"@type\":\"ImageObject\",\"inLanguage\":\"pl-PL\",\"@id\":\"https:\/\/dignitynews.eu\/pl\/#\/schema\/person\/image\/\",\"url\":\"https:\/\/secure.gravatar.com\/avatar\/97963171a6d9108f8381bbefb1c6b150c445b6ddd9e3077b96c86cf5892c85dc?s=96&d=mm&r=g\",\"contentUrl\":\"https:\/\/secure.gravatar.com\/avatar\/97963171a6d9108f8381bbefb1c6b150c445b6ddd9e3077b96c86cf5892c85dc?s=96&d=mm&r=g\",\"caption\":\"Dignity News\"},\"url\":\"https:\/\/dignitynews.eu\/pl\/author\/mikolaj-palade\/\"}]}<\/script>\n<!-- \/ Yoast SEO plugin. -->","yoast_head_json":{"title":"Po zako\u0144czeniu wojny ponad po\u0142owa uchod\u017ac\u00f3w z Ukrainy chce wr\u00f3ci\u0107 do swojego kraju - Godno\u015b\u0107 - DignityNews.eu","robots":{"index":"index","follow":"follow","max-snippet":"max-snippet:-1","max-image-preview":"max-image-preview:large","max-video-preview":"max-video-preview:-1"},"canonical":"https:\/\/dignitynews.eu\/pl\/po-zakonczeniu-wojny-ponad-polowa-uchodzcow-z-ukrainy-chce-wrocic-do-swojego-kraju\/","og_locale":"pl_PL","og_type":"article","og_title":"Po zako\u0144czeniu wojny ponad po\u0142owa uchod\u017ac\u00f3w z Ukrainy chce wr\u00f3ci\u0107 do swojego kraju - Godno\u015b\u0107 - DignityNews.eu","og_description":"Z raportu &#8222;Uchod\u017acy z Ukrainy w Polsce&#8221; przeprowadzonego przez Studium Europy Wschodniej Uniwersytetu Warszawskiego wynika, \u017ce 58 proc. uchod\u017ac\u00f3w zamierza wr\u00f3ci\u0107 na Ukrain\u0119, a 29 proc. planuje zosta\u0107 w Polsce&hellip;","og_url":"https:\/\/dignitynews.eu\/pl\/po-zakonczeniu-wojny-ponad-polowa-uchodzcow-z-ukrainy-chce-wrocic-do-swojego-kraju\/","og_site_name":"Godno\u015b\u0107 - DignityNews.eu","article_published_time":"2022-07-08T09:13:11+00:00","og_image":[{"width":1500,"height":1010,"url":"https:\/\/dignitynews.eu\/wp-content\/uploads\/2022\/07\/Ukraina-uchodzcy-powroty-fot.-Marek-BAZAK-East-News.jpg","type":"image\/jpeg"}],"author":"Dignity News","twitter_card":"summary_large_image","twitter_misc":{"Napisane przez":"Dignity News","Szacowany czas czytania":"2 minuty"},"schema":{"@context":"https:\/\/schema.org","@graph":[{"@type":"WebSite","@id":"https:\/\/dignitynews.eu\/pl\/#website","url":"https:\/\/dignitynews.eu\/pl\/","name":"Godno\u015b\u0107 - DignityNews.eu","description":"","potentialAction":[{"@type":"SearchAction","target":{"@type":"EntryPoint","urlTemplate":"https:\/\/dignitynews.eu\/pl\/?s={search_term_string}"},"query-input":"required name=search_term_string"}],"inLanguage":"pl-PL"},{"@type":"WebPage","@id":"https:\/\/dignitynews.eu\/pl\/po-zakonczeniu-wojny-ponad-polowa-uchodzcow-z-ukrainy-chce-wrocic-do-swojego-kraju\/","url":"https:\/\/dignitynews.eu\/pl\/po-zakonczeniu-wojny-ponad-polowa-uchodzcow-z-ukrainy-chce-wrocic-do-swojego-kraju\/","name":"Po zako\u0144czeniu wojny ponad po\u0142owa uchod\u017ac\u00f3w z Ukrainy chce wr\u00f3ci\u0107 do swojego kraju - Godno\u015b\u0107 - DignityNews.eu","isPartOf":{"@id":"https:\/\/dignitynews.eu\/pl\/#website"},"datePublished":"2022-07-08T09:13:11+00:00","dateModified":"2022-07-08T09:13:11+00:00","author":{"@id":"https:\/\/dignitynews.eu\/pl\/#\/schema\/person\/0b62b762b8174802fabc81a3ecb1bfcb"},"breadcrumb":{"@id":"https:\/\/dignitynews.eu\/pl\/po-zakonczeniu-wojny-ponad-polowa-uchodzcow-z-ukrainy-chce-wrocic-do-swojego-kraju\/#breadcrumb"},"inLanguage":"pl-PL","potentialAction":[{"@type":"ReadAction","target":["https:\/\/dignitynews.eu\/pl\/po-zakonczeniu-wojny-ponad-polowa-uchodzcow-z-ukrainy-chce-wrocic-do-swojego-kraju\/"]}]},{"@type":"BreadcrumbList","@id":"https:\/\/dignitynews.eu\/pl\/po-zakonczeniu-wojny-ponad-polowa-uchodzcow-z-ukrainy-chce-wrocic-do-swojego-kraju\/#breadcrumb","itemListElement":[{"@type":"ListItem","position":1,"name":"Strona g\u0142\u00f3wna","item":"https:\/\/dignitynews.eu\/pl\/"},{"@type":"ListItem","position":2,"name":"Po zako\u0144czeniu wojny ponad po\u0142owa uchod\u017ac\u00f3w z Ukrainy chce wr\u00f3ci\u0107 do swojego kraju"}]},{"@type":"Person","@id":"https:\/\/dignitynews.eu\/pl\/#\/schema\/person\/0b62b762b8174802fabc81a3ecb1bfcb","name":"Dignity News","image":{"@type":"ImageObject","inLanguage":"pl-PL","@id":"https:\/\/dignitynews.eu\/pl\/#\/schema\/person\/image\/","url":"https:\/\/secure.gravatar.com\/avatar\/97963171a6d9108f8381bbefb1c6b150c445b6ddd9e3077b96c86cf5892c85dc?s=96&d=mm&r=g","contentUrl":"https:\/\/secure.gravatar.com\/avatar\/97963171a6d9108f8381bbefb1c6b150c445b6ddd9e3077b96c86cf5892c85dc?s=96&d=mm&r=g","caption":"Dignity News"},"url":"https:\/\/dignitynews.eu\/pl\/author\/mikolaj-palade\/"}]}},"_links":{"self":[{"href":"https:\/\/dignitynews.eu\/pl\/wp-json\/wp\/v2\/posts\/23477","targetHints":{"allow":["GET"]}}],"collection":[{"href":"https:\/\/dignitynews.eu\/pl\/wp-json\/wp\/v2\/posts"}],"about":[{"href":"https:\/\/dignitynews.eu\/pl\/wp-json\/wp\/v2\/types\/post"}],"author":[{"embeddable":true,"href":"https:\/\/dignitynews.eu\/pl\/wp-json\/wp\/v2\/users\/7"}],"replies":[{"embeddable":true,"href":"https:\/\/dignitynews.eu\/pl\/wp-json\/wp\/v2\/comments?post=23477"}],"version-history":[{"count":1,"href":"https:\/\/dignitynews.eu\/pl\/wp-json\/wp\/v2\/posts\/23477\/revisions"}],"predecessor-version":[{"id":23483,"href":"https:\/\/dignitynews.eu\/pl\/wp-json\/wp\/v2\/posts\/23477\/revisions\/23483"}],"wp:featuredmedia":[{"embeddable":true,"href":"https:\/\/dignitynews.eu\/pl\/wp-json\/wp\/v2\/media\/23478"}],"wp:attachment":[{"href":"https:\/\/dignitynews.eu\/pl\/wp-json\/wp\/v2\/media?parent=23477"}],"wp:term":[{"taxonomy":"category","embeddable":true,"href":"https:\/\/dignitynews.eu\/pl\/wp-json\/wp\/v2\/categories?post=23477"},{"taxonomy":"post_tag","embeddable":true,"href":"https:\/\/dignitynews.eu\/pl\/wp-json\/wp\/v2\/tags?post=23477"}],"curies":[{"name":"wp","href":"https:\/\/api.w.org\/{rel}","templated":true}]}}