{"id":23456,"date":"2022-07-08T11:09:50","date_gmt":"2022-07-08T09:09:50","guid":{"rendered":"https:\/\/dignitynews.eu\/?p=23456"},"modified":"2022-07-08T11:09:50","modified_gmt":"2022-07-08T09:09:50","slug":"polacy-przez-drozyzne-rezygnuja-z-wakacji-albo-skracaja-urlopy","status":"publish","type":"post","link":"https:\/\/dignitynews.eu\/pl\/polacy-przez-drozyzne-rezygnuja-z-wakacji-albo-skracaja-urlopy\/","title":{"rendered":"Polacy przez dro\u017cyzn\u0119 rezygnuj\u0105 z wakacji, albo skracaj\u0105 urlopy"},"content":{"rendered":"<h5>W tym roku zainteresowanie wakacyjnymi wyjazdami spad\u0142o o 38 proc. w por\u00f3wnaniu z analogicznym okresem ubieg\u0142ego roku &#8211; informuje serwis Nocowanie.pl. Co czwarty polski turysta planuje w te wakacje wyjecha\u0107 na tydzie\u0144, a 3 proc. na dwa tygodnie.<\/h5>\n<p>Z danych Polskiej Organizacji Turystycznej, na kt\u00f3re powo\u0142uje si\u0119 serwis, wynika \u017ce 71 proc. Polak\u00f3w planowa\u0142o w tym roku sp\u0119dzi\u0107 wakacje w kraju. Serwis wskazuje na du\u017cy i stale zwi\u0119kszaj\u0105cy si\u0119 spadek zainteresowania wyjazdami wakacyjnymi w\u015br\u00f3d Polak\u00f3w. Obecnie spadek ten si\u0119ga 38 proc. w stosunku do analogicznego okresu w ubieg\u0142ym roku, pod koniec maja by\u0142o to 21 proc., a w po\u0142owie czerwca 32 proc.<\/p>\n<p>Prezes portalu Nocowanie.pl Tomasz Zaniewski powiedzia\u0142, \u017ce liczba wyszukiwa\u0144 zakwaterowania na terminy lipcowe jest obecnie o 1\/3 mniejsza ni\u017c w tym samym okresie ubieg\u0142ego roku, a na sierpniowe o ponad po\u0142ow\u0119. \u015aredni koszt nocleg\u00f3w za osob\u0119 jest co najmniej o kilkana\u015bcie procent wy\u017cszy ni\u017c rok temu.<\/p>\n<p>&#8211; Przy rosn\u0105cych cenach transportu, wy\u017cywienia oraz samych nocleg\u00f3w sporo turyst\u00f3w zapewne zwleka z podj\u0119ciem decyzji o wyje\u017adzie lub liczy na znalezienie ta\u0144szych ofert w ostatniej chwili \u2014 zaznaczy\u0142 Zaniewski. Cz\u0119st\u0105 reakcj\u0105 na wzrost koszt\u00f3w wakacji jest r\u00f3wnie\u017c skr\u00f3cenie planowanego urlopu.<\/p>\n<p>Z danych serwisu wynika, \u017ce prawie 1\/4 turyst\u00f3w planuje wyjazd na siedem dni, zakwaterowania na pobyt 14-dniowy szuka zaledwie 3 proc. Ponad 1\/3 turyst\u00f3w chcia\u0142aby sp\u0119dzi\u0107 wakacje w wynaj\u0119tym domku, taka sama liczba poszukuje kwatery lub pokoju. Na trzecim miejscu pod wzgl\u0119dem popularno\u015bci s\u0105 apartamenty, kt\u00f3rych dotyczy 13 proc. zapyta\u0144.<\/p>\n<p>Niezmiennie najwi\u0119ksz\u0105 popularno\u015bci\u0105 ciesz\u0105 si\u0119 wakacje nad morzem. W sumie 70 proc. wszystkich zapyta\u0144 o dost\u0119pne noclegi dotyczy wojew\u00f3dztw zachodniopomorskiego i pomorskiego, a najcz\u0119\u015bciej wyszukiwan\u0105 miejscowo\u015bci\u0105 jest W\u0142adys\u0142awowo.<\/p>\n<p>Arkadiusz S\u0142omczy\u0144ski<\/p>\n","protected":false},"excerpt":{"rendered":"<p>W tym roku zainteresowanie wakacyjnymi wyjazdami spad\u0142o o 38 proc. w por\u00f3wnaniu z analogicznym okresem ubieg\u0142ego roku &#8211; informuje serwis Nocowanie.pl. Co czwarty polski turysta planuje w te wakacje wyjecha\u0107&hellip;<\/p>\n","protected":false},"author":7,"featured_media":23457,"comment_status":"closed","ping_status":"open","sticky":false,"template":"","format":"standard","meta":{"_mi_skip_tracking":false,"footnotes":""},"categories":[48],"tags":[],"class_list":["post-23456","post","type-post","status-publish","format-standard","has-post-thumbnail","hentry","category-gospodarka"],"yoast_head":"<!-- This site is optimized with the Yoast SEO plugin v19.4 - https:\/\/yoast.com\/wordpress\/plugins\/seo\/ -->\n<title>Polacy przez dro\u017cyzn\u0119 rezygnuj\u0105 z wakacji, albo skracaj\u0105 urlopy - Godno\u015b\u0107 - DignityNews.eu<\/title>\n<meta name=\"robots\" content=\"index, follow, max-snippet:-1, max-image-preview:large, max-video-preview:-1\" \/>\n<link rel=\"canonical\" href=\"https:\/\/dignitynews.eu\/pl\/polacy-przez-drozyzne-rezygnuja-z-wakacji-albo-skracaja-urlopy\/\" \/>\n<meta property=\"og:locale\" content=\"pl_PL\" \/>\n<meta property=\"og:type\" content=\"article\" \/>\n<meta property=\"og:title\" content=\"Polacy przez dro\u017cyzn\u0119 rezygnuj\u0105 z wakacji, albo skracaj\u0105 urlopy - Godno\u015b\u0107 - DignityNews.eu\" \/>\n<meta property=\"og:description\" content=\"W tym roku zainteresowanie wakacyjnymi wyjazdami spad\u0142o o 38 proc. w por\u00f3wnaniu z analogicznym okresem ubieg\u0142ego roku &#8211; informuje serwis Nocowanie.pl. Co czwarty polski turysta planuje w te wakacje wyjecha\u0107&hellip;\" \/>\n<meta property=\"og:url\" content=\"https:\/\/dignitynews.eu\/pl\/polacy-przez-drozyzne-rezygnuja-z-wakacji-albo-skracaja-urlopy\/\" \/>\n<meta property=\"og:site_name\" content=\"Godno\u015b\u0107 - DignityNews.eu\" \/>\n<meta property=\"article:published_time\" content=\"2022-07-08T09:09:50+00:00\" \/>\n<meta property=\"og:image\" content=\"https:\/\/dignitynews.eu\/wp-content\/uploads\/2022\/07\/Polacy-rezygnuja-z-wakacji-fot.-Andrzej-Grygiel-East-News.jpg\" \/>\n\t<meta property=\"og:image:width\" content=\"1500\" \/>\n\t<meta property=\"og:image:height\" content=\"992\" \/>\n\t<meta property=\"og:image:type\" content=\"image\/jpeg\" \/>\n<meta name=\"author\" content=\"Dignity News\" \/>\n<meta name=\"twitter:card\" content=\"summary_large_image\" \/>\n<meta name=\"twitter:label1\" content=\"Napisane przez\" \/>\n\t<meta name=\"twitter:data1\" content=\"Dignity News\" \/>\n\t<meta name=\"twitter:label2\" content=\"Szacowany czas czytania\" \/>\n\t<meta name=\"twitter:data2\" content=\"2 minuty\" \/>\n<script type=\"application\/ld+json\" class=\"yoast-schema-graph\">{\"@context\":\"https:\/\/schema.org\",\"@graph\":[{\"@type\":\"WebSite\",\"@id\":\"https:\/\/dignitynews.eu\/pl\/#website\",\"url\":\"https:\/\/dignitynews.eu\/pl\/\",\"name\":\"Godno\u015b\u0107 - DignityNews.eu\",\"description\":\"\",\"potentialAction\":[{\"@type\":\"SearchAction\",\"target\":{\"@type\":\"EntryPoint\",\"urlTemplate\":\"https:\/\/dignitynews.eu\/pl\/?s={search_term_string}\"},\"query-input\":\"required name=search_term_string\"}],\"inLanguage\":\"pl-PL\"},{\"@type\":\"WebPage\",\"@id\":\"https:\/\/dignitynews.eu\/pl\/polacy-przez-drozyzne-rezygnuja-z-wakacji-albo-skracaja-urlopy\/\",\"url\":\"https:\/\/dignitynews.eu\/pl\/polacy-przez-drozyzne-rezygnuja-z-wakacji-albo-skracaja-urlopy\/\",\"name\":\"Polacy przez dro\u017cyzn\u0119 rezygnuj\u0105 z wakacji, albo skracaj\u0105 urlopy - Godno\u015b\u0107 - DignityNews.eu\",\"isPartOf\":{\"@id\":\"https:\/\/dignitynews.eu\/pl\/#website\"},\"datePublished\":\"2022-07-08T09:09:50+00:00\",\"dateModified\":\"2022-07-08T09:09:50+00:00\",\"author\":{\"@id\":\"https:\/\/dignitynews.eu\/pl\/#\/schema\/person\/0b62b762b8174802fabc81a3ecb1bfcb\"},\"breadcrumb\":{\"@id\":\"https:\/\/dignitynews.eu\/pl\/polacy-przez-drozyzne-rezygnuja-z-wakacji-albo-skracaja-urlopy\/#breadcrumb\"},\"inLanguage\":\"pl-PL\",\"potentialAction\":[{\"@type\":\"ReadAction\",\"target\":[\"https:\/\/dignitynews.eu\/pl\/polacy-przez-drozyzne-rezygnuja-z-wakacji-albo-skracaja-urlopy\/\"]}]},{\"@type\":\"BreadcrumbList\",\"@id\":\"https:\/\/dignitynews.eu\/pl\/polacy-przez-drozyzne-rezygnuja-z-wakacji-albo-skracaja-urlopy\/#breadcrumb\",\"itemListElement\":[{\"@type\":\"ListItem\",\"position\":1,\"name\":\"Strona g\u0142\u00f3wna\",\"item\":\"https:\/\/dignitynews.eu\/pl\/\"},{\"@type\":\"ListItem\",\"position\":2,\"name\":\"Polacy przez dro\u017cyzn\u0119 rezygnuj\u0105 z wakacji, albo skracaj\u0105 urlopy\"}]},{\"@type\":\"Person\",\"@id\":\"https:\/\/dignitynews.eu\/pl\/#\/schema\/person\/0b62b762b8174802fabc81a3ecb1bfcb\",\"name\":\"Dignity News\",\"image\":{\"@type\":\"ImageObject\",\"inLanguage\":\"pl-PL\",\"@id\":\"https:\/\/dignitynews.eu\/pl\/#\/schema\/person\/image\/\",\"url\":\"https:\/\/secure.gravatar.com\/avatar\/97963171a6d9108f8381bbefb1c6b150c445b6ddd9e3077b96c86cf5892c85dc?s=96&d=mm&r=g\",\"contentUrl\":\"https:\/\/secure.gravatar.com\/avatar\/97963171a6d9108f8381bbefb1c6b150c445b6ddd9e3077b96c86cf5892c85dc?s=96&d=mm&r=g\",\"caption\":\"Dignity News\"},\"url\":\"https:\/\/dignitynews.eu\/pl\/author\/mikolaj-palade\/\"}]}<\/script>\n<!-- \/ Yoast SEO plugin. -->","yoast_head_json":{"title":"Polacy przez dro\u017cyzn\u0119 rezygnuj\u0105 z wakacji, albo skracaj\u0105 urlopy - Godno\u015b\u0107 - DignityNews.eu","robots":{"index":"index","follow":"follow","max-snippet":"max-snippet:-1","max-image-preview":"max-image-preview:large","max-video-preview":"max-video-preview:-1"},"canonical":"https:\/\/dignitynews.eu\/pl\/polacy-przez-drozyzne-rezygnuja-z-wakacji-albo-skracaja-urlopy\/","og_locale":"pl_PL","og_type":"article","og_title":"Polacy przez dro\u017cyzn\u0119 rezygnuj\u0105 z wakacji, albo skracaj\u0105 urlopy - Godno\u015b\u0107 - DignityNews.eu","og_description":"W tym roku zainteresowanie wakacyjnymi wyjazdami spad\u0142o o 38 proc. w por\u00f3wnaniu z analogicznym okresem ubieg\u0142ego roku &#8211; informuje serwis Nocowanie.pl. Co czwarty polski turysta planuje w te wakacje wyjecha\u0107&hellip;","og_url":"https:\/\/dignitynews.eu\/pl\/polacy-przez-drozyzne-rezygnuja-z-wakacji-albo-skracaja-urlopy\/","og_site_name":"Godno\u015b\u0107 - DignityNews.eu","article_published_time":"2022-07-08T09:09:50+00:00","og_image":[{"width":1500,"height":992,"url":"https:\/\/dignitynews.eu\/wp-content\/uploads\/2022\/07\/Polacy-rezygnuja-z-wakacji-fot.-Andrzej-Grygiel-East-News.jpg","type":"image\/jpeg"}],"author":"Dignity News","twitter_card":"summary_large_image","twitter_misc":{"Napisane przez":"Dignity News","Szacowany czas czytania":"2 minuty"},"schema":{"@context":"https:\/\/schema.org","@graph":[{"@type":"WebSite","@id":"https:\/\/dignitynews.eu\/pl\/#website","url":"https:\/\/dignitynews.eu\/pl\/","name":"Godno\u015b\u0107 - DignityNews.eu","description":"","potentialAction":[{"@type":"SearchAction","target":{"@type":"EntryPoint","urlTemplate":"https:\/\/dignitynews.eu\/pl\/?s={search_term_string}"},"query-input":"required name=search_term_string"}],"inLanguage":"pl-PL"},{"@type":"WebPage","@id":"https:\/\/dignitynews.eu\/pl\/polacy-przez-drozyzne-rezygnuja-z-wakacji-albo-skracaja-urlopy\/","url":"https:\/\/dignitynews.eu\/pl\/polacy-przez-drozyzne-rezygnuja-z-wakacji-albo-skracaja-urlopy\/","name":"Polacy przez dro\u017cyzn\u0119 rezygnuj\u0105 z wakacji, albo skracaj\u0105 urlopy - Godno\u015b\u0107 - DignityNews.eu","isPartOf":{"@id":"https:\/\/dignitynews.eu\/pl\/#website"},"datePublished":"2022-07-08T09:09:50+00:00","dateModified":"2022-07-08T09:09:50+00:00","author":{"@id":"https:\/\/dignitynews.eu\/pl\/#\/schema\/person\/0b62b762b8174802fabc81a3ecb1bfcb"},"breadcrumb":{"@id":"https:\/\/dignitynews.eu\/pl\/polacy-przez-drozyzne-rezygnuja-z-wakacji-albo-skracaja-urlopy\/#breadcrumb"},"inLanguage":"pl-PL","potentialAction":[{"@type":"ReadAction","target":["https:\/\/dignitynews.eu\/pl\/polacy-przez-drozyzne-rezygnuja-z-wakacji-albo-skracaja-urlopy\/"]}]},{"@type":"BreadcrumbList","@id":"https:\/\/dignitynews.eu\/pl\/polacy-przez-drozyzne-rezygnuja-z-wakacji-albo-skracaja-urlopy\/#breadcrumb","itemListElement":[{"@type":"ListItem","position":1,"name":"Strona g\u0142\u00f3wna","item":"https:\/\/dignitynews.eu\/pl\/"},{"@type":"ListItem","position":2,"name":"Polacy przez dro\u017cyzn\u0119 rezygnuj\u0105 z wakacji, albo skracaj\u0105 urlopy"}]},{"@type":"Person","@id":"https:\/\/dignitynews.eu\/pl\/#\/schema\/person\/0b62b762b8174802fabc81a3ecb1bfcb","name":"Dignity News","image":{"@type":"ImageObject","inLanguage":"pl-PL","@id":"https:\/\/dignitynews.eu\/pl\/#\/schema\/person\/image\/","url":"https:\/\/secure.gravatar.com\/avatar\/97963171a6d9108f8381bbefb1c6b150c445b6ddd9e3077b96c86cf5892c85dc?s=96&d=mm&r=g","contentUrl":"https:\/\/secure.gravatar.com\/avatar\/97963171a6d9108f8381bbefb1c6b150c445b6ddd9e3077b96c86cf5892c85dc?s=96&d=mm&r=g","caption":"Dignity News"},"url":"https:\/\/dignitynews.eu\/pl\/author\/mikolaj-palade\/"}]}},"_links":{"self":[{"href":"https:\/\/dignitynews.eu\/pl\/wp-json\/wp\/v2\/posts\/23456","targetHints":{"allow":["GET"]}}],"collection":[{"href":"https:\/\/dignitynews.eu\/pl\/wp-json\/wp\/v2\/posts"}],"about":[{"href":"https:\/\/dignitynews.eu\/pl\/wp-json\/wp\/v2\/types\/post"}],"author":[{"embeddable":true,"href":"https:\/\/dignitynews.eu\/pl\/wp-json\/wp\/v2\/users\/7"}],"replies":[{"embeddable":true,"href":"https:\/\/dignitynews.eu\/pl\/wp-json\/wp\/v2\/comments?post=23456"}],"version-history":[{"count":1,"href":"https:\/\/dignitynews.eu\/pl\/wp-json\/wp\/v2\/posts\/23456\/revisions"}],"predecessor-version":[{"id":23462,"href":"https:\/\/dignitynews.eu\/pl\/wp-json\/wp\/v2\/posts\/23456\/revisions\/23462"}],"wp:featuredmedia":[{"embeddable":true,"href":"https:\/\/dignitynews.eu\/pl\/wp-json\/wp\/v2\/media\/23457"}],"wp:attachment":[{"href":"https:\/\/dignitynews.eu\/pl\/wp-json\/wp\/v2\/media?parent=23456"}],"wp:term":[{"taxonomy":"category","embeddable":true,"href":"https:\/\/dignitynews.eu\/pl\/wp-json\/wp\/v2\/categories?post=23456"},{"taxonomy":"post_tag","embeddable":true,"href":"https:\/\/dignitynews.eu\/pl\/wp-json\/wp\/v2\/tags?post=23456"}],"curies":[{"name":"wp","href":"https:\/\/api.w.org\/{rel}","templated":true}]}}