{"id":23350,"date":"2022-07-07T10:02:46","date_gmt":"2022-07-07T08:02:46","guid":{"rendered":"https:\/\/dignitynews.eu\/?p=23350"},"modified":"2022-07-07T10:02:46","modified_gmt":"2022-07-07T08:02:46","slug":"polska-na-drugim-miejscu-w-unii-europejskiej-pod-wzgledem-najnizszej-stopy-bezrobocia","status":"publish","type":"post","link":"https:\/\/dignitynews.eu\/pl\/polska-na-drugim-miejscu-w-unii-europejskiej-pod-wzgledem-najnizszej-stopy-bezrobocia\/","title":{"rendered":"Polska na drugim miejscu w Unii Europejskiej pod wzgl\u0119dem najni\u017cszej stopy bezrobocia"},"content":{"rendered":"<h5><strong>Stopa bezrobocia rejestrowanego w ko\u0144cu czerwca wynios\u0142a 4,9 proc. \u2013 szacuje Ministerstwo Rodziny i Polityki Spo\u0142ecznej. Tak niskie bezrobocie w Polsce ostatni raz zanotowano 32 lata temu.<\/strong><\/h5>\n<p>Wed\u0142ug wst\u0119pnych danych w ko\u0144cu czerwca 2022 roku w urz\u0119dach pracy zarejestrowanych by\u0142o 819,7 tys. bezrobotnych. To 30,5 tys. mniej ni\u017c przed miesi\u0105cem i 173,7 tys. mniej ni\u017c przed rokiem. Po raz ostatni w lipcu 1990 r. w rejestrach urz\u0119d\u00f3w pracy zarejestrowanych by\u0142o mniej bezrobotnych. W\u00f3wczas by\u0142o to 699 tys. os\u00f3b.<\/p>\n<p>Bezrobocie jest na sporo ni\u017cszym poziomie ni\u017c przed pocz\u0105tkiem epidemii koronawirusa, kt\u00f3ra zachwia\u0142a sytuacj\u0105 na rynku pracy. Zdecydowane kroki polskiego rz\u0105du \u2013 sprawnie uruchomione instrumenty Tarczy Antykryzysowej i w efekcie wielomiliardowe wsparcie dla przedsi\u0119biorc\u00f3w ochroni\u0142y miejsca pracy \u2013 przekonuje minister rodziny i polityki spo\u0142ecznej Marlena Mal\u0105g.<\/p>\n<p>Z informacji Ministerstwa Rodziny i Polityki Spo\u0142ecznej wynika, \u017ce stopa bezrobocia rejestrowanego w ko\u0144cu czerwca br. wynios\u0142a 4,9 proc. i kszta\u0142towa\u0142a si\u0119 w przedziale od 2,7 proc. w wojew\u00f3dztwie wielkopolskim do 7,6 proc. w warmi\u0144sko-mazurskim. W por\u00f3wnaniu do poprzedniego miesi\u0105ca stopa bezrobocia spad\u0142a o 0,2 pkt proc., a w zestawieniu z ko\u0144cem czerwca 2021 r. by\u0142a ni\u017csza o 1,1 pkt proc.<\/p>\n<p>W rejestrach urz\u0119d\u00f3w pracy mamy ponad 100 tys. mniej bezrobotnych ni\u017c w lutym 2020 roku, czyli przed pandemia. To spadek o blisko 11 proc. Stopa bezrobocia w tym okresie spad\u0142a o 0,6 punktu procentowego. Uchronili\u015bmy Polsk\u0119 przed powrotem do najwi\u0119kszej traumy czas\u00f3w transformacji \u2013 przed gigantycznym bezrobociem \u2013 dodaje minister Mal\u0105g.<\/p>\n<p>Stopa bezrobocia, liczona wed\u0142ug metodologii przyj\u0119tej przez Eurostat, wynios\u0142a w Polsce w maju 2022 roku 2,7 proc. W Unii Europejskiej wynosi 6,1 proc.. a 6,6 proc. w krajach strefy euro. Polska zajmuje drugie, po Czechach (2,5 proc.), miejsce pod wzgl\u0119dem najni\u017cszej stopy bezrobocia w UE.<\/p>\n<p>Adrian Andrzejewski<\/p>\n","protected":false},"excerpt":{"rendered":"<p>Stopa bezrobocia rejestrowanego w ko\u0144cu czerwca wynios\u0142a 4,9 proc. \u2013 szacuje Ministerstwo Rodziny i Polityki Spo\u0142ecznej. Tak niskie bezrobocie w Polsce ostatni raz zanotowano 32 lata temu. Wed\u0142ug wst\u0119pnych danych&hellip;<\/p>\n","protected":false},"author":7,"featured_media":23351,"comment_status":"closed","ping_status":"open","sticky":false,"template":"","format":"standard","meta":{"_mi_skip_tracking":false,"footnotes":""},"categories":[48],"tags":[],"class_list":["post-23350","post","type-post","status-publish","format-standard","has-post-thumbnail","hentry","category-gospodarka"],"yoast_head":"<!-- This site is optimized with the Yoast SEO plugin v19.4 - https:\/\/yoast.com\/wordpress\/plugins\/seo\/ -->\n<title>Polska na drugim miejscu w Unii Europejskiej pod wzgl\u0119dem najni\u017cszej stopy bezrobocia - Godno\u015b\u0107 - DignityNews.eu<\/title>\n<meta name=\"robots\" content=\"index, follow, max-snippet:-1, max-image-preview:large, max-video-preview:-1\" \/>\n<link rel=\"canonical\" href=\"https:\/\/dignitynews.eu\/pl\/polska-na-drugim-miejscu-w-unii-europejskiej-pod-wzgledem-najnizszej-stopy-bezrobocia\/\" \/>\n<meta property=\"og:locale\" content=\"pl_PL\" \/>\n<meta property=\"og:type\" content=\"article\" \/>\n<meta property=\"og:title\" content=\"Polska na drugim miejscu w Unii Europejskiej pod wzgl\u0119dem najni\u017cszej stopy bezrobocia - Godno\u015b\u0107 - DignityNews.eu\" \/>\n<meta property=\"og:description\" content=\"Stopa bezrobocia rejestrowanego w ko\u0144cu czerwca wynios\u0142a 4,9 proc. \u2013 szacuje Ministerstwo Rodziny i Polityki Spo\u0142ecznej. Tak niskie bezrobocie w Polsce ostatni raz zanotowano 32 lata temu. Wed\u0142ug wst\u0119pnych danych&hellip;\" \/>\n<meta property=\"og:url\" content=\"https:\/\/dignitynews.eu\/pl\/polska-na-drugim-miejscu-w-unii-europejskiej-pod-wzgledem-najnizszej-stopy-bezrobocia\/\" \/>\n<meta property=\"og:site_name\" content=\"Godno\u015b\u0107 - DignityNews.eu\" \/>\n<meta property=\"article:published_time\" content=\"2022-07-07T08:02:46+00:00\" \/>\n<meta property=\"og:image\" content=\"https:\/\/dignitynews.eu\/wp-content\/uploads\/2022\/07\/Minister-Malag-fot.-Mateusz-Grochocki-East-News.jpg\" \/>\n\t<meta property=\"og:image:width\" content=\"1500\" \/>\n\t<meta property=\"og:image:height\" content=\"1000\" \/>\n\t<meta property=\"og:image:type\" content=\"image\/jpeg\" \/>\n<meta name=\"author\" content=\"Dignity News\" \/>\n<meta name=\"twitter:card\" content=\"summary_large_image\" \/>\n<meta name=\"twitter:label1\" content=\"Napisane przez\" \/>\n\t<meta name=\"twitter:data1\" content=\"Dignity News\" \/>\n\t<meta name=\"twitter:label2\" content=\"Szacowany czas czytania\" \/>\n\t<meta name=\"twitter:data2\" content=\"2 minuty\" \/>\n<script type=\"application\/ld+json\" class=\"yoast-schema-graph\">{\"@context\":\"https:\/\/schema.org\",\"@graph\":[{\"@type\":\"WebSite\",\"@id\":\"https:\/\/dignitynews.eu\/pl\/#website\",\"url\":\"https:\/\/dignitynews.eu\/pl\/\",\"name\":\"Godno\u015b\u0107 - DignityNews.eu\",\"description\":\"\",\"potentialAction\":[{\"@type\":\"SearchAction\",\"target\":{\"@type\":\"EntryPoint\",\"urlTemplate\":\"https:\/\/dignitynews.eu\/pl\/?s={search_term_string}\"},\"query-input\":\"required name=search_term_string\"}],\"inLanguage\":\"pl-PL\"},{\"@type\":\"WebPage\",\"@id\":\"https:\/\/dignitynews.eu\/pl\/polska-na-drugim-miejscu-w-unii-europejskiej-pod-wzgledem-najnizszej-stopy-bezrobocia\/\",\"url\":\"https:\/\/dignitynews.eu\/pl\/polska-na-drugim-miejscu-w-unii-europejskiej-pod-wzgledem-najnizszej-stopy-bezrobocia\/\",\"name\":\"Polska na drugim miejscu w Unii Europejskiej pod wzgl\u0119dem najni\u017cszej stopy bezrobocia - Godno\u015b\u0107 - DignityNews.eu\",\"isPartOf\":{\"@id\":\"https:\/\/dignitynews.eu\/pl\/#website\"},\"datePublished\":\"2022-07-07T08:02:46+00:00\",\"dateModified\":\"2022-07-07T08:02:46+00:00\",\"author\":{\"@id\":\"https:\/\/dignitynews.eu\/pl\/#\/schema\/person\/0b62b762b8174802fabc81a3ecb1bfcb\"},\"breadcrumb\":{\"@id\":\"https:\/\/dignitynews.eu\/pl\/polska-na-drugim-miejscu-w-unii-europejskiej-pod-wzgledem-najnizszej-stopy-bezrobocia\/#breadcrumb\"},\"inLanguage\":\"pl-PL\",\"potentialAction\":[{\"@type\":\"ReadAction\",\"target\":[\"https:\/\/dignitynews.eu\/pl\/polska-na-drugim-miejscu-w-unii-europejskiej-pod-wzgledem-najnizszej-stopy-bezrobocia\/\"]}]},{\"@type\":\"BreadcrumbList\",\"@id\":\"https:\/\/dignitynews.eu\/pl\/polska-na-drugim-miejscu-w-unii-europejskiej-pod-wzgledem-najnizszej-stopy-bezrobocia\/#breadcrumb\",\"itemListElement\":[{\"@type\":\"ListItem\",\"position\":1,\"name\":\"Strona g\u0142\u00f3wna\",\"item\":\"https:\/\/dignitynews.eu\/pl\/\"},{\"@type\":\"ListItem\",\"position\":2,\"name\":\"Polska na drugim miejscu w Unii Europejskiej pod wzgl\u0119dem najni\u017cszej stopy bezrobocia\"}]},{\"@type\":\"Person\",\"@id\":\"https:\/\/dignitynews.eu\/pl\/#\/schema\/person\/0b62b762b8174802fabc81a3ecb1bfcb\",\"name\":\"Dignity News\",\"image\":{\"@type\":\"ImageObject\",\"inLanguage\":\"pl-PL\",\"@id\":\"https:\/\/dignitynews.eu\/pl\/#\/schema\/person\/image\/\",\"url\":\"https:\/\/secure.gravatar.com\/avatar\/97963171a6d9108f8381bbefb1c6b150c445b6ddd9e3077b96c86cf5892c85dc?s=96&d=mm&r=g\",\"contentUrl\":\"https:\/\/secure.gravatar.com\/avatar\/97963171a6d9108f8381bbefb1c6b150c445b6ddd9e3077b96c86cf5892c85dc?s=96&d=mm&r=g\",\"caption\":\"Dignity News\"},\"url\":\"https:\/\/dignitynews.eu\/pl\/author\/mikolaj-palade\/\"}]}<\/script>\n<!-- \/ Yoast SEO plugin. -->","yoast_head_json":{"title":"Polska na drugim miejscu w Unii Europejskiej pod wzgl\u0119dem najni\u017cszej stopy bezrobocia - Godno\u015b\u0107 - DignityNews.eu","robots":{"index":"index","follow":"follow","max-snippet":"max-snippet:-1","max-image-preview":"max-image-preview:large","max-video-preview":"max-video-preview:-1"},"canonical":"https:\/\/dignitynews.eu\/pl\/polska-na-drugim-miejscu-w-unii-europejskiej-pod-wzgledem-najnizszej-stopy-bezrobocia\/","og_locale":"pl_PL","og_type":"article","og_title":"Polska na drugim miejscu w Unii Europejskiej pod wzgl\u0119dem najni\u017cszej stopy bezrobocia - Godno\u015b\u0107 - DignityNews.eu","og_description":"Stopa bezrobocia rejestrowanego w ko\u0144cu czerwca wynios\u0142a 4,9 proc. \u2013 szacuje Ministerstwo Rodziny i Polityki Spo\u0142ecznej. Tak niskie bezrobocie w Polsce ostatni raz zanotowano 32 lata temu. Wed\u0142ug wst\u0119pnych danych&hellip;","og_url":"https:\/\/dignitynews.eu\/pl\/polska-na-drugim-miejscu-w-unii-europejskiej-pod-wzgledem-najnizszej-stopy-bezrobocia\/","og_site_name":"Godno\u015b\u0107 - DignityNews.eu","article_published_time":"2022-07-07T08:02:46+00:00","og_image":[{"width":1500,"height":1000,"url":"https:\/\/dignitynews.eu\/wp-content\/uploads\/2022\/07\/Minister-Malag-fot.-Mateusz-Grochocki-East-News.jpg","type":"image\/jpeg"}],"author":"Dignity News","twitter_card":"summary_large_image","twitter_misc":{"Napisane przez":"Dignity News","Szacowany czas czytania":"2 minuty"},"schema":{"@context":"https:\/\/schema.org","@graph":[{"@type":"WebSite","@id":"https:\/\/dignitynews.eu\/pl\/#website","url":"https:\/\/dignitynews.eu\/pl\/","name":"Godno\u015b\u0107 - DignityNews.eu","description":"","potentialAction":[{"@type":"SearchAction","target":{"@type":"EntryPoint","urlTemplate":"https:\/\/dignitynews.eu\/pl\/?s={search_term_string}"},"query-input":"required name=search_term_string"}],"inLanguage":"pl-PL"},{"@type":"WebPage","@id":"https:\/\/dignitynews.eu\/pl\/polska-na-drugim-miejscu-w-unii-europejskiej-pod-wzgledem-najnizszej-stopy-bezrobocia\/","url":"https:\/\/dignitynews.eu\/pl\/polska-na-drugim-miejscu-w-unii-europejskiej-pod-wzgledem-najnizszej-stopy-bezrobocia\/","name":"Polska na drugim miejscu w Unii Europejskiej pod wzgl\u0119dem najni\u017cszej stopy bezrobocia - Godno\u015b\u0107 - DignityNews.eu","isPartOf":{"@id":"https:\/\/dignitynews.eu\/pl\/#website"},"datePublished":"2022-07-07T08:02:46+00:00","dateModified":"2022-07-07T08:02:46+00:00","author":{"@id":"https:\/\/dignitynews.eu\/pl\/#\/schema\/person\/0b62b762b8174802fabc81a3ecb1bfcb"},"breadcrumb":{"@id":"https:\/\/dignitynews.eu\/pl\/polska-na-drugim-miejscu-w-unii-europejskiej-pod-wzgledem-najnizszej-stopy-bezrobocia\/#breadcrumb"},"inLanguage":"pl-PL","potentialAction":[{"@type":"ReadAction","target":["https:\/\/dignitynews.eu\/pl\/polska-na-drugim-miejscu-w-unii-europejskiej-pod-wzgledem-najnizszej-stopy-bezrobocia\/"]}]},{"@type":"BreadcrumbList","@id":"https:\/\/dignitynews.eu\/pl\/polska-na-drugim-miejscu-w-unii-europejskiej-pod-wzgledem-najnizszej-stopy-bezrobocia\/#breadcrumb","itemListElement":[{"@type":"ListItem","position":1,"name":"Strona g\u0142\u00f3wna","item":"https:\/\/dignitynews.eu\/pl\/"},{"@type":"ListItem","position":2,"name":"Polska na drugim miejscu w Unii Europejskiej pod wzgl\u0119dem najni\u017cszej stopy bezrobocia"}]},{"@type":"Person","@id":"https:\/\/dignitynews.eu\/pl\/#\/schema\/person\/0b62b762b8174802fabc81a3ecb1bfcb","name":"Dignity News","image":{"@type":"ImageObject","inLanguage":"pl-PL","@id":"https:\/\/dignitynews.eu\/pl\/#\/schema\/person\/image\/","url":"https:\/\/secure.gravatar.com\/avatar\/97963171a6d9108f8381bbefb1c6b150c445b6ddd9e3077b96c86cf5892c85dc?s=96&d=mm&r=g","contentUrl":"https:\/\/secure.gravatar.com\/avatar\/97963171a6d9108f8381bbefb1c6b150c445b6ddd9e3077b96c86cf5892c85dc?s=96&d=mm&r=g","caption":"Dignity News"},"url":"https:\/\/dignitynews.eu\/pl\/author\/mikolaj-palade\/"}]}},"_links":{"self":[{"href":"https:\/\/dignitynews.eu\/pl\/wp-json\/wp\/v2\/posts\/23350","targetHints":{"allow":["GET"]}}],"collection":[{"href":"https:\/\/dignitynews.eu\/pl\/wp-json\/wp\/v2\/posts"}],"about":[{"href":"https:\/\/dignitynews.eu\/pl\/wp-json\/wp\/v2\/types\/post"}],"author":[{"embeddable":true,"href":"https:\/\/dignitynews.eu\/pl\/wp-json\/wp\/v2\/users\/7"}],"replies":[{"embeddable":true,"href":"https:\/\/dignitynews.eu\/pl\/wp-json\/wp\/v2\/comments?post=23350"}],"version-history":[{"count":1,"href":"https:\/\/dignitynews.eu\/pl\/wp-json\/wp\/v2\/posts\/23350\/revisions"}],"predecessor-version":[{"id":23356,"href":"https:\/\/dignitynews.eu\/pl\/wp-json\/wp\/v2\/posts\/23350\/revisions\/23356"}],"wp:featuredmedia":[{"embeddable":true,"href":"https:\/\/dignitynews.eu\/pl\/wp-json\/wp\/v2\/media\/23351"}],"wp:attachment":[{"href":"https:\/\/dignitynews.eu\/pl\/wp-json\/wp\/v2\/media?parent=23350"}],"wp:term":[{"taxonomy":"category","embeddable":true,"href":"https:\/\/dignitynews.eu\/pl\/wp-json\/wp\/v2\/categories?post=23350"},{"taxonomy":"post_tag","embeddable":true,"href":"https:\/\/dignitynews.eu\/pl\/wp-json\/wp\/v2\/tags?post=23350"}],"curies":[{"name":"wp","href":"https:\/\/api.w.org\/{rel}","templated":true}]}}