{"id":23336,"date":"2022-07-07T09:05:23","date_gmt":"2022-07-07T07:05:23","guid":{"rendered":"https:\/\/dignitynews.eu\/?p=23336"},"modified":"2022-07-07T10:08:36","modified_gmt":"2022-07-07T08:08:36","slug":"juz-w-pazdzierniku-przez-baltic-pipe-maja-ruszyc-dostawy-norweskiego-gazu-do-polski","status":"publish","type":"post","link":"https:\/\/dignitynews.eu\/pl\/juz-w-pazdzierniku-przez-baltic-pipe-maja-ruszyc-dostawy-norweskiego-gazu-do-polski\/","title":{"rendered":"Ju\u017c w pa\u017adzierniku przez Baltic Pipe maj\u0105 ruszy\u0107 dostawy norweskiego gazu do Polski"},"content":{"rendered":"<h5><strong>Od pocz\u0105tku przysz\u0142ego roku Norwegia stanie si\u0119 wiod\u0105cym dostawc\u0105 gazu ziemnego do Polski. Podczas spotkania z Terje Aaslandem, ministrem przemys\u0142u naftowego i energii, zaznaczy\u0142am, \u017ce norweski gaz mo\u017ce odegra\u0107 istotn\u0105 rol\u0119 w utrzymaniu stabilno\u015bci energetycznej w Europie \u015arodkowo-Wschodniej, a tak\u017ce na Ukrainie \u2013 napisa\u0142a na Twitterze Anna Moskwa, minister klimatu i ochrony \u015brodowiska.<\/strong><\/h5>\n<p>Podczas wizyty w Oslo minister Anna Moskwa zaznaczy\u0142a, \u017ce Polska docenia dotychczasowe strategiczne partnerstwo z Norwegi\u0105 w zakresie zwi\u0119kszania bezpiecze\u0144stwa energetycznego w Europie w tym w obszarze dostaw i wydobycia ropy i gazu.<\/p>\n<p>Podkre\u015bli\u0142a jednocze\u015bnie znaczenie bardzo dobrej wsp\u00f3\u0142pracy z Norwegi\u0105 w zakresie wykorzystania Funduszy Norweskich, kt\u00f3re s\u0105 wa\u017cnym narz\u0119dziem finansowania transformacji energetycznej w Polsce, oraz w obszarze morskiej energetyki wiatrowej.<\/p>\n<p>Norwegia jest stabilnym i wiarygodnym partnerem w zwi\u0119kszaniu bezpiecze\u0144stwa energetycznego nie tylko Polski, ale tak\u017ce szerszego regionu \u015brodkowoeuropejskiego. Mo\u017ce to nap\u0119dza\u0107 nasz\u0105 transformacj\u0119 energetyczn\u0105 oraz wp\u0142ywa\u0107 na zmniejszenie emisji przez europejskie gospodarki \u2013 powiedzia\u0142a szefowa resortu klimatu i ochrony \u015brodowiska.<\/p>\n<p>Jej zdaniem projekt Baltic Pipe to najlepszy dow\u00f3d ogromnej wagi naszych dwustronnych relacji.<\/p>\n<p>Jak informuje Ministerstwo Klimatu i Ochrony \u015arodowiska po spotkaniu w Oslo, dostawy pierwszych ilo\u015bci norweskiego gazu przez Baltic Pipe do Polski b\u0119d\u0105 mo\u017cliwe zgodnie z pierwotnymi planami, pocz\u0105wszy od pa\u017adziernika 2022 r.<\/p>\n<p>Od wielu lat przygotowywali\u015bmy si\u0119 do rezygnacji z importu rosyjskiego gazu. Jednocze\u015bnie w pe\u0142ni popieramy ide\u0119 embarga na rosyjski surowiec i jeszcze szybszego zako\u0144czenia importu na poziomie Unii Europejskiej \u2013 stwierdzi\u0142a Anna Moskwa.<\/p>\n<p>Adrian Andrzejewski<\/p>\n","protected":false},"excerpt":{"rendered":"<p>Od pocz\u0105tku przysz\u0142ego roku Norwegia stanie si\u0119 wiod\u0105cym dostawc\u0105 gazu ziemnego do Polski. Podczas spotkania z Terje Aaslandem, ministrem przemys\u0142u naftowego i energii, zaznaczy\u0142am, \u017ce norweski gaz mo\u017ce odegra\u0107 istotn\u0105&hellip;<\/p>\n","protected":false},"author":7,"featured_media":23337,"comment_status":"closed","ping_status":"open","sticky":false,"template":"","format":"standard","meta":{"_mi_skip_tracking":false,"footnotes":""},"categories":[47],"tags":[],"class_list":["post-23336","post","type-post","status-publish","format-standard","has-post-thumbnail","hentry","category-wydarzenia"],"yoast_head":"<!-- This site is optimized with the Yoast SEO plugin v19.4 - https:\/\/yoast.com\/wordpress\/plugins\/seo\/ -->\n<title>Ju\u017c w pa\u017adzierniku przez Baltic Pipe maj\u0105 ruszy\u0107 dostawy norweskiego gazu do Polski - Godno\u015b\u0107 - DignityNews.eu<\/title>\n<meta name=\"robots\" content=\"index, follow, max-snippet:-1, max-image-preview:large, max-video-preview:-1\" \/>\n<link rel=\"canonical\" href=\"https:\/\/dignitynews.eu\/pl\/juz-w-pazdzierniku-przez-baltic-pipe-maja-ruszyc-dostawy-norweskiego-gazu-do-polski\/\" \/>\n<meta property=\"og:locale\" content=\"pl_PL\" \/>\n<meta property=\"og:type\" content=\"article\" \/>\n<meta property=\"og:title\" content=\"Ju\u017c w pa\u017adzierniku przez Baltic Pipe maj\u0105 ruszy\u0107 dostawy norweskiego gazu do Polski - Godno\u015b\u0107 - DignityNews.eu\" \/>\n<meta property=\"og:description\" content=\"Od pocz\u0105tku przysz\u0142ego roku Norwegia stanie si\u0119 wiod\u0105cym dostawc\u0105 gazu ziemnego do Polski. Podczas spotkania z Terje Aaslandem, ministrem przemys\u0142u naftowego i energii, zaznaczy\u0142am, \u017ce norweski gaz mo\u017ce odegra\u0107 istotn\u0105&hellip;\" \/>\n<meta property=\"og:url\" content=\"https:\/\/dignitynews.eu\/pl\/juz-w-pazdzierniku-przez-baltic-pipe-maja-ruszyc-dostawy-norweskiego-gazu-do-polski\/\" \/>\n<meta property=\"og:site_name\" content=\"Godno\u015b\u0107 - DignityNews.eu\" \/>\n<meta property=\"article:published_time\" content=\"2022-07-07T07:05:23+00:00\" \/>\n<meta property=\"article:modified_time\" content=\"2022-07-07T08:08:36+00:00\" \/>\n<meta property=\"og:image\" content=\"https:\/\/dignitynews.eu\/wp-content\/uploads\/2022\/07\/Norweski-gaz-fot.-EAST-NEWS.jpg\" \/>\n\t<meta property=\"og:image:width\" content=\"1500\" \/>\n\t<meta property=\"og:image:height\" content=\"999\" \/>\n\t<meta property=\"og:image:type\" content=\"image\/jpeg\" \/>\n<meta name=\"author\" content=\"Dignity News\" \/>\n<meta name=\"twitter:card\" content=\"summary_large_image\" \/>\n<meta name=\"twitter:label1\" content=\"Napisane przez\" \/>\n\t<meta name=\"twitter:data1\" content=\"Dignity News\" \/>\n\t<meta name=\"twitter:label2\" content=\"Szacowany czas czytania\" \/>\n\t<meta name=\"twitter:data2\" content=\"1 minuta\" \/>\n<script type=\"application\/ld+json\" class=\"yoast-schema-graph\">{\"@context\":\"https:\/\/schema.org\",\"@graph\":[{\"@type\":\"WebSite\",\"@id\":\"https:\/\/dignitynews.eu\/pl\/#website\",\"url\":\"https:\/\/dignitynews.eu\/pl\/\",\"name\":\"Godno\u015b\u0107 - DignityNews.eu\",\"description\":\"\",\"potentialAction\":[{\"@type\":\"SearchAction\",\"target\":{\"@type\":\"EntryPoint\",\"urlTemplate\":\"https:\/\/dignitynews.eu\/pl\/?s={search_term_string}\"},\"query-input\":\"required name=search_term_string\"}],\"inLanguage\":\"pl-PL\"},{\"@type\":\"WebPage\",\"@id\":\"https:\/\/dignitynews.eu\/pl\/juz-w-pazdzierniku-przez-baltic-pipe-maja-ruszyc-dostawy-norweskiego-gazu-do-polski\/\",\"url\":\"https:\/\/dignitynews.eu\/pl\/juz-w-pazdzierniku-przez-baltic-pipe-maja-ruszyc-dostawy-norweskiego-gazu-do-polski\/\",\"name\":\"Ju\u017c w pa\u017adzierniku przez Baltic Pipe maj\u0105 ruszy\u0107 dostawy norweskiego gazu do Polski - Godno\u015b\u0107 - DignityNews.eu\",\"isPartOf\":{\"@id\":\"https:\/\/dignitynews.eu\/pl\/#website\"},\"datePublished\":\"2022-07-07T07:05:23+00:00\",\"dateModified\":\"2022-07-07T08:08:36+00:00\",\"author\":{\"@id\":\"https:\/\/dignitynews.eu\/pl\/#\/schema\/person\/0b62b762b8174802fabc81a3ecb1bfcb\"},\"breadcrumb\":{\"@id\":\"https:\/\/dignitynews.eu\/pl\/juz-w-pazdzierniku-przez-baltic-pipe-maja-ruszyc-dostawy-norweskiego-gazu-do-polski\/#breadcrumb\"},\"inLanguage\":\"pl-PL\",\"potentialAction\":[{\"@type\":\"ReadAction\",\"target\":[\"https:\/\/dignitynews.eu\/pl\/juz-w-pazdzierniku-przez-baltic-pipe-maja-ruszyc-dostawy-norweskiego-gazu-do-polski\/\"]}]},{\"@type\":\"BreadcrumbList\",\"@id\":\"https:\/\/dignitynews.eu\/pl\/juz-w-pazdzierniku-przez-baltic-pipe-maja-ruszyc-dostawy-norweskiego-gazu-do-polski\/#breadcrumb\",\"itemListElement\":[{\"@type\":\"ListItem\",\"position\":1,\"name\":\"Strona g\u0142\u00f3wna\",\"item\":\"https:\/\/dignitynews.eu\/pl\/\"},{\"@type\":\"ListItem\",\"position\":2,\"name\":\"Ju\u017c w pa\u017adzierniku przez Baltic Pipe maj\u0105 ruszy\u0107 dostawy norweskiego gazu do Polski\"}]},{\"@type\":\"Person\",\"@id\":\"https:\/\/dignitynews.eu\/pl\/#\/schema\/person\/0b62b762b8174802fabc81a3ecb1bfcb\",\"name\":\"Dignity News\",\"image\":{\"@type\":\"ImageObject\",\"inLanguage\":\"pl-PL\",\"@id\":\"https:\/\/dignitynews.eu\/pl\/#\/schema\/person\/image\/\",\"url\":\"https:\/\/secure.gravatar.com\/avatar\/97963171a6d9108f8381bbefb1c6b150c445b6ddd9e3077b96c86cf5892c85dc?s=96&d=mm&r=g\",\"contentUrl\":\"https:\/\/secure.gravatar.com\/avatar\/97963171a6d9108f8381bbefb1c6b150c445b6ddd9e3077b96c86cf5892c85dc?s=96&d=mm&r=g\",\"caption\":\"Dignity News\"},\"url\":\"https:\/\/dignitynews.eu\/pl\/author\/mikolaj-palade\/\"}]}<\/script>\n<!-- \/ Yoast SEO plugin. -->","yoast_head_json":{"title":"Ju\u017c w pa\u017adzierniku przez Baltic Pipe maj\u0105 ruszy\u0107 dostawy norweskiego gazu do Polski - Godno\u015b\u0107 - DignityNews.eu","robots":{"index":"index","follow":"follow","max-snippet":"max-snippet:-1","max-image-preview":"max-image-preview:large","max-video-preview":"max-video-preview:-1"},"canonical":"https:\/\/dignitynews.eu\/pl\/juz-w-pazdzierniku-przez-baltic-pipe-maja-ruszyc-dostawy-norweskiego-gazu-do-polski\/","og_locale":"pl_PL","og_type":"article","og_title":"Ju\u017c w pa\u017adzierniku przez Baltic Pipe maj\u0105 ruszy\u0107 dostawy norweskiego gazu do Polski - Godno\u015b\u0107 - DignityNews.eu","og_description":"Od pocz\u0105tku przysz\u0142ego roku Norwegia stanie si\u0119 wiod\u0105cym dostawc\u0105 gazu ziemnego do Polski. Podczas spotkania z Terje Aaslandem, ministrem przemys\u0142u naftowego i energii, zaznaczy\u0142am, \u017ce norweski gaz mo\u017ce odegra\u0107 istotn\u0105&hellip;","og_url":"https:\/\/dignitynews.eu\/pl\/juz-w-pazdzierniku-przez-baltic-pipe-maja-ruszyc-dostawy-norweskiego-gazu-do-polski\/","og_site_name":"Godno\u015b\u0107 - DignityNews.eu","article_published_time":"2022-07-07T07:05:23+00:00","article_modified_time":"2022-07-07T08:08:36+00:00","og_image":[{"width":1500,"height":999,"url":"https:\/\/dignitynews.eu\/wp-content\/uploads\/2022\/07\/Norweski-gaz-fot.-EAST-NEWS.jpg","type":"image\/jpeg"}],"author":"Dignity News","twitter_card":"summary_large_image","twitter_misc":{"Napisane przez":"Dignity News","Szacowany czas czytania":"1 minuta"},"schema":{"@context":"https:\/\/schema.org","@graph":[{"@type":"WebSite","@id":"https:\/\/dignitynews.eu\/pl\/#website","url":"https:\/\/dignitynews.eu\/pl\/","name":"Godno\u015b\u0107 - DignityNews.eu","description":"","potentialAction":[{"@type":"SearchAction","target":{"@type":"EntryPoint","urlTemplate":"https:\/\/dignitynews.eu\/pl\/?s={search_term_string}"},"query-input":"required name=search_term_string"}],"inLanguage":"pl-PL"},{"@type":"WebPage","@id":"https:\/\/dignitynews.eu\/pl\/juz-w-pazdzierniku-przez-baltic-pipe-maja-ruszyc-dostawy-norweskiego-gazu-do-polski\/","url":"https:\/\/dignitynews.eu\/pl\/juz-w-pazdzierniku-przez-baltic-pipe-maja-ruszyc-dostawy-norweskiego-gazu-do-polski\/","name":"Ju\u017c w pa\u017adzierniku przez Baltic Pipe maj\u0105 ruszy\u0107 dostawy norweskiego gazu do Polski - Godno\u015b\u0107 - DignityNews.eu","isPartOf":{"@id":"https:\/\/dignitynews.eu\/pl\/#website"},"datePublished":"2022-07-07T07:05:23+00:00","dateModified":"2022-07-07T08:08:36+00:00","author":{"@id":"https:\/\/dignitynews.eu\/pl\/#\/schema\/person\/0b62b762b8174802fabc81a3ecb1bfcb"},"breadcrumb":{"@id":"https:\/\/dignitynews.eu\/pl\/juz-w-pazdzierniku-przez-baltic-pipe-maja-ruszyc-dostawy-norweskiego-gazu-do-polski\/#breadcrumb"},"inLanguage":"pl-PL","potentialAction":[{"@type":"ReadAction","target":["https:\/\/dignitynews.eu\/pl\/juz-w-pazdzierniku-przez-baltic-pipe-maja-ruszyc-dostawy-norweskiego-gazu-do-polski\/"]}]},{"@type":"BreadcrumbList","@id":"https:\/\/dignitynews.eu\/pl\/juz-w-pazdzierniku-przez-baltic-pipe-maja-ruszyc-dostawy-norweskiego-gazu-do-polski\/#breadcrumb","itemListElement":[{"@type":"ListItem","position":1,"name":"Strona g\u0142\u00f3wna","item":"https:\/\/dignitynews.eu\/pl\/"},{"@type":"ListItem","position":2,"name":"Ju\u017c w pa\u017adzierniku przez Baltic Pipe maj\u0105 ruszy\u0107 dostawy norweskiego gazu do Polski"}]},{"@type":"Person","@id":"https:\/\/dignitynews.eu\/pl\/#\/schema\/person\/0b62b762b8174802fabc81a3ecb1bfcb","name":"Dignity News","image":{"@type":"ImageObject","inLanguage":"pl-PL","@id":"https:\/\/dignitynews.eu\/pl\/#\/schema\/person\/image\/","url":"https:\/\/secure.gravatar.com\/avatar\/97963171a6d9108f8381bbefb1c6b150c445b6ddd9e3077b96c86cf5892c85dc?s=96&d=mm&r=g","contentUrl":"https:\/\/secure.gravatar.com\/avatar\/97963171a6d9108f8381bbefb1c6b150c445b6ddd9e3077b96c86cf5892c85dc?s=96&d=mm&r=g","caption":"Dignity News"},"url":"https:\/\/dignitynews.eu\/pl\/author\/mikolaj-palade\/"}]}},"_links":{"self":[{"href":"https:\/\/dignitynews.eu\/pl\/wp-json\/wp\/v2\/posts\/23336","targetHints":{"allow":["GET"]}}],"collection":[{"href":"https:\/\/dignitynews.eu\/pl\/wp-json\/wp\/v2\/posts"}],"about":[{"href":"https:\/\/dignitynews.eu\/pl\/wp-json\/wp\/v2\/types\/post"}],"author":[{"embeddable":true,"href":"https:\/\/dignitynews.eu\/pl\/wp-json\/wp\/v2\/users\/7"}],"replies":[{"embeddable":true,"href":"https:\/\/dignitynews.eu\/pl\/wp-json\/wp\/v2\/comments?post=23336"}],"version-history":[{"count":1,"href":"https:\/\/dignitynews.eu\/pl\/wp-json\/wp\/v2\/posts\/23336\/revisions"}],"predecessor-version":[{"id":23342,"href":"https:\/\/dignitynews.eu\/pl\/wp-json\/wp\/v2\/posts\/23336\/revisions\/23342"}],"wp:featuredmedia":[{"embeddable":true,"href":"https:\/\/dignitynews.eu\/pl\/wp-json\/wp\/v2\/media\/23337"}],"wp:attachment":[{"href":"https:\/\/dignitynews.eu\/pl\/wp-json\/wp\/v2\/media?parent=23336"}],"wp:term":[{"taxonomy":"category","embeddable":true,"href":"https:\/\/dignitynews.eu\/pl\/wp-json\/wp\/v2\/categories?post=23336"},{"taxonomy":"post_tag","embeddable":true,"href":"https:\/\/dignitynews.eu\/pl\/wp-json\/wp\/v2\/tags?post=23336"}],"curies":[{"name":"wp","href":"https:\/\/api.w.org\/{rel}","templated":true}]}}