{"id":23250,"date":"2022-07-06T11:05:30","date_gmt":"2022-07-06T09:05:30","guid":{"rendered":"https:\/\/dignitynews.eu\/?p=23250"},"modified":"2022-07-06T11:05:30","modified_gmt":"2022-07-06T09:05:30","slug":"na-swiecie-i-w-polsce-rosnie-liczba-zakazen-covid19","status":"publish","type":"post","link":"https:\/\/dignitynews.eu\/pl\/na-swiecie-i-w-polsce-rosnie-liczba-zakazen-covid19\/","title":{"rendered":"Na \u015bwiecie i w Polsce ro\u015bnie liczba zaka\u017ce\u0144 COVID19"},"content":{"rendered":"<h5><strong>We wtorek, 5 lipca, po raz pierwszy od ponad dw\u00f3ch miesi\u0119cy dzienna liczba zaka\u017ce\u0144 COVID19 przekroczy\u0142a 1 000 przypadk\u00f3w. Hospitalizacje pozostaj\u0105 na poziomie poni\u017cej 400. Mamy do czynienia z rosn\u0105c\u0105 liczb\u0105 zaka\u017ce\u0144, kt\u00f3ra wed\u0142ug prognoz nie stanowi ryzyka dla wydolno\u015bci systemu opieki zdrowotnej \u2013 poinformowa\u0142 w swoim wpisie na Twitterze minister zdrowia Adam Niedzielski.<\/strong><\/h5>\n<p>Zgodnie z danymi przekazanymi przez Ministerstwo Zdrowia 5 lipca zanotowano 1 075 infekcji koronawirusem, w tym 166 ponownych. Tydzie\u0144 temu stwierdzono 696 zaka\u017ce\u0144 koronawirusem, w tym 71 ponownych.<\/p>\n<p>Resort zdrowia zapewnia, \u017ce wraz ze wsp\u00f3\u0142pracuj\u0105cymi o\u015brodkami ekspert\u00f3w \u015bledzi analizy krajowe i mi\u0119dzynarodowe. Podkre\u015bla przy tym, \u017ce przygotowuje si\u0119 na r\u00f3\u017cne scenariusze, natomiast na obecn\u0105 chwil\u0119 \u201enie zapad\u0142y \u017cadne decyzje o wprowadzaniu zmian regulacyjnych\u201d.<\/p>\n<p>Liczba nowych przypadk\u00f3w infekcji COVID19 ro\u015bnie na ca\u0142ym \u015bwiecie. Przewa\u017ca subwariant omikronu BA.5 oraz BA.4, kt\u00f3re w por\u00f3wnaniu z dotychczasowymi wariantami s\u0105 bardziej zara\u017aliwe.<\/p>\n<p>BA.5 stanowi 54 proc. nowych przypadk\u00f3w w USA. W Korei Po\u0142udniowej jego udzia\u0142 wynosi ju\u017c 25 proc. Ten wariant przewa\u017ca r\u00f3wnie\u017c we W\u0142oszech oraz w Niemczech.<\/p>\n<p>Instytut Roberta Kocha poda\u0142, \u017ce obecnie w Niemczech notuje si\u0119 688 nowych infekcji na 100 tys. mieszka\u0144c\u00f3w w ci\u0105gu siedmiu dni. Jak podkre\u015bla niemiecka agencja DPA, eksperci szacuj\u0105 jednak, \u017ce zaka\u017ce\u0144 jest dwukrotnie wi\u0119cej, poniewa\u017c wiele os\u00f3b nie wykonuje ju\u017c\u00a0testu\u00a0PCR i nie trafia do statystyk.<\/p>\n<p>Podwarianty omikronu BA.4 i BA.5 s\u0105 jeszcze bardziej zmutowane ni\u017c oryginalny omikron, co oznacza, \u017ce nasz uk\u0142ad odporno\u015bciowy ma trudno\u015bci z rozpoznaniem tych nowych podwariant\u00f3w, niezale\u017cnie od tego, czy wcze\u015bniej zostali\u015bmy zaszczepieni, czy zara\u017ceni &#8211; napisa\u0142a na Twitterze Celine Gounder,\u00a0ekspert ds. chor\u00f3b zaka\u017anych\u00a0na Uniwersytecie Nowojorskim.<\/p>\n<p>Adrian Andrzejewski<\/p>\n","protected":false},"excerpt":{"rendered":"<p>We wtorek, 5 lipca, po raz pierwszy od ponad dw\u00f3ch miesi\u0119cy dzienna liczba zaka\u017ce\u0144 COVID19 przekroczy\u0142a 1 000 przypadk\u00f3w. Hospitalizacje pozostaj\u0105 na poziomie poni\u017cej 400. Mamy do czynienia z rosn\u0105c\u0105&hellip;<\/p>\n","protected":false},"author":7,"featured_media":23251,"comment_status":"closed","ping_status":"open","sticky":false,"template":"","format":"standard","meta":{"_mi_skip_tracking":false,"footnotes":""},"categories":[47],"tags":[],"class_list":["post-23250","post","type-post","status-publish","format-standard","has-post-thumbnail","hentry","category-wydarzenia"],"yoast_head":"<!-- This site is optimized with the Yoast SEO plugin v19.4 - https:\/\/yoast.com\/wordpress\/plugins\/seo\/ -->\n<title>Na \u015bwiecie i w Polsce ro\u015bnie liczba zaka\u017ce\u0144 COVID19 - Godno\u015b\u0107 - DignityNews.eu<\/title>\n<meta name=\"robots\" content=\"index, follow, max-snippet:-1, max-image-preview:large, max-video-preview:-1\" \/>\n<link rel=\"canonical\" href=\"https:\/\/dignitynews.eu\/pl\/na-swiecie-i-w-polsce-rosnie-liczba-zakazen-covid19\/\" \/>\n<meta property=\"og:locale\" content=\"pl_PL\" \/>\n<meta property=\"og:type\" content=\"article\" \/>\n<meta property=\"og:title\" content=\"Na \u015bwiecie i w Polsce ro\u015bnie liczba zaka\u017ce\u0144 COVID19 - Godno\u015b\u0107 - DignityNews.eu\" \/>\n<meta property=\"og:description\" content=\"We wtorek, 5 lipca, po raz pierwszy od ponad dw\u00f3ch miesi\u0119cy dzienna liczba zaka\u017ce\u0144 COVID19 przekroczy\u0142a 1 000 przypadk\u00f3w. Hospitalizacje pozostaj\u0105 na poziomie poni\u017cej 400. Mamy do czynienia z rosn\u0105c\u0105&hellip;\" \/>\n<meta property=\"og:url\" content=\"https:\/\/dignitynews.eu\/pl\/na-swiecie-i-w-polsce-rosnie-liczba-zakazen-covid19\/\" \/>\n<meta property=\"og:site_name\" content=\"Godno\u015b\u0107 - DignityNews.eu\" \/>\n<meta property=\"article:published_time\" content=\"2022-07-06T09:05:30+00:00\" \/>\n<meta property=\"og:image\" content=\"https:\/\/dignitynews.eu\/wp-content\/uploads\/2022\/07\/COVID19-fot.-ARKADIUSZ-ZIOLEK-East-News.jpg\" \/>\n\t<meta property=\"og:image:width\" content=\"1500\" \/>\n\t<meta property=\"og:image:height\" content=\"1000\" \/>\n\t<meta property=\"og:image:type\" content=\"image\/jpeg\" \/>\n<meta name=\"author\" content=\"Dignity News\" \/>\n<meta name=\"twitter:card\" content=\"summary_large_image\" \/>\n<meta name=\"twitter:label1\" content=\"Napisane przez\" \/>\n\t<meta name=\"twitter:data1\" content=\"Dignity News\" \/>\n\t<meta name=\"twitter:label2\" content=\"Szacowany czas czytania\" \/>\n\t<meta name=\"twitter:data2\" content=\"1 minuta\" \/>\n<script type=\"application\/ld+json\" class=\"yoast-schema-graph\">{\"@context\":\"https:\/\/schema.org\",\"@graph\":[{\"@type\":\"WebSite\",\"@id\":\"https:\/\/dignitynews.eu\/pl\/#website\",\"url\":\"https:\/\/dignitynews.eu\/pl\/\",\"name\":\"Godno\u015b\u0107 - DignityNews.eu\",\"description\":\"\",\"potentialAction\":[{\"@type\":\"SearchAction\",\"target\":{\"@type\":\"EntryPoint\",\"urlTemplate\":\"https:\/\/dignitynews.eu\/pl\/?s={search_term_string}\"},\"query-input\":\"required name=search_term_string\"}],\"inLanguage\":\"pl-PL\"},{\"@type\":\"WebPage\",\"@id\":\"https:\/\/dignitynews.eu\/pl\/na-swiecie-i-w-polsce-rosnie-liczba-zakazen-covid19\/\",\"url\":\"https:\/\/dignitynews.eu\/pl\/na-swiecie-i-w-polsce-rosnie-liczba-zakazen-covid19\/\",\"name\":\"Na \u015bwiecie i w Polsce ro\u015bnie liczba zaka\u017ce\u0144 COVID19 - Godno\u015b\u0107 - DignityNews.eu\",\"isPartOf\":{\"@id\":\"https:\/\/dignitynews.eu\/pl\/#website\"},\"datePublished\":\"2022-07-06T09:05:30+00:00\",\"dateModified\":\"2022-07-06T09:05:30+00:00\",\"author\":{\"@id\":\"https:\/\/dignitynews.eu\/pl\/#\/schema\/person\/0b62b762b8174802fabc81a3ecb1bfcb\"},\"breadcrumb\":{\"@id\":\"https:\/\/dignitynews.eu\/pl\/na-swiecie-i-w-polsce-rosnie-liczba-zakazen-covid19\/#breadcrumb\"},\"inLanguage\":\"pl-PL\",\"potentialAction\":[{\"@type\":\"ReadAction\",\"target\":[\"https:\/\/dignitynews.eu\/pl\/na-swiecie-i-w-polsce-rosnie-liczba-zakazen-covid19\/\"]}]},{\"@type\":\"BreadcrumbList\",\"@id\":\"https:\/\/dignitynews.eu\/pl\/na-swiecie-i-w-polsce-rosnie-liczba-zakazen-covid19\/#breadcrumb\",\"itemListElement\":[{\"@type\":\"ListItem\",\"position\":1,\"name\":\"Strona g\u0142\u00f3wna\",\"item\":\"https:\/\/dignitynews.eu\/pl\/\"},{\"@type\":\"ListItem\",\"position\":2,\"name\":\"Na \u015bwiecie i w Polsce ro\u015bnie liczba zaka\u017ce\u0144 COVID19\"}]},{\"@type\":\"Person\",\"@id\":\"https:\/\/dignitynews.eu\/pl\/#\/schema\/person\/0b62b762b8174802fabc81a3ecb1bfcb\",\"name\":\"Dignity News\",\"image\":{\"@type\":\"ImageObject\",\"inLanguage\":\"pl-PL\",\"@id\":\"https:\/\/dignitynews.eu\/pl\/#\/schema\/person\/image\/\",\"url\":\"https:\/\/secure.gravatar.com\/avatar\/97963171a6d9108f8381bbefb1c6b150c445b6ddd9e3077b96c86cf5892c85dc?s=96&d=mm&r=g\",\"contentUrl\":\"https:\/\/secure.gravatar.com\/avatar\/97963171a6d9108f8381bbefb1c6b150c445b6ddd9e3077b96c86cf5892c85dc?s=96&d=mm&r=g\",\"caption\":\"Dignity News\"},\"url\":\"https:\/\/dignitynews.eu\/pl\/author\/mikolaj-palade\/\"}]}<\/script>\n<!-- \/ Yoast SEO plugin. -->","yoast_head_json":{"title":"Na \u015bwiecie i w Polsce ro\u015bnie liczba zaka\u017ce\u0144 COVID19 - Godno\u015b\u0107 - DignityNews.eu","robots":{"index":"index","follow":"follow","max-snippet":"max-snippet:-1","max-image-preview":"max-image-preview:large","max-video-preview":"max-video-preview:-1"},"canonical":"https:\/\/dignitynews.eu\/pl\/na-swiecie-i-w-polsce-rosnie-liczba-zakazen-covid19\/","og_locale":"pl_PL","og_type":"article","og_title":"Na \u015bwiecie i w Polsce ro\u015bnie liczba zaka\u017ce\u0144 COVID19 - Godno\u015b\u0107 - DignityNews.eu","og_description":"We wtorek, 5 lipca, po raz pierwszy od ponad dw\u00f3ch miesi\u0119cy dzienna liczba zaka\u017ce\u0144 COVID19 przekroczy\u0142a 1 000 przypadk\u00f3w. Hospitalizacje pozostaj\u0105 na poziomie poni\u017cej 400. Mamy do czynienia z rosn\u0105c\u0105&hellip;","og_url":"https:\/\/dignitynews.eu\/pl\/na-swiecie-i-w-polsce-rosnie-liczba-zakazen-covid19\/","og_site_name":"Godno\u015b\u0107 - DignityNews.eu","article_published_time":"2022-07-06T09:05:30+00:00","og_image":[{"width":1500,"height":1000,"url":"https:\/\/dignitynews.eu\/wp-content\/uploads\/2022\/07\/COVID19-fot.-ARKADIUSZ-ZIOLEK-East-News.jpg","type":"image\/jpeg"}],"author":"Dignity News","twitter_card":"summary_large_image","twitter_misc":{"Napisane przez":"Dignity News","Szacowany czas czytania":"1 minuta"},"schema":{"@context":"https:\/\/schema.org","@graph":[{"@type":"WebSite","@id":"https:\/\/dignitynews.eu\/pl\/#website","url":"https:\/\/dignitynews.eu\/pl\/","name":"Godno\u015b\u0107 - DignityNews.eu","description":"","potentialAction":[{"@type":"SearchAction","target":{"@type":"EntryPoint","urlTemplate":"https:\/\/dignitynews.eu\/pl\/?s={search_term_string}"},"query-input":"required name=search_term_string"}],"inLanguage":"pl-PL"},{"@type":"WebPage","@id":"https:\/\/dignitynews.eu\/pl\/na-swiecie-i-w-polsce-rosnie-liczba-zakazen-covid19\/","url":"https:\/\/dignitynews.eu\/pl\/na-swiecie-i-w-polsce-rosnie-liczba-zakazen-covid19\/","name":"Na \u015bwiecie i w Polsce ro\u015bnie liczba zaka\u017ce\u0144 COVID19 - Godno\u015b\u0107 - DignityNews.eu","isPartOf":{"@id":"https:\/\/dignitynews.eu\/pl\/#website"},"datePublished":"2022-07-06T09:05:30+00:00","dateModified":"2022-07-06T09:05:30+00:00","author":{"@id":"https:\/\/dignitynews.eu\/pl\/#\/schema\/person\/0b62b762b8174802fabc81a3ecb1bfcb"},"breadcrumb":{"@id":"https:\/\/dignitynews.eu\/pl\/na-swiecie-i-w-polsce-rosnie-liczba-zakazen-covid19\/#breadcrumb"},"inLanguage":"pl-PL","potentialAction":[{"@type":"ReadAction","target":["https:\/\/dignitynews.eu\/pl\/na-swiecie-i-w-polsce-rosnie-liczba-zakazen-covid19\/"]}]},{"@type":"BreadcrumbList","@id":"https:\/\/dignitynews.eu\/pl\/na-swiecie-i-w-polsce-rosnie-liczba-zakazen-covid19\/#breadcrumb","itemListElement":[{"@type":"ListItem","position":1,"name":"Strona g\u0142\u00f3wna","item":"https:\/\/dignitynews.eu\/pl\/"},{"@type":"ListItem","position":2,"name":"Na \u015bwiecie i w Polsce ro\u015bnie liczba zaka\u017ce\u0144 COVID19"}]},{"@type":"Person","@id":"https:\/\/dignitynews.eu\/pl\/#\/schema\/person\/0b62b762b8174802fabc81a3ecb1bfcb","name":"Dignity News","image":{"@type":"ImageObject","inLanguage":"pl-PL","@id":"https:\/\/dignitynews.eu\/pl\/#\/schema\/person\/image\/","url":"https:\/\/secure.gravatar.com\/avatar\/97963171a6d9108f8381bbefb1c6b150c445b6ddd9e3077b96c86cf5892c85dc?s=96&d=mm&r=g","contentUrl":"https:\/\/secure.gravatar.com\/avatar\/97963171a6d9108f8381bbefb1c6b150c445b6ddd9e3077b96c86cf5892c85dc?s=96&d=mm&r=g","caption":"Dignity News"},"url":"https:\/\/dignitynews.eu\/pl\/author\/mikolaj-palade\/"}]}},"_links":{"self":[{"href":"https:\/\/dignitynews.eu\/pl\/wp-json\/wp\/v2\/posts\/23250","targetHints":{"allow":["GET"]}}],"collection":[{"href":"https:\/\/dignitynews.eu\/pl\/wp-json\/wp\/v2\/posts"}],"about":[{"href":"https:\/\/dignitynews.eu\/pl\/wp-json\/wp\/v2\/types\/post"}],"author":[{"embeddable":true,"href":"https:\/\/dignitynews.eu\/pl\/wp-json\/wp\/v2\/users\/7"}],"replies":[{"embeddable":true,"href":"https:\/\/dignitynews.eu\/pl\/wp-json\/wp\/v2\/comments?post=23250"}],"version-history":[{"count":1,"href":"https:\/\/dignitynews.eu\/pl\/wp-json\/wp\/v2\/posts\/23250\/revisions"}],"predecessor-version":[{"id":23256,"href":"https:\/\/dignitynews.eu\/pl\/wp-json\/wp\/v2\/posts\/23250\/revisions\/23256"}],"wp:featuredmedia":[{"embeddable":true,"href":"https:\/\/dignitynews.eu\/pl\/wp-json\/wp\/v2\/media\/23251"}],"wp:attachment":[{"href":"https:\/\/dignitynews.eu\/pl\/wp-json\/wp\/v2\/media?parent=23250"}],"wp:term":[{"taxonomy":"category","embeddable":true,"href":"https:\/\/dignitynews.eu\/pl\/wp-json\/wp\/v2\/categories?post=23250"},{"taxonomy":"post_tag","embeddable":true,"href":"https:\/\/dignitynews.eu\/pl\/wp-json\/wp\/v2\/tags?post=23250"}],"curies":[{"name":"wp","href":"https:\/\/api.w.org\/{rel}","templated":true}]}}