{"id":23243,"date":"2022-07-06T11:04:38","date_gmt":"2022-07-06T09:04:38","guid":{"rendered":"https:\/\/dignitynews.eu\/?p=23243"},"modified":"2022-07-06T11:04:38","modified_gmt":"2022-07-06T09:04:38","slug":"kwiaty-i-znicze-na-zniszczonym-przez-wladze-bialorusi-cmentarzu-zolnierzy-armii-krajowej-w-mikuliszkach","status":"publish","type":"post","link":"https:\/\/dignitynews.eu\/pl\/kwiaty-i-znicze-na-zniszczonym-przez-wladze-bialorusi-cmentarzu-zolnierzy-armii-krajowej-w-mikuliszkach\/","title":{"rendered":"Kwiaty i znicze na zniszczonym przez w\u0142adze Bia\u0142orusi cmentarzu \u017co\u0142nierzy Armii Krajowej w Mikuliszkach"},"content":{"rendered":"<h5><strong>Charge d\u2019affaires Polski na Bia\u0142orusi Marcin Wojciechowski z\u0142o\u017cy\u0142 kwiaty i zapali\u0142 znicze na grobach \u017co\u0142nierzy AK w Mikuliszkach &#8211; na cmentarzu, kt\u00f3ry zosta\u0142 barbarzy\u0144sko zr\u00f3wnany z ziemi\u0105. Polskie miejsca pami\u0119ci narodowej na Bia\u0142orusi nie zostan\u0105 zapomniane. Chwa\u0142a Bohaterom! \u2013 napisano na Twitterze ambasady Polski w Mi\u0144sku.<\/strong><\/h5>\n<p>W Mikuliszkach w rejonie oszmia\u0144skim na p\u00f3\u0142nocnym wschodzie obwodu grodzie\u0144skiego bia\u0142oruskie w\u0142adze z wykorzystaniem ci\u0119\u017ckiego sprz\u0119tu zr\u00f3wna\u0142y z ziemi\u0105 kwater\u0119 poleg\u0142ych w 1944 roku \u017co\u0142nierzy III i VI Brygady Armii Krajowej. Nie pozosta\u0142 \u017caden z\u00a022\u00a0krzy\u017cy postawionych w\u00a0tym miejscu\u00a0pami\u0119ci.<\/p>\n<p>W tej kwaterze chowano \u017co\u0142nierzy AK w r\u00f3\u017cnych okresach 1944 roku, zar\u00f3wno przed, jak i po operacji o kryptonimie \u201eOstra Brama\u201d, kt\u00f3r\u0105 w dniach 7-15 lipca przeprowadzi\u0142y oddzia\u0142y Armii Krajowej w celu odbicia Wilna z r\u0105k niemieckich.<\/p>\n<p>W dniu 5 lipca 2022 r. do polskiego Ministerstwa Spraw Zagranicznych wezwany zosta\u0142 charg\u00e9 d\u2019affaires Bia\u0142orusi, kt\u00f3remu przekazano ostry protest w zwi\u0105zku ze zniszczeniem cmentarza \u017co\u0142nierzy AK w Mikuliszkach.<\/p>\n<p>Resort spraw zagranicznych wyda\u0142 tak\u017ce o\u015bwiadczenie, w kt\u00f3rym napisano, \u017ce \u201eto wyj\u0105tkowo haniebne wydarzenie stanowi przyk\u0142ad z\u0142amania przez obecne w\u0142adze Bia\u0142orusi wszystkich jej zobowi\u0105za\u0144 dotycz\u0105cych miejsc pami\u0119ci na swoim terytorium\u201d.<\/p>\n<p>Przypomina ono najczarniejsze karty historii komunizmu, a wobec wcze\u015bniejszych doniesie\u0144 o dewastacji polskich grob\u00f3w wojennych nie mo\u017ce by\u0107 odebrane inaczej, ni\u017c jako celowe dzia\u0142anie na rzecz dalszej degradacji wzajemnych relacji mi\u0119dzy Polsk\u0105 i Bia\u0142orusi\u0105 \u2013 pisze polski MSZ.<\/p>\n<p>Stwierdzono tak\u017ce, \u017ce \u201elikwidacja polskich grob\u00f3w oraz miejsc pami\u0119ci stanowi kolejny i najbardziej dobitny przyk\u0142ad dzia\u0142a\u0144 re\u017cimu z Mi\u0144ska wymierzonych w Polak\u00f3w na Bia\u0142orusi\u201d.<\/p>\n<p>Ministerstwo Spraw Zagranicznych pot\u0119pi\u0142o antypolsk\u0105 kampani\u0119 w\u0142adz bia\u0142oruskich polegaj\u0105c\u0105 na d\u0105\u017ceniu do zatarcia \u015blad\u00f3w polsko\u015bci na Bia\u0142orusi.<\/p>\n<p>Adrian Andrzejewski<\/p>\n","protected":false},"excerpt":{"rendered":"<p>Charge d\u2019affaires Polski na Bia\u0142orusi Marcin Wojciechowski z\u0142o\u017cy\u0142 kwiaty i zapali\u0142 znicze na grobach \u017co\u0142nierzy AK w Mikuliszkach &#8211; na cmentarzu, kt\u00f3ry zosta\u0142 barbarzy\u0144sko zr\u00f3wnany z ziemi\u0105. Polskie miejsca pami\u0119ci&hellip;<\/p>\n","protected":false},"author":7,"featured_media":23244,"comment_status":"closed","ping_status":"open","sticky":false,"template":"","format":"standard","meta":{"_mi_skip_tracking":false,"footnotes":""},"categories":[47],"tags":[],"class_list":["post-23243","post","type-post","status-publish","format-standard","has-post-thumbnail","hentry","category-wydarzenia"],"yoast_head":"<!-- This site is optimized with the Yoast SEO plugin v19.4 - https:\/\/yoast.com\/wordpress\/plugins\/seo\/ -->\n<title>Kwiaty i znicze na zniszczonym przez w\u0142adze Bia\u0142orusi cmentarzu \u017co\u0142nierzy Armii Krajowej w Mikuliszkach - Godno\u015b\u0107 - DignityNews.eu<\/title>\n<meta name=\"robots\" content=\"index, follow, max-snippet:-1, max-image-preview:large, max-video-preview:-1\" \/>\n<link rel=\"canonical\" href=\"https:\/\/dignitynews.eu\/pl\/kwiaty-i-znicze-na-zniszczonym-przez-wladze-bialorusi-cmentarzu-zolnierzy-armii-krajowej-w-mikuliszkach\/\" \/>\n<meta property=\"og:locale\" content=\"pl_PL\" \/>\n<meta property=\"og:type\" content=\"article\" \/>\n<meta property=\"og:title\" content=\"Kwiaty i znicze na zniszczonym przez w\u0142adze Bia\u0142orusi cmentarzu \u017co\u0142nierzy Armii Krajowej w Mikuliszkach - Godno\u015b\u0107 - DignityNews.eu\" \/>\n<meta property=\"og:description\" content=\"Charge d\u2019affaires Polski na Bia\u0142orusi Marcin Wojciechowski z\u0142o\u017cy\u0142 kwiaty i zapali\u0142 znicze na grobach \u017co\u0142nierzy AK w Mikuliszkach &#8211; na cmentarzu, kt\u00f3ry zosta\u0142 barbarzy\u0144sko zr\u00f3wnany z ziemi\u0105. Polskie miejsca pami\u0119ci&hellip;\" \/>\n<meta property=\"og:url\" content=\"https:\/\/dignitynews.eu\/pl\/kwiaty-i-znicze-na-zniszczonym-przez-wladze-bialorusi-cmentarzu-zolnierzy-armii-krajowej-w-mikuliszkach\/\" \/>\n<meta property=\"og:site_name\" content=\"Godno\u015b\u0107 - DignityNews.eu\" \/>\n<meta property=\"article:published_time\" content=\"2022-07-06T09:04:38+00:00\" \/>\n<meta property=\"og:image\" content=\"https:\/\/dignitynews.eu\/wp-content\/uploads\/2022\/07\/Mikuliszki-fot.-Twitter-PLinBelarus.jpg\" \/>\n\t<meta property=\"og:image:width\" content=\"680\" \/>\n\t<meta property=\"og:image:height\" content=\"510\" \/>\n\t<meta property=\"og:image:type\" content=\"image\/jpeg\" \/>\n<meta name=\"author\" content=\"Dignity News\" \/>\n<meta name=\"twitter:card\" content=\"summary_large_image\" \/>\n<meta name=\"twitter:label1\" content=\"Napisane przez\" \/>\n\t<meta name=\"twitter:data1\" content=\"Dignity News\" \/>\n\t<meta name=\"twitter:label2\" content=\"Szacowany czas czytania\" \/>\n\t<meta name=\"twitter:data2\" content=\"2 minuty\" \/>\n<script type=\"application\/ld+json\" class=\"yoast-schema-graph\">{\"@context\":\"https:\/\/schema.org\",\"@graph\":[{\"@type\":\"WebSite\",\"@id\":\"https:\/\/dignitynews.eu\/pl\/#website\",\"url\":\"https:\/\/dignitynews.eu\/pl\/\",\"name\":\"Godno\u015b\u0107 - DignityNews.eu\",\"description\":\"\",\"potentialAction\":[{\"@type\":\"SearchAction\",\"target\":{\"@type\":\"EntryPoint\",\"urlTemplate\":\"https:\/\/dignitynews.eu\/pl\/?s={search_term_string}\"},\"query-input\":\"required name=search_term_string\"}],\"inLanguage\":\"pl-PL\"},{\"@type\":\"WebPage\",\"@id\":\"https:\/\/dignitynews.eu\/pl\/kwiaty-i-znicze-na-zniszczonym-przez-wladze-bialorusi-cmentarzu-zolnierzy-armii-krajowej-w-mikuliszkach\/\",\"url\":\"https:\/\/dignitynews.eu\/pl\/kwiaty-i-znicze-na-zniszczonym-przez-wladze-bialorusi-cmentarzu-zolnierzy-armii-krajowej-w-mikuliszkach\/\",\"name\":\"Kwiaty i znicze na zniszczonym przez w\u0142adze Bia\u0142orusi cmentarzu \u017co\u0142nierzy Armii Krajowej w Mikuliszkach - Godno\u015b\u0107 - DignityNews.eu\",\"isPartOf\":{\"@id\":\"https:\/\/dignitynews.eu\/pl\/#website\"},\"datePublished\":\"2022-07-06T09:04:38+00:00\",\"dateModified\":\"2022-07-06T09:04:38+00:00\",\"author\":{\"@id\":\"https:\/\/dignitynews.eu\/pl\/#\/schema\/person\/0b62b762b8174802fabc81a3ecb1bfcb\"},\"breadcrumb\":{\"@id\":\"https:\/\/dignitynews.eu\/pl\/kwiaty-i-znicze-na-zniszczonym-przez-wladze-bialorusi-cmentarzu-zolnierzy-armii-krajowej-w-mikuliszkach\/#breadcrumb\"},\"inLanguage\":\"pl-PL\",\"potentialAction\":[{\"@type\":\"ReadAction\",\"target\":[\"https:\/\/dignitynews.eu\/pl\/kwiaty-i-znicze-na-zniszczonym-przez-wladze-bialorusi-cmentarzu-zolnierzy-armii-krajowej-w-mikuliszkach\/\"]}]},{\"@type\":\"BreadcrumbList\",\"@id\":\"https:\/\/dignitynews.eu\/pl\/kwiaty-i-znicze-na-zniszczonym-przez-wladze-bialorusi-cmentarzu-zolnierzy-armii-krajowej-w-mikuliszkach\/#breadcrumb\",\"itemListElement\":[{\"@type\":\"ListItem\",\"position\":1,\"name\":\"Strona g\u0142\u00f3wna\",\"item\":\"https:\/\/dignitynews.eu\/pl\/\"},{\"@type\":\"ListItem\",\"position\":2,\"name\":\"Kwiaty i znicze na zniszczonym przez w\u0142adze Bia\u0142orusi cmentarzu \u017co\u0142nierzy Armii Krajowej w Mikuliszkach\"}]},{\"@type\":\"Person\",\"@id\":\"https:\/\/dignitynews.eu\/pl\/#\/schema\/person\/0b62b762b8174802fabc81a3ecb1bfcb\",\"name\":\"Dignity News\",\"image\":{\"@type\":\"ImageObject\",\"inLanguage\":\"pl-PL\",\"@id\":\"https:\/\/dignitynews.eu\/pl\/#\/schema\/person\/image\/\",\"url\":\"https:\/\/secure.gravatar.com\/avatar\/97963171a6d9108f8381bbefb1c6b150c445b6ddd9e3077b96c86cf5892c85dc?s=96&d=mm&r=g\",\"contentUrl\":\"https:\/\/secure.gravatar.com\/avatar\/97963171a6d9108f8381bbefb1c6b150c445b6ddd9e3077b96c86cf5892c85dc?s=96&d=mm&r=g\",\"caption\":\"Dignity News\"},\"url\":\"https:\/\/dignitynews.eu\/pl\/author\/mikolaj-palade\/\"}]}<\/script>\n<!-- \/ Yoast SEO plugin. -->","yoast_head_json":{"title":"Kwiaty i znicze na zniszczonym przez w\u0142adze Bia\u0142orusi cmentarzu \u017co\u0142nierzy Armii Krajowej w Mikuliszkach - Godno\u015b\u0107 - DignityNews.eu","robots":{"index":"index","follow":"follow","max-snippet":"max-snippet:-1","max-image-preview":"max-image-preview:large","max-video-preview":"max-video-preview:-1"},"canonical":"https:\/\/dignitynews.eu\/pl\/kwiaty-i-znicze-na-zniszczonym-przez-wladze-bialorusi-cmentarzu-zolnierzy-armii-krajowej-w-mikuliszkach\/","og_locale":"pl_PL","og_type":"article","og_title":"Kwiaty i znicze na zniszczonym przez w\u0142adze Bia\u0142orusi cmentarzu \u017co\u0142nierzy Armii Krajowej w Mikuliszkach - Godno\u015b\u0107 - DignityNews.eu","og_description":"Charge d\u2019affaires Polski na Bia\u0142orusi Marcin Wojciechowski z\u0142o\u017cy\u0142 kwiaty i zapali\u0142 znicze na grobach \u017co\u0142nierzy AK w Mikuliszkach &#8211; na cmentarzu, kt\u00f3ry zosta\u0142 barbarzy\u0144sko zr\u00f3wnany z ziemi\u0105. Polskie miejsca pami\u0119ci&hellip;","og_url":"https:\/\/dignitynews.eu\/pl\/kwiaty-i-znicze-na-zniszczonym-przez-wladze-bialorusi-cmentarzu-zolnierzy-armii-krajowej-w-mikuliszkach\/","og_site_name":"Godno\u015b\u0107 - DignityNews.eu","article_published_time":"2022-07-06T09:04:38+00:00","og_image":[{"width":680,"height":510,"url":"https:\/\/dignitynews.eu\/wp-content\/uploads\/2022\/07\/Mikuliszki-fot.-Twitter-PLinBelarus.jpg","type":"image\/jpeg"}],"author":"Dignity News","twitter_card":"summary_large_image","twitter_misc":{"Napisane przez":"Dignity News","Szacowany czas czytania":"2 minuty"},"schema":{"@context":"https:\/\/schema.org","@graph":[{"@type":"WebSite","@id":"https:\/\/dignitynews.eu\/pl\/#website","url":"https:\/\/dignitynews.eu\/pl\/","name":"Godno\u015b\u0107 - DignityNews.eu","description":"","potentialAction":[{"@type":"SearchAction","target":{"@type":"EntryPoint","urlTemplate":"https:\/\/dignitynews.eu\/pl\/?s={search_term_string}"},"query-input":"required name=search_term_string"}],"inLanguage":"pl-PL"},{"@type":"WebPage","@id":"https:\/\/dignitynews.eu\/pl\/kwiaty-i-znicze-na-zniszczonym-przez-wladze-bialorusi-cmentarzu-zolnierzy-armii-krajowej-w-mikuliszkach\/","url":"https:\/\/dignitynews.eu\/pl\/kwiaty-i-znicze-na-zniszczonym-przez-wladze-bialorusi-cmentarzu-zolnierzy-armii-krajowej-w-mikuliszkach\/","name":"Kwiaty i znicze na zniszczonym przez w\u0142adze Bia\u0142orusi cmentarzu \u017co\u0142nierzy Armii Krajowej w Mikuliszkach - Godno\u015b\u0107 - DignityNews.eu","isPartOf":{"@id":"https:\/\/dignitynews.eu\/pl\/#website"},"datePublished":"2022-07-06T09:04:38+00:00","dateModified":"2022-07-06T09:04:38+00:00","author":{"@id":"https:\/\/dignitynews.eu\/pl\/#\/schema\/person\/0b62b762b8174802fabc81a3ecb1bfcb"},"breadcrumb":{"@id":"https:\/\/dignitynews.eu\/pl\/kwiaty-i-znicze-na-zniszczonym-przez-wladze-bialorusi-cmentarzu-zolnierzy-armii-krajowej-w-mikuliszkach\/#breadcrumb"},"inLanguage":"pl-PL","potentialAction":[{"@type":"ReadAction","target":["https:\/\/dignitynews.eu\/pl\/kwiaty-i-znicze-na-zniszczonym-przez-wladze-bialorusi-cmentarzu-zolnierzy-armii-krajowej-w-mikuliszkach\/"]}]},{"@type":"BreadcrumbList","@id":"https:\/\/dignitynews.eu\/pl\/kwiaty-i-znicze-na-zniszczonym-przez-wladze-bialorusi-cmentarzu-zolnierzy-armii-krajowej-w-mikuliszkach\/#breadcrumb","itemListElement":[{"@type":"ListItem","position":1,"name":"Strona g\u0142\u00f3wna","item":"https:\/\/dignitynews.eu\/pl\/"},{"@type":"ListItem","position":2,"name":"Kwiaty i znicze na zniszczonym przez w\u0142adze Bia\u0142orusi cmentarzu \u017co\u0142nierzy Armii Krajowej w Mikuliszkach"}]},{"@type":"Person","@id":"https:\/\/dignitynews.eu\/pl\/#\/schema\/person\/0b62b762b8174802fabc81a3ecb1bfcb","name":"Dignity News","image":{"@type":"ImageObject","inLanguage":"pl-PL","@id":"https:\/\/dignitynews.eu\/pl\/#\/schema\/person\/image\/","url":"https:\/\/secure.gravatar.com\/avatar\/97963171a6d9108f8381bbefb1c6b150c445b6ddd9e3077b96c86cf5892c85dc?s=96&d=mm&r=g","contentUrl":"https:\/\/secure.gravatar.com\/avatar\/97963171a6d9108f8381bbefb1c6b150c445b6ddd9e3077b96c86cf5892c85dc?s=96&d=mm&r=g","caption":"Dignity News"},"url":"https:\/\/dignitynews.eu\/pl\/author\/mikolaj-palade\/"}]}},"_links":{"self":[{"href":"https:\/\/dignitynews.eu\/pl\/wp-json\/wp\/v2\/posts\/23243","targetHints":{"allow":["GET"]}}],"collection":[{"href":"https:\/\/dignitynews.eu\/pl\/wp-json\/wp\/v2\/posts"}],"about":[{"href":"https:\/\/dignitynews.eu\/pl\/wp-json\/wp\/v2\/types\/post"}],"author":[{"embeddable":true,"href":"https:\/\/dignitynews.eu\/pl\/wp-json\/wp\/v2\/users\/7"}],"replies":[{"embeddable":true,"href":"https:\/\/dignitynews.eu\/pl\/wp-json\/wp\/v2\/comments?post=23243"}],"version-history":[{"count":1,"href":"https:\/\/dignitynews.eu\/pl\/wp-json\/wp\/v2\/posts\/23243\/revisions"}],"predecessor-version":[{"id":23249,"href":"https:\/\/dignitynews.eu\/pl\/wp-json\/wp\/v2\/posts\/23243\/revisions\/23249"}],"wp:featuredmedia":[{"embeddable":true,"href":"https:\/\/dignitynews.eu\/pl\/wp-json\/wp\/v2\/media\/23244"}],"wp:attachment":[{"href":"https:\/\/dignitynews.eu\/pl\/wp-json\/wp\/v2\/media?parent=23243"}],"wp:term":[{"taxonomy":"category","embeddable":true,"href":"https:\/\/dignitynews.eu\/pl\/wp-json\/wp\/v2\/categories?post=23243"},{"taxonomy":"post_tag","embeddable":true,"href":"https:\/\/dignitynews.eu\/pl\/wp-json\/wp\/v2\/tags?post=23243"}],"curies":[{"name":"wp","href":"https:\/\/api.w.org\/{rel}","templated":true}]}}