{"id":23119,"date":"2022-07-05T11:39:19","date_gmt":"2022-07-05T09:39:19","guid":{"rendered":"https:\/\/dignitynews.eu\/?p=23119"},"modified":"2022-07-05T11:39:19","modified_gmt":"2022-07-05T09:39:19","slug":"minister-edukacji-i-nauki-o-wynikach-matur-wypadly-lepiej-niz-ubiegloroczne","status":"publish","type":"post","link":"https:\/\/dignitynews.eu\/pl\/minister-edukacji-i-nauki-o-wynikach-matur-wypadly-lepiej-niz-ubiegloroczne\/","title":{"rendered":"Minister Edukacji i Nauki o wynikach matur: Wypad\u0142y lepiej ni\u017c ubieg\u0142oroczne"},"content":{"rendered":"<h5>W ocenie ministra edukacji i nauki Przemys\u0142awa Czarnka tegoroczne matury wypad\u0142y lepiej ni\u017c w ubieg\u0142ym roku. &#8211; Egzaminy odbywa\u0142y si\u0119 wed\u0142ug tych samych wymog\u00f3w, kt\u00f3re ustalili\u015bmy 16 grudnia 2020 roku ograniczaj\u0105c nieco zakres materia\u0142u koniecznego do zdania egzamin\u00f3w. Z tego powodu ten wynik jest inny ni\u017c dwa lata temu, ale lepszy ni\u017c rok temu \u2013 powiedzia\u0142 minister Czarnek.<\/h5>\n<p>Maturzy\u015bci poznaj\u0105 we wtorek wyniki swoich egzamin\u00f3w. Mog\u0105 je sprawdzi\u0107 w systemie internetowym. Ich wyniki s\u0105 tak\u017ce na \u015bwiadectwie dojrza\u0142o\u015bci, kt\u00f3re mog\u0105 odebra\u0107 w szkole. W maju egzaminy zdawa\u0142o ponad 289 tysi\u0119cy tegorocznych absolwent\u00f3w lice\u00f3w i technik\u00f3w.<\/p>\n<p>Minister Czarnek oceni\u0142, \u017ce tegoroczne matury \u2013 zgodnie z przewidywaniami resortu &#8211; wypad\u0142y lepiej ni\u017c ubieg\u0142oroczne, m.in. ze wzgl\u0119du na stacjonarny tryb nauki.<\/p>\n<p>&#8211; Maturzy\u015bci przygotowywali si\u0119 do egzamin\u00f3w w szko\u0142ach wraz ze swoimi nauczycielami w normalnym trybie. Poprzedni rok by\u0142 w wi\u0119kszo\u015bci w trybie zdalnym wi\u0119c si\u0142\u0105 rzeczy to przygotowywanie spoczywa\u0142o na samych uczniach lub ewentualnie uczniach i korepetytorach \u2013 powiedzia\u0142 szef MEiN.<\/p>\n<p>Minister Czarek zaznaczy\u0142, \u017ce tegoroczne matury odbywa\u0142y si\u0119 wed\u0142ug tych samych wymog\u00f3w egzaminacyjnych, kt\u00f3re resort ustali\u0142 16 grudnia 2020 roku ograniczaj\u0105c nieco zakres materia\u0142u koniecznego do zdania egzamin\u00f3w ze wzgl\u0119du na pandemi\u0119 i nauk\u0119 zdaln\u0105, kt\u00f3ra w\u00f3wczas panowa\u0142a Z tego powodu ten wynik jest inny ni\u017c dwa lata temu, ale lepszy ni\u017c rok temu.<\/p>\n<p>W rozmowie w Polskim Radiu 24 zosta\u0142 tak\u017ce poruszony w\u0105tek ewentualnego powrotu do nauki zdalnej w nowym roku szkolnym.<\/p>\n<p>&#8211; Nie mamy \u017cadnych sygna\u0142\u00f3w od Ministerstwa Zdrowia i s\u0142u\u017cb sanitarnych, kt\u00f3re \u015bwiadczy\u0142yby o tym, \u017ce grozi nam w jakikolwiek spos\u00f3b ograniczenie nauki stacjonarnej. Przygotowujemy si\u0119 do pe\u0142nego trybu stacjonarnego tak jak w ubieg\u0142ym roku \u2013 zapowiedzia\u0142 Przemys\u0142aw Czarnek.<\/p>\n<p>Arkadiusz S\u0142omczy\u0144ski<\/p>\n","protected":false},"excerpt":{"rendered":"<p>W ocenie ministra edukacji i nauki Przemys\u0142awa Czarnka tegoroczne matury wypad\u0142y lepiej ni\u017c w ubieg\u0142ym roku. &#8211; Egzaminy odbywa\u0142y si\u0119 wed\u0142ug tych samych wymog\u00f3w, kt\u00f3re ustalili\u015bmy 16 grudnia 2020 roku&hellip;<\/p>\n","protected":false},"author":7,"featured_media":23120,"comment_status":"closed","ping_status":"open","sticky":false,"template":"","format":"standard","meta":{"_mi_skip_tracking":false,"footnotes":""},"categories":[47],"tags":[],"class_list":["post-23119","post","type-post","status-publish","format-standard","has-post-thumbnail","hentry","category-wydarzenia"],"yoast_head":"<!-- This site is optimized with the Yoast SEO plugin v19.4 - https:\/\/yoast.com\/wordpress\/plugins\/seo\/ -->\n<title>Minister Edukacji i Nauki o wynikach matur: Wypad\u0142y lepiej ni\u017c ubieg\u0142oroczne - Godno\u015b\u0107 - DignityNews.eu<\/title>\n<meta name=\"robots\" content=\"index, follow, max-snippet:-1, max-image-preview:large, max-video-preview:-1\" \/>\n<link rel=\"canonical\" href=\"https:\/\/dignitynews.eu\/pl\/minister-edukacji-i-nauki-o-wynikach-matur-wypadly-lepiej-niz-ubiegloroczne\/\" \/>\n<meta property=\"og:locale\" content=\"pl_PL\" \/>\n<meta property=\"og:type\" content=\"article\" \/>\n<meta property=\"og:title\" content=\"Minister Edukacji i Nauki o wynikach matur: Wypad\u0142y lepiej ni\u017c ubieg\u0142oroczne - Godno\u015b\u0107 - DignityNews.eu\" \/>\n<meta property=\"og:description\" content=\"W ocenie ministra edukacji i nauki Przemys\u0142awa Czarnka tegoroczne matury wypad\u0142y lepiej ni\u017c w ubieg\u0142ym roku. &#8211; Egzaminy odbywa\u0142y si\u0119 wed\u0142ug tych samych wymog\u00f3w, kt\u00f3re ustalili\u015bmy 16 grudnia 2020 roku&hellip;\" \/>\n<meta property=\"og:url\" content=\"https:\/\/dignitynews.eu\/pl\/minister-edukacji-i-nauki-o-wynikach-matur-wypadly-lepiej-niz-ubiegloroczne\/\" \/>\n<meta property=\"og:site_name\" content=\"Godno\u015b\u0107 - DignityNews.eu\" \/>\n<meta property=\"article:published_time\" content=\"2022-07-05T09:39:19+00:00\" \/>\n<meta property=\"og:image\" content=\"https:\/\/dignitynews.eu\/wp-content\/uploads\/2022\/07\/MEiN-o-wynikach-matur-fot.-Zbyszek-Kaczmarek-REPORTER.jpg\" \/>\n\t<meta property=\"og:image:width\" content=\"1500\" \/>\n\t<meta property=\"og:image:height\" content=\"998\" \/>\n\t<meta property=\"og:image:type\" content=\"image\/jpeg\" \/>\n<meta name=\"author\" content=\"Dignity News\" \/>\n<meta name=\"twitter:card\" content=\"summary_large_image\" \/>\n<meta name=\"twitter:label1\" content=\"Napisane przez\" \/>\n\t<meta name=\"twitter:data1\" content=\"Dignity News\" \/>\n\t<meta name=\"twitter:label2\" content=\"Szacowany czas czytania\" \/>\n\t<meta name=\"twitter:data2\" content=\"2 minuty\" \/>\n<script type=\"application\/ld+json\" class=\"yoast-schema-graph\">{\"@context\":\"https:\/\/schema.org\",\"@graph\":[{\"@type\":\"WebSite\",\"@id\":\"https:\/\/dignitynews.eu\/pl\/#website\",\"url\":\"https:\/\/dignitynews.eu\/pl\/\",\"name\":\"Godno\u015b\u0107 - DignityNews.eu\",\"description\":\"\",\"potentialAction\":[{\"@type\":\"SearchAction\",\"target\":{\"@type\":\"EntryPoint\",\"urlTemplate\":\"https:\/\/dignitynews.eu\/pl\/?s={search_term_string}\"},\"query-input\":\"required name=search_term_string\"}],\"inLanguage\":\"pl-PL\"},{\"@type\":\"WebPage\",\"@id\":\"https:\/\/dignitynews.eu\/pl\/minister-edukacji-i-nauki-o-wynikach-matur-wypadly-lepiej-niz-ubiegloroczne\/\",\"url\":\"https:\/\/dignitynews.eu\/pl\/minister-edukacji-i-nauki-o-wynikach-matur-wypadly-lepiej-niz-ubiegloroczne\/\",\"name\":\"Minister Edukacji i Nauki o wynikach matur: Wypad\u0142y lepiej ni\u017c ubieg\u0142oroczne - Godno\u015b\u0107 - DignityNews.eu\",\"isPartOf\":{\"@id\":\"https:\/\/dignitynews.eu\/pl\/#website\"},\"datePublished\":\"2022-07-05T09:39:19+00:00\",\"dateModified\":\"2022-07-05T09:39:19+00:00\",\"author\":{\"@id\":\"https:\/\/dignitynews.eu\/pl\/#\/schema\/person\/0b62b762b8174802fabc81a3ecb1bfcb\"},\"breadcrumb\":{\"@id\":\"https:\/\/dignitynews.eu\/pl\/minister-edukacji-i-nauki-o-wynikach-matur-wypadly-lepiej-niz-ubiegloroczne\/#breadcrumb\"},\"inLanguage\":\"pl-PL\",\"potentialAction\":[{\"@type\":\"ReadAction\",\"target\":[\"https:\/\/dignitynews.eu\/pl\/minister-edukacji-i-nauki-o-wynikach-matur-wypadly-lepiej-niz-ubiegloroczne\/\"]}]},{\"@type\":\"BreadcrumbList\",\"@id\":\"https:\/\/dignitynews.eu\/pl\/minister-edukacji-i-nauki-o-wynikach-matur-wypadly-lepiej-niz-ubiegloroczne\/#breadcrumb\",\"itemListElement\":[{\"@type\":\"ListItem\",\"position\":1,\"name\":\"Strona g\u0142\u00f3wna\",\"item\":\"https:\/\/dignitynews.eu\/pl\/\"},{\"@type\":\"ListItem\",\"position\":2,\"name\":\"Minister Edukacji i Nauki o wynikach matur: Wypad\u0142y lepiej ni\u017c ubieg\u0142oroczne\"}]},{\"@type\":\"Person\",\"@id\":\"https:\/\/dignitynews.eu\/pl\/#\/schema\/person\/0b62b762b8174802fabc81a3ecb1bfcb\",\"name\":\"Dignity News\",\"image\":{\"@type\":\"ImageObject\",\"inLanguage\":\"pl-PL\",\"@id\":\"https:\/\/dignitynews.eu\/pl\/#\/schema\/person\/image\/\",\"url\":\"https:\/\/secure.gravatar.com\/avatar\/97963171a6d9108f8381bbefb1c6b150c445b6ddd9e3077b96c86cf5892c85dc?s=96&d=mm&r=g\",\"contentUrl\":\"https:\/\/secure.gravatar.com\/avatar\/97963171a6d9108f8381bbefb1c6b150c445b6ddd9e3077b96c86cf5892c85dc?s=96&d=mm&r=g\",\"caption\":\"Dignity News\"},\"url\":\"https:\/\/dignitynews.eu\/pl\/author\/mikolaj-palade\/\"}]}<\/script>\n<!-- \/ Yoast SEO plugin. -->","yoast_head_json":{"title":"Minister Edukacji i Nauki o wynikach matur: Wypad\u0142y lepiej ni\u017c ubieg\u0142oroczne - Godno\u015b\u0107 - DignityNews.eu","robots":{"index":"index","follow":"follow","max-snippet":"max-snippet:-1","max-image-preview":"max-image-preview:large","max-video-preview":"max-video-preview:-1"},"canonical":"https:\/\/dignitynews.eu\/pl\/minister-edukacji-i-nauki-o-wynikach-matur-wypadly-lepiej-niz-ubiegloroczne\/","og_locale":"pl_PL","og_type":"article","og_title":"Minister Edukacji i Nauki o wynikach matur: Wypad\u0142y lepiej ni\u017c ubieg\u0142oroczne - Godno\u015b\u0107 - DignityNews.eu","og_description":"W ocenie ministra edukacji i nauki Przemys\u0142awa Czarnka tegoroczne matury wypad\u0142y lepiej ni\u017c w ubieg\u0142ym roku. &#8211; Egzaminy odbywa\u0142y si\u0119 wed\u0142ug tych samych wymog\u00f3w, kt\u00f3re ustalili\u015bmy 16 grudnia 2020 roku&hellip;","og_url":"https:\/\/dignitynews.eu\/pl\/minister-edukacji-i-nauki-o-wynikach-matur-wypadly-lepiej-niz-ubiegloroczne\/","og_site_name":"Godno\u015b\u0107 - DignityNews.eu","article_published_time":"2022-07-05T09:39:19+00:00","og_image":[{"width":1500,"height":998,"url":"https:\/\/dignitynews.eu\/wp-content\/uploads\/2022\/07\/MEiN-o-wynikach-matur-fot.-Zbyszek-Kaczmarek-REPORTER.jpg","type":"image\/jpeg"}],"author":"Dignity News","twitter_card":"summary_large_image","twitter_misc":{"Napisane przez":"Dignity News","Szacowany czas czytania":"2 minuty"},"schema":{"@context":"https:\/\/schema.org","@graph":[{"@type":"WebSite","@id":"https:\/\/dignitynews.eu\/pl\/#website","url":"https:\/\/dignitynews.eu\/pl\/","name":"Godno\u015b\u0107 - DignityNews.eu","description":"","potentialAction":[{"@type":"SearchAction","target":{"@type":"EntryPoint","urlTemplate":"https:\/\/dignitynews.eu\/pl\/?s={search_term_string}"},"query-input":"required name=search_term_string"}],"inLanguage":"pl-PL"},{"@type":"WebPage","@id":"https:\/\/dignitynews.eu\/pl\/minister-edukacji-i-nauki-o-wynikach-matur-wypadly-lepiej-niz-ubiegloroczne\/","url":"https:\/\/dignitynews.eu\/pl\/minister-edukacji-i-nauki-o-wynikach-matur-wypadly-lepiej-niz-ubiegloroczne\/","name":"Minister Edukacji i Nauki o wynikach matur: Wypad\u0142y lepiej ni\u017c ubieg\u0142oroczne - Godno\u015b\u0107 - DignityNews.eu","isPartOf":{"@id":"https:\/\/dignitynews.eu\/pl\/#website"},"datePublished":"2022-07-05T09:39:19+00:00","dateModified":"2022-07-05T09:39:19+00:00","author":{"@id":"https:\/\/dignitynews.eu\/pl\/#\/schema\/person\/0b62b762b8174802fabc81a3ecb1bfcb"},"breadcrumb":{"@id":"https:\/\/dignitynews.eu\/pl\/minister-edukacji-i-nauki-o-wynikach-matur-wypadly-lepiej-niz-ubiegloroczne\/#breadcrumb"},"inLanguage":"pl-PL","potentialAction":[{"@type":"ReadAction","target":["https:\/\/dignitynews.eu\/pl\/minister-edukacji-i-nauki-o-wynikach-matur-wypadly-lepiej-niz-ubiegloroczne\/"]}]},{"@type":"BreadcrumbList","@id":"https:\/\/dignitynews.eu\/pl\/minister-edukacji-i-nauki-o-wynikach-matur-wypadly-lepiej-niz-ubiegloroczne\/#breadcrumb","itemListElement":[{"@type":"ListItem","position":1,"name":"Strona g\u0142\u00f3wna","item":"https:\/\/dignitynews.eu\/pl\/"},{"@type":"ListItem","position":2,"name":"Minister Edukacji i Nauki o wynikach matur: Wypad\u0142y lepiej ni\u017c ubieg\u0142oroczne"}]},{"@type":"Person","@id":"https:\/\/dignitynews.eu\/pl\/#\/schema\/person\/0b62b762b8174802fabc81a3ecb1bfcb","name":"Dignity News","image":{"@type":"ImageObject","inLanguage":"pl-PL","@id":"https:\/\/dignitynews.eu\/pl\/#\/schema\/person\/image\/","url":"https:\/\/secure.gravatar.com\/avatar\/97963171a6d9108f8381bbefb1c6b150c445b6ddd9e3077b96c86cf5892c85dc?s=96&d=mm&r=g","contentUrl":"https:\/\/secure.gravatar.com\/avatar\/97963171a6d9108f8381bbefb1c6b150c445b6ddd9e3077b96c86cf5892c85dc?s=96&d=mm&r=g","caption":"Dignity News"},"url":"https:\/\/dignitynews.eu\/pl\/author\/mikolaj-palade\/"}]}},"_links":{"self":[{"href":"https:\/\/dignitynews.eu\/pl\/wp-json\/wp\/v2\/posts\/23119","targetHints":{"allow":["GET"]}}],"collection":[{"href":"https:\/\/dignitynews.eu\/pl\/wp-json\/wp\/v2\/posts"}],"about":[{"href":"https:\/\/dignitynews.eu\/pl\/wp-json\/wp\/v2\/types\/post"}],"author":[{"embeddable":true,"href":"https:\/\/dignitynews.eu\/pl\/wp-json\/wp\/v2\/users\/7"}],"replies":[{"embeddable":true,"href":"https:\/\/dignitynews.eu\/pl\/wp-json\/wp\/v2\/comments?post=23119"}],"version-history":[{"count":1,"href":"https:\/\/dignitynews.eu\/pl\/wp-json\/wp\/v2\/posts\/23119\/revisions"}],"predecessor-version":[{"id":23125,"href":"https:\/\/dignitynews.eu\/pl\/wp-json\/wp\/v2\/posts\/23119\/revisions\/23125"}],"wp:featuredmedia":[{"embeddable":true,"href":"https:\/\/dignitynews.eu\/pl\/wp-json\/wp\/v2\/media\/23120"}],"wp:attachment":[{"href":"https:\/\/dignitynews.eu\/pl\/wp-json\/wp\/v2\/media?parent=23119"}],"wp:term":[{"taxonomy":"category","embeddable":true,"href":"https:\/\/dignitynews.eu\/pl\/wp-json\/wp\/v2\/categories?post=23119"},{"taxonomy":"post_tag","embeddable":true,"href":"https:\/\/dignitynews.eu\/pl\/wp-json\/wp\/v2\/tags?post=23119"}],"curies":[{"name":"wp","href":"https:\/\/api.w.org\/{rel}","templated":true}]}}