{"id":23100,"date":"2022-07-05T10:51:44","date_gmt":"2022-07-05T08:51:44","guid":{"rendered":"https:\/\/dignitynews.eu\/?p=23100"},"modified":"2022-07-05T10:51:44","modified_gmt":"2022-07-05T08:51:44","slug":"prezydent-po-radzie-bezpieczenstwa-narodowego-bezpieczenstwo-polski-jest-ponad-wszelkimi-podzialami-politycznymi","status":"publish","type":"post","link":"https:\/\/dignitynews.eu\/pl\/prezydent-po-radzie-bezpieczenstwa-narodowego-bezpieczenstwo-polski-jest-ponad-wszelkimi-podzialami-politycznymi\/","title":{"rendered":"Prezydent po Radzie Bezpiecze\u0144stwa Narodowego: bezpiecze\u0144stwo Polski jest ponad wszelkimi podzia\u0142ami politycznymi"},"content":{"rendered":"<h5>Prezydent Andrzej Duda powiedzia\u0142 po posiedzeniu Rady Bezpiecze\u0144stwa Narodowego (RBN), \u017ce to by\u0142a bardzo konkretna rozmowa na temat wa\u017cnych polskich spraw, kwestii zwi\u0105zanych z bezpiecze\u0144stwem i sytuacj\u0105 militarn\u0105 Polski. Doda\u0142, \u017ce atmosfera spotkania by\u0142a propa\u0144stwowa i merytoryczna oraz \u017ce zg\u0142oszono podczas niego szereg ciekawych propozycji.<\/h5>\n<p>Prezydent poinformowa\u0142, \u017ce zda\u0142 uczestnikom posiedzenia RBN relacj\u0119 z przebiegu szczytu NATO w Madrycie &#8211; szczeg\u00f3\u0142owo zrelacjonowa\u0142 wszystkie podj\u0119te postanowienia, a tak\u017ce rozmowy kuluarowe, jakie prowadzi\u0142 i atmosfer\u0119 towarzysz\u0105c\u0105 szczytowi.<\/p>\n<p>M\u00f3wi\u0105c o posiedzeniu RBN Andrzej Duda podkre\u015bli\u0142 bardzo dobr\u0105 atmosfer\u0119 spotkania, bardzo propa\u0144stwow\u0105 i merytoryczn\u0105 oraz bardzo merytoryczne wypowiedzi.<\/p>\n<p>&#8211; To nie by\u0142a \u017cadna polityczna debata, to by\u0142a bardzo konkretna rozmowa na temat wa\u017cnych polskich spraw, bardzo konkretnych kwestii zwi\u0105zanych z bezpiecze\u0144stwem, z sytuacj\u0105 militarn\u0105 Polski w kontek\u015bcie postanowie\u0144 szczytu NATO, w kontek\u015bcie obecno\u015bci sojuszniczej w naszym kraju i na wschodniej flance Sojuszu P\u00f3\u0142nocnoatlantyckiego &#8211; powiedzia\u0142.<\/p>\n<p>W ocenie prezydenta podczas posiedzenia RBN pojawi\u0142 si\u0119 szereg ciekawych propozycji na przysz\u0142o\u015b\u0107.<\/p>\n<p>&#8211; My\u015bl\u0119, \u017ce \u015bmia\u0142o mog\u0119 powiedzie\u0107 wszystkim moim rodakom &#8211; politycy ze wszystkich stron sceny politycznej do kwestii bezpiecze\u0144stwa Polski podchodz\u0105 absolutnie ponad wszelkimi podzia\u0142ami, bardzo powa\u017cnie &#8211; powiedzia\u0142 Andrzej Duda i doda\u0142, \u017ce dba\u0142o\u015b\u0107 o bezpiecze\u0144stwo jest niezmienna niezale\u017cnie od tego, kto w danym momencie sprawuje w\u0142adz\u0119.<\/p>\n<p>Prezydent nawi\u0105za\u0142 te\u017c do madryckiego szczytu NATO. Oceni\u0142, \u017ce decyzje tam podj\u0119te &#8211; zw\u0142aszcza ta dotycz\u0105ca sta\u0142ej obecno\u015bci wysuni\u0119tego dow\u00f3dztwa V Korpusu armii Stan\u00f3w Zjednoczonych &#8211; bardzo wzmacniaj\u0105 bezpiecze\u0144stwo Polski. Zaznaczy\u0142, \u017ce ta obecno\u015b\u0107 sojusznicza ma fundamentalne znaczenie do momentu, kiedy Polska zrealizuje program modernizacji armii i jej wzmocnienia pod wzgl\u0119dem infrastruktury i liczby \u017co\u0142nierzy.<\/p>\n<p>Arkadiusz S\u0142omczy\u0144ski<\/p>\n","protected":false},"excerpt":{"rendered":"<p>Prezydent Andrzej Duda powiedzia\u0142 po posiedzeniu Rady Bezpiecze\u0144stwa Narodowego (RBN), \u017ce to by\u0142a bardzo konkretna rozmowa na temat wa\u017cnych polskich spraw, kwestii zwi\u0105zanych z bezpiecze\u0144stwem i sytuacj\u0105 militarn\u0105 Polski. Doda\u0142,&hellip;<\/p>\n","protected":false},"author":7,"featured_media":23101,"comment_status":"closed","ping_status":"open","sticky":false,"template":"","format":"standard","meta":{"_mi_skip_tracking":false,"footnotes":""},"categories":[47],"tags":[],"class_list":["post-23100","post","type-post","status-publish","format-standard","has-post-thumbnail","hentry","category-wydarzenia"],"yoast_head":"<!-- This site is optimized with the Yoast SEO plugin v19.4 - https:\/\/yoast.com\/wordpress\/plugins\/seo\/ -->\n<title>Prezydent po Radzie Bezpiecze\u0144stwa Narodowego: bezpiecze\u0144stwo Polski jest ponad wszelkimi podzia\u0142ami politycznymi - Godno\u015b\u0107 - DignityNews.eu<\/title>\n<meta name=\"robots\" content=\"index, follow, max-snippet:-1, max-image-preview:large, max-video-preview:-1\" \/>\n<link rel=\"canonical\" href=\"https:\/\/dignitynews.eu\/pl\/prezydent-po-radzie-bezpieczenstwa-narodowego-bezpieczenstwo-polski-jest-ponad-wszelkimi-podzialami-politycznymi\/\" \/>\n<meta property=\"og:locale\" content=\"pl_PL\" \/>\n<meta property=\"og:type\" content=\"article\" \/>\n<meta property=\"og:title\" content=\"Prezydent po Radzie Bezpiecze\u0144stwa Narodowego: bezpiecze\u0144stwo Polski jest ponad wszelkimi podzia\u0142ami politycznymi - Godno\u015b\u0107 - DignityNews.eu\" \/>\n<meta property=\"og:description\" content=\"Prezydent Andrzej Duda powiedzia\u0142 po posiedzeniu Rady Bezpiecze\u0144stwa Narodowego (RBN), \u017ce to by\u0142a bardzo konkretna rozmowa na temat wa\u017cnych polskich spraw, kwestii zwi\u0105zanych z bezpiecze\u0144stwem i sytuacj\u0105 militarn\u0105 Polski. Doda\u0142,&hellip;\" \/>\n<meta property=\"og:url\" content=\"https:\/\/dignitynews.eu\/pl\/prezydent-po-radzie-bezpieczenstwa-narodowego-bezpieczenstwo-polski-jest-ponad-wszelkimi-podzialami-politycznymi\/\" \/>\n<meta property=\"og:site_name\" content=\"Godno\u015b\u0107 - DignityNews.eu\" \/>\n<meta property=\"article:published_time\" content=\"2022-07-05T08:51:44+00:00\" \/>\n<meta property=\"og:image\" content=\"https:\/\/dignitynews.eu\/wp-content\/uploads\/2022\/07\/prezydent-po-RBN-fot.-Beata-Zawadzka-East-News.jpg\" \/>\n\t<meta property=\"og:image:width\" content=\"1122\" \/>\n\t<meta property=\"og:image:height\" content=\"1500\" \/>\n\t<meta property=\"og:image:type\" content=\"image\/jpeg\" \/>\n<meta name=\"author\" content=\"Dignity News\" \/>\n<meta name=\"twitter:card\" content=\"summary_large_image\" \/>\n<meta name=\"twitter:label1\" content=\"Napisane przez\" \/>\n\t<meta name=\"twitter:data1\" content=\"Dignity News\" \/>\n\t<meta name=\"twitter:label2\" content=\"Szacowany czas czytania\" \/>\n\t<meta name=\"twitter:data2\" content=\"2 minuty\" \/>\n<script type=\"application\/ld+json\" class=\"yoast-schema-graph\">{\"@context\":\"https:\/\/schema.org\",\"@graph\":[{\"@type\":\"WebSite\",\"@id\":\"https:\/\/dignitynews.eu\/pl\/#website\",\"url\":\"https:\/\/dignitynews.eu\/pl\/\",\"name\":\"Godno\u015b\u0107 - DignityNews.eu\",\"description\":\"\",\"potentialAction\":[{\"@type\":\"SearchAction\",\"target\":{\"@type\":\"EntryPoint\",\"urlTemplate\":\"https:\/\/dignitynews.eu\/pl\/?s={search_term_string}\"},\"query-input\":\"required name=search_term_string\"}],\"inLanguage\":\"pl-PL\"},{\"@type\":\"WebPage\",\"@id\":\"https:\/\/dignitynews.eu\/pl\/prezydent-po-radzie-bezpieczenstwa-narodowego-bezpieczenstwo-polski-jest-ponad-wszelkimi-podzialami-politycznymi\/\",\"url\":\"https:\/\/dignitynews.eu\/pl\/prezydent-po-radzie-bezpieczenstwa-narodowego-bezpieczenstwo-polski-jest-ponad-wszelkimi-podzialami-politycznymi\/\",\"name\":\"Prezydent po Radzie Bezpiecze\u0144stwa Narodowego: bezpiecze\u0144stwo Polski jest ponad wszelkimi podzia\u0142ami politycznymi - Godno\u015b\u0107 - DignityNews.eu\",\"isPartOf\":{\"@id\":\"https:\/\/dignitynews.eu\/pl\/#website\"},\"datePublished\":\"2022-07-05T08:51:44+00:00\",\"dateModified\":\"2022-07-05T08:51:44+00:00\",\"author\":{\"@id\":\"https:\/\/dignitynews.eu\/pl\/#\/schema\/person\/0b62b762b8174802fabc81a3ecb1bfcb\"},\"breadcrumb\":{\"@id\":\"https:\/\/dignitynews.eu\/pl\/prezydent-po-radzie-bezpieczenstwa-narodowego-bezpieczenstwo-polski-jest-ponad-wszelkimi-podzialami-politycznymi\/#breadcrumb\"},\"inLanguage\":\"pl-PL\",\"potentialAction\":[{\"@type\":\"ReadAction\",\"target\":[\"https:\/\/dignitynews.eu\/pl\/prezydent-po-radzie-bezpieczenstwa-narodowego-bezpieczenstwo-polski-jest-ponad-wszelkimi-podzialami-politycznymi\/\"]}]},{\"@type\":\"BreadcrumbList\",\"@id\":\"https:\/\/dignitynews.eu\/pl\/prezydent-po-radzie-bezpieczenstwa-narodowego-bezpieczenstwo-polski-jest-ponad-wszelkimi-podzialami-politycznymi\/#breadcrumb\",\"itemListElement\":[{\"@type\":\"ListItem\",\"position\":1,\"name\":\"Strona g\u0142\u00f3wna\",\"item\":\"https:\/\/dignitynews.eu\/pl\/\"},{\"@type\":\"ListItem\",\"position\":2,\"name\":\"Prezydent po Radzie Bezpiecze\u0144stwa Narodowego: bezpiecze\u0144stwo Polski jest ponad wszelkimi podzia\u0142ami politycznymi\"}]},{\"@type\":\"Person\",\"@id\":\"https:\/\/dignitynews.eu\/pl\/#\/schema\/person\/0b62b762b8174802fabc81a3ecb1bfcb\",\"name\":\"Dignity News\",\"image\":{\"@type\":\"ImageObject\",\"inLanguage\":\"pl-PL\",\"@id\":\"https:\/\/dignitynews.eu\/pl\/#\/schema\/person\/image\/\",\"url\":\"https:\/\/secure.gravatar.com\/avatar\/97963171a6d9108f8381bbefb1c6b150c445b6ddd9e3077b96c86cf5892c85dc?s=96&d=mm&r=g\",\"contentUrl\":\"https:\/\/secure.gravatar.com\/avatar\/97963171a6d9108f8381bbefb1c6b150c445b6ddd9e3077b96c86cf5892c85dc?s=96&d=mm&r=g\",\"caption\":\"Dignity News\"},\"url\":\"https:\/\/dignitynews.eu\/pl\/author\/mikolaj-palade\/\"}]}<\/script>\n<!-- \/ Yoast SEO plugin. -->","yoast_head_json":{"title":"Prezydent po Radzie Bezpiecze\u0144stwa Narodowego: bezpiecze\u0144stwo Polski jest ponad wszelkimi podzia\u0142ami politycznymi - Godno\u015b\u0107 - DignityNews.eu","robots":{"index":"index","follow":"follow","max-snippet":"max-snippet:-1","max-image-preview":"max-image-preview:large","max-video-preview":"max-video-preview:-1"},"canonical":"https:\/\/dignitynews.eu\/pl\/prezydent-po-radzie-bezpieczenstwa-narodowego-bezpieczenstwo-polski-jest-ponad-wszelkimi-podzialami-politycznymi\/","og_locale":"pl_PL","og_type":"article","og_title":"Prezydent po Radzie Bezpiecze\u0144stwa Narodowego: bezpiecze\u0144stwo Polski jest ponad wszelkimi podzia\u0142ami politycznymi - Godno\u015b\u0107 - DignityNews.eu","og_description":"Prezydent Andrzej Duda powiedzia\u0142 po posiedzeniu Rady Bezpiecze\u0144stwa Narodowego (RBN), \u017ce to by\u0142a bardzo konkretna rozmowa na temat wa\u017cnych polskich spraw, kwestii zwi\u0105zanych z bezpiecze\u0144stwem i sytuacj\u0105 militarn\u0105 Polski. Doda\u0142,&hellip;","og_url":"https:\/\/dignitynews.eu\/pl\/prezydent-po-radzie-bezpieczenstwa-narodowego-bezpieczenstwo-polski-jest-ponad-wszelkimi-podzialami-politycznymi\/","og_site_name":"Godno\u015b\u0107 - DignityNews.eu","article_published_time":"2022-07-05T08:51:44+00:00","og_image":[{"width":1122,"height":1500,"url":"https:\/\/dignitynews.eu\/wp-content\/uploads\/2022\/07\/prezydent-po-RBN-fot.-Beata-Zawadzka-East-News.jpg","type":"image\/jpeg"}],"author":"Dignity News","twitter_card":"summary_large_image","twitter_misc":{"Napisane przez":"Dignity News","Szacowany czas czytania":"2 minuty"},"schema":{"@context":"https:\/\/schema.org","@graph":[{"@type":"WebSite","@id":"https:\/\/dignitynews.eu\/pl\/#website","url":"https:\/\/dignitynews.eu\/pl\/","name":"Godno\u015b\u0107 - DignityNews.eu","description":"","potentialAction":[{"@type":"SearchAction","target":{"@type":"EntryPoint","urlTemplate":"https:\/\/dignitynews.eu\/pl\/?s={search_term_string}"},"query-input":"required name=search_term_string"}],"inLanguage":"pl-PL"},{"@type":"WebPage","@id":"https:\/\/dignitynews.eu\/pl\/prezydent-po-radzie-bezpieczenstwa-narodowego-bezpieczenstwo-polski-jest-ponad-wszelkimi-podzialami-politycznymi\/","url":"https:\/\/dignitynews.eu\/pl\/prezydent-po-radzie-bezpieczenstwa-narodowego-bezpieczenstwo-polski-jest-ponad-wszelkimi-podzialami-politycznymi\/","name":"Prezydent po Radzie Bezpiecze\u0144stwa Narodowego: bezpiecze\u0144stwo Polski jest ponad wszelkimi podzia\u0142ami politycznymi - Godno\u015b\u0107 - DignityNews.eu","isPartOf":{"@id":"https:\/\/dignitynews.eu\/pl\/#website"},"datePublished":"2022-07-05T08:51:44+00:00","dateModified":"2022-07-05T08:51:44+00:00","author":{"@id":"https:\/\/dignitynews.eu\/pl\/#\/schema\/person\/0b62b762b8174802fabc81a3ecb1bfcb"},"breadcrumb":{"@id":"https:\/\/dignitynews.eu\/pl\/prezydent-po-radzie-bezpieczenstwa-narodowego-bezpieczenstwo-polski-jest-ponad-wszelkimi-podzialami-politycznymi\/#breadcrumb"},"inLanguage":"pl-PL","potentialAction":[{"@type":"ReadAction","target":["https:\/\/dignitynews.eu\/pl\/prezydent-po-radzie-bezpieczenstwa-narodowego-bezpieczenstwo-polski-jest-ponad-wszelkimi-podzialami-politycznymi\/"]}]},{"@type":"BreadcrumbList","@id":"https:\/\/dignitynews.eu\/pl\/prezydent-po-radzie-bezpieczenstwa-narodowego-bezpieczenstwo-polski-jest-ponad-wszelkimi-podzialami-politycznymi\/#breadcrumb","itemListElement":[{"@type":"ListItem","position":1,"name":"Strona g\u0142\u00f3wna","item":"https:\/\/dignitynews.eu\/pl\/"},{"@type":"ListItem","position":2,"name":"Prezydent po Radzie Bezpiecze\u0144stwa Narodowego: bezpiecze\u0144stwo Polski jest ponad wszelkimi podzia\u0142ami politycznymi"}]},{"@type":"Person","@id":"https:\/\/dignitynews.eu\/pl\/#\/schema\/person\/0b62b762b8174802fabc81a3ecb1bfcb","name":"Dignity News","image":{"@type":"ImageObject","inLanguage":"pl-PL","@id":"https:\/\/dignitynews.eu\/pl\/#\/schema\/person\/image\/","url":"https:\/\/secure.gravatar.com\/avatar\/97963171a6d9108f8381bbefb1c6b150c445b6ddd9e3077b96c86cf5892c85dc?s=96&d=mm&r=g","contentUrl":"https:\/\/secure.gravatar.com\/avatar\/97963171a6d9108f8381bbefb1c6b150c445b6ddd9e3077b96c86cf5892c85dc?s=96&d=mm&r=g","caption":"Dignity News"},"url":"https:\/\/dignitynews.eu\/pl\/author\/mikolaj-palade\/"}]}},"_links":{"self":[{"href":"https:\/\/dignitynews.eu\/pl\/wp-json\/wp\/v2\/posts\/23100","targetHints":{"allow":["GET"]}}],"collection":[{"href":"https:\/\/dignitynews.eu\/pl\/wp-json\/wp\/v2\/posts"}],"about":[{"href":"https:\/\/dignitynews.eu\/pl\/wp-json\/wp\/v2\/types\/post"}],"author":[{"embeddable":true,"href":"https:\/\/dignitynews.eu\/pl\/wp-json\/wp\/v2\/users\/7"}],"replies":[{"embeddable":true,"href":"https:\/\/dignitynews.eu\/pl\/wp-json\/wp\/v2\/comments?post=23100"}],"version-history":[{"count":1,"href":"https:\/\/dignitynews.eu\/pl\/wp-json\/wp\/v2\/posts\/23100\/revisions"}],"predecessor-version":[{"id":23106,"href":"https:\/\/dignitynews.eu\/pl\/wp-json\/wp\/v2\/posts\/23100\/revisions\/23106"}],"wp:featuredmedia":[{"embeddable":true,"href":"https:\/\/dignitynews.eu\/pl\/wp-json\/wp\/v2\/media\/23101"}],"wp:attachment":[{"href":"https:\/\/dignitynews.eu\/pl\/wp-json\/wp\/v2\/media?parent=23100"}],"wp:term":[{"taxonomy":"category","embeddable":true,"href":"https:\/\/dignitynews.eu\/pl\/wp-json\/wp\/v2\/categories?post=23100"},{"taxonomy":"post_tag","embeddable":true,"href":"https:\/\/dignitynews.eu\/pl\/wp-json\/wp\/v2\/tags?post=23100"}],"curies":[{"name":"wp","href":"https:\/\/api.w.org\/{rel}","templated":true}]}}