{"id":23093,"date":"2022-07-05T10:50:49","date_gmt":"2022-07-05T08:50:49","guid":{"rendered":"https:\/\/dignitynews.eu\/?p=23093"},"modified":"2022-07-05T10:50:49","modified_gmt":"2022-07-05T08:50:49","slug":"muzeum-polskie-pozostaje-w-rapperswilu-powstanie-tam-rowniez-oddzial-instytutu-pileckiego","status":"publish","type":"post","link":"https:\/\/dignitynews.eu\/pl\/muzeum-polskie-pozostaje-w-rapperswilu-powstanie-tam-rowniez-oddzial-instytutu-pileckiego\/","title":{"rendered":"Muzeum Polskie pozostaje w Rapperswilu. Powstanie tam r\u00f3wnie\u017c oddzia\u0142 Instytutu Pileckiego"},"content":{"rendered":"<h5>Muzeum Polskie pozostanie w Rapperswilu. W mie\u015bcie powstanie tak\u017ce szwajcarski oddzia\u0142 Instytutu Solidarno\u015bci i M\u0119stwa im. Witolda Pileckiego. Wsp\u00f3ln\u0105 siedzib\u0119 znajd\u0105 w zakupionym w\u0142a\u015bnie przez pa\u0144stwo polskie kompleksie Schwanen w Rapperswilu \u2013 poinformowa\u0142 minister kultury i dziedzictwa narodowego Piotr Gli\u0144ski.<\/h5>\n<p>Umowa zakupu kompleksu Schwanen umo\u017cliwia kontynuacj\u0119 dzia\u0142alno\u015bci Muzeum Polskiego w Rapperswilu, kt\u00f3re z ko\u0144cem czerwca musia\u0142o opu\u015bci\u0107 mury raperswilskiego zamku. Wyb\u00f3r lokalizacji nie jest przypadkowy. To w\u0142a\u015bnie w Schwanen, znajduj\u0105cym si\u0119 nad Jeziorem Zuryskim, w bezpo\u015bredniej blisko\u015bci rapperswilskiego zamku, w 1870 roku dokonano uroczystego odczytania i podpisania aktu fundacyjnego Muzeum Polskiego, kt\u00f3rego siedzib\u0105 na wiele lat sta\u0142 si\u0119 zamek w Rapperswilu.<\/p>\n<p>Hotel Schwanen by\u0142 centrum \u017cycia towarzyskiego miasta oraz miejscem spotka\u0144 mieszkaj\u0105cych w Szwajcarii Polak\u00f3w. Tu organizowano liczne polskie uroczysto\u015bci patriotyczne. Tu tak\u017ce odbywa\u0142y si\u0119 regularne spotkania \u00f3wczesnych w\u0142adz Muzeum Polskiego. Miejsce to jest wi\u0119c bezsprzecznie silnie zwi\u0105zane z polsk\u0105 histori\u0105.<\/p>\n<p>&#8211; Zakup kompleksu Schwanen jest wyrazem szczeg\u00f3lnej odpowiedzialno\u015bci pa\u0144stwa polskiego za znajduj\u0105ce si\u0119 poza granicami kraju polonika. Ochrona polskiego dziedzictwa kulturowego, tak\u017ce tego za granic\u0105, jest jednym z priorytet\u00f3w naszego resortu, a zapewnienie godnych warunk\u00f3w przechowywania i eksponowania zbior\u00f3w do niego nale\u017c\u0105cych, jest nam szczeg\u00f3lnie bliskie \u2013 m\u00f3wi\u0142 minister Gli\u0144ski podczas podpisania umowy.<\/p>\n<p>W ocenie ministra kultury i dziedzictwa narodowego unikatowe zbiory Muzeum otrzymaj\u0105 w kompleksie Schwanen nowe \u017cycie, a nowoczesne zaplecze umo\u017cliwi realizacj\u0119 interdyscyplinarnych projekt\u00f3w: edukacyjnych, artystycznych czy muzealnych skierowanych do szerokiej publiczno\u015bci, zapewniaj\u0105c ci\u0105g\u0142o\u015b\u0107 funkcjonowania historycznej instytucji \u2013 czytamy w serwisie resortu.<\/p>\n<p>Arkadiusz S\u0142omczy\u0144ski<\/p>\n","protected":false},"excerpt":{"rendered":"<p>Muzeum Polskie pozostanie w Rapperswilu. W mie\u015bcie powstanie tak\u017ce szwajcarski oddzia\u0142 Instytutu Solidarno\u015bci i M\u0119stwa im. Witolda Pileckiego. Wsp\u00f3ln\u0105 siedzib\u0119 znajd\u0105 w zakupionym w\u0142a\u015bnie przez pa\u0144stwo polskie kompleksie Schwanen w&hellip;<\/p>\n","protected":false},"author":7,"featured_media":23094,"comment_status":"closed","ping_status":"open","sticky":false,"template":"","format":"standard","meta":{"_mi_skip_tracking":false,"footnotes":""},"categories":[50],"tags":[],"class_list":["post-23093","post","type-post","status-publish","format-standard","has-post-thumbnail","hentry","category-kultura"],"yoast_head":"<!-- This site is optimized with the Yoast SEO plugin v19.4 - https:\/\/yoast.com\/wordpress\/plugins\/seo\/ -->\n<title>Muzeum Polskie pozostaje w Rapperswilu. Powstanie tam r\u00f3wnie\u017c oddzia\u0142 Instytutu Pileckiego - Godno\u015b\u0107 - DignityNews.eu<\/title>\n<meta name=\"robots\" content=\"index, follow, max-snippet:-1, max-image-preview:large, max-video-preview:-1\" \/>\n<link rel=\"canonical\" href=\"https:\/\/dignitynews.eu\/pl\/muzeum-polskie-pozostaje-w-rapperswilu-powstanie-tam-rowniez-oddzial-instytutu-pileckiego\/\" \/>\n<meta property=\"og:locale\" content=\"pl_PL\" \/>\n<meta property=\"og:type\" content=\"article\" \/>\n<meta property=\"og:title\" content=\"Muzeum Polskie pozostaje w Rapperswilu. Powstanie tam r\u00f3wnie\u017c oddzia\u0142 Instytutu Pileckiego - Godno\u015b\u0107 - DignityNews.eu\" \/>\n<meta property=\"og:description\" content=\"Muzeum Polskie pozostanie w Rapperswilu. W mie\u015bcie powstanie tak\u017ce szwajcarski oddzia\u0142 Instytutu Solidarno\u015bci i M\u0119stwa im. Witolda Pileckiego. Wsp\u00f3ln\u0105 siedzib\u0119 znajd\u0105 w zakupionym w\u0142a\u015bnie przez pa\u0144stwo polskie kompleksie Schwanen w&hellip;\" \/>\n<meta property=\"og:url\" content=\"https:\/\/dignitynews.eu\/pl\/muzeum-polskie-pozostaje-w-rapperswilu-powstanie-tam-rowniez-oddzial-instytutu-pileckiego\/\" \/>\n<meta property=\"og:site_name\" content=\"Godno\u015b\u0107 - DignityNews.eu\" \/>\n<meta property=\"article:published_time\" content=\"2022-07-05T08:50:49+00:00\" \/>\n<meta property=\"og:image\" content=\"https:\/\/dignitynews.eu\/wp-content\/uploads\/2022\/07\/muzeum-polskie-pozostanie-w-Rapperswilu-fot.-EastNews.jpg\" \/>\n\t<meta property=\"og:image:width\" content=\"1500\" \/>\n\t<meta property=\"og:image:height\" content=\"1042\" \/>\n\t<meta property=\"og:image:type\" content=\"image\/jpeg\" \/>\n<meta name=\"author\" content=\"Dignity News\" \/>\n<meta name=\"twitter:card\" content=\"summary_large_image\" \/>\n<meta name=\"twitter:label1\" content=\"Napisane przez\" \/>\n\t<meta name=\"twitter:data1\" content=\"Dignity News\" \/>\n\t<meta name=\"twitter:label2\" content=\"Szacowany czas czytania\" \/>\n\t<meta name=\"twitter:data2\" content=\"1 minuta\" \/>\n<script type=\"application\/ld+json\" class=\"yoast-schema-graph\">{\"@context\":\"https:\/\/schema.org\",\"@graph\":[{\"@type\":\"WebSite\",\"@id\":\"https:\/\/dignitynews.eu\/pl\/#website\",\"url\":\"https:\/\/dignitynews.eu\/pl\/\",\"name\":\"Godno\u015b\u0107 - DignityNews.eu\",\"description\":\"\",\"potentialAction\":[{\"@type\":\"SearchAction\",\"target\":{\"@type\":\"EntryPoint\",\"urlTemplate\":\"https:\/\/dignitynews.eu\/pl\/?s={search_term_string}\"},\"query-input\":\"required name=search_term_string\"}],\"inLanguage\":\"pl-PL\"},{\"@type\":\"WebPage\",\"@id\":\"https:\/\/dignitynews.eu\/pl\/muzeum-polskie-pozostaje-w-rapperswilu-powstanie-tam-rowniez-oddzial-instytutu-pileckiego\/\",\"url\":\"https:\/\/dignitynews.eu\/pl\/muzeum-polskie-pozostaje-w-rapperswilu-powstanie-tam-rowniez-oddzial-instytutu-pileckiego\/\",\"name\":\"Muzeum Polskie pozostaje w Rapperswilu. Powstanie tam r\u00f3wnie\u017c oddzia\u0142 Instytutu Pileckiego - Godno\u015b\u0107 - DignityNews.eu\",\"isPartOf\":{\"@id\":\"https:\/\/dignitynews.eu\/pl\/#website\"},\"datePublished\":\"2022-07-05T08:50:49+00:00\",\"dateModified\":\"2022-07-05T08:50:49+00:00\",\"author\":{\"@id\":\"https:\/\/dignitynews.eu\/pl\/#\/schema\/person\/0b62b762b8174802fabc81a3ecb1bfcb\"},\"breadcrumb\":{\"@id\":\"https:\/\/dignitynews.eu\/pl\/muzeum-polskie-pozostaje-w-rapperswilu-powstanie-tam-rowniez-oddzial-instytutu-pileckiego\/#breadcrumb\"},\"inLanguage\":\"pl-PL\",\"potentialAction\":[{\"@type\":\"ReadAction\",\"target\":[\"https:\/\/dignitynews.eu\/pl\/muzeum-polskie-pozostaje-w-rapperswilu-powstanie-tam-rowniez-oddzial-instytutu-pileckiego\/\"]}]},{\"@type\":\"BreadcrumbList\",\"@id\":\"https:\/\/dignitynews.eu\/pl\/muzeum-polskie-pozostaje-w-rapperswilu-powstanie-tam-rowniez-oddzial-instytutu-pileckiego\/#breadcrumb\",\"itemListElement\":[{\"@type\":\"ListItem\",\"position\":1,\"name\":\"Strona g\u0142\u00f3wna\",\"item\":\"https:\/\/dignitynews.eu\/pl\/\"},{\"@type\":\"ListItem\",\"position\":2,\"name\":\"Muzeum Polskie pozostaje w Rapperswilu. Powstanie tam r\u00f3wnie\u017c oddzia\u0142 Instytutu Pileckiego\"}]},{\"@type\":\"Person\",\"@id\":\"https:\/\/dignitynews.eu\/pl\/#\/schema\/person\/0b62b762b8174802fabc81a3ecb1bfcb\",\"name\":\"Dignity News\",\"image\":{\"@type\":\"ImageObject\",\"inLanguage\":\"pl-PL\",\"@id\":\"https:\/\/dignitynews.eu\/pl\/#\/schema\/person\/image\/\",\"url\":\"https:\/\/secure.gravatar.com\/avatar\/97963171a6d9108f8381bbefb1c6b150c445b6ddd9e3077b96c86cf5892c85dc?s=96&d=mm&r=g\",\"contentUrl\":\"https:\/\/secure.gravatar.com\/avatar\/97963171a6d9108f8381bbefb1c6b150c445b6ddd9e3077b96c86cf5892c85dc?s=96&d=mm&r=g\",\"caption\":\"Dignity News\"},\"url\":\"https:\/\/dignitynews.eu\/pl\/author\/mikolaj-palade\/\"}]}<\/script>\n<!-- \/ Yoast SEO plugin. -->","yoast_head_json":{"title":"Muzeum Polskie pozostaje w Rapperswilu. Powstanie tam r\u00f3wnie\u017c oddzia\u0142 Instytutu Pileckiego - Godno\u015b\u0107 - DignityNews.eu","robots":{"index":"index","follow":"follow","max-snippet":"max-snippet:-1","max-image-preview":"max-image-preview:large","max-video-preview":"max-video-preview:-1"},"canonical":"https:\/\/dignitynews.eu\/pl\/muzeum-polskie-pozostaje-w-rapperswilu-powstanie-tam-rowniez-oddzial-instytutu-pileckiego\/","og_locale":"pl_PL","og_type":"article","og_title":"Muzeum Polskie pozostaje w Rapperswilu. Powstanie tam r\u00f3wnie\u017c oddzia\u0142 Instytutu Pileckiego - Godno\u015b\u0107 - DignityNews.eu","og_description":"Muzeum Polskie pozostanie w Rapperswilu. W mie\u015bcie powstanie tak\u017ce szwajcarski oddzia\u0142 Instytutu Solidarno\u015bci i M\u0119stwa im. Witolda Pileckiego. Wsp\u00f3ln\u0105 siedzib\u0119 znajd\u0105 w zakupionym w\u0142a\u015bnie przez pa\u0144stwo polskie kompleksie Schwanen w&hellip;","og_url":"https:\/\/dignitynews.eu\/pl\/muzeum-polskie-pozostaje-w-rapperswilu-powstanie-tam-rowniez-oddzial-instytutu-pileckiego\/","og_site_name":"Godno\u015b\u0107 - DignityNews.eu","article_published_time":"2022-07-05T08:50:49+00:00","og_image":[{"width":1500,"height":1042,"url":"https:\/\/dignitynews.eu\/wp-content\/uploads\/2022\/07\/muzeum-polskie-pozostanie-w-Rapperswilu-fot.-EastNews.jpg","type":"image\/jpeg"}],"author":"Dignity News","twitter_card":"summary_large_image","twitter_misc":{"Napisane przez":"Dignity News","Szacowany czas czytania":"1 minuta"},"schema":{"@context":"https:\/\/schema.org","@graph":[{"@type":"WebSite","@id":"https:\/\/dignitynews.eu\/pl\/#website","url":"https:\/\/dignitynews.eu\/pl\/","name":"Godno\u015b\u0107 - DignityNews.eu","description":"","potentialAction":[{"@type":"SearchAction","target":{"@type":"EntryPoint","urlTemplate":"https:\/\/dignitynews.eu\/pl\/?s={search_term_string}"},"query-input":"required name=search_term_string"}],"inLanguage":"pl-PL"},{"@type":"WebPage","@id":"https:\/\/dignitynews.eu\/pl\/muzeum-polskie-pozostaje-w-rapperswilu-powstanie-tam-rowniez-oddzial-instytutu-pileckiego\/","url":"https:\/\/dignitynews.eu\/pl\/muzeum-polskie-pozostaje-w-rapperswilu-powstanie-tam-rowniez-oddzial-instytutu-pileckiego\/","name":"Muzeum Polskie pozostaje w Rapperswilu. Powstanie tam r\u00f3wnie\u017c oddzia\u0142 Instytutu Pileckiego - Godno\u015b\u0107 - DignityNews.eu","isPartOf":{"@id":"https:\/\/dignitynews.eu\/pl\/#website"},"datePublished":"2022-07-05T08:50:49+00:00","dateModified":"2022-07-05T08:50:49+00:00","author":{"@id":"https:\/\/dignitynews.eu\/pl\/#\/schema\/person\/0b62b762b8174802fabc81a3ecb1bfcb"},"breadcrumb":{"@id":"https:\/\/dignitynews.eu\/pl\/muzeum-polskie-pozostaje-w-rapperswilu-powstanie-tam-rowniez-oddzial-instytutu-pileckiego\/#breadcrumb"},"inLanguage":"pl-PL","potentialAction":[{"@type":"ReadAction","target":["https:\/\/dignitynews.eu\/pl\/muzeum-polskie-pozostaje-w-rapperswilu-powstanie-tam-rowniez-oddzial-instytutu-pileckiego\/"]}]},{"@type":"BreadcrumbList","@id":"https:\/\/dignitynews.eu\/pl\/muzeum-polskie-pozostaje-w-rapperswilu-powstanie-tam-rowniez-oddzial-instytutu-pileckiego\/#breadcrumb","itemListElement":[{"@type":"ListItem","position":1,"name":"Strona g\u0142\u00f3wna","item":"https:\/\/dignitynews.eu\/pl\/"},{"@type":"ListItem","position":2,"name":"Muzeum Polskie pozostaje w Rapperswilu. Powstanie tam r\u00f3wnie\u017c oddzia\u0142 Instytutu Pileckiego"}]},{"@type":"Person","@id":"https:\/\/dignitynews.eu\/pl\/#\/schema\/person\/0b62b762b8174802fabc81a3ecb1bfcb","name":"Dignity News","image":{"@type":"ImageObject","inLanguage":"pl-PL","@id":"https:\/\/dignitynews.eu\/pl\/#\/schema\/person\/image\/","url":"https:\/\/secure.gravatar.com\/avatar\/97963171a6d9108f8381bbefb1c6b150c445b6ddd9e3077b96c86cf5892c85dc?s=96&d=mm&r=g","contentUrl":"https:\/\/secure.gravatar.com\/avatar\/97963171a6d9108f8381bbefb1c6b150c445b6ddd9e3077b96c86cf5892c85dc?s=96&d=mm&r=g","caption":"Dignity News"},"url":"https:\/\/dignitynews.eu\/pl\/author\/mikolaj-palade\/"}]}},"_links":{"self":[{"href":"https:\/\/dignitynews.eu\/pl\/wp-json\/wp\/v2\/posts\/23093","targetHints":{"allow":["GET"]}}],"collection":[{"href":"https:\/\/dignitynews.eu\/pl\/wp-json\/wp\/v2\/posts"}],"about":[{"href":"https:\/\/dignitynews.eu\/pl\/wp-json\/wp\/v2\/types\/post"}],"author":[{"embeddable":true,"href":"https:\/\/dignitynews.eu\/pl\/wp-json\/wp\/v2\/users\/7"}],"replies":[{"embeddable":true,"href":"https:\/\/dignitynews.eu\/pl\/wp-json\/wp\/v2\/comments?post=23093"}],"version-history":[{"count":1,"href":"https:\/\/dignitynews.eu\/pl\/wp-json\/wp\/v2\/posts\/23093\/revisions"}],"predecessor-version":[{"id":23099,"href":"https:\/\/dignitynews.eu\/pl\/wp-json\/wp\/v2\/posts\/23093\/revisions\/23099"}],"wp:featuredmedia":[{"embeddable":true,"href":"https:\/\/dignitynews.eu\/pl\/wp-json\/wp\/v2\/media\/23094"}],"wp:attachment":[{"href":"https:\/\/dignitynews.eu\/pl\/wp-json\/wp\/v2\/media?parent=23093"}],"wp:term":[{"taxonomy":"category","embeddable":true,"href":"https:\/\/dignitynews.eu\/pl\/wp-json\/wp\/v2\/categories?post=23093"},{"taxonomy":"post_tag","embeddable":true,"href":"https:\/\/dignitynews.eu\/pl\/wp-json\/wp\/v2\/tags?post=23093"}],"curies":[{"name":"wp","href":"https:\/\/api.w.org\/{rel}","templated":true}]}}