{"id":23086,"date":"2022-07-05T10:49:12","date_gmt":"2022-07-05T08:49:12","guid":{"rendered":"https:\/\/dignitynews.eu\/?p=23086"},"modified":"2022-07-05T10:49:12","modified_gmt":"2022-07-05T08:49:12","slug":"w-krakowie-stanie-superkomputer-budujacy-paneuropejska-infrastrukture-przetwarzania-danych","status":"publish","type":"post","link":"https:\/\/dignitynews.eu\/pl\/w-krakowie-stanie-superkomputer-budujacy-paneuropejska-infrastrukture-przetwarzania-danych\/","title":{"rendered":"W Krakowie stanie superkomputer buduj\u0105cy paneuropejsk\u0105 infrastruktur\u0119 przetwarzania danych"},"content":{"rendered":"<h5>Polska znalaz\u0142a si\u0119 w\u015br\u00f3d pi\u0119ciu kraj\u00f3w, w kt\u00f3rych zostan\u0105 zainstalowane nowe superkomputery buduj\u0105ce paneuropejsk\u0105 infrastruktur\u0119 przetwarzania danych. Maszyna stanie w Akademickim Centrum Komputerowym Cyfronet Akademii G\u00f3rniczo-Hutniczej w Krakowie. Ministerstwo Edukacji i Nauki zadeklarowa\u0142o wsparcie projektu kwot\u0105 ok. 12 mln euro w ramach Wsp\u00f3lnego Przedsi\u0119wzi\u0119cia EuroHPC.<\/h5>\n<p>Europejskie Wsp\u00f3lne Przedsi\u0119wzi\u0119cie w dziedzinie Oblicze\u0144 Wielkiej Skali &#8211; EuroHPC Joint Undertaking (EuroHPC JU) wytypowa\u0142o miejsca, w kt\u00f3rych zostan\u0105 zainstalowane nowe superkomputery. S\u0105 to: Grecja, Irlandia, Niemcy, Polska i W\u0119gry. Spodziewanym efektem oddania do u\u017cytku superkomputer\u00f3w EuroHPC JU jest rozw\u00f3j nauki i zwi\u0119kszenie potencja\u0142u innowacyjnego dla gospodarki, a docelowo poprawa jako\u015bci \u017cycia obywateli.<\/p>\n<p>W Polsce pod koniec 2023 roku powstanie system skali mid-range o mocy kilkukrotnie wi\u0119kszej ni\u017c Athena &#8211; najszybszy obecnie superkomputer w Polsce, kt\u00f3ry osi\u0105ga teoretyczn\u0105 moc obliczeniow\u0105 7,7 PetaFlopsa.<\/p>\n<p>Operatorem nowego superkomputera b\u0119dzie Akademickie Centrum Komputerowe CYFRONET AGH w Krakowie, a dost\u0119p dla polskich naukowc\u00f3w zostanie zapewniony w ramach infrastruktury PLGrid. Podobnie jak istniej\u0105ce superkomputery EuroHPC nowe systemy b\u0119d\u0105 dost\u0119pne dla szerokiego grona u\u017cytkownik\u00f3w europejskich reprezentuj\u0105cych \u015brodowisko naukowe, przemys\u0142 i sektor publiczny.<\/p>\n<p>Celem dzia\u0142ania EuroHPC JU jest umo\u017cliwienie prowadzenia bada\u0144 naukowych w znacznie wi\u0119kszej skali ni\u017c do tej pory, a tak\u017ce opracowywanie nowych rozwi\u0105za\u0144, kt\u00f3re b\u0119d\u0105 mog\u0142y zosta\u0107 zastosowane w zakresie projektowania lek\u00f3w i nowych materia\u0142\u00f3w oraz walki ze skutkami zmiany klimatu i proces\u00f3w antropogenicznych.<\/p>\n<p>Obecnie w ramach inicjatywy dzia\u0142a pi\u0119\u0107 komputer\u00f3w zaliczanych do najpot\u0119\u017cniejszych na \u015bwiecie: LUMI w Finlandii, Vega w S\u0142owenii, MeluXina w Luksemburgu, Discoverer w Bu\u0142garii i Karolina w Czechach.<\/p>\n<p>Arkadiusz S\u0142omczy\u0144ski<\/p>\n","protected":false},"excerpt":{"rendered":"<p>Polska znalaz\u0142a si\u0119 w\u015br\u00f3d pi\u0119ciu kraj\u00f3w, w kt\u00f3rych zostan\u0105 zainstalowane nowe superkomputery buduj\u0105ce paneuropejsk\u0105 infrastruktur\u0119 przetwarzania danych. Maszyna stanie w Akademickim Centrum Komputerowym Cyfronet Akademii G\u00f3rniczo-Hutniczej w Krakowie. Ministerstwo Edukacji&hellip;<\/p>\n","protected":false},"author":7,"featured_media":23087,"comment_status":"closed","ping_status":"open","sticky":false,"template":"","format":"standard","meta":{"_mi_skip_tracking":false,"footnotes":""},"categories":[49],"tags":[],"class_list":["post-23086","post","type-post","status-publish","format-standard","has-post-thumbnail","hentry","category-nauka"],"yoast_head":"<!-- This site is optimized with the Yoast SEO plugin v19.4 - https:\/\/yoast.com\/wordpress\/plugins\/seo\/ -->\n<title>W Krakowie stanie superkomputer buduj\u0105cy paneuropejsk\u0105 infrastruktur\u0119 przetwarzania danych - Godno\u015b\u0107 - DignityNews.eu<\/title>\n<meta name=\"robots\" content=\"index, follow, max-snippet:-1, max-image-preview:large, max-video-preview:-1\" \/>\n<link rel=\"canonical\" href=\"https:\/\/dignitynews.eu\/pl\/w-krakowie-stanie-superkomputer-budujacy-paneuropejska-infrastrukture-przetwarzania-danych\/\" \/>\n<meta property=\"og:locale\" content=\"pl_PL\" \/>\n<meta property=\"og:type\" content=\"article\" \/>\n<meta property=\"og:title\" content=\"W Krakowie stanie superkomputer buduj\u0105cy paneuropejsk\u0105 infrastruktur\u0119 przetwarzania danych - Godno\u015b\u0107 - DignityNews.eu\" \/>\n<meta property=\"og:description\" content=\"Polska znalaz\u0142a si\u0119 w\u015br\u00f3d pi\u0119ciu kraj\u00f3w, w kt\u00f3rych zostan\u0105 zainstalowane nowe superkomputery buduj\u0105ce paneuropejsk\u0105 infrastruktur\u0119 przetwarzania danych. Maszyna stanie w Akademickim Centrum Komputerowym Cyfronet Akademii G\u00f3rniczo-Hutniczej w Krakowie. Ministerstwo Edukacji&hellip;\" \/>\n<meta property=\"og:url\" content=\"https:\/\/dignitynews.eu\/pl\/w-krakowie-stanie-superkomputer-budujacy-paneuropejska-infrastrukture-przetwarzania-danych\/\" \/>\n<meta property=\"og:site_name\" content=\"Godno\u015b\u0107 - DignityNews.eu\" \/>\n<meta property=\"article:published_time\" content=\"2022-07-05T08:49:12+00:00\" \/>\n<meta property=\"og:image\" content=\"https:\/\/dignitynews.eu\/wp-content\/uploads\/2022\/07\/superkomputer-w-Krakowie-fot.-MAREK-LASYK-REPORTER.jpg\" \/>\n\t<meta property=\"og:image:width\" content=\"1500\" \/>\n\t<meta property=\"og:image:height\" content=\"982\" \/>\n\t<meta property=\"og:image:type\" content=\"image\/jpeg\" \/>\n<meta name=\"author\" content=\"Dignity News\" \/>\n<meta name=\"twitter:card\" content=\"summary_large_image\" \/>\n<meta name=\"twitter:label1\" content=\"Napisane przez\" \/>\n\t<meta name=\"twitter:data1\" content=\"Dignity News\" \/>\n\t<meta name=\"twitter:label2\" content=\"Szacowany czas czytania\" \/>\n\t<meta name=\"twitter:data2\" content=\"2 minuty\" \/>\n<script type=\"application\/ld+json\" class=\"yoast-schema-graph\">{\"@context\":\"https:\/\/schema.org\",\"@graph\":[{\"@type\":\"WebSite\",\"@id\":\"https:\/\/dignitynews.eu\/pl\/#website\",\"url\":\"https:\/\/dignitynews.eu\/pl\/\",\"name\":\"Godno\u015b\u0107 - DignityNews.eu\",\"description\":\"\",\"potentialAction\":[{\"@type\":\"SearchAction\",\"target\":{\"@type\":\"EntryPoint\",\"urlTemplate\":\"https:\/\/dignitynews.eu\/pl\/?s={search_term_string}\"},\"query-input\":\"required name=search_term_string\"}],\"inLanguage\":\"pl-PL\"},{\"@type\":\"WebPage\",\"@id\":\"https:\/\/dignitynews.eu\/pl\/w-krakowie-stanie-superkomputer-budujacy-paneuropejska-infrastrukture-przetwarzania-danych\/\",\"url\":\"https:\/\/dignitynews.eu\/pl\/w-krakowie-stanie-superkomputer-budujacy-paneuropejska-infrastrukture-przetwarzania-danych\/\",\"name\":\"W Krakowie stanie superkomputer buduj\u0105cy paneuropejsk\u0105 infrastruktur\u0119 przetwarzania danych - Godno\u015b\u0107 - DignityNews.eu\",\"isPartOf\":{\"@id\":\"https:\/\/dignitynews.eu\/pl\/#website\"},\"datePublished\":\"2022-07-05T08:49:12+00:00\",\"dateModified\":\"2022-07-05T08:49:12+00:00\",\"author\":{\"@id\":\"https:\/\/dignitynews.eu\/pl\/#\/schema\/person\/0b62b762b8174802fabc81a3ecb1bfcb\"},\"breadcrumb\":{\"@id\":\"https:\/\/dignitynews.eu\/pl\/w-krakowie-stanie-superkomputer-budujacy-paneuropejska-infrastrukture-przetwarzania-danych\/#breadcrumb\"},\"inLanguage\":\"pl-PL\",\"potentialAction\":[{\"@type\":\"ReadAction\",\"target\":[\"https:\/\/dignitynews.eu\/pl\/w-krakowie-stanie-superkomputer-budujacy-paneuropejska-infrastrukture-przetwarzania-danych\/\"]}]},{\"@type\":\"BreadcrumbList\",\"@id\":\"https:\/\/dignitynews.eu\/pl\/w-krakowie-stanie-superkomputer-budujacy-paneuropejska-infrastrukture-przetwarzania-danych\/#breadcrumb\",\"itemListElement\":[{\"@type\":\"ListItem\",\"position\":1,\"name\":\"Strona g\u0142\u00f3wna\",\"item\":\"https:\/\/dignitynews.eu\/pl\/\"},{\"@type\":\"ListItem\",\"position\":2,\"name\":\"W Krakowie stanie superkomputer buduj\u0105cy paneuropejsk\u0105 infrastruktur\u0119 przetwarzania danych\"}]},{\"@type\":\"Person\",\"@id\":\"https:\/\/dignitynews.eu\/pl\/#\/schema\/person\/0b62b762b8174802fabc81a3ecb1bfcb\",\"name\":\"Dignity News\",\"image\":{\"@type\":\"ImageObject\",\"inLanguage\":\"pl-PL\",\"@id\":\"https:\/\/dignitynews.eu\/pl\/#\/schema\/person\/image\/\",\"url\":\"https:\/\/secure.gravatar.com\/avatar\/97963171a6d9108f8381bbefb1c6b150c445b6ddd9e3077b96c86cf5892c85dc?s=96&d=mm&r=g\",\"contentUrl\":\"https:\/\/secure.gravatar.com\/avatar\/97963171a6d9108f8381bbefb1c6b150c445b6ddd9e3077b96c86cf5892c85dc?s=96&d=mm&r=g\",\"caption\":\"Dignity News\"},\"url\":\"https:\/\/dignitynews.eu\/pl\/author\/mikolaj-palade\/\"}]}<\/script>\n<!-- \/ Yoast SEO plugin. -->","yoast_head_json":{"title":"W Krakowie stanie superkomputer buduj\u0105cy paneuropejsk\u0105 infrastruktur\u0119 przetwarzania danych - Godno\u015b\u0107 - DignityNews.eu","robots":{"index":"index","follow":"follow","max-snippet":"max-snippet:-1","max-image-preview":"max-image-preview:large","max-video-preview":"max-video-preview:-1"},"canonical":"https:\/\/dignitynews.eu\/pl\/w-krakowie-stanie-superkomputer-budujacy-paneuropejska-infrastrukture-przetwarzania-danych\/","og_locale":"pl_PL","og_type":"article","og_title":"W Krakowie stanie superkomputer buduj\u0105cy paneuropejsk\u0105 infrastruktur\u0119 przetwarzania danych - Godno\u015b\u0107 - DignityNews.eu","og_description":"Polska znalaz\u0142a si\u0119 w\u015br\u00f3d pi\u0119ciu kraj\u00f3w, w kt\u00f3rych zostan\u0105 zainstalowane nowe superkomputery buduj\u0105ce paneuropejsk\u0105 infrastruktur\u0119 przetwarzania danych. Maszyna stanie w Akademickim Centrum Komputerowym Cyfronet Akademii G\u00f3rniczo-Hutniczej w Krakowie. Ministerstwo Edukacji&hellip;","og_url":"https:\/\/dignitynews.eu\/pl\/w-krakowie-stanie-superkomputer-budujacy-paneuropejska-infrastrukture-przetwarzania-danych\/","og_site_name":"Godno\u015b\u0107 - DignityNews.eu","article_published_time":"2022-07-05T08:49:12+00:00","og_image":[{"width":1500,"height":982,"url":"https:\/\/dignitynews.eu\/wp-content\/uploads\/2022\/07\/superkomputer-w-Krakowie-fot.-MAREK-LASYK-REPORTER.jpg","type":"image\/jpeg"}],"author":"Dignity News","twitter_card":"summary_large_image","twitter_misc":{"Napisane przez":"Dignity News","Szacowany czas czytania":"2 minuty"},"schema":{"@context":"https:\/\/schema.org","@graph":[{"@type":"WebSite","@id":"https:\/\/dignitynews.eu\/pl\/#website","url":"https:\/\/dignitynews.eu\/pl\/","name":"Godno\u015b\u0107 - DignityNews.eu","description":"","potentialAction":[{"@type":"SearchAction","target":{"@type":"EntryPoint","urlTemplate":"https:\/\/dignitynews.eu\/pl\/?s={search_term_string}"},"query-input":"required name=search_term_string"}],"inLanguage":"pl-PL"},{"@type":"WebPage","@id":"https:\/\/dignitynews.eu\/pl\/w-krakowie-stanie-superkomputer-budujacy-paneuropejska-infrastrukture-przetwarzania-danych\/","url":"https:\/\/dignitynews.eu\/pl\/w-krakowie-stanie-superkomputer-budujacy-paneuropejska-infrastrukture-przetwarzania-danych\/","name":"W Krakowie stanie superkomputer buduj\u0105cy paneuropejsk\u0105 infrastruktur\u0119 przetwarzania danych - Godno\u015b\u0107 - DignityNews.eu","isPartOf":{"@id":"https:\/\/dignitynews.eu\/pl\/#website"},"datePublished":"2022-07-05T08:49:12+00:00","dateModified":"2022-07-05T08:49:12+00:00","author":{"@id":"https:\/\/dignitynews.eu\/pl\/#\/schema\/person\/0b62b762b8174802fabc81a3ecb1bfcb"},"breadcrumb":{"@id":"https:\/\/dignitynews.eu\/pl\/w-krakowie-stanie-superkomputer-budujacy-paneuropejska-infrastrukture-przetwarzania-danych\/#breadcrumb"},"inLanguage":"pl-PL","potentialAction":[{"@type":"ReadAction","target":["https:\/\/dignitynews.eu\/pl\/w-krakowie-stanie-superkomputer-budujacy-paneuropejska-infrastrukture-przetwarzania-danych\/"]}]},{"@type":"BreadcrumbList","@id":"https:\/\/dignitynews.eu\/pl\/w-krakowie-stanie-superkomputer-budujacy-paneuropejska-infrastrukture-przetwarzania-danych\/#breadcrumb","itemListElement":[{"@type":"ListItem","position":1,"name":"Strona g\u0142\u00f3wna","item":"https:\/\/dignitynews.eu\/pl\/"},{"@type":"ListItem","position":2,"name":"W Krakowie stanie superkomputer buduj\u0105cy paneuropejsk\u0105 infrastruktur\u0119 przetwarzania danych"}]},{"@type":"Person","@id":"https:\/\/dignitynews.eu\/pl\/#\/schema\/person\/0b62b762b8174802fabc81a3ecb1bfcb","name":"Dignity News","image":{"@type":"ImageObject","inLanguage":"pl-PL","@id":"https:\/\/dignitynews.eu\/pl\/#\/schema\/person\/image\/","url":"https:\/\/secure.gravatar.com\/avatar\/97963171a6d9108f8381bbefb1c6b150c445b6ddd9e3077b96c86cf5892c85dc?s=96&d=mm&r=g","contentUrl":"https:\/\/secure.gravatar.com\/avatar\/97963171a6d9108f8381bbefb1c6b150c445b6ddd9e3077b96c86cf5892c85dc?s=96&d=mm&r=g","caption":"Dignity News"},"url":"https:\/\/dignitynews.eu\/pl\/author\/mikolaj-palade\/"}]}},"_links":{"self":[{"href":"https:\/\/dignitynews.eu\/pl\/wp-json\/wp\/v2\/posts\/23086","targetHints":{"allow":["GET"]}}],"collection":[{"href":"https:\/\/dignitynews.eu\/pl\/wp-json\/wp\/v2\/posts"}],"about":[{"href":"https:\/\/dignitynews.eu\/pl\/wp-json\/wp\/v2\/types\/post"}],"author":[{"embeddable":true,"href":"https:\/\/dignitynews.eu\/pl\/wp-json\/wp\/v2\/users\/7"}],"replies":[{"embeddable":true,"href":"https:\/\/dignitynews.eu\/pl\/wp-json\/wp\/v2\/comments?post=23086"}],"version-history":[{"count":1,"href":"https:\/\/dignitynews.eu\/pl\/wp-json\/wp\/v2\/posts\/23086\/revisions"}],"predecessor-version":[{"id":23092,"href":"https:\/\/dignitynews.eu\/pl\/wp-json\/wp\/v2\/posts\/23086\/revisions\/23092"}],"wp:featuredmedia":[{"embeddable":true,"href":"https:\/\/dignitynews.eu\/pl\/wp-json\/wp\/v2\/media\/23087"}],"wp:attachment":[{"href":"https:\/\/dignitynews.eu\/pl\/wp-json\/wp\/v2\/media?parent=23086"}],"wp:term":[{"taxonomy":"category","embeddable":true,"href":"https:\/\/dignitynews.eu\/pl\/wp-json\/wp\/v2\/categories?post=23086"},{"taxonomy":"post_tag","embeddable":true,"href":"https:\/\/dignitynews.eu\/pl\/wp-json\/wp\/v2\/tags?post=23086"}],"curies":[{"name":"wp","href":"https:\/\/api.w.org\/{rel}","templated":true}]}}